{"id":19424,"date":"2015-11-26T22:36:04","date_gmt":"2015-11-27T04:36:04","guid":{"rendered":"http:\/\/www.lospoliticosveracruz.com.mx\/?p=19424"},"modified":"2015-11-26T22:36:04","modified_gmt":"2015-11-27T04:36:04","slug":"tuxpan-el-conflicto-de-los-kilometros","status":"publish","type":"post","link":"https:\/\/lospoliticosveracruz.com\/?p=19424","title":{"rendered":"Tuxpan, el conflicto de Los Kil\u00f3metros"},"content":{"rendered":"<p><a href=\"http:\/\/www.lospoliticosveracruz.com.mx\/wp-content\/uploads\/2015\/11\/Tuxpan.jpg\"><img loading=\"lazy\" decoding=\"async\" class=\"alignnone size-medium wp-image-19425\" src=\"http:\/\/www.lospoliticosveracruz.com.mx\/wp-content\/uploads\/2015\/11\/Tuxpan-300x200.jpg\" alt=\"Tuxpan\" width=\"300\" height=\"200\" \/><\/a><br \/>\n<strong>Luis Alberto Romero<\/strong><\/p>\n<p><em>Hora Cero<\/em><\/p>\n<p>Este mi\u00e9rcoles, habitantes y autoridades de una veintena de comunidades rurales de Tuxpan, bloquearon el acceso a ese municipio, la carretera federal a M\u00e9xico, justo a la altura de la congregaci\u00f3n Santiago de la Pe\u00f1a.<br \/>\nLa circulaci\u00f3n hacia la Huasteca Alta y al municipio de Poza Rica qued\u00f3 interrumpida.<br \/>\nDemandan la construcci\u00f3n de un tramo carretero de 15 kil\u00f3metros, as\u00ed como la introducci\u00f3n de obra p\u00fablica en la v\u00eda Tuxpan-Cazones.<br \/>\nLos manifestantes, adem\u00e1s, no s\u00f3lo bloquearon la carretera federal, sino que provocaron un verdadero caos en ese puerto: la circulaci\u00f3n en las principales avenidas fue obstruida y el Palacio Municipal, pr\u00e1cticamente tomado.<br \/>\nTambi\u00e9n fue cerrada la secci\u00f3n aduanera, lo que impidi\u00f3 el movimiento portuario.<br \/>\nNo es un problema nuevo; de hecho, se trata de una a\u00f1eja demanda social; los pobladores de esas comunidades, que se ubican en una ruta conocida como Los Kil\u00f3metros, aseguran que los trabajos que exigen fueron aprobados desde 2002, hace 13 a\u00f1os, durante la administraci\u00f3n que encabez\u00f3 Miguel Alem\u00e1n Velasco. Al paso del tiempo, esas personas, que desconocieron al comit\u00e9 de obra, consideran que \u00fanicamente les han tomado el pelo.<br \/>\nLo que llama la atenci\u00f3n es que como si el presupuesto gubernamental se estableciera en d\u00f3lares, hablaron de una aprobaci\u00f3n de 4 millones de billetes verdes.<br \/>\nDe inmediato, el grupo que protagoniz\u00f3 el bloqueo fue atendido tanto por las autoridades locales como por representantes del gobierno estatal.<br \/>\nPor otro lado, nos comentan que hubo un ofrecimiento de liberaci\u00f3n de 30 millones de pesos por parte de la Secretar\u00eda de Finanzas del gobierno estatal, pero el dep\u00f3sito nunca lleg\u00f3, lo que exasper\u00f3 a\u00fan m\u00e1s a la gente de Los Kil\u00f3metros.<br \/>\nEl alcalde Ra\u00fal Ruiz D\u00edaz se traslad\u00f3 al punto de conflicto para intentar una soluci\u00f3n al conflicto, pero al ser un problema cuya atenci\u00f3n corresponde al gobierno del estado, los manifestantes no se movieron.<\/p>\n<p><strong>Ayuntamiento pide apoyo del gobierno estatal<\/strong><br \/>\nAnte ese problema, que rebas\u00f3 las posibilidades econ\u00f3micas del ayuntamiento, las autoridades municipales decidieron no s\u00f3lo ponerse en los zapatos de los inconformes, sino calificar como justas sus demandas, y actuar en consecuencia.<br \/>\nPor ello, el gobierno que encabeza Ra\u00fal Ruiz pidi\u00f3 la intervenci\u00f3n del gobierno del estado, como autoridad competente, para resolver el problema y dar respuesta pronta a una poblaci\u00f3n cansada de la misma promesa por m\u00e1s de una d\u00e9cada.<br \/>\nLos responsables de ese ayuntamiento no se escondieron bajo el escritorio; al contrario, dieron la cara y asumieron un compromiso de apoyo con la gente del lugar. Lo que piden ahora es que el gobierno estatal, a trav\u00e9s de las secretar\u00edas de Finanzas y Planeaci\u00f3n y de Infraestructura y Obras P\u00fablicas, atienda el problema, porque el ayuntamiento no es responsable de la construcci\u00f3n de la carretera de Los Kil\u00f3metros.<br \/>\nEn una carta que, con relaci\u00f3n a esos hechos, emite el gobierno municipal, se establece que el ayuntamiento trabaja en dos vertientes, la aplicaci\u00f3n directa de los recursos y funciones, y la gesti\u00f3n ante las autoridades estatales y federales; debido a ello, se solidariza con los habitantes de esas comunidades, a quienes dice: \u201crespetamos su derecho a expresarse, pero a su vez, que esta libertad sea ejercida sin violencia y sin causar da\u00f1os o contratiempos a terceras personas\u201d.<br \/>\nM\u00e1s adelante, en el mismo comunicado, la autoridad municipal reitera el llamado al gobierno del estado y pide \u201cla pronta resoluci\u00f3n de tan justa petici\u00f3n\u201d; de igual forma, apunta que es \u201cmomento de darle ya respuesta positiva, porque los habitantes de la ruta ya agotaron su paciencia ante tanta promesa\u201d.<br \/>\nLos tuxpe\u00f1os, finalmente, se quejan por el caos provocado por las manifestaciones generadas por tanta promesa incumplida; sin embargo, ante los hechos, fue evidente la responsabilidad y la sensibilidad con que actu\u00f3 ese ayuntamiento.<\/p>\n<p><strong>Los acuerdos de Aire Libre<\/strong><br \/>\nEste jueves, finalmente, las partes llegaron a un acuerdo: en la comunidad Aire Libre, kil\u00f3metro 15, se reunieron las autoridades estatales, representadas por funcionarios de la Siop y de Sefiplan, municipales, y pobladores de las congregaciones involucradas, quienes determinaron evitar acciones que afecten a terceros.<br \/>\nDe igual manera, acordaron, primero, crear un nuevo comit\u00e9 de obra, en virtud de que el anterior ya no contaba con la confianza de la poblaci\u00f3n de las comunidades; segundo, rescindir el contrato a dos empresas incumplidas; y tercero, acciones inmediatas, por parte de la Siop, para el mantenimiento del camino.<\/p>\n<p><strong>H\u00e9ctor Yunes, la candidatura<\/strong><br \/>\nEntre los colaboradores cercanos al senador H\u00e9ctor Yunes Landa se observan enormes sonrisas. Corren versiones en el sentido de que el de Soledad de Doblado tiene en la bolsa la candidatura del PRI al gobierno del estado.<br \/>\nEl tema tendr\u00e1 que ser resuelto durante enero pr\u00f3ximo; mientras tanto, nos dicen, comenzar\u00e1n poco a poco las se\u00f1ales que favorecen a H\u00e9ctor Yunes. Una de ellas, quiz\u00e1 la primera, ocurri\u00f3 durante la reciente visita a Veracruz del presidente Enrique Pe\u00f1a Nieto, en el marco de la celebraci\u00f3n del D\u00eda de la Armada; en esos eventos, fue m\u00e1s que evidente el buen trato del ejecutivo federal al presidente de la Comisi\u00f3n de Protecci\u00f3n Civil en la C\u00e1mara Alta.<br \/>\nUn indicio m\u00e1s podr\u00eda ocurrir este viernes, durante la visita del dirigente nacional de ese partido, Manlio Fabio Beltrones, al rancho San Juli\u00e1n, propiedad del senador Jos\u00e9 Francisco Yunes Zorrilla. Dif\u00edcilmente, sin embargo, saldr\u00e1 una fumata blanca de esa reuni\u00f3n, a la que estar\u00eda convocado lo m\u00e1s granado de la clase priista veracruzana.<br \/>\nObservadores de la pol\u00edtica comentan en charlas de caf\u00e9 que a H\u00e9ctor Yunes cada vez se le ve un mayor aspecto de candidato. @luisromero85<\/p>\n","protected":false},"excerpt":{"rendered":"<p>Luis Alberto Romero Hora Cero Este mi\u00e9rcoles, habitantes y autoridades de una veintena de comunidades rurales de Tuxpan, bloquearon el acceso a ese municipio, la carretera federal a M\u00e9xico, justo a la altura de la congregaci\u00f3n Santiago de la Pe\u00f1a. La circulaci\u00f3n hacia la Huasteca Alta y al municipio de Poza Rica qued\u00f3 interrumpida. Demandan [&hellip;]<\/p>\n","protected":false},"author":2,"featured_media":0,"comment_status":"open","ping_status":"open","sticky":false,"template":"","format":"standard","meta":{"tdm_status":"","tdm_grid_status":"","footnotes":""},"categories":[70],"tags":[4214,1267,2835,693,203],"class_list":{"0":"post-19424","1":"post","2":"type-post","3":"status-publish","4":"format-standard","6":"category-de-opinion","7":"tag-huasteca-alta","8":"tag-poza-rica","9":"tag-raul-ruiz-diaz","10":"tag-santiago-de-la-pena","11":"tag-tuxpan"},"yoast_head":"<!-- This site is optimized with the Yoast SEO plugin v27.4 - https:\/\/yoast.com\/product\/yoast-seo-wordpress\/ -->\n<title>Tuxpan, el conflicto de Los Kil\u00f3metros - Los pol\u00edticos Veracruz<\/title>\n<meta name=\"robots\" content=\"index, follow, max-snippet:-1, max-image-preview:large, max-video-preview:-1\" \/>\n<link rel=\"canonical\" href=\"https:\/\/lospoliticosveracruz.com\/?p=19424\" \/>\n<meta property=\"og:locale\" content=\"es_ES\" \/>\n<meta property=\"og:type\" content=\"article\" \/>\n<meta property=\"og:title\" content=\"Tuxpan, el conflicto de Los Kil\u00f3metros - Los pol\u00edticos Veracruz\" \/>\n<meta property=\"og:description\" content=\"Luis Alberto Romero Hora Cero Este mi\u00e9rcoles, habitantes y autoridades de una veintena de comunidades rurales de Tuxpan, bloquearon el acceso a ese municipio, la carretera federal a M\u00e9xico, justo a la altura de la congregaci\u00f3n Santiago de la Pe\u00f1a. La circulaci\u00f3n hacia la Huasteca Alta y al municipio de Poza Rica qued\u00f3 interrumpida. Demandan [&hellip;]\" \/>\n<meta property=\"og:url\" content=\"https:\/\/lospoliticosveracruz.com\/?p=19424\" \/>\n<meta property=\"og:site_name\" content=\"Los pol\u00edticos Veracruz\" \/>\n<meta property=\"article:publisher\" content=\"https:\/\/www.facebook.com\/people\/Notimemes-de-los-Polticos\/61565672886568\/\" \/>\n<meta property=\"article:published_time\" content=\"2015-11-27T04:36:04+00:00\" \/>\n<meta property=\"og:image\" content=\"http:\/\/www.lospoliticosveracruz.com.mx\/wp-content\/uploads\/2015\/11\/Tuxpan-300x200.jpg\" \/>\n<meta name=\"author\" content=\"Lo viste en Los Pol\u00edticos\" \/>\n<meta name=\"twitter:card\" content=\"summary_large_image\" \/>\n<meta name=\"twitter:creator\" content=\"@LosPoliticosVer\" \/>\n<meta name=\"twitter:site\" content=\"@LosPoliticosVer\" \/>\n<meta name=\"twitter:label1\" content=\"Escrito por\" \/>\n\t<meta name=\"twitter:data1\" content=\"Lo viste en Los Pol\u00edticos\" \/>\n\t<meta name=\"twitter:label2\" content=\"Tiempo de lectura\" \/>\n\t<meta name=\"twitter:data2\" content=\"5 minutos\" \/>\n<script type=\"application\/ld+json\" class=\"yoast-schema-graph\">{\"@context\":\"https:\\\/\\\/schema.org\",\"@graph\":[{\"@type\":\"Article\",\"@id\":\"https:\\\/\\\/lospoliticosveracruz.com\\\/?p=19424#article\",\"isPartOf\":{\"@id\":\"https:\\\/\\\/lospoliticosveracruz.com\\\/?p=19424\"},\"author\":{\"name\":\"Lo viste en Los Pol\u00edticos\",\"@id\":\"https:\\\/\\\/lospoliticosveracruz.com\\\/#\\\/schema\\\/person\\\/b8702bb0e538456e6efd07080bf2a4a2\"},\"headline\":\"Tuxpan, el conflicto de Los Kil\u00f3metros\",\"datePublished\":\"2015-11-27T04:36:04+00:00\",\"mainEntityOfPage\":{\"@id\":\"https:\\\/\\\/lospoliticosveracruz.com\\\/?p=19424\"},\"wordCount\":998,\"commentCount\":0,\"publisher\":{\"@id\":\"https:\\\/\\\/lospoliticosveracruz.com\\\/#organization\"},\"image\":{\"@id\":\"https:\\\/\\\/lospoliticosveracruz.com\\\/?p=19424#primaryimage\"},\"thumbnailUrl\":\"http:\\\/\\\/www.lospoliticosveracruz.com.mx\\\/wp-content\\\/uploads\\\/2015\\\/11\\\/Tuxpan-300x200.jpg\",\"keywords\":[\"Huasteca Alta\",\"Poza Rica\",\"Ra\u00fal Ruiz D\u00edaz\",\"Santiago de la Pe\u00f1a\",\"Tuxpan\"],\"articleSection\":[\"De Opini\u00f3n\"],\"inLanguage\":\"es\",\"potentialAction\":[{\"@type\":\"CommentAction\",\"name\":\"Comment\",\"target\":[\"https:\\\/\\\/lospoliticosveracruz.com\\\/?p=19424#respond\"]}]},{\"@type\":\"WebPage\",\"@id\":\"https:\\\/\\\/lospoliticosveracruz.com\\\/?p=19424\",\"url\":\"https:\\\/\\\/lospoliticosveracruz.com\\\/?p=19424\",\"name\":\"Tuxpan, el conflicto de Los Kil\u00f3metros - Los pol\u00edticos Veracruz\",\"isPartOf\":{\"@id\":\"https:\\\/\\\/lospoliticosveracruz.com\\\/#website\"},\"primaryImageOfPage\":{\"@id\":\"https:\\\/\\\/lospoliticosveracruz.com\\\/?p=19424#primaryimage\"},\"image\":{\"@id\":\"https:\\\/\\\/lospoliticosveracruz.com\\\/?p=19424#primaryimage\"},\"thumbnailUrl\":\"http:\\\/\\\/www.lospoliticosveracruz.com.mx\\\/wp-content\\\/uploads\\\/2015\\\/11\\\/Tuxpan-300x200.jpg\",\"datePublished\":\"2015-11-27T04:36:04+00:00\",\"breadcrumb\":{\"@id\":\"https:\\\/\\\/lospoliticosveracruz.com\\\/?p=19424#breadcrumb\"},\"inLanguage\":\"es\",\"potentialAction\":[{\"@type\":\"ReadAction\",\"target\":[\"https:\\\/\\\/lospoliticosveracruz.com\\\/?p=19424\"]}]},{\"@type\":\"ImageObject\",\"inLanguage\":\"es\",\"@id\":\"https:\\\/\\\/lospoliticosveracruz.com\\\/?p=19424#primaryimage\",\"url\":\"http:\\\/\\\/www.lospoliticosveracruz.com.mx\\\/wp-content\\\/uploads\\\/2015\\\/11\\\/Tuxpan-300x200.jpg\",\"contentUrl\":\"http:\\\/\\\/www.lospoliticosveracruz.com.mx\\\/wp-content\\\/uploads\\\/2015\\\/11\\\/Tuxpan-300x200.jpg\"},{\"@type\":\"BreadcrumbList\",\"@id\":\"https:\\\/\\\/lospoliticosveracruz.com\\\/?p=19424#breadcrumb\",\"itemListElement\":[{\"@type\":\"ListItem\",\"position\":1,\"name\":\"Portada\",\"item\":\"https:\\\/\\\/lospoliticosveracruz.com\\\/\"},{\"@type\":\"ListItem\",\"position\":2,\"name\":\"Tuxpan, el conflicto de Los Kil\u00f3metros\"}]},{\"@type\":\"WebSite\",\"@id\":\"https:\\\/\\\/lospoliticosveracruz.com\\\/#website\",\"url\":\"https:\\\/\\\/lospoliticosveracruz.com\\\/\",\"name\":\"Los pol\u00edticos Veracruz\",\"description\":\"\",\"publisher\":{\"@id\":\"https:\\\/\\\/lospoliticosveracruz.com\\\/#organization\"},\"potentialAction\":[{\"@type\":\"SearchAction\",\"target\":{\"@type\":\"EntryPoint\",\"urlTemplate\":\"https:\\\/\\\/lospoliticosveracruz.com\\\/?s={search_term_string}\"},\"query-input\":{\"@type\":\"PropertyValueSpecification\",\"valueRequired\":true,\"valueName\":\"search_term_string\"}}],\"inLanguage\":\"es\"},{\"@type\":\"Organization\",\"@id\":\"https:\\\/\\\/lospoliticosveracruz.com\\\/#organization\",\"name\":\"Los pol\u00edticos Veracruz\",\"url\":\"https:\\\/\\\/lospoliticosveracruz.com\\\/\",\"logo\":{\"@type\":\"ImageObject\",\"inLanguage\":\"es\",\"@id\":\"https:\\\/\\\/lospoliticosveracruz.com\\\/#\\\/schema\\\/logo\\\/image\\\/\",\"url\":\"https:\\\/\\\/lospoliticosveracruz.com\\\/wp-content\\\/uploads\\\/2025\\\/12\\\/Logo-Nuevo-LOS-POLITICOS-1.jpg\",\"contentUrl\":\"https:\\\/\\\/lospoliticosveracruz.com\\\/wp-content\\\/uploads\\\/2025\\\/12\\\/Logo-Nuevo-LOS-POLITICOS-1.jpg\",\"width\":260,\"height\":70,\"caption\":\"Los pol\u00edticos Veracruz\"},\"image\":{\"@id\":\"https:\\\/\\\/lospoliticosveracruz.com\\\/#\\\/schema\\\/logo\\\/image\\\/\"},\"sameAs\":[\"https:\\\/\\\/www.facebook.com\\\/people\\\/Notimemes-de-los-Polticos\\\/61565672886568\\\/\",\"https:\\\/\\\/x.com\\\/LosPoliticosVer\"]},{\"@type\":\"Person\",\"@id\":\"https:\\\/\\\/lospoliticosveracruz.com\\\/#\\\/schema\\\/person\\\/b8702bb0e538456e6efd07080bf2a4a2\",\"name\":\"Lo viste en Los Pol\u00edticos\",\"image\":{\"@type\":\"ImageObject\",\"inLanguage\":\"es\",\"@id\":\"https:\\\/\\\/secure.gravatar.com\\\/avatar\\\/3a8de04a2656d44082be478bd6c086daa447c4651605818287b9532d3d0bd435?s=96&d=mm&r=g\",\"url\":\"https:\\\/\\\/secure.gravatar.com\\\/avatar\\\/3a8de04a2656d44082be478bd6c086daa447c4651605818287b9532d3d0bd435?s=96&d=mm&r=g\",\"contentUrl\":\"https:\\\/\\\/secure.gravatar.com\\\/avatar\\\/3a8de04a2656d44082be478bd6c086daa447c4651605818287b9532d3d0bd435?s=96&d=mm&r=g\",\"caption\":\"Lo viste en Los Pol\u00edticos\"},\"url\":\"https:\\\/\\\/lospoliticosveracruz.com\\\/?author=2\"}]}<\/script>\n<!-- \/ Yoast SEO plugin. -->","yoast_head_json":{"title":"Tuxpan, el conflicto de Los Kil\u00f3metros - Los pol\u00edticos Veracruz","robots":{"index":"index","follow":"follow","max-snippet":"max-snippet:-1","max-image-preview":"max-image-preview:large","max-video-preview":"max-video-preview:-1"},"canonical":"https:\/\/lospoliticosveracruz.com\/?p=19424","og_locale":"es_ES","og_type":"article","og_title":"Tuxpan, el conflicto de Los Kil\u00f3metros - Los pol\u00edticos Veracruz","og_description":"Luis Alberto Romero Hora Cero Este mi\u00e9rcoles, habitantes y autoridades de una veintena de comunidades rurales de Tuxpan, bloquearon el acceso a ese municipio, la carretera federal a M\u00e9xico, justo a la altura de la congregaci\u00f3n Santiago de la Pe\u00f1a. La circulaci\u00f3n hacia la Huasteca Alta y al municipio de Poza Rica qued\u00f3 interrumpida. Demandan [&hellip;]","og_url":"https:\/\/lospoliticosveracruz.com\/?p=19424","og_site_name":"Los pol\u00edticos Veracruz","article_publisher":"https:\/\/www.facebook.com\/people\/Notimemes-de-los-Polticos\/61565672886568\/","article_published_time":"2015-11-27T04:36:04+00:00","og_image":[{"url":"http:\/\/www.lospoliticosveracruz.com.mx\/wp-content\/uploads\/2015\/11\/Tuxpan-300x200.jpg","type":"","width":"","height":""}],"author":"Lo viste en Los Pol\u00edticos","twitter_card":"summary_large_image","twitter_creator":"@LosPoliticosVer","twitter_site":"@LosPoliticosVer","twitter_misc":{"Escrito por":"Lo viste en Los Pol\u00edticos","Tiempo de lectura":"5 minutos"},"schema":{"@context":"https:\/\/schema.org","@graph":[{"@type":"Article","@id":"https:\/\/lospoliticosveracruz.com\/?p=19424#article","isPartOf":{"@id":"https:\/\/lospoliticosveracruz.com\/?p=19424"},"author":{"name":"Lo viste en Los Pol\u00edticos","@id":"https:\/\/lospoliticosveracruz.com\/#\/schema\/person\/b8702bb0e538456e6efd07080bf2a4a2"},"headline":"Tuxpan, el conflicto de Los Kil\u00f3metros","datePublished":"2015-11-27T04:36:04+00:00","mainEntityOfPage":{"@id":"https:\/\/lospoliticosveracruz.com\/?p=19424"},"wordCount":998,"commentCount":0,"publisher":{"@id":"https:\/\/lospoliticosveracruz.com\/#organization"},"image":{"@id":"https:\/\/lospoliticosveracruz.com\/?p=19424#primaryimage"},"thumbnailUrl":"http:\/\/www.lospoliticosveracruz.com.mx\/wp-content\/uploads\/2015\/11\/Tuxpan-300x200.jpg","keywords":["Huasteca Alta","Poza Rica","Ra\u00fal Ruiz D\u00edaz","Santiago de la Pe\u00f1a","Tuxpan"],"articleSection":["De Opini\u00f3n"],"inLanguage":"es","potentialAction":[{"@type":"CommentAction","name":"Comment","target":["https:\/\/lospoliticosveracruz.com\/?p=19424#respond"]}]},{"@type":"WebPage","@id":"https:\/\/lospoliticosveracruz.com\/?p=19424","url":"https:\/\/lospoliticosveracruz.com\/?p=19424","name":"Tuxpan, el conflicto de Los Kil\u00f3metros - Los pol\u00edticos Veracruz","isPartOf":{"@id":"https:\/\/lospoliticosveracruz.com\/#website"},"primaryImageOfPage":{"@id":"https:\/\/lospoliticosveracruz.com\/?p=19424#primaryimage"},"image":{"@id":"https:\/\/lospoliticosveracruz.com\/?p=19424#primaryimage"},"thumbnailUrl":"http:\/\/www.lospoliticosveracruz.com.mx\/wp-content\/uploads\/2015\/11\/Tuxpan-300x200.jpg","datePublished":"2015-11-27T04:36:04+00:00","breadcrumb":{"@id":"https:\/\/lospoliticosveracruz.com\/?p=19424#breadcrumb"},"inLanguage":"es","potentialAction":[{"@type":"ReadAction","target":["https:\/\/lospoliticosveracruz.com\/?p=19424"]}]},{"@type":"ImageObject","inLanguage":"es","@id":"https:\/\/lospoliticosveracruz.com\/?p=19424#primaryimage","url":"http:\/\/www.lospoliticosveracruz.com.mx\/wp-content\/uploads\/2015\/11\/Tuxpan-300x200.jpg","contentUrl":"http:\/\/www.lospoliticosveracruz.com.mx\/wp-content\/uploads\/2015\/11\/Tuxpan-300x200.jpg"},{"@type":"BreadcrumbList","@id":"https:\/\/lospoliticosveracruz.com\/?p=19424#breadcrumb","itemListElement":[{"@type":"ListItem","position":1,"name":"Portada","item":"https:\/\/lospoliticosveracruz.com\/"},{"@type":"ListItem","position":2,"name":"Tuxpan, el conflicto de Los Kil\u00f3metros"}]},{"@type":"WebSite","@id":"https:\/\/lospoliticosveracruz.com\/#website","url":"https:\/\/lospoliticosveracruz.com\/","name":"Los pol\u00edticos Veracruz","description":"","publisher":{"@id":"https:\/\/lospoliticosveracruz.com\/#organization"},"potentialAction":[{"@type":"SearchAction","target":{"@type":"EntryPoint","urlTemplate":"https:\/\/lospoliticosveracruz.com\/?s={search_term_string}"},"query-input":{"@type":"PropertyValueSpecification","valueRequired":true,"valueName":"search_term_string"}}],"inLanguage":"es"},{"@type":"Organization","@id":"https:\/\/lospoliticosveracruz.com\/#organization","name":"Los pol\u00edticos Veracruz","url":"https:\/\/lospoliticosveracruz.com\/","logo":{"@type":"ImageObject","inLanguage":"es","@id":"https:\/\/lospoliticosveracruz.com\/#\/schema\/logo\/image\/","url":"https:\/\/lospoliticosveracruz.com\/wp-content\/uploads\/2025\/12\/Logo-Nuevo-LOS-POLITICOS-1.jpg","contentUrl":"https:\/\/lospoliticosveracruz.com\/wp-content\/uploads\/2025\/12\/Logo-Nuevo-LOS-POLITICOS-1.jpg","width":260,"height":70,"caption":"Los pol\u00edticos Veracruz"},"image":{"@id":"https:\/\/lospoliticosveracruz.com\/#\/schema\/logo\/image\/"},"sameAs":["https:\/\/www.facebook.com\/people\/Notimemes-de-los-Polticos\/61565672886568\/","https:\/\/x.com\/LosPoliticosVer"]},{"@type":"Person","@id":"https:\/\/lospoliticosveracruz.com\/#\/schema\/person\/b8702bb0e538456e6efd07080bf2a4a2","name":"Lo viste en Los Pol\u00edticos","image":{"@type":"ImageObject","inLanguage":"es","@id":"https:\/\/secure.gravatar.com\/avatar\/3a8de04a2656d44082be478bd6c086daa447c4651605818287b9532d3d0bd435?s=96&d=mm&r=g","url":"https:\/\/secure.gravatar.com\/avatar\/3a8de04a2656d44082be478bd6c086daa447c4651605818287b9532d3d0bd435?s=96&d=mm&r=g","contentUrl":"https:\/\/secure.gravatar.com\/avatar\/3a8de04a2656d44082be478bd6c086daa447c4651605818287b9532d3d0bd435?s=96&d=mm&r=g","caption":"Lo viste en Los Pol\u00edticos"},"url":"https:\/\/lospoliticosveracruz.com\/?author=2"}]}},"_links":{"self":[{"href":"https:\/\/lospoliticosveracruz.com\/index.php?rest_route=\/wp\/v2\/posts\/19424","targetHints":{"allow":["GET"]}}],"collection":[{"href":"https:\/\/lospoliticosveracruz.com\/index.php?rest_route=\/wp\/v2\/posts"}],"about":[{"href":"https:\/\/lospoliticosveracruz.com\/index.php?rest_route=\/wp\/v2\/types\/post"}],"author":[{"embeddable":true,"href":"https:\/\/lospoliticosveracruz.com\/index.php?rest_route=\/wp\/v2\/users\/2"}],"replies":[{"embeddable":true,"href":"https:\/\/lospoliticosveracruz.com\/index.php?rest_route=%2Fwp%2Fv2%2Fcomments&post=19424"}],"version-history":[{"count":1,"href":"https:\/\/lospoliticosveracruz.com\/index.php?rest_route=\/wp\/v2\/posts\/19424\/revisions"}],"predecessor-version":[{"id":19426,"href":"https:\/\/lospoliticosveracruz.com\/index.php?rest_route=\/wp\/v2\/posts\/19424\/revisions\/19426"}],"wp:attachment":[{"href":"https:\/\/lospoliticosveracruz.com\/index.php?rest_route=%2Fwp%2Fv2%2Fmedia&parent=19424"}],"wp:term":[{"taxonomy":"category","embeddable":true,"href":"https:\/\/lospoliticosveracruz.com\/index.php?rest_route=%2Fwp%2Fv2%2Fcategories&post=19424"},{"taxonomy":"post_tag","embeddable":true,"href":"https:\/\/lospoliticosveracruz.com\/index.php?rest_route=%2Fwp%2Fv2%2Ftags&post=19424"}],"curies":[{"name":"wp","href":"https:\/\/api.w.org\/{rel}","templated":true}]}}