{"id":19464,"date":"2015-11-29T22:32:33","date_gmt":"2015-11-30T04:32:33","guid":{"rendered":"http:\/\/www.lospoliticosveracruz.com.mx\/?p=19464"},"modified":"2015-11-29T22:32:33","modified_gmt":"2015-11-30T04:32:33","slug":"parece-que-ya-entendieron","status":"publish","type":"post","link":"https:\/\/lospoliticosveracruz.com\/?p=19464","title":{"rendered":"Parece que ya entendieron"},"content":{"rendered":"<p><a href=\"http:\/\/www.lospoliticosveracruz.com.mx\/wp-content\/uploads\/2015\/11\/H\u00e8ctor-Yunes-Landa-Manlio-Fabio-Beltrones.jpg\"><img loading=\"lazy\" decoding=\"async\" class=\"alignnone size-medium wp-image-19465\" src=\"http:\/\/www.lospoliticosveracruz.com.mx\/wp-content\/uploads\/2015\/11\/H\u00e8ctor-Yunes-Landa-Manlio-Fabio-Beltrones-300x200.jpg\" alt=\"H\u00e8ctor Yunes Landa Manlio Fabio Beltrones\" width=\"300\" height=\"200\" \/><\/a><\/p>\n<p><strong>Ricardo V\u00e1zquez Salazar<\/strong><\/p>\n<p><em>Esfera Pol\u00edtica<\/em><\/p>\n<blockquote><p><em>A trav\u00e9s del trabajo en conjunto realizado entre la Secretar\u00eda de Marina y el Centro de Investigaci\u00f3n para la Seguridad Nacional, se detuvo la semana pasada a Alejandro Castro Alfonso, \u201cEl Picoreta\u201d, considerado como uno de los mandos Zetas m\u00e1s sanguinarios que operaba importantes plazas como Orizaba, ah\u00ed donde la autoridad municipal presum\u00eda de ser calificada como la ciudad m\u00e1s segura del pa\u00eds; adem\u00e1s de que tambi\u00e9n comandaba en los municipios de C\u00f3rdoba y Poza Rica, lo mismo en otras entidades del pa\u00eds.<\/em><\/p><\/blockquote>\n<p>Para quienes no quieran entenderlo y se nieguen a aceptarlo, Manlio Fabio Beltrones no reuni\u00f3 a Pepe y a H\u00e9ctor en su propio terreno, para venir a decirles que ninguno de los dos ser\u00eda el candidato del PRI a la gubernatura, por supuesto que no. No hab\u00eda de otra: Beltrones, el l\u00edder nacional tricolor convoc\u00f3 a la clase pol\u00edtica veracruzana a la llamada cumbre de San Juli\u00e1n llevada a cabo el pasado viernes, para hacerles ver que ten\u00edan que alinearse. No exist\u00eda otra alternativa viable.<\/p>\n<p>Actores pol\u00edticos del partido tricolor ten\u00edan que disciplinarse, regresar a la unidad y consolidarla. Despu\u00e9s viene lo m\u00e1s complicado, lograr el acercamiento y penetrar en el \u00e1nimo del electorado.<\/p>\n<p>El candidato del PRI a la gubernatura de Veracruz sabe perfectamente que no la tiene f\u00e1cil para el 2016; H\u00e9ctor y Pepe est\u00e1n conscientes de ello. El escenario es distinto al que se viv\u00eda en el a\u00f1o 2004. Hoy en d\u00eda es complicado por la irritaci\u00f3n de la ciudadan\u00eda, ocasionada por la anarqu\u00eda oficial que impera en el estado.<\/p>\n<p>El abanderado del tricolor por la rienda veracruzana, adem\u00e1s de que le tocar\u00e1 bailar con la m\u00e1s fea, tambi\u00e9n le corresponder\u00e1 torear con la m\u00e1s indignada y enfurecida poblaci\u00f3n veracruzana, de cualquier sector. El pesado lastre que deja la \u201cFidelidad\u201d y la \u201cProsperidad\u201d no es cualquier cosa; heredar\u00e1n la m\u00e1s desastrosa situaci\u00f3n que se haya dado en la entidad.<\/p>\n<p>La poblaci\u00f3n est\u00e1 completamente decepcionada por el partido en el poder en Veracruz. Se vive en el hartazgo; se ha perdido toda credibilidad en las promesas de campa\u00f1a, por todo lo que ha venido ocurriendo desde hace m\u00e1s de una d\u00e9cada. Corrupci\u00f3n e impunidad han sido el sello caracter\u00edstico.<\/p>\n<p>Veracruz se encuentra inmerso en un mar de antagonismos:<\/p>\n<p>Pobreza y abandono de la ciudadan\u00eda\/enriquecimiento inexplicable de funcionarios y exfuncionarios.<\/p>\n<p>Violencia e inseguridad adue\u00f1ada de la poblaci\u00f3n vulnerable\/sobreprotecci\u00f3n de autoridades con escoltas y veh\u00edculos blindados.<\/p>\n<p>Carencia de infraestructura y servicios dignos en Salud y en Educaci\u00f3n\/abundancia de privilegios del selectivo gubernamental.<\/p>\n<p>La historia de la humanidad nos ha mostrado que no es nada conveniente subestimar las necesidades y problemas que enfrenta la poblaci\u00f3n. Esto lo tendr\u00e1 presente el pr\u00f3ximo candidato del Revolucionario Institucional, uno de los Yunes rojos.<\/p>\n<p>Los senadores H\u00e9ctor y Pepe se conducen con toda prudencia; son mesurados en sus declaraciones. Uno ser\u00e1 el contendiente en el 2016, el otro en el 2018; as\u00ed lo hab\u00edamos se\u00f1alado.<\/p>\n<p>H\u00e9ctor asegura que mientras no se haga la convenci\u00f3n de priistas y se le tome la protesta como candidato, no puede asumir algo que no le corresponde.<\/p>\n<p>Pepe advierte que no hay que adelantar tiempos ni v\u00edsperas; pero pone el dedo en la llaga al afirmar contundente: \u201cCorrupci\u00f3n e impunidad lastiman y ofenden a Veracruz. No se necesita ser dotado mentalmente para darse cuenta del rechazo que existe hacia la clase pol\u00edtica, sobre todo cuando el pago de impuestos no se ve en infraestructura ni desarrollo, sino en fortunas inexplicables\u201d. Se los dijo de frente y sin titubeos el senador Yunes Zorrilla, este domingo en su Tercer Informe de Actividades Legislativas.<\/p>\n<p>rvazquez002@yahoo.com.mx<\/p>\n","protected":false},"excerpt":{"rendered":"<p>Ricardo V\u00e1zquez Salazar Esfera Pol\u00edtica A trav\u00e9s del trabajo en conjunto realizado entre la Secretar\u00eda de Marina y el Centro de Investigaci\u00f3n para la Seguridad Nacional, se detuvo la semana pasada a Alejandro Castro Alfonso, \u201cEl Picoreta\u201d, considerado como uno de los mandos Zetas m\u00e1s sanguinarios que operaba importantes plazas como Orizaba, ah\u00ed donde la [&hellip;]<\/p>\n","protected":false},"author":2,"featured_media":0,"comment_status":"open","ping_status":"open","sticky":false,"template":"","format":"standard","meta":{"tdm_status":"","tdm_grid_status":"","footnotes":""},"categories":[70],"tags":[348,617,246],"class_list":{"0":"post-19464","1":"post","2":"type-post","3":"status-publish","4":"format-standard","6":"category-de-opinion","7":"tag-hector-yunes-landa","8":"tag-manlio-fabio-beltrones","9":"tag-pepe-yunes-zorrilla"},"yoast_head":"<!-- This site is optimized with the Yoast SEO plugin v27.4 - https:\/\/yoast.com\/product\/yoast-seo-wordpress\/ -->\n<title>Parece que ya entendieron - Los pol\u00edticos Veracruz<\/title>\n<meta name=\"robots\" content=\"index, follow, max-snippet:-1, max-image-preview:large, max-video-preview:-1\" \/>\n<link rel=\"canonical\" href=\"https:\/\/lospoliticosveracruz.com\/?p=19464\" \/>\n<meta property=\"og:locale\" content=\"es_ES\" \/>\n<meta property=\"og:type\" content=\"article\" \/>\n<meta property=\"og:title\" content=\"Parece que ya entendieron - Los pol\u00edticos Veracruz\" \/>\n<meta property=\"og:description\" content=\"Ricardo V\u00e1zquez Salazar Esfera Pol\u00edtica A trav\u00e9s del trabajo en conjunto realizado entre la Secretar\u00eda de Marina y el Centro de Investigaci\u00f3n para la Seguridad Nacional, se detuvo la semana pasada a Alejandro Castro Alfonso, \u201cEl Picoreta\u201d, considerado como uno de los mandos Zetas m\u00e1s sanguinarios que operaba importantes plazas como Orizaba, ah\u00ed donde la [&hellip;]\" \/>\n<meta property=\"og:url\" content=\"https:\/\/lospoliticosveracruz.com\/?p=19464\" \/>\n<meta property=\"og:site_name\" content=\"Los pol\u00edticos Veracruz\" \/>\n<meta property=\"article:publisher\" content=\"https:\/\/www.facebook.com\/people\/Notimemes-de-los-Polticos\/61565672886568\/\" \/>\n<meta property=\"article:published_time\" content=\"2015-11-30T04:32:33+00:00\" \/>\n<meta property=\"og:image\" content=\"https:\/\/lospoliticosveracruz.com\/wp-content\/uploads\/2016\/07\/Logo-Dor.jpg\" \/>\n\t<meta property=\"og:image:width\" content=\"200\" \/>\n\t<meta property=\"og:image:height\" content=\"200\" \/>\n\t<meta property=\"og:image:type\" content=\"image\/jpeg\" \/>\n<meta name=\"author\" content=\"Lo viste en Los Pol\u00edticos\" \/>\n<meta name=\"twitter:card\" content=\"summary_large_image\" \/>\n<meta name=\"twitter:creator\" content=\"@LosPoliticosVer\" \/>\n<meta name=\"twitter:site\" content=\"@LosPoliticosVer\" \/>\n<meta name=\"twitter:label1\" content=\"Escrito por\" \/>\n\t<meta name=\"twitter:data1\" content=\"Lo viste en Los Pol\u00edticos\" \/>\n\t<meta name=\"twitter:label2\" content=\"Tiempo de lectura\" \/>\n\t<meta name=\"twitter:data2\" content=\"3 minutos\" \/>\n<script type=\"application\/ld+json\" class=\"yoast-schema-graph\">{\"@context\":\"https:\\\/\\\/schema.org\",\"@graph\":[{\"@type\":\"Article\",\"@id\":\"https:\\\/\\\/lospoliticosveracruz.com\\\/?p=19464#article\",\"isPartOf\":{\"@id\":\"https:\\\/\\\/lospoliticosveracruz.com\\\/?p=19464\"},\"author\":{\"name\":\"Lo viste en Los Pol\u00edticos\",\"@id\":\"https:\\\/\\\/lospoliticosveracruz.com\\\/#\\\/schema\\\/person\\\/b8702bb0e538456e6efd07080bf2a4a2\"},\"headline\":\"Parece que ya entendieron\",\"datePublished\":\"2015-11-30T04:32:33+00:00\",\"mainEntityOfPage\":{\"@id\":\"https:\\\/\\\/lospoliticosveracruz.com\\\/?p=19464\"},\"wordCount\":670,\"commentCount\":0,\"publisher\":{\"@id\":\"https:\\\/\\\/lospoliticosveracruz.com\\\/#organization\"},\"keywords\":[\"H\u00e9ctor Yunes Landa\",\"Manlio Fabio Beltrones\",\"Pepe Yunes Zorrilla\"],\"articleSection\":[\"De Opini\u00f3n\"],\"inLanguage\":\"es\",\"potentialAction\":[{\"@type\":\"CommentAction\",\"name\":\"Comment\",\"target\":[\"https:\\\/\\\/lospoliticosveracruz.com\\\/?p=19464#respond\"]}]},{\"@type\":\"WebPage\",\"@id\":\"https:\\\/\\\/lospoliticosveracruz.com\\\/?p=19464\",\"url\":\"https:\\\/\\\/lospoliticosveracruz.com\\\/?p=19464\",\"name\":\"Parece que ya entendieron - Los pol\u00edticos Veracruz\",\"isPartOf\":{\"@id\":\"https:\\\/\\\/lospoliticosveracruz.com\\\/#website\"},\"datePublished\":\"2015-11-30T04:32:33+00:00\",\"breadcrumb\":{\"@id\":\"https:\\\/\\\/lospoliticosveracruz.com\\\/?p=19464#breadcrumb\"},\"inLanguage\":\"es\",\"potentialAction\":[{\"@type\":\"ReadAction\",\"target\":[\"https:\\\/\\\/lospoliticosveracruz.com\\\/?p=19464\"]}]},{\"@type\":\"BreadcrumbList\",\"@id\":\"https:\\\/\\\/lospoliticosveracruz.com\\\/?p=19464#breadcrumb\",\"itemListElement\":[{\"@type\":\"ListItem\",\"position\":1,\"name\":\"Portada\",\"item\":\"https:\\\/\\\/lospoliticosveracruz.com\\\/\"},{\"@type\":\"ListItem\",\"position\":2,\"name\":\"Parece que ya entendieron\"}]},{\"@type\":\"WebSite\",\"@id\":\"https:\\\/\\\/lospoliticosveracruz.com\\\/#website\",\"url\":\"https:\\\/\\\/lospoliticosveracruz.com\\\/\",\"name\":\"Los pol\u00edticos Veracruz\",\"description\":\"\",\"publisher\":{\"@id\":\"https:\\\/\\\/lospoliticosveracruz.com\\\/#organization\"},\"potentialAction\":[{\"@type\":\"SearchAction\",\"target\":{\"@type\":\"EntryPoint\",\"urlTemplate\":\"https:\\\/\\\/lospoliticosveracruz.com\\\/?s={search_term_string}\"},\"query-input\":{\"@type\":\"PropertyValueSpecification\",\"valueRequired\":true,\"valueName\":\"search_term_string\"}}],\"inLanguage\":\"es\"},{\"@type\":\"Organization\",\"@id\":\"https:\\\/\\\/lospoliticosveracruz.com\\\/#organization\",\"name\":\"Los pol\u00edticos Veracruz\",\"url\":\"https:\\\/\\\/lospoliticosveracruz.com\\\/\",\"logo\":{\"@type\":\"ImageObject\",\"inLanguage\":\"es\",\"@id\":\"https:\\\/\\\/lospoliticosveracruz.com\\\/#\\\/schema\\\/logo\\\/image\\\/\",\"url\":\"https:\\\/\\\/lospoliticosveracruz.com\\\/wp-content\\\/uploads\\\/2025\\\/12\\\/Logo-Nuevo-LOS-POLITICOS-1.jpg\",\"contentUrl\":\"https:\\\/\\\/lospoliticosveracruz.com\\\/wp-content\\\/uploads\\\/2025\\\/12\\\/Logo-Nuevo-LOS-POLITICOS-1.jpg\",\"width\":260,\"height\":70,\"caption\":\"Los pol\u00edticos Veracruz\"},\"image\":{\"@id\":\"https:\\\/\\\/lospoliticosveracruz.com\\\/#\\\/schema\\\/logo\\\/image\\\/\"},\"sameAs\":[\"https:\\\/\\\/www.facebook.com\\\/people\\\/Notimemes-de-los-Polticos\\\/61565672886568\\\/\",\"https:\\\/\\\/x.com\\\/LosPoliticosVer\"]},{\"@type\":\"Person\",\"@id\":\"https:\\\/\\\/lospoliticosveracruz.com\\\/#\\\/schema\\\/person\\\/b8702bb0e538456e6efd07080bf2a4a2\",\"name\":\"Lo viste en Los Pol\u00edticos\",\"image\":{\"@type\":\"ImageObject\",\"inLanguage\":\"es\",\"@id\":\"https:\\\/\\\/secure.gravatar.com\\\/avatar\\\/3a8de04a2656d44082be478bd6c086daa447c4651605818287b9532d3d0bd435?s=96&d=mm&r=g\",\"url\":\"https:\\\/\\\/secure.gravatar.com\\\/avatar\\\/3a8de04a2656d44082be478bd6c086daa447c4651605818287b9532d3d0bd435?s=96&d=mm&r=g\",\"contentUrl\":\"https:\\\/\\\/secure.gravatar.com\\\/avatar\\\/3a8de04a2656d44082be478bd6c086daa447c4651605818287b9532d3d0bd435?s=96&d=mm&r=g\",\"caption\":\"Lo viste en Los Pol\u00edticos\"},\"url\":\"https:\\\/\\\/lospoliticosveracruz.com\\\/?author=2\"}]}<\/script>\n<!-- \/ Yoast SEO plugin. -->","yoast_head_json":{"title":"Parece que ya entendieron - Los pol\u00edticos Veracruz","robots":{"index":"index","follow":"follow","max-snippet":"max-snippet:-1","max-image-preview":"max-image-preview:large","max-video-preview":"max-video-preview:-1"},"canonical":"https:\/\/lospoliticosveracruz.com\/?p=19464","og_locale":"es_ES","og_type":"article","og_title":"Parece que ya entendieron - Los pol\u00edticos Veracruz","og_description":"Ricardo V\u00e1zquez Salazar Esfera Pol\u00edtica A trav\u00e9s del trabajo en conjunto realizado entre la Secretar\u00eda de Marina y el Centro de Investigaci\u00f3n para la Seguridad Nacional, se detuvo la semana pasada a Alejandro Castro Alfonso, \u201cEl Picoreta\u201d, considerado como uno de los mandos Zetas m\u00e1s sanguinarios que operaba importantes plazas como Orizaba, ah\u00ed donde la [&hellip;]","og_url":"https:\/\/lospoliticosveracruz.com\/?p=19464","og_site_name":"Los pol\u00edticos Veracruz","article_publisher":"https:\/\/www.facebook.com\/people\/Notimemes-de-los-Polticos\/61565672886568\/","article_published_time":"2015-11-30T04:32:33+00:00","og_image":[{"width":200,"height":200,"url":"https:\/\/lospoliticosveracruz.com\/wp-content\/uploads\/2016\/07\/Logo-Dor.jpg","type":"image\/jpeg"}],"author":"Lo viste en Los Pol\u00edticos","twitter_card":"summary_large_image","twitter_creator":"@LosPoliticosVer","twitter_site":"@LosPoliticosVer","twitter_misc":{"Escrito por":"Lo viste en Los Pol\u00edticos","Tiempo de lectura":"3 minutos"},"schema":{"@context":"https:\/\/schema.org","@graph":[{"@type":"Article","@id":"https:\/\/lospoliticosveracruz.com\/?p=19464#article","isPartOf":{"@id":"https:\/\/lospoliticosveracruz.com\/?p=19464"},"author":{"name":"Lo viste en Los Pol\u00edticos","@id":"https:\/\/lospoliticosveracruz.com\/#\/schema\/person\/b8702bb0e538456e6efd07080bf2a4a2"},"headline":"Parece que ya entendieron","datePublished":"2015-11-30T04:32:33+00:00","mainEntityOfPage":{"@id":"https:\/\/lospoliticosveracruz.com\/?p=19464"},"wordCount":670,"commentCount":0,"publisher":{"@id":"https:\/\/lospoliticosveracruz.com\/#organization"},"keywords":["H\u00e9ctor Yunes Landa","Manlio Fabio Beltrones","Pepe Yunes Zorrilla"],"articleSection":["De Opini\u00f3n"],"inLanguage":"es","potentialAction":[{"@type":"CommentAction","name":"Comment","target":["https:\/\/lospoliticosveracruz.com\/?p=19464#respond"]}]},{"@type":"WebPage","@id":"https:\/\/lospoliticosveracruz.com\/?p=19464","url":"https:\/\/lospoliticosveracruz.com\/?p=19464","name":"Parece que ya entendieron - Los pol\u00edticos Veracruz","isPartOf":{"@id":"https:\/\/lospoliticosveracruz.com\/#website"},"datePublished":"2015-11-30T04:32:33+00:00","breadcrumb":{"@id":"https:\/\/lospoliticosveracruz.com\/?p=19464#breadcrumb"},"inLanguage":"es","potentialAction":[{"@type":"ReadAction","target":["https:\/\/lospoliticosveracruz.com\/?p=19464"]}]},{"@type":"BreadcrumbList","@id":"https:\/\/lospoliticosveracruz.com\/?p=19464#breadcrumb","itemListElement":[{"@type":"ListItem","position":1,"name":"Portada","item":"https:\/\/lospoliticosveracruz.com\/"},{"@type":"ListItem","position":2,"name":"Parece que ya entendieron"}]},{"@type":"WebSite","@id":"https:\/\/lospoliticosveracruz.com\/#website","url":"https:\/\/lospoliticosveracruz.com\/","name":"Los pol\u00edticos Veracruz","description":"","publisher":{"@id":"https:\/\/lospoliticosveracruz.com\/#organization"},"potentialAction":[{"@type":"SearchAction","target":{"@type":"EntryPoint","urlTemplate":"https:\/\/lospoliticosveracruz.com\/?s={search_term_string}"},"query-input":{"@type":"PropertyValueSpecification","valueRequired":true,"valueName":"search_term_string"}}],"inLanguage":"es"},{"@type":"Organization","@id":"https:\/\/lospoliticosveracruz.com\/#organization","name":"Los pol\u00edticos Veracruz","url":"https:\/\/lospoliticosveracruz.com\/","logo":{"@type":"ImageObject","inLanguage":"es","@id":"https:\/\/lospoliticosveracruz.com\/#\/schema\/logo\/image\/","url":"https:\/\/lospoliticosveracruz.com\/wp-content\/uploads\/2025\/12\/Logo-Nuevo-LOS-POLITICOS-1.jpg","contentUrl":"https:\/\/lospoliticosveracruz.com\/wp-content\/uploads\/2025\/12\/Logo-Nuevo-LOS-POLITICOS-1.jpg","width":260,"height":70,"caption":"Los pol\u00edticos Veracruz"},"image":{"@id":"https:\/\/lospoliticosveracruz.com\/#\/schema\/logo\/image\/"},"sameAs":["https:\/\/www.facebook.com\/people\/Notimemes-de-los-Polticos\/61565672886568\/","https:\/\/x.com\/LosPoliticosVer"]},{"@type":"Person","@id":"https:\/\/lospoliticosveracruz.com\/#\/schema\/person\/b8702bb0e538456e6efd07080bf2a4a2","name":"Lo viste en Los Pol\u00edticos","image":{"@type":"ImageObject","inLanguage":"es","@id":"https:\/\/secure.gravatar.com\/avatar\/3a8de04a2656d44082be478bd6c086daa447c4651605818287b9532d3d0bd435?s=96&d=mm&r=g","url":"https:\/\/secure.gravatar.com\/avatar\/3a8de04a2656d44082be478bd6c086daa447c4651605818287b9532d3d0bd435?s=96&d=mm&r=g","contentUrl":"https:\/\/secure.gravatar.com\/avatar\/3a8de04a2656d44082be478bd6c086daa447c4651605818287b9532d3d0bd435?s=96&d=mm&r=g","caption":"Lo viste en Los Pol\u00edticos"},"url":"https:\/\/lospoliticosveracruz.com\/?author=2"}]}},"_links":{"self":[{"href":"https:\/\/lospoliticosveracruz.com\/index.php?rest_route=\/wp\/v2\/posts\/19464","targetHints":{"allow":["GET"]}}],"collection":[{"href":"https:\/\/lospoliticosveracruz.com\/index.php?rest_route=\/wp\/v2\/posts"}],"about":[{"href":"https:\/\/lospoliticosveracruz.com\/index.php?rest_route=\/wp\/v2\/types\/post"}],"author":[{"embeddable":true,"href":"https:\/\/lospoliticosveracruz.com\/index.php?rest_route=\/wp\/v2\/users\/2"}],"replies":[{"embeddable":true,"href":"https:\/\/lospoliticosveracruz.com\/index.php?rest_route=%2Fwp%2Fv2%2Fcomments&post=19464"}],"version-history":[{"count":1,"href":"https:\/\/lospoliticosveracruz.com\/index.php?rest_route=\/wp\/v2\/posts\/19464\/revisions"}],"predecessor-version":[{"id":19466,"href":"https:\/\/lospoliticosveracruz.com\/index.php?rest_route=\/wp\/v2\/posts\/19464\/revisions\/19466"}],"wp:attachment":[{"href":"https:\/\/lospoliticosveracruz.com\/index.php?rest_route=%2Fwp%2Fv2%2Fmedia&parent=19464"}],"wp:term":[{"taxonomy":"category","embeddable":true,"href":"https:\/\/lospoliticosveracruz.com\/index.php?rest_route=%2Fwp%2Fv2%2Fcategories&post=19464"},{"taxonomy":"post_tag","embeddable":true,"href":"https:\/\/lospoliticosveracruz.com\/index.php?rest_route=%2Fwp%2Fv2%2Ftags&post=19464"}],"curies":[{"name":"wp","href":"https:\/\/api.w.org\/{rel}","templated":true}]}}