{"id":19521,"date":"2015-12-01T10:11:20","date_gmt":"2015-12-01T16:11:20","guid":{"rendered":"http:\/\/www.lospoliticosveracruz.com.mx\/?p=19521"},"modified":"2015-12-01T10:11:20","modified_gmt":"2015-12-01T16:11:20","slug":"comparecencias-reclamos-y-flores","status":"publish","type":"post","link":"https:\/\/lospoliticosveracruz.com\/?p=19521","title":{"rendered":"Comparecencias, reclamos y flores"},"content":{"rendered":"<p><a href=\"http:\/\/www.lospoliticosveracruz.com.mx\/wp-content\/uploads\/2013\/11\/COMPARECENCIAS.jpg\"><img loading=\"lazy\" decoding=\"async\" class=\"alignnone size-medium wp-image-10478\" src=\"http:\/\/www.lospoliticosveracruz.com.mx\/wp-content\/uploads\/2013\/11\/COMPARECENCIAS-300x201.jpg\" alt=\"COMPARECENCIAS\" width=\"300\" height=\"201\" \/><\/a><\/p>\n<p><strong>Valeria Marcial<\/strong><\/p>\n<p><em>En Pol\u00edtica&#8230; Personas y Personalidades<\/em><\/p>\n<p>Ya estamos en la tercer semana de las comparecencias con motivo del V informe del gobernador Javier Duarte de Ochoa y los secretarios de gabinete nos han quedado a deber, de la misma manera que los diputados, quienes como lo mencion\u00e9 en anterior entrega, previo tarjeteo reciben las preguntas, bueno, los que van, porque muchos andan en sus distritos operando campa\u00f1a, perd\u00f3n, perd\u00f3n, gestionando acciones en su distrito.<\/p>\n<p>En la comparecencia de este lunes pese a que no hubo obras que presumir y es evidente el rezago en construcci\u00f3n y rehabilitaci\u00f3n de caminos y puentes en la red carretera estatal, no hubo manifestaciones y por el contrario como en las otras comparecencias, frente a la puerta principal del recinto, unas lonas con mensaje de agradecimiento&#8230; Ellos solitos se aplauden, vaya personalidades.<\/p>\n<p>\u00bfC\u00f3mo? A caso hay que agradecer que un secretario de comunicaciones haga obras, que el de turismo genere estrategias para posicionar a Veracruz, y Seguridad P\u00fablica&#8230; \u00a1No! \u00a1No! \u00a1No! para eso son funcionarios p\u00fablicos, para servir al pueblo que le dio el voto a su jefe.<\/p>\n<p>Tom\u00e1s Ru\u00edz compareci\u00f3 y alarde\u00f3 de todo lo proyectado para realizar en 2016, pero c\u00f3mo emocionarnos con grandes proyectos como el puente Esc\u00e9nico, si en la SIOP no pueden con obras en tierra firme, menos podr\u00e1n entregar antes de que concluya el sexenio, obras sobre unos cuantos muros en un r\u00edo.<\/p>\n<p>No pueden con la obra bajo el agua, menos con las que flotan, o estas si saldr\u00e1n a flote con tal de que en un a\u00f1o de elecciones se note que hay compromiso por mantener una comunicaci\u00f3n integral para los veracruzanos&#8230; \u00a1Votos son votos!<\/p>\n<p>Hablando de funcionarios y personalidades&#8230; Este lunes anunci\u00f3 JDO que enviar\u00e1 al Congreso una iniciativa para que sea eliminado el fuero a gobernador y sus secretarios de despacho, as\u00ed como alcaldes y su cuerpo edilicio. La oposici\u00f3n respingo, celebr\u00f3 y critic\u00f3 el anuncio, los priistas tal cual pareciera una comparsa celebraron y defendieron.<\/p>\n<p>Los que conservar\u00edan el fuero seg\u00fan en la propuesta que ser\u00e1 enviada al recinto legislativo, son el Fiscal General del Estado y el representante de Derechos Humanos&#8230; Muchas voces lamentaron que estas iniciativas no sean retroactivas&#8230; \u00bfSe imaginan?<\/p>\n<p>Lo que llama la atenci\u00f3n es que el fuero constitucional es federal, por lo que no se puede derogar una ley en la que no se tienen facultades sobre ella, es decir hay que respetar la autonom\u00eda de cada poder.<\/p>\n<p>Lo que s\u00ed ha prevalecido en estas comparecencias es el factor, denuncia, deuda, observaciones, investigaci\u00f3n por lo que cae muy bien la propuesta de Duarte de Ochoa de la creaci\u00f3n de la Fiscal\u00eda Anticorrupci\u00f3n, pero ojo no es solo celebrar la eliminaci\u00f3n.<\/p>\n<p>Habr\u00e1 que asignarle un presupuesto, inmueble, personal, veh\u00edculos. \u00bfQu\u00e9 lugar y con qu\u00e9 dinero se realizar\u00e1n los trabajos de la dichosa nueva fiscal\u00eda?<\/p>\n<p>*Renunci\u00f3 Francisco Valencia a la Comisi\u00f3n del Agua del Estado del Veracruz, busca una candidatura por el PRD, alguien tiene que hacer contrapeso en la alianza PAN &#8211; PRD, ni que estuvieran amarrados los amarillos.<\/p>\n<p>*Se instala en Veracruz el Observatorio de Participaci\u00f3n Pol\u00edtica de las Mujeres&#8230; Asignatura pendiente.<\/p>\n<p>* Gladys Merlin se deshizo en elogios hacia el secretario de Medio Ambiente, V\u00edctor Alvarado durante su comparecencia, hasta sus compa\u00f1eros se re\u00edan del exceso de flores&#8230; \u00a1Personalidad!<\/p>\n<p>En Twitter @ValeriaMarcial<\/p>\n","protected":false},"excerpt":{"rendered":"<p>Valeria Marcial En Pol\u00edtica&#8230; Personas y Personalidades Ya estamos en la tercer semana de las comparecencias con motivo del V informe del gobernador Javier Duarte de Ochoa y los secretarios de gabinete nos han quedado a deber, de la misma manera que los diputados, quienes como lo mencion\u00e9 en anterior entrega, previo tarjeteo reciben las [&hellip;]<\/p>\n","protected":false},"author":2,"featured_media":0,"comment_status":"open","ping_status":"open","sticky":false,"template":"","format":"standard","meta":{"tdm_status":"","tdm_grid_status":"","footnotes":""},"categories":[70],"tags":[830,260],"class_list":{"0":"post-19521","1":"post","2":"type-post","3":"status-publish","4":"format-standard","6":"category-de-opinion","7":"tag-comparecencias","8":"tag-javier-duarte-de-ochoa"},"yoast_head":"<!-- This site is optimized with the Yoast SEO plugin v27.4 - https:\/\/yoast.com\/product\/yoast-seo-wordpress\/ -->\n<title>Comparecencias, reclamos y flores - Los pol\u00edticos Veracruz<\/title>\n<meta name=\"robots\" content=\"index, follow, max-snippet:-1, max-image-preview:large, max-video-preview:-1\" \/>\n<link rel=\"canonical\" href=\"https:\/\/lospoliticosveracruz.com\/?p=19521\" \/>\n<meta property=\"og:locale\" content=\"es_ES\" \/>\n<meta property=\"og:type\" content=\"article\" \/>\n<meta property=\"og:title\" content=\"Comparecencias, reclamos y flores - Los pol\u00edticos Veracruz\" \/>\n<meta property=\"og:description\" content=\"Valeria Marcial En Pol\u00edtica&#8230; Personas y Personalidades Ya estamos en la tercer semana de las comparecencias con motivo del V informe del gobernador Javier Duarte de Ochoa y los secretarios de gabinete nos han quedado a deber, de la misma manera que los diputados, quienes como lo mencion\u00e9 en anterior entrega, previo tarjeteo reciben las [&hellip;]\" \/>\n<meta property=\"og:url\" content=\"https:\/\/lospoliticosveracruz.com\/?p=19521\" \/>\n<meta property=\"og:site_name\" content=\"Los pol\u00edticos Veracruz\" \/>\n<meta property=\"article:publisher\" content=\"https:\/\/www.facebook.com\/people\/Notimemes-de-los-Polticos\/61565672886568\/\" \/>\n<meta property=\"article:published_time\" content=\"2015-12-01T16:11:20+00:00\" \/>\n<meta property=\"og:image\" content=\"http:\/\/www.lospoliticosveracruz.com.mx\/wp-content\/uploads\/2013\/11\/COMPARECENCIAS-300x201.jpg\" \/>\n<meta name=\"author\" content=\"Lo viste en Los Pol\u00edticos\" \/>\n<meta name=\"twitter:card\" content=\"summary_large_image\" \/>\n<meta name=\"twitter:creator\" content=\"@LosPoliticosVer\" \/>\n<meta name=\"twitter:site\" content=\"@LosPoliticosVer\" \/>\n<meta name=\"twitter:label1\" content=\"Escrito por\" \/>\n\t<meta name=\"twitter:data1\" content=\"Lo viste en Los Pol\u00edticos\" \/>\n\t<meta name=\"twitter:label2\" content=\"Tiempo de lectura\" \/>\n\t<meta name=\"twitter:data2\" content=\"3 minutos\" \/>\n<script type=\"application\/ld+json\" class=\"yoast-schema-graph\">{\"@context\":\"https:\\\/\\\/schema.org\",\"@graph\":[{\"@type\":\"Article\",\"@id\":\"https:\\\/\\\/lospoliticosveracruz.com\\\/?p=19521#article\",\"isPartOf\":{\"@id\":\"https:\\\/\\\/lospoliticosveracruz.com\\\/?p=19521\"},\"author\":{\"name\":\"Lo viste en Los Pol\u00edticos\",\"@id\":\"https:\\\/\\\/lospoliticosveracruz.com\\\/#\\\/schema\\\/person\\\/b8702bb0e538456e6efd07080bf2a4a2\"},\"headline\":\"Comparecencias, reclamos y flores\",\"datePublished\":\"2015-12-01T16:11:20+00:00\",\"mainEntityOfPage\":{\"@id\":\"https:\\\/\\\/lospoliticosveracruz.com\\\/?p=19521\"},\"wordCount\":594,\"commentCount\":0,\"publisher\":{\"@id\":\"https:\\\/\\\/lospoliticosveracruz.com\\\/#organization\"},\"image\":{\"@id\":\"https:\\\/\\\/lospoliticosveracruz.com\\\/?p=19521#primaryimage\"},\"thumbnailUrl\":\"http:\\\/\\\/www.lospoliticosveracruz.com.mx\\\/wp-content\\\/uploads\\\/2013\\\/11\\\/COMPARECENCIAS-300x201.jpg\",\"keywords\":[\"comparecencias\",\"Javier Duarte de Ochoa\"],\"articleSection\":[\"De Opini\u00f3n\"],\"inLanguage\":\"es\",\"potentialAction\":[{\"@type\":\"CommentAction\",\"name\":\"Comment\",\"target\":[\"https:\\\/\\\/lospoliticosveracruz.com\\\/?p=19521#respond\"]}]},{\"@type\":\"WebPage\",\"@id\":\"https:\\\/\\\/lospoliticosveracruz.com\\\/?p=19521\",\"url\":\"https:\\\/\\\/lospoliticosveracruz.com\\\/?p=19521\",\"name\":\"Comparecencias, reclamos y flores - Los pol\u00edticos Veracruz\",\"isPartOf\":{\"@id\":\"https:\\\/\\\/lospoliticosveracruz.com\\\/#website\"},\"primaryImageOfPage\":{\"@id\":\"https:\\\/\\\/lospoliticosveracruz.com\\\/?p=19521#primaryimage\"},\"image\":{\"@id\":\"https:\\\/\\\/lospoliticosveracruz.com\\\/?p=19521#primaryimage\"},\"thumbnailUrl\":\"http:\\\/\\\/www.lospoliticosveracruz.com.mx\\\/wp-content\\\/uploads\\\/2013\\\/11\\\/COMPARECENCIAS-300x201.jpg\",\"datePublished\":\"2015-12-01T16:11:20+00:00\",\"breadcrumb\":{\"@id\":\"https:\\\/\\\/lospoliticosveracruz.com\\\/?p=19521#breadcrumb\"},\"inLanguage\":\"es\",\"potentialAction\":[{\"@type\":\"ReadAction\",\"target\":[\"https:\\\/\\\/lospoliticosveracruz.com\\\/?p=19521\"]}]},{\"@type\":\"ImageObject\",\"inLanguage\":\"es\",\"@id\":\"https:\\\/\\\/lospoliticosveracruz.com\\\/?p=19521#primaryimage\",\"url\":\"http:\\\/\\\/www.lospoliticosveracruz.com.mx\\\/wp-content\\\/uploads\\\/2013\\\/11\\\/COMPARECENCIAS-300x201.jpg\",\"contentUrl\":\"http:\\\/\\\/www.lospoliticosveracruz.com.mx\\\/wp-content\\\/uploads\\\/2013\\\/11\\\/COMPARECENCIAS-300x201.jpg\"},{\"@type\":\"BreadcrumbList\",\"@id\":\"https:\\\/\\\/lospoliticosveracruz.com\\\/?p=19521#breadcrumb\",\"itemListElement\":[{\"@type\":\"ListItem\",\"position\":1,\"name\":\"Portada\",\"item\":\"https:\\\/\\\/lospoliticosveracruz.com\\\/\"},{\"@type\":\"ListItem\",\"position\":2,\"name\":\"Comparecencias, reclamos y flores\"}]},{\"@type\":\"WebSite\",\"@id\":\"https:\\\/\\\/lospoliticosveracruz.com\\\/#website\",\"url\":\"https:\\\/\\\/lospoliticosveracruz.com\\\/\",\"name\":\"Los pol\u00edticos Veracruz\",\"description\":\"\",\"publisher\":{\"@id\":\"https:\\\/\\\/lospoliticosveracruz.com\\\/#organization\"},\"potentialAction\":[{\"@type\":\"SearchAction\",\"target\":{\"@type\":\"EntryPoint\",\"urlTemplate\":\"https:\\\/\\\/lospoliticosveracruz.com\\\/?s={search_term_string}\"},\"query-input\":{\"@type\":\"PropertyValueSpecification\",\"valueRequired\":true,\"valueName\":\"search_term_string\"}}],\"inLanguage\":\"es\"},{\"@type\":\"Organization\",\"@id\":\"https:\\\/\\\/lospoliticosveracruz.com\\\/#organization\",\"name\":\"Los pol\u00edticos Veracruz\",\"url\":\"https:\\\/\\\/lospoliticosveracruz.com\\\/\",\"logo\":{\"@type\":\"ImageObject\",\"inLanguage\":\"es\",\"@id\":\"https:\\\/\\\/lospoliticosveracruz.com\\\/#\\\/schema\\\/logo\\\/image\\\/\",\"url\":\"https:\\\/\\\/lospoliticosveracruz.com\\\/wp-content\\\/uploads\\\/2025\\\/12\\\/Logo-Nuevo-LOS-POLITICOS-1.jpg\",\"contentUrl\":\"https:\\\/\\\/lospoliticosveracruz.com\\\/wp-content\\\/uploads\\\/2025\\\/12\\\/Logo-Nuevo-LOS-POLITICOS-1.jpg\",\"width\":260,\"height\":70,\"caption\":\"Los pol\u00edticos Veracruz\"},\"image\":{\"@id\":\"https:\\\/\\\/lospoliticosveracruz.com\\\/#\\\/schema\\\/logo\\\/image\\\/\"},\"sameAs\":[\"https:\\\/\\\/www.facebook.com\\\/people\\\/Notimemes-de-los-Polticos\\\/61565672886568\\\/\",\"https:\\\/\\\/x.com\\\/LosPoliticosVer\"]},{\"@type\":\"Person\",\"@id\":\"https:\\\/\\\/lospoliticosveracruz.com\\\/#\\\/schema\\\/person\\\/b8702bb0e538456e6efd07080bf2a4a2\",\"name\":\"Lo viste en Los Pol\u00edticos\",\"image\":{\"@type\":\"ImageObject\",\"inLanguage\":\"es\",\"@id\":\"https:\\\/\\\/secure.gravatar.com\\\/avatar\\\/3a8de04a2656d44082be478bd6c086daa447c4651605818287b9532d3d0bd435?s=96&d=mm&r=g\",\"url\":\"https:\\\/\\\/secure.gravatar.com\\\/avatar\\\/3a8de04a2656d44082be478bd6c086daa447c4651605818287b9532d3d0bd435?s=96&d=mm&r=g\",\"contentUrl\":\"https:\\\/\\\/secure.gravatar.com\\\/avatar\\\/3a8de04a2656d44082be478bd6c086daa447c4651605818287b9532d3d0bd435?s=96&d=mm&r=g\",\"caption\":\"Lo viste en Los Pol\u00edticos\"},\"url\":\"https:\\\/\\\/lospoliticosveracruz.com\\\/?author=2\"}]}<\/script>\n<!-- \/ Yoast SEO plugin. -->","yoast_head_json":{"title":"Comparecencias, reclamos y flores - Los pol\u00edticos Veracruz","robots":{"index":"index","follow":"follow","max-snippet":"max-snippet:-1","max-image-preview":"max-image-preview:large","max-video-preview":"max-video-preview:-1"},"canonical":"https:\/\/lospoliticosveracruz.com\/?p=19521","og_locale":"es_ES","og_type":"article","og_title":"Comparecencias, reclamos y flores - Los pol\u00edticos Veracruz","og_description":"Valeria Marcial En Pol\u00edtica&#8230; Personas y Personalidades Ya estamos en la tercer semana de las comparecencias con motivo del V informe del gobernador Javier Duarte de Ochoa y los secretarios de gabinete nos han quedado a deber, de la misma manera que los diputados, quienes como lo mencion\u00e9 en anterior entrega, previo tarjeteo reciben las [&hellip;]","og_url":"https:\/\/lospoliticosveracruz.com\/?p=19521","og_site_name":"Los pol\u00edticos Veracruz","article_publisher":"https:\/\/www.facebook.com\/people\/Notimemes-de-los-Polticos\/61565672886568\/","article_published_time":"2015-12-01T16:11:20+00:00","og_image":[{"url":"http:\/\/www.lospoliticosveracruz.com.mx\/wp-content\/uploads\/2013\/11\/COMPARECENCIAS-300x201.jpg","type":"","width":"","height":""}],"author":"Lo viste en Los Pol\u00edticos","twitter_card":"summary_large_image","twitter_creator":"@LosPoliticosVer","twitter_site":"@LosPoliticosVer","twitter_misc":{"Escrito por":"Lo viste en Los Pol\u00edticos","Tiempo de lectura":"3 minutos"},"schema":{"@context":"https:\/\/schema.org","@graph":[{"@type":"Article","@id":"https:\/\/lospoliticosveracruz.com\/?p=19521#article","isPartOf":{"@id":"https:\/\/lospoliticosveracruz.com\/?p=19521"},"author":{"name":"Lo viste en Los Pol\u00edticos","@id":"https:\/\/lospoliticosveracruz.com\/#\/schema\/person\/b8702bb0e538456e6efd07080bf2a4a2"},"headline":"Comparecencias, reclamos y flores","datePublished":"2015-12-01T16:11:20+00:00","mainEntityOfPage":{"@id":"https:\/\/lospoliticosveracruz.com\/?p=19521"},"wordCount":594,"commentCount":0,"publisher":{"@id":"https:\/\/lospoliticosveracruz.com\/#organization"},"image":{"@id":"https:\/\/lospoliticosveracruz.com\/?p=19521#primaryimage"},"thumbnailUrl":"http:\/\/www.lospoliticosveracruz.com.mx\/wp-content\/uploads\/2013\/11\/COMPARECENCIAS-300x201.jpg","keywords":["comparecencias","Javier Duarte de Ochoa"],"articleSection":["De Opini\u00f3n"],"inLanguage":"es","potentialAction":[{"@type":"CommentAction","name":"Comment","target":["https:\/\/lospoliticosveracruz.com\/?p=19521#respond"]}]},{"@type":"WebPage","@id":"https:\/\/lospoliticosveracruz.com\/?p=19521","url":"https:\/\/lospoliticosveracruz.com\/?p=19521","name":"Comparecencias, reclamos y flores - Los pol\u00edticos Veracruz","isPartOf":{"@id":"https:\/\/lospoliticosveracruz.com\/#website"},"primaryImageOfPage":{"@id":"https:\/\/lospoliticosveracruz.com\/?p=19521#primaryimage"},"image":{"@id":"https:\/\/lospoliticosveracruz.com\/?p=19521#primaryimage"},"thumbnailUrl":"http:\/\/www.lospoliticosveracruz.com.mx\/wp-content\/uploads\/2013\/11\/COMPARECENCIAS-300x201.jpg","datePublished":"2015-12-01T16:11:20+00:00","breadcrumb":{"@id":"https:\/\/lospoliticosveracruz.com\/?p=19521#breadcrumb"},"inLanguage":"es","potentialAction":[{"@type":"ReadAction","target":["https:\/\/lospoliticosveracruz.com\/?p=19521"]}]},{"@type":"ImageObject","inLanguage":"es","@id":"https:\/\/lospoliticosveracruz.com\/?p=19521#primaryimage","url":"http:\/\/www.lospoliticosveracruz.com.mx\/wp-content\/uploads\/2013\/11\/COMPARECENCIAS-300x201.jpg","contentUrl":"http:\/\/www.lospoliticosveracruz.com.mx\/wp-content\/uploads\/2013\/11\/COMPARECENCIAS-300x201.jpg"},{"@type":"BreadcrumbList","@id":"https:\/\/lospoliticosveracruz.com\/?p=19521#breadcrumb","itemListElement":[{"@type":"ListItem","position":1,"name":"Portada","item":"https:\/\/lospoliticosveracruz.com\/"},{"@type":"ListItem","position":2,"name":"Comparecencias, reclamos y flores"}]},{"@type":"WebSite","@id":"https:\/\/lospoliticosveracruz.com\/#website","url":"https:\/\/lospoliticosveracruz.com\/","name":"Los pol\u00edticos Veracruz","description":"","publisher":{"@id":"https:\/\/lospoliticosveracruz.com\/#organization"},"potentialAction":[{"@type":"SearchAction","target":{"@type":"EntryPoint","urlTemplate":"https:\/\/lospoliticosveracruz.com\/?s={search_term_string}"},"query-input":{"@type":"PropertyValueSpecification","valueRequired":true,"valueName":"search_term_string"}}],"inLanguage":"es"},{"@type":"Organization","@id":"https:\/\/lospoliticosveracruz.com\/#organization","name":"Los pol\u00edticos Veracruz","url":"https:\/\/lospoliticosveracruz.com\/","logo":{"@type":"ImageObject","inLanguage":"es","@id":"https:\/\/lospoliticosveracruz.com\/#\/schema\/logo\/image\/","url":"https:\/\/lospoliticosveracruz.com\/wp-content\/uploads\/2025\/12\/Logo-Nuevo-LOS-POLITICOS-1.jpg","contentUrl":"https:\/\/lospoliticosveracruz.com\/wp-content\/uploads\/2025\/12\/Logo-Nuevo-LOS-POLITICOS-1.jpg","width":260,"height":70,"caption":"Los pol\u00edticos Veracruz"},"image":{"@id":"https:\/\/lospoliticosveracruz.com\/#\/schema\/logo\/image\/"},"sameAs":["https:\/\/www.facebook.com\/people\/Notimemes-de-los-Polticos\/61565672886568\/","https:\/\/x.com\/LosPoliticosVer"]},{"@type":"Person","@id":"https:\/\/lospoliticosveracruz.com\/#\/schema\/person\/b8702bb0e538456e6efd07080bf2a4a2","name":"Lo viste en Los Pol\u00edticos","image":{"@type":"ImageObject","inLanguage":"es","@id":"https:\/\/secure.gravatar.com\/avatar\/3a8de04a2656d44082be478bd6c086daa447c4651605818287b9532d3d0bd435?s=96&d=mm&r=g","url":"https:\/\/secure.gravatar.com\/avatar\/3a8de04a2656d44082be478bd6c086daa447c4651605818287b9532d3d0bd435?s=96&d=mm&r=g","contentUrl":"https:\/\/secure.gravatar.com\/avatar\/3a8de04a2656d44082be478bd6c086daa447c4651605818287b9532d3d0bd435?s=96&d=mm&r=g","caption":"Lo viste en Los Pol\u00edticos"},"url":"https:\/\/lospoliticosveracruz.com\/?author=2"}]}},"_links":{"self":[{"href":"https:\/\/lospoliticosveracruz.com\/index.php?rest_route=\/wp\/v2\/posts\/19521","targetHints":{"allow":["GET"]}}],"collection":[{"href":"https:\/\/lospoliticosveracruz.com\/index.php?rest_route=\/wp\/v2\/posts"}],"about":[{"href":"https:\/\/lospoliticosveracruz.com\/index.php?rest_route=\/wp\/v2\/types\/post"}],"author":[{"embeddable":true,"href":"https:\/\/lospoliticosveracruz.com\/index.php?rest_route=\/wp\/v2\/users\/2"}],"replies":[{"embeddable":true,"href":"https:\/\/lospoliticosveracruz.com\/index.php?rest_route=%2Fwp%2Fv2%2Fcomments&post=19521"}],"version-history":[{"count":1,"href":"https:\/\/lospoliticosveracruz.com\/index.php?rest_route=\/wp\/v2\/posts\/19521\/revisions"}],"predecessor-version":[{"id":19522,"href":"https:\/\/lospoliticosveracruz.com\/index.php?rest_route=\/wp\/v2\/posts\/19521\/revisions\/19522"}],"wp:attachment":[{"href":"https:\/\/lospoliticosveracruz.com\/index.php?rest_route=%2Fwp%2Fv2%2Fmedia&parent=19521"}],"wp:term":[{"taxonomy":"category","embeddable":true,"href":"https:\/\/lospoliticosveracruz.com\/index.php?rest_route=%2Fwp%2Fv2%2Fcategories&post=19521"},{"taxonomy":"post_tag","embeddable":true,"href":"https:\/\/lospoliticosveracruz.com\/index.php?rest_route=%2Fwp%2Fv2%2Ftags&post=19521"}],"curies":[{"name":"wp","href":"https:\/\/api.w.org\/{rel}","templated":true}]}}