{"id":19572,"date":"2015-12-03T18:23:13","date_gmt":"2015-12-04T00:23:13","guid":{"rendered":"http:\/\/www.lospoliticosveracruz.com.mx\/?p=19572"},"modified":"2015-12-03T18:23:13","modified_gmt":"2015-12-04T00:23:13","slug":"americo-les-echa-una-mano-y-hasta-un-pie-protesico","status":"publish","type":"post","link":"https:\/\/lospoliticosveracruz.com\/?p=19572","title":{"rendered":"Am\u00e9rico les echa una mano&#8230; y hasta un pie \u00a1prot\u00e9sico!"},"content":{"rendered":"<blockquote><p><a href=\"http:\/\/www.lospoliticosveracruz.com.mx\/wp-content\/uploads\/2015\/12\/Pr\u00f3tesis.jpg\"><img loading=\"lazy\" decoding=\"async\" class=\"alignnone size-medium wp-image-19573\" src=\"http:\/\/www.lospoliticosveracruz.com.mx\/wp-content\/uploads\/2015\/12\/Pr\u00f3tesis-300x200.jpg\" alt=\"Pr\u00f3tesis\" width=\"300\" height=\"200\" \/><\/a><\/p>\n<p>Taller de Investigaci\u00f3n Prot\u00e9sica, primero en su tipo en el estado: Am\u00e9rico Z\u00fa\u00f1iga<\/p>\n<p>Permitir\u00e1 que personas con discapacidad tengan acceso a pr\u00f3tesis, \u00f3rtesis y terapias<\/p><\/blockquote>\n<p>Con la creaci\u00f3n del Taller de Investigaci\u00f3n Prot\u00e9sica, el primero de su tipo en todo Veracruz, seguimos avanzando para construir una sociedad m\u00e1s incluyente e inclusiva, asegur\u00f3 el alcalde Am\u00e9rico Z\u00fa\u00f1iga Mart\u00ednez al inaugurar, en el marco del D\u00eda Internacional de la Discapacidad, este espacio ubicado en el Parque El Haya.<\/p>\n<p>Durante el evento, en el que tambi\u00e9n se entregaron sillas de ruedas, el mun\u00edcipe explic\u00f3 que gracias a este nuevo recinto, que requiri\u00f3 de una inversi\u00f3n de unos 4 millones de pesos, las personas con alguna discapacidad podr\u00e1n acceder a \u00f3rtesis y pr\u00f3tesis a bajo precio, aprender\u00e1n como utilizarlas y a su vez podr\u00e1n fabricar estos apoyos para nuevos pacientes, \u201cdemostrando que son ejemplos de vida, gracias a su voluntad que mueve monta\u00f1as\u201d.<\/p>\n<p>\u201cXalapa es una ciudad que merece tener este tipo de alternativas, que permitan seguir construyendo el desarrollo que todos deseamos, porque no podemos hablar de una ciudad desarrollada cuando seguimos encontrando barreras que nos permitan ser plenamente inclusivos\u201d, apunt\u00f3.<\/p>\n<p>Record\u00f3 que esta idea surgi\u00f3 como el sue\u00f1o del que hoy es encargado del Taller, Efra\u00edn Andr\u00e9s Ferat Morales, quien a ra\u00edz de su accidente naci\u00f3 con una nueva visi\u00f3n del mundo, dedicando sus esfuerzos a ayudar a personas que al igual que \u00e9l han sufrido una amputaci\u00f3n.<\/p>\n<p>\u201cAhora, este taller busca llevar a cabo investigaciones, recabar ideas y talentos, crear conciencia entre la sociedad y dar respuesta a las necesidades de la gente, que de esta manera podr\u00e1n ayudarse a s\u00ed mismos y a los dem\u00e1s\u201d.<\/p>\n<p>Al se\u00f1alar que todos construimos Xalapa, Z\u00fa\u00f1iga Mart\u00ednez agradeci\u00f3 la donaci\u00f3n de la empresa Pronuver, dirigida por Daniel Ferr\u00e1ez, que don\u00f3 un mill\u00f3n de pesos para comprar el equipamiento del Taller, los cuales fueron parte de las utilidades del concierto de Luis Miguel.<\/p>\n<p>Finalmente, anunci\u00f3 que para seguir refrendando el compromiso del Ayuntamiento con las personas con discapacidad, se impulsar\u00e1 la modificaci\u00f3n del Reglamento de Desarrollo Urbano, para que las construcciones que se realicen en la ciudad sean inclusivas.<\/p>\n<p>Por su parte, el regidor Daniel Fern\u00e1ndez Carri\u00f3n se\u00f1al\u00f3 que este taller servir\u00e1 para cambiar vidas, ya que permitir\u00e1 que las personas con discapacidad puedan acceder a pr\u00f3tesis y terapias que, a su vez, les permitir\u00e1n tener m\u00e1s experiencias para enfrentarse al mercado laboral.<\/p>\n<p>El Taller de \u00d3rtesis y Pr\u00f3tesis consta de diferentes \u00e1reas: Recepci\u00f3n, Toma de medidas, Talabarter\u00eda y zapater\u00eda, \u00d3rtesis y Pr\u00f3tesis, Consultorio, \u00c1rea Homo industrial y las zonas Preprot\u00e9sica y Postprot\u00e9sica.<\/p>\n","protected":false},"excerpt":{"rendered":"<p>Taller de Investigaci\u00f3n Prot\u00e9sica, primero en su tipo en el estado: Am\u00e9rico Z\u00fa\u00f1iga Permitir\u00e1 que personas con discapacidad tengan acceso a pr\u00f3tesis, \u00f3rtesis y terapias Con la creaci\u00f3n del Taller de Investigaci\u00f3n Prot\u00e9sica, el primero de su tipo en todo Veracruz, seguimos avanzando para construir una sociedad m\u00e1s incluyente e inclusiva, asegur\u00f3 el alcalde Am\u00e9rico [&hellip;]<\/p>\n","protected":false},"author":2,"featured_media":0,"comment_status":"open","ping_status":"open","sticky":false,"template":"","format":"standard","meta":{"tdm_status":"","tdm_grid_status":"","footnotes":""},"categories":[73],"tags":[539,4259,1731,4258,4257],"class_list":{"0":"post-19572","1":"post","2":"type-post","3":"status-publish","4":"format-standard","6":"category-de-boleto","7":"tag-americo-zuniga-martinez","8":"tag-daniel-ferraez","9":"tag-luis-miguel","10":"tag-pronuver","11":"tag-taller-de-investigacion-protesica"},"yoast_head":"<!-- This site is optimized with the Yoast SEO plugin v27.4 - https:\/\/yoast.com\/product\/yoast-seo-wordpress\/ -->\n<title>Am\u00e9rico les echa una mano... y hasta un pie \u00a1prot\u00e9sico! - Los pol\u00edticos Veracruz<\/title>\n<meta name=\"robots\" content=\"index, follow, max-snippet:-1, max-image-preview:large, max-video-preview:-1\" \/>\n<link rel=\"canonical\" href=\"https:\/\/lospoliticosveracruz.com\/?p=19572\" \/>\n<meta property=\"og:locale\" content=\"es_ES\" \/>\n<meta property=\"og:type\" content=\"article\" \/>\n<meta property=\"og:title\" content=\"Am\u00e9rico les echa una mano... y hasta un pie \u00a1prot\u00e9sico! - Los pol\u00edticos Veracruz\" \/>\n<meta property=\"og:description\" content=\"Taller de Investigaci\u00f3n Prot\u00e9sica, primero en su tipo en el estado: Am\u00e9rico Z\u00fa\u00f1iga Permitir\u00e1 que personas con discapacidad tengan acceso a pr\u00f3tesis, \u00f3rtesis y terapias Con la creaci\u00f3n del Taller de Investigaci\u00f3n Prot\u00e9sica, el primero de su tipo en todo Veracruz, seguimos avanzando para construir una sociedad m\u00e1s incluyente e inclusiva, asegur\u00f3 el alcalde Am\u00e9rico [&hellip;]\" \/>\n<meta property=\"og:url\" content=\"https:\/\/lospoliticosveracruz.com\/?p=19572\" \/>\n<meta property=\"og:site_name\" content=\"Los pol\u00edticos Veracruz\" \/>\n<meta property=\"article:publisher\" content=\"https:\/\/www.facebook.com\/people\/Notimemes-de-los-Polticos\/61565672886568\/\" \/>\n<meta property=\"article:published_time\" content=\"2015-12-04T00:23:13+00:00\" \/>\n<meta property=\"og:image\" content=\"https:\/\/lospoliticosveracruz.com\/wp-content\/uploads\/2016\/07\/Logo-Dor.jpg\" \/>\n\t<meta property=\"og:image:width\" content=\"200\" \/>\n\t<meta property=\"og:image:height\" content=\"200\" \/>\n\t<meta property=\"og:image:type\" content=\"image\/jpeg\" \/>\n<meta name=\"author\" content=\"Lo viste en Los Pol\u00edticos\" \/>\n<meta name=\"twitter:card\" content=\"summary_large_image\" \/>\n<meta name=\"twitter:creator\" content=\"@LosPoliticosVer\" \/>\n<meta name=\"twitter:site\" content=\"@LosPoliticosVer\" \/>\n<meta name=\"twitter:label1\" content=\"Escrito por\" \/>\n\t<meta name=\"twitter:data1\" content=\"Lo viste en Los Pol\u00edticos\" \/>\n\t<meta name=\"twitter:label2\" content=\"Tiempo de lectura\" \/>\n\t<meta name=\"twitter:data2\" content=\"2 minutos\" \/>\n<script type=\"application\/ld+json\" class=\"yoast-schema-graph\">{\"@context\":\"https:\\\/\\\/schema.org\",\"@graph\":[{\"@type\":\"Article\",\"@id\":\"https:\\\/\\\/lospoliticosveracruz.com\\\/?p=19572#article\",\"isPartOf\":{\"@id\":\"https:\\\/\\\/lospoliticosveracruz.com\\\/?p=19572\"},\"author\":{\"name\":\"Lo viste en Los Pol\u00edticos\",\"@id\":\"https:\\\/\\\/lospoliticosveracruz.com\\\/#\\\/schema\\\/person\\\/b8702bb0e538456e6efd07080bf2a4a2\"},\"headline\":\"Am\u00e9rico les echa una mano&#8230; y hasta un pie \u00a1prot\u00e9sico!\",\"datePublished\":\"2015-12-04T00:23:13+00:00\",\"mainEntityOfPage\":{\"@id\":\"https:\\\/\\\/lospoliticosveracruz.com\\\/?p=19572\"},\"wordCount\":488,\"commentCount\":0,\"publisher\":{\"@id\":\"https:\\\/\\\/lospoliticosveracruz.com\\\/#organization\"},\"keywords\":[\"Am\u00e9rico Z\u00fa\u00f1iga Mart\u00ednez\",\"Daniel Ferr\u00e1ez\",\"Luis Miguel\",\"Pronuver\",\"Taller de Investigaci\u00f3n Prot\u00e9sica\"],\"articleSection\":[\"De Boleto\"],\"inLanguage\":\"es\",\"potentialAction\":[{\"@type\":\"CommentAction\",\"name\":\"Comment\",\"target\":[\"https:\\\/\\\/lospoliticosveracruz.com\\\/?p=19572#respond\"]}]},{\"@type\":\"WebPage\",\"@id\":\"https:\\\/\\\/lospoliticosveracruz.com\\\/?p=19572\",\"url\":\"https:\\\/\\\/lospoliticosveracruz.com\\\/?p=19572\",\"name\":\"Am\u00e9rico les echa una mano... y hasta un pie \u00a1prot\u00e9sico! - Los pol\u00edticos Veracruz\",\"isPartOf\":{\"@id\":\"https:\\\/\\\/lospoliticosveracruz.com\\\/#website\"},\"datePublished\":\"2015-12-04T00:23:13+00:00\",\"breadcrumb\":{\"@id\":\"https:\\\/\\\/lospoliticosveracruz.com\\\/?p=19572#breadcrumb\"},\"inLanguage\":\"es\",\"potentialAction\":[{\"@type\":\"ReadAction\",\"target\":[\"https:\\\/\\\/lospoliticosveracruz.com\\\/?p=19572\"]}]},{\"@type\":\"BreadcrumbList\",\"@id\":\"https:\\\/\\\/lospoliticosveracruz.com\\\/?p=19572#breadcrumb\",\"itemListElement\":[{\"@type\":\"ListItem\",\"position\":1,\"name\":\"Portada\",\"item\":\"https:\\\/\\\/lospoliticosveracruz.com\\\/\"},{\"@type\":\"ListItem\",\"position\":2,\"name\":\"Am\u00e9rico les echa una mano&#8230; y hasta un pie \u00a1prot\u00e9sico!\"}]},{\"@type\":\"WebSite\",\"@id\":\"https:\\\/\\\/lospoliticosveracruz.com\\\/#website\",\"url\":\"https:\\\/\\\/lospoliticosveracruz.com\\\/\",\"name\":\"Los pol\u00edticos Veracruz\",\"description\":\"\",\"publisher\":{\"@id\":\"https:\\\/\\\/lospoliticosveracruz.com\\\/#organization\"},\"potentialAction\":[{\"@type\":\"SearchAction\",\"target\":{\"@type\":\"EntryPoint\",\"urlTemplate\":\"https:\\\/\\\/lospoliticosveracruz.com\\\/?s={search_term_string}\"},\"query-input\":{\"@type\":\"PropertyValueSpecification\",\"valueRequired\":true,\"valueName\":\"search_term_string\"}}],\"inLanguage\":\"es\"},{\"@type\":\"Organization\",\"@id\":\"https:\\\/\\\/lospoliticosveracruz.com\\\/#organization\",\"name\":\"Los pol\u00edticos Veracruz\",\"url\":\"https:\\\/\\\/lospoliticosveracruz.com\\\/\",\"logo\":{\"@type\":\"ImageObject\",\"inLanguage\":\"es\",\"@id\":\"https:\\\/\\\/lospoliticosveracruz.com\\\/#\\\/schema\\\/logo\\\/image\\\/\",\"url\":\"https:\\\/\\\/lospoliticosveracruz.com\\\/wp-content\\\/uploads\\\/2025\\\/12\\\/Logo-Nuevo-LOS-POLITICOS-1.jpg\",\"contentUrl\":\"https:\\\/\\\/lospoliticosveracruz.com\\\/wp-content\\\/uploads\\\/2025\\\/12\\\/Logo-Nuevo-LOS-POLITICOS-1.jpg\",\"width\":260,\"height\":70,\"caption\":\"Los pol\u00edticos Veracruz\"},\"image\":{\"@id\":\"https:\\\/\\\/lospoliticosveracruz.com\\\/#\\\/schema\\\/logo\\\/image\\\/\"},\"sameAs\":[\"https:\\\/\\\/www.facebook.com\\\/people\\\/Notimemes-de-los-Polticos\\\/61565672886568\\\/\",\"https:\\\/\\\/x.com\\\/LosPoliticosVer\"]},{\"@type\":\"Person\",\"@id\":\"https:\\\/\\\/lospoliticosveracruz.com\\\/#\\\/schema\\\/person\\\/b8702bb0e538456e6efd07080bf2a4a2\",\"name\":\"Lo viste en Los Pol\u00edticos\",\"image\":{\"@type\":\"ImageObject\",\"inLanguage\":\"es\",\"@id\":\"https:\\\/\\\/secure.gravatar.com\\\/avatar\\\/3a8de04a2656d44082be478bd6c086daa447c4651605818287b9532d3d0bd435?s=96&d=mm&r=g\",\"url\":\"https:\\\/\\\/secure.gravatar.com\\\/avatar\\\/3a8de04a2656d44082be478bd6c086daa447c4651605818287b9532d3d0bd435?s=96&d=mm&r=g\",\"contentUrl\":\"https:\\\/\\\/secure.gravatar.com\\\/avatar\\\/3a8de04a2656d44082be478bd6c086daa447c4651605818287b9532d3d0bd435?s=96&d=mm&r=g\",\"caption\":\"Lo viste en Los Pol\u00edticos\"},\"url\":\"https:\\\/\\\/lospoliticosveracruz.com\\\/?author=2\"}]}<\/script>\n<!-- \/ Yoast SEO plugin. -->","yoast_head_json":{"title":"Am\u00e9rico les echa una mano... y hasta un pie \u00a1prot\u00e9sico! - Los pol\u00edticos Veracruz","robots":{"index":"index","follow":"follow","max-snippet":"max-snippet:-1","max-image-preview":"max-image-preview:large","max-video-preview":"max-video-preview:-1"},"canonical":"https:\/\/lospoliticosveracruz.com\/?p=19572","og_locale":"es_ES","og_type":"article","og_title":"Am\u00e9rico les echa una mano... y hasta un pie \u00a1prot\u00e9sico! - Los pol\u00edticos Veracruz","og_description":"Taller de Investigaci\u00f3n Prot\u00e9sica, primero en su tipo en el estado: Am\u00e9rico Z\u00fa\u00f1iga Permitir\u00e1 que personas con discapacidad tengan acceso a pr\u00f3tesis, \u00f3rtesis y terapias Con la creaci\u00f3n del Taller de Investigaci\u00f3n Prot\u00e9sica, el primero de su tipo en todo Veracruz, seguimos avanzando para construir una sociedad m\u00e1s incluyente e inclusiva, asegur\u00f3 el alcalde Am\u00e9rico [&hellip;]","og_url":"https:\/\/lospoliticosveracruz.com\/?p=19572","og_site_name":"Los pol\u00edticos Veracruz","article_publisher":"https:\/\/www.facebook.com\/people\/Notimemes-de-los-Polticos\/61565672886568\/","article_published_time":"2015-12-04T00:23:13+00:00","og_image":[{"width":200,"height":200,"url":"https:\/\/lospoliticosveracruz.com\/wp-content\/uploads\/2016\/07\/Logo-Dor.jpg","type":"image\/jpeg"}],"author":"Lo viste en Los Pol\u00edticos","twitter_card":"summary_large_image","twitter_creator":"@LosPoliticosVer","twitter_site":"@LosPoliticosVer","twitter_misc":{"Escrito por":"Lo viste en Los Pol\u00edticos","Tiempo de lectura":"2 minutos"},"schema":{"@context":"https:\/\/schema.org","@graph":[{"@type":"Article","@id":"https:\/\/lospoliticosveracruz.com\/?p=19572#article","isPartOf":{"@id":"https:\/\/lospoliticosveracruz.com\/?p=19572"},"author":{"name":"Lo viste en Los Pol\u00edticos","@id":"https:\/\/lospoliticosveracruz.com\/#\/schema\/person\/b8702bb0e538456e6efd07080bf2a4a2"},"headline":"Am\u00e9rico les echa una mano&#8230; y hasta un pie \u00a1prot\u00e9sico!","datePublished":"2015-12-04T00:23:13+00:00","mainEntityOfPage":{"@id":"https:\/\/lospoliticosveracruz.com\/?p=19572"},"wordCount":488,"commentCount":0,"publisher":{"@id":"https:\/\/lospoliticosveracruz.com\/#organization"},"keywords":["Am\u00e9rico Z\u00fa\u00f1iga Mart\u00ednez","Daniel Ferr\u00e1ez","Luis Miguel","Pronuver","Taller de Investigaci\u00f3n Prot\u00e9sica"],"articleSection":["De Boleto"],"inLanguage":"es","potentialAction":[{"@type":"CommentAction","name":"Comment","target":["https:\/\/lospoliticosveracruz.com\/?p=19572#respond"]}]},{"@type":"WebPage","@id":"https:\/\/lospoliticosveracruz.com\/?p=19572","url":"https:\/\/lospoliticosveracruz.com\/?p=19572","name":"Am\u00e9rico les echa una mano... y hasta un pie \u00a1prot\u00e9sico! - Los pol\u00edticos Veracruz","isPartOf":{"@id":"https:\/\/lospoliticosveracruz.com\/#website"},"datePublished":"2015-12-04T00:23:13+00:00","breadcrumb":{"@id":"https:\/\/lospoliticosveracruz.com\/?p=19572#breadcrumb"},"inLanguage":"es","potentialAction":[{"@type":"ReadAction","target":["https:\/\/lospoliticosveracruz.com\/?p=19572"]}]},{"@type":"BreadcrumbList","@id":"https:\/\/lospoliticosveracruz.com\/?p=19572#breadcrumb","itemListElement":[{"@type":"ListItem","position":1,"name":"Portada","item":"https:\/\/lospoliticosveracruz.com\/"},{"@type":"ListItem","position":2,"name":"Am\u00e9rico les echa una mano&#8230; y hasta un pie \u00a1prot\u00e9sico!"}]},{"@type":"WebSite","@id":"https:\/\/lospoliticosveracruz.com\/#website","url":"https:\/\/lospoliticosveracruz.com\/","name":"Los pol\u00edticos Veracruz","description":"","publisher":{"@id":"https:\/\/lospoliticosveracruz.com\/#organization"},"potentialAction":[{"@type":"SearchAction","target":{"@type":"EntryPoint","urlTemplate":"https:\/\/lospoliticosveracruz.com\/?s={search_term_string}"},"query-input":{"@type":"PropertyValueSpecification","valueRequired":true,"valueName":"search_term_string"}}],"inLanguage":"es"},{"@type":"Organization","@id":"https:\/\/lospoliticosveracruz.com\/#organization","name":"Los pol\u00edticos Veracruz","url":"https:\/\/lospoliticosveracruz.com\/","logo":{"@type":"ImageObject","inLanguage":"es","@id":"https:\/\/lospoliticosveracruz.com\/#\/schema\/logo\/image\/","url":"https:\/\/lospoliticosveracruz.com\/wp-content\/uploads\/2025\/12\/Logo-Nuevo-LOS-POLITICOS-1.jpg","contentUrl":"https:\/\/lospoliticosveracruz.com\/wp-content\/uploads\/2025\/12\/Logo-Nuevo-LOS-POLITICOS-1.jpg","width":260,"height":70,"caption":"Los pol\u00edticos Veracruz"},"image":{"@id":"https:\/\/lospoliticosveracruz.com\/#\/schema\/logo\/image\/"},"sameAs":["https:\/\/www.facebook.com\/people\/Notimemes-de-los-Polticos\/61565672886568\/","https:\/\/x.com\/LosPoliticosVer"]},{"@type":"Person","@id":"https:\/\/lospoliticosveracruz.com\/#\/schema\/person\/b8702bb0e538456e6efd07080bf2a4a2","name":"Lo viste en Los Pol\u00edticos","image":{"@type":"ImageObject","inLanguage":"es","@id":"https:\/\/secure.gravatar.com\/avatar\/3a8de04a2656d44082be478bd6c086daa447c4651605818287b9532d3d0bd435?s=96&d=mm&r=g","url":"https:\/\/secure.gravatar.com\/avatar\/3a8de04a2656d44082be478bd6c086daa447c4651605818287b9532d3d0bd435?s=96&d=mm&r=g","contentUrl":"https:\/\/secure.gravatar.com\/avatar\/3a8de04a2656d44082be478bd6c086daa447c4651605818287b9532d3d0bd435?s=96&d=mm&r=g","caption":"Lo viste en Los Pol\u00edticos"},"url":"https:\/\/lospoliticosveracruz.com\/?author=2"}]}},"_links":{"self":[{"href":"https:\/\/lospoliticosveracruz.com\/index.php?rest_route=\/wp\/v2\/posts\/19572","targetHints":{"allow":["GET"]}}],"collection":[{"href":"https:\/\/lospoliticosveracruz.com\/index.php?rest_route=\/wp\/v2\/posts"}],"about":[{"href":"https:\/\/lospoliticosveracruz.com\/index.php?rest_route=\/wp\/v2\/types\/post"}],"author":[{"embeddable":true,"href":"https:\/\/lospoliticosveracruz.com\/index.php?rest_route=\/wp\/v2\/users\/2"}],"replies":[{"embeddable":true,"href":"https:\/\/lospoliticosveracruz.com\/index.php?rest_route=%2Fwp%2Fv2%2Fcomments&post=19572"}],"version-history":[{"count":1,"href":"https:\/\/lospoliticosveracruz.com\/index.php?rest_route=\/wp\/v2\/posts\/19572\/revisions"}],"predecessor-version":[{"id":19574,"href":"https:\/\/lospoliticosveracruz.com\/index.php?rest_route=\/wp\/v2\/posts\/19572\/revisions\/19574"}],"wp:attachment":[{"href":"https:\/\/lospoliticosveracruz.com\/index.php?rest_route=%2Fwp%2Fv2%2Fmedia&parent=19572"}],"wp:term":[{"taxonomy":"category","embeddable":true,"href":"https:\/\/lospoliticosveracruz.com\/index.php?rest_route=%2Fwp%2Fv2%2Fcategories&post=19572"},{"taxonomy":"post_tag","embeddable":true,"href":"https:\/\/lospoliticosveracruz.com\/index.php?rest_route=%2Fwp%2Fv2%2Ftags&post=19572"}],"curies":[{"name":"wp","href":"https:\/\/api.w.org\/{rel}","templated":true}]}}