{"id":19579,"date":"2015-12-03T20:32:26","date_gmt":"2015-12-04T02:32:26","guid":{"rendered":"http:\/\/www.lospoliticosveracruz.com.mx\/?p=19579"},"modified":"2015-12-03T20:32:26","modified_gmt":"2015-12-04T02:32:26","slug":"ipe-cuando-el-destino-nos-alcanzo","status":"publish","type":"post","link":"https:\/\/lospoliticosveracruz.com\/?p=19579","title":{"rendered":"IPE, cuando el destino nos alcanz\u00f3"},"content":{"rendered":"<p><a href=\"http:\/\/www.lospoliticosveracruz.com.mx\/wp-content\/uploads\/2015\/12\/Masestros-pensionados.jpg\"><img loading=\"lazy\" decoding=\"async\" class=\"alignnone size-medium wp-image-19581\" src=\"http:\/\/www.lospoliticosveracruz.com.mx\/wp-content\/uploads\/2015\/12\/Masestros-pensionados-300x144.jpg\" alt=\"Masestros pensionados\" width=\"300\" height=\"144\" \/><\/a><\/p>\n<p><strong>Armando Ortiz<\/strong><\/p>\n<p><em>El Hijo Pr\u00f3digo<\/em><\/p>\n<p>Aquellos trabajadores en edad jubilatoria que buscaron se les pensionara hasta con dos plazas, o que en complicidad con las autoridades del Instituto de Pensiones del Estado consiguieron pensiones muy altas, nunca pensaron que el destino los iba a alcanzar. Les pareci\u00f3 que su caso era \u00fanico y que despu\u00e9s de m\u00e1s de 30 o 40 a\u00f1os de trabajo merec\u00edan esas pensiones de 60 mil, 70 mil, 80 mil o m\u00e1s. Pero ahora se dan cuenta que fue su ego\u00edsmo y la corrupci\u00f3n que cunde en el IPE lo que tiene peligrando mes con mes el pago de su pensi\u00f3n jubilatoria.<br \/>\nEs grave, pero no tanto como el caso de los jubilados que s\u00f3lo obtuvieron pensiones m\u00ednimas, y que literalmente van al d\u00eda. Muchos de ellos requieren el pago de esa pensi\u00f3n para sobrevivir, para comprar la medicina que requieren. De modo que si un mes les falta esa pensi\u00f3n se ven en verdaderos problemas.<br \/>\nEl problema de los jubilados no se resuelve primero, porque no hay dinero, porque el Instituto de Pensiones del Estado dej\u00f3 que el gobierno del Veracruz metiera las manos a sus arcas, en su administraci\u00f3n. Se acuerda usted de que en el sexenio de Fidel Herrera, \u00e9ste permiti\u00f3 que muchos magistrados se jubilaran cobrando pensiones de hasta 100 mil pesos. Nada queda de aquel IPE que ten\u00eda varios hoteles y salas de cine que generaban ingresos para los pensionados. Todo vendieron y el dinero pas\u00f3 a manos ajenas, a funcionarios corruptos y a los gobernadores en turno<br \/>\nEn segundo lugar el problema de pensionados no se resuelve porque a la cabeza del IPE est\u00e1 un descerebrado como Armando Adriano Fabre, que en lugar de arreglar los problemas de su Instituto anda ladrando en casas ajenas, diciendo mentiras y tratando de quedar bien con su amo. Es por ello que se prest\u00f3 para irse en contra de la Universidad Veracruzana para reprocharle pagos que el mismo gobierno deber\u00eda estar haciendo<br \/>\nPues por la falta de soluci\u00f3n, el d\u00eda jueves el Copipev reuni\u00f3 en la Plaza Lerdo a cientos de pensionados para exigir el pago de sus pensiones. Ellos argumentan que es un pago merecido, pues muchos estuvieron laborando y aportando sus cuotas al IPE por m\u00e1s de 30 o 40 a\u00f1os; eso suena justo. El secretario general de la Coalici\u00f3n de Pensionistas Independientes del Estado de Veracruz (Copipev) Asociaci\u00f3n Civil, Ger\u00f3nimo Reyes Hern\u00e1ndez, dijo al respecto: \u00abYa cotizamos. Ya pagamos por muchos a\u00f1os lo que nos correspond\u00eda y es mentira que haya un subsidio de Gobierno, si por a\u00f1os se gener\u00f3 mucho dinero para el pago de pensiones\u00bb. Ante la poca respuesta a sus peticiones, Ger\u00f3nimo Reyes anticipa: \u00abEs triste ver a una autoridad insensible que no pretende cambiar con este tema del dinero. De aqu\u00ed al final de la gesti\u00f3n de Javier Duarte vamos a ver que se intensificar\u00e1n los problemas\u00bb.<br \/>\nEllos pensaron que el destino no los iba a alcanzar, pero los alcanz\u00f3. El problema de los pensionados del IPE no tiene soluci\u00f3n, al menos no en este sexenio, de modo que mes con mes los pensionados seguir\u00e1n exigiendo el pago puntual de sus pensiones; y lo exigen porque lo necesitan.<br \/>\nPero si un d\u00eda deciden solucionar el problema se tendr\u00e1n que sentar todos los actores que participan y juntos buscar una soluci\u00f3n. Los que reciben pensiones exorbitantes tendr\u00e1n que pensar en los dem\u00e1s y ceder parte de la onerosa pensi\u00f3n que reciben; el gobierno tendr\u00e1 que buscar la manera de poner candados para que no llegue cualquier Fidel Herrera que haga del IPE su caja chica; al IPE tendr\u00e1 que llegar un verdadero administrador y no s\u00f3lo un perro guardi\u00e1n que s\u00f3lo mueve la cola cuando su amo se lo pide.<\/p>\n<p>Postdata 1: \u00bfQu\u00e9 discurso pega m\u00e1s: Todos contra Miyuli o Miyuli contra los saqueadores del sexenio?<br \/>\nM\u00e1s que una obsesi\u00f3n, es el miedo lo que mueve a los funcionarios del gobierno de Javier Duarte, particularmente al dirigente del PRI estatal, Alberto Silva Ramos, a irse con todo en contra de Miguel \u00c1ngel Yunes Linares. Ya andan circulando correos electr\u00f3nicos y videos en donde se habla de las perversidades del de Soledad de Doblado a quienes algunos llaman \u201cel perro\u201d y otros \u201cel demonio azul\u201d; por cierto, los que tengan algo contra Miyuli se entiende que lo llamen as\u00ed, pero los comunicadores que se refieren a \u00e9l en t\u00e9rminos peyorativos, s\u00f3lo para quedar bien con pap\u00e1 gobierno, pues que lamentable. Por su parte, Miguel \u00c1ngel Yunes Linares no le baja a su discurso y sigue pidiendo c\u00e1rcel para los que saquearon Veracruz; c\u00e1rcel para los que ocasionaron la desgracia financiera que vivimos. Los ciudadanos escuchan los dos discursos, salen a la calle, al centro de la ciudad y la realidad da constancia s\u00f3lo de uno.<\/p>\n<p>aortiz52@hotmail.com<\/p>\n","protected":false},"excerpt":{"rendered":"<p>Armando Ortiz El Hijo Pr\u00f3digo Aquellos trabajadores en edad jubilatoria que buscaron se les pensionara hasta con dos plazas, o que en complicidad con las autoridades del Instituto de Pensiones del Estado consiguieron pensiones muy altas, nunca pensaron que el destino los iba a alcanzar. Les pareci\u00f3 que su caso era \u00fanico y que despu\u00e9s [&hellip;]<\/p>\n","protected":false},"author":2,"featured_media":0,"comment_status":"open","ping_status":"open","sticky":false,"template":"","format":"standard","meta":{"tdm_status":"","tdm_grid_status":"","footnotes":""},"categories":[70],"tags":[410,1276,195],"class_list":{"0":"post-19579","1":"post","2":"type-post","3":"status-publish","4":"format-standard","6":"category-de-opinion","7":"tag-fidel-herrera-beltran","8":"tag-pensiones","9":"tag-veracruz"},"yoast_head":"<!-- This site is optimized with the Yoast SEO plugin v27.4 - https:\/\/yoast.com\/product\/yoast-seo-wordpress\/ -->\n<title>IPE, cuando el destino nos alcanz\u00f3 - Los pol\u00edticos Veracruz<\/title>\n<meta name=\"robots\" content=\"index, follow, max-snippet:-1, max-image-preview:large, max-video-preview:-1\" \/>\n<link rel=\"canonical\" href=\"https:\/\/lospoliticosveracruz.com\/?p=19579\" \/>\n<meta property=\"og:locale\" content=\"es_ES\" \/>\n<meta property=\"og:type\" content=\"article\" \/>\n<meta property=\"og:title\" content=\"IPE, cuando el destino nos alcanz\u00f3 - Los pol\u00edticos Veracruz\" \/>\n<meta property=\"og:description\" content=\"Armando Ortiz El Hijo Pr\u00f3digo Aquellos trabajadores en edad jubilatoria que buscaron se les pensionara hasta con dos plazas, o que en complicidad con las autoridades del Instituto de Pensiones del Estado consiguieron pensiones muy altas, nunca pensaron que el destino los iba a alcanzar. Les pareci\u00f3 que su caso era \u00fanico y que despu\u00e9s [&hellip;]\" \/>\n<meta property=\"og:url\" content=\"https:\/\/lospoliticosveracruz.com\/?p=19579\" \/>\n<meta property=\"og:site_name\" content=\"Los pol\u00edticos Veracruz\" \/>\n<meta property=\"article:publisher\" content=\"https:\/\/www.facebook.com\/people\/Notimemes-de-los-Polticos\/61565672886568\/\" \/>\n<meta property=\"article:published_time\" content=\"2015-12-04T02:32:26+00:00\" \/>\n<meta property=\"og:image\" content=\"http:\/\/www.lospoliticosveracruz.com.mx\/wp-content\/uploads\/2015\/12\/Masestros-pensionados-300x144.jpg\" \/>\n<meta name=\"author\" content=\"Lo viste en Los Pol\u00edticos\" \/>\n<meta name=\"twitter:card\" content=\"summary_large_image\" \/>\n<meta name=\"twitter:creator\" content=\"@LosPoliticosVer\" \/>\n<meta name=\"twitter:site\" content=\"@LosPoliticosVer\" \/>\n<meta name=\"twitter:label1\" content=\"Escrito por\" \/>\n\t<meta name=\"twitter:data1\" content=\"Lo viste en Los Pol\u00edticos\" \/>\n\t<meta name=\"twitter:label2\" content=\"Tiempo de lectura\" \/>\n\t<meta name=\"twitter:data2\" content=\"4 minutos\" \/>\n<script type=\"application\/ld+json\" class=\"yoast-schema-graph\">{\"@context\":\"https:\\\/\\\/schema.org\",\"@graph\":[{\"@type\":\"Article\",\"@id\":\"https:\\\/\\\/lospoliticosveracruz.com\\\/?p=19579#article\",\"isPartOf\":{\"@id\":\"https:\\\/\\\/lospoliticosveracruz.com\\\/?p=19579\"},\"author\":{\"name\":\"Lo viste en Los Pol\u00edticos\",\"@id\":\"https:\\\/\\\/lospoliticosveracruz.com\\\/#\\\/schema\\\/person\\\/b8702bb0e538456e6efd07080bf2a4a2\"},\"headline\":\"IPE, cuando el destino nos alcanz\u00f3\",\"datePublished\":\"2015-12-04T02:32:26+00:00\",\"mainEntityOfPage\":{\"@id\":\"https:\\\/\\\/lospoliticosveracruz.com\\\/?p=19579\"},\"wordCount\":848,\"commentCount\":0,\"publisher\":{\"@id\":\"https:\\\/\\\/lospoliticosveracruz.com\\\/#organization\"},\"image\":{\"@id\":\"https:\\\/\\\/lospoliticosveracruz.com\\\/?p=19579#primaryimage\"},\"thumbnailUrl\":\"http:\\\/\\\/www.lospoliticosveracruz.com.mx\\\/wp-content\\\/uploads\\\/2015\\\/12\\\/Masestros-pensionados-300x144.jpg\",\"keywords\":[\"Fidel Herrera Beltr\u00e1n\",\"Pensiones\",\"Veracruz\"],\"articleSection\":[\"De Opini\u00f3n\"],\"inLanguage\":\"es\",\"potentialAction\":[{\"@type\":\"CommentAction\",\"name\":\"Comment\",\"target\":[\"https:\\\/\\\/lospoliticosveracruz.com\\\/?p=19579#respond\"]}]},{\"@type\":\"WebPage\",\"@id\":\"https:\\\/\\\/lospoliticosveracruz.com\\\/?p=19579\",\"url\":\"https:\\\/\\\/lospoliticosveracruz.com\\\/?p=19579\",\"name\":\"IPE, cuando el destino nos alcanz\u00f3 - Los pol\u00edticos Veracruz\",\"isPartOf\":{\"@id\":\"https:\\\/\\\/lospoliticosveracruz.com\\\/#website\"},\"primaryImageOfPage\":{\"@id\":\"https:\\\/\\\/lospoliticosveracruz.com\\\/?p=19579#primaryimage\"},\"image\":{\"@id\":\"https:\\\/\\\/lospoliticosveracruz.com\\\/?p=19579#primaryimage\"},\"thumbnailUrl\":\"http:\\\/\\\/www.lospoliticosveracruz.com.mx\\\/wp-content\\\/uploads\\\/2015\\\/12\\\/Masestros-pensionados-300x144.jpg\",\"datePublished\":\"2015-12-04T02:32:26+00:00\",\"breadcrumb\":{\"@id\":\"https:\\\/\\\/lospoliticosveracruz.com\\\/?p=19579#breadcrumb\"},\"inLanguage\":\"es\",\"potentialAction\":[{\"@type\":\"ReadAction\",\"target\":[\"https:\\\/\\\/lospoliticosveracruz.com\\\/?p=19579\"]}]},{\"@type\":\"ImageObject\",\"inLanguage\":\"es\",\"@id\":\"https:\\\/\\\/lospoliticosveracruz.com\\\/?p=19579#primaryimage\",\"url\":\"http:\\\/\\\/www.lospoliticosveracruz.com.mx\\\/wp-content\\\/uploads\\\/2015\\\/12\\\/Masestros-pensionados-300x144.jpg\",\"contentUrl\":\"http:\\\/\\\/www.lospoliticosveracruz.com.mx\\\/wp-content\\\/uploads\\\/2015\\\/12\\\/Masestros-pensionados-300x144.jpg\"},{\"@type\":\"BreadcrumbList\",\"@id\":\"https:\\\/\\\/lospoliticosveracruz.com\\\/?p=19579#breadcrumb\",\"itemListElement\":[{\"@type\":\"ListItem\",\"position\":1,\"name\":\"Portada\",\"item\":\"https:\\\/\\\/lospoliticosveracruz.com\\\/\"},{\"@type\":\"ListItem\",\"position\":2,\"name\":\"IPE, cuando el destino nos alcanz\u00f3\"}]},{\"@type\":\"WebSite\",\"@id\":\"https:\\\/\\\/lospoliticosveracruz.com\\\/#website\",\"url\":\"https:\\\/\\\/lospoliticosveracruz.com\\\/\",\"name\":\"Los pol\u00edticos Veracruz\",\"description\":\"\",\"publisher\":{\"@id\":\"https:\\\/\\\/lospoliticosveracruz.com\\\/#organization\"},\"potentialAction\":[{\"@type\":\"SearchAction\",\"target\":{\"@type\":\"EntryPoint\",\"urlTemplate\":\"https:\\\/\\\/lospoliticosveracruz.com\\\/?s={search_term_string}\"},\"query-input\":{\"@type\":\"PropertyValueSpecification\",\"valueRequired\":true,\"valueName\":\"search_term_string\"}}],\"inLanguage\":\"es\"},{\"@type\":\"Organization\",\"@id\":\"https:\\\/\\\/lospoliticosveracruz.com\\\/#organization\",\"name\":\"Los pol\u00edticos Veracruz\",\"url\":\"https:\\\/\\\/lospoliticosveracruz.com\\\/\",\"logo\":{\"@type\":\"ImageObject\",\"inLanguage\":\"es\",\"@id\":\"https:\\\/\\\/lospoliticosveracruz.com\\\/#\\\/schema\\\/logo\\\/image\\\/\",\"url\":\"https:\\\/\\\/lospoliticosveracruz.com\\\/wp-content\\\/uploads\\\/2025\\\/12\\\/Logo-Nuevo-LOS-POLITICOS-1.jpg\",\"contentUrl\":\"https:\\\/\\\/lospoliticosveracruz.com\\\/wp-content\\\/uploads\\\/2025\\\/12\\\/Logo-Nuevo-LOS-POLITICOS-1.jpg\",\"width\":260,\"height\":70,\"caption\":\"Los pol\u00edticos Veracruz\"},\"image\":{\"@id\":\"https:\\\/\\\/lospoliticosveracruz.com\\\/#\\\/schema\\\/logo\\\/image\\\/\"},\"sameAs\":[\"https:\\\/\\\/www.facebook.com\\\/people\\\/Notimemes-de-los-Polticos\\\/61565672886568\\\/\",\"https:\\\/\\\/x.com\\\/LosPoliticosVer\"]},{\"@type\":\"Person\",\"@id\":\"https:\\\/\\\/lospoliticosveracruz.com\\\/#\\\/schema\\\/person\\\/b8702bb0e538456e6efd07080bf2a4a2\",\"name\":\"Lo viste en Los Pol\u00edticos\",\"image\":{\"@type\":\"ImageObject\",\"inLanguage\":\"es\",\"@id\":\"https:\\\/\\\/secure.gravatar.com\\\/avatar\\\/3a8de04a2656d44082be478bd6c086daa447c4651605818287b9532d3d0bd435?s=96&d=mm&r=g\",\"url\":\"https:\\\/\\\/secure.gravatar.com\\\/avatar\\\/3a8de04a2656d44082be478bd6c086daa447c4651605818287b9532d3d0bd435?s=96&d=mm&r=g\",\"contentUrl\":\"https:\\\/\\\/secure.gravatar.com\\\/avatar\\\/3a8de04a2656d44082be478bd6c086daa447c4651605818287b9532d3d0bd435?s=96&d=mm&r=g\",\"caption\":\"Lo viste en Los Pol\u00edticos\"},\"url\":\"https:\\\/\\\/lospoliticosveracruz.com\\\/?author=2\"}]}<\/script>\n<!-- \/ Yoast SEO plugin. -->","yoast_head_json":{"title":"IPE, cuando el destino nos alcanz\u00f3 - Los pol\u00edticos Veracruz","robots":{"index":"index","follow":"follow","max-snippet":"max-snippet:-1","max-image-preview":"max-image-preview:large","max-video-preview":"max-video-preview:-1"},"canonical":"https:\/\/lospoliticosveracruz.com\/?p=19579","og_locale":"es_ES","og_type":"article","og_title":"IPE, cuando el destino nos alcanz\u00f3 - Los pol\u00edticos Veracruz","og_description":"Armando Ortiz El Hijo Pr\u00f3digo Aquellos trabajadores en edad jubilatoria que buscaron se les pensionara hasta con dos plazas, o que en complicidad con las autoridades del Instituto de Pensiones del Estado consiguieron pensiones muy altas, nunca pensaron que el destino los iba a alcanzar. Les pareci\u00f3 que su caso era \u00fanico y que despu\u00e9s [&hellip;]","og_url":"https:\/\/lospoliticosveracruz.com\/?p=19579","og_site_name":"Los pol\u00edticos Veracruz","article_publisher":"https:\/\/www.facebook.com\/people\/Notimemes-de-los-Polticos\/61565672886568\/","article_published_time":"2015-12-04T02:32:26+00:00","og_image":[{"url":"http:\/\/www.lospoliticosveracruz.com.mx\/wp-content\/uploads\/2015\/12\/Masestros-pensionados-300x144.jpg","type":"","width":"","height":""}],"author":"Lo viste en Los Pol\u00edticos","twitter_card":"summary_large_image","twitter_creator":"@LosPoliticosVer","twitter_site":"@LosPoliticosVer","twitter_misc":{"Escrito por":"Lo viste en Los Pol\u00edticos","Tiempo de lectura":"4 minutos"},"schema":{"@context":"https:\/\/schema.org","@graph":[{"@type":"Article","@id":"https:\/\/lospoliticosveracruz.com\/?p=19579#article","isPartOf":{"@id":"https:\/\/lospoliticosveracruz.com\/?p=19579"},"author":{"name":"Lo viste en Los Pol\u00edticos","@id":"https:\/\/lospoliticosveracruz.com\/#\/schema\/person\/b8702bb0e538456e6efd07080bf2a4a2"},"headline":"IPE, cuando el destino nos alcanz\u00f3","datePublished":"2015-12-04T02:32:26+00:00","mainEntityOfPage":{"@id":"https:\/\/lospoliticosveracruz.com\/?p=19579"},"wordCount":848,"commentCount":0,"publisher":{"@id":"https:\/\/lospoliticosveracruz.com\/#organization"},"image":{"@id":"https:\/\/lospoliticosveracruz.com\/?p=19579#primaryimage"},"thumbnailUrl":"http:\/\/www.lospoliticosveracruz.com.mx\/wp-content\/uploads\/2015\/12\/Masestros-pensionados-300x144.jpg","keywords":["Fidel Herrera Beltr\u00e1n","Pensiones","Veracruz"],"articleSection":["De Opini\u00f3n"],"inLanguage":"es","potentialAction":[{"@type":"CommentAction","name":"Comment","target":["https:\/\/lospoliticosveracruz.com\/?p=19579#respond"]}]},{"@type":"WebPage","@id":"https:\/\/lospoliticosveracruz.com\/?p=19579","url":"https:\/\/lospoliticosveracruz.com\/?p=19579","name":"IPE, cuando el destino nos alcanz\u00f3 - Los pol\u00edticos Veracruz","isPartOf":{"@id":"https:\/\/lospoliticosveracruz.com\/#website"},"primaryImageOfPage":{"@id":"https:\/\/lospoliticosveracruz.com\/?p=19579#primaryimage"},"image":{"@id":"https:\/\/lospoliticosveracruz.com\/?p=19579#primaryimage"},"thumbnailUrl":"http:\/\/www.lospoliticosveracruz.com.mx\/wp-content\/uploads\/2015\/12\/Masestros-pensionados-300x144.jpg","datePublished":"2015-12-04T02:32:26+00:00","breadcrumb":{"@id":"https:\/\/lospoliticosveracruz.com\/?p=19579#breadcrumb"},"inLanguage":"es","potentialAction":[{"@type":"ReadAction","target":["https:\/\/lospoliticosveracruz.com\/?p=19579"]}]},{"@type":"ImageObject","inLanguage":"es","@id":"https:\/\/lospoliticosveracruz.com\/?p=19579#primaryimage","url":"http:\/\/www.lospoliticosveracruz.com.mx\/wp-content\/uploads\/2015\/12\/Masestros-pensionados-300x144.jpg","contentUrl":"http:\/\/www.lospoliticosveracruz.com.mx\/wp-content\/uploads\/2015\/12\/Masestros-pensionados-300x144.jpg"},{"@type":"BreadcrumbList","@id":"https:\/\/lospoliticosveracruz.com\/?p=19579#breadcrumb","itemListElement":[{"@type":"ListItem","position":1,"name":"Portada","item":"https:\/\/lospoliticosveracruz.com\/"},{"@type":"ListItem","position":2,"name":"IPE, cuando el destino nos alcanz\u00f3"}]},{"@type":"WebSite","@id":"https:\/\/lospoliticosveracruz.com\/#website","url":"https:\/\/lospoliticosveracruz.com\/","name":"Los pol\u00edticos Veracruz","description":"","publisher":{"@id":"https:\/\/lospoliticosveracruz.com\/#organization"},"potentialAction":[{"@type":"SearchAction","target":{"@type":"EntryPoint","urlTemplate":"https:\/\/lospoliticosveracruz.com\/?s={search_term_string}"},"query-input":{"@type":"PropertyValueSpecification","valueRequired":true,"valueName":"search_term_string"}}],"inLanguage":"es"},{"@type":"Organization","@id":"https:\/\/lospoliticosveracruz.com\/#organization","name":"Los pol\u00edticos Veracruz","url":"https:\/\/lospoliticosveracruz.com\/","logo":{"@type":"ImageObject","inLanguage":"es","@id":"https:\/\/lospoliticosveracruz.com\/#\/schema\/logo\/image\/","url":"https:\/\/lospoliticosveracruz.com\/wp-content\/uploads\/2025\/12\/Logo-Nuevo-LOS-POLITICOS-1.jpg","contentUrl":"https:\/\/lospoliticosveracruz.com\/wp-content\/uploads\/2025\/12\/Logo-Nuevo-LOS-POLITICOS-1.jpg","width":260,"height":70,"caption":"Los pol\u00edticos Veracruz"},"image":{"@id":"https:\/\/lospoliticosveracruz.com\/#\/schema\/logo\/image\/"},"sameAs":["https:\/\/www.facebook.com\/people\/Notimemes-de-los-Polticos\/61565672886568\/","https:\/\/x.com\/LosPoliticosVer"]},{"@type":"Person","@id":"https:\/\/lospoliticosveracruz.com\/#\/schema\/person\/b8702bb0e538456e6efd07080bf2a4a2","name":"Lo viste en Los Pol\u00edticos","image":{"@type":"ImageObject","inLanguage":"es","@id":"https:\/\/secure.gravatar.com\/avatar\/3a8de04a2656d44082be478bd6c086daa447c4651605818287b9532d3d0bd435?s=96&d=mm&r=g","url":"https:\/\/secure.gravatar.com\/avatar\/3a8de04a2656d44082be478bd6c086daa447c4651605818287b9532d3d0bd435?s=96&d=mm&r=g","contentUrl":"https:\/\/secure.gravatar.com\/avatar\/3a8de04a2656d44082be478bd6c086daa447c4651605818287b9532d3d0bd435?s=96&d=mm&r=g","caption":"Lo viste en Los Pol\u00edticos"},"url":"https:\/\/lospoliticosveracruz.com\/?author=2"}]}},"_links":{"self":[{"href":"https:\/\/lospoliticosveracruz.com\/index.php?rest_route=\/wp\/v2\/posts\/19579","targetHints":{"allow":["GET"]}}],"collection":[{"href":"https:\/\/lospoliticosveracruz.com\/index.php?rest_route=\/wp\/v2\/posts"}],"about":[{"href":"https:\/\/lospoliticosveracruz.com\/index.php?rest_route=\/wp\/v2\/types\/post"}],"author":[{"embeddable":true,"href":"https:\/\/lospoliticosveracruz.com\/index.php?rest_route=\/wp\/v2\/users\/2"}],"replies":[{"embeddable":true,"href":"https:\/\/lospoliticosveracruz.com\/index.php?rest_route=%2Fwp%2Fv2%2Fcomments&post=19579"}],"version-history":[{"count":1,"href":"https:\/\/lospoliticosveracruz.com\/index.php?rest_route=\/wp\/v2\/posts\/19579\/revisions"}],"predecessor-version":[{"id":19582,"href":"https:\/\/lospoliticosveracruz.com\/index.php?rest_route=\/wp\/v2\/posts\/19579\/revisions\/19582"}],"wp:attachment":[{"href":"https:\/\/lospoliticosveracruz.com\/index.php?rest_route=%2Fwp%2Fv2%2Fmedia&parent=19579"}],"wp:term":[{"taxonomy":"category","embeddable":true,"href":"https:\/\/lospoliticosveracruz.com\/index.php?rest_route=%2Fwp%2Fv2%2Fcategories&post=19579"},{"taxonomy":"post_tag","embeddable":true,"href":"https:\/\/lospoliticosveracruz.com\/index.php?rest_route=%2Fwp%2Fv2%2Ftags&post=19579"}],"curies":[{"name":"wp","href":"https:\/\/api.w.org\/{rel}","templated":true}]}}