{"id":19583,"date":"2015-12-03T21:32:21","date_gmt":"2015-12-04T03:32:21","guid":{"rendered":"http:\/\/www.lospoliticosveracruz.com.mx\/?p=19583"},"modified":"2015-12-03T21:32:21","modified_gmt":"2015-12-04T03:32:21","slug":"el-tendedero-de-erika","status":"publish","type":"post","link":"https:\/\/lospoliticosveracruz.com\/?p=19583","title":{"rendered":"El tendedero de Erika"},"content":{"rendered":"<p><a href=\"http:\/\/www.lospoliticosveracruz.com.mx\/wp-content\/uploads\/2015\/12\/Erika-Ayala-2.jpg\"><img loading=\"lazy\" decoding=\"async\" class=\"alignnone size-medium wp-image-19584\" src=\"http:\/\/www.lospoliticosveracruz.com.mx\/wp-content\/uploads\/2015\/12\/Erika-Ayala-2-300x163.jpg\" alt=\"Erika Ayala 2\" width=\"300\" height=\"163\" \/><\/a><br \/>\n<strong>Salvador Mu\u00f1oz<\/strong><\/p>\n<p><em>Los Pol\u00edticos\u00a0<\/em><\/p>\n<p>A simple vista pens\u00e9 que era un tendedero. \u00bfDe Erika Ayala, la mandam\u00e1s de la CNOP? Bueno, la organizaci\u00f3n es \u201cEstamos Avanzando\u201d y coincide con sus siglas. Pero no era un tendedero, en el estricto sentido de la palabra, porque la ropa no fue puesta para secar, sino para calentar.<br \/>\nLa leyenda que acompa\u00f1a a la ropa colgada en unos percheros improvisados clavados en la pared de esa calle xalape\u00f1a, dice as\u00ed: \u201c\u00bfTienes fr\u00edo?, toma uno; \u00bfQuieres ayudar? pon uno\u201d.<br \/>\nLa mayor\u00eda de los comentarios recogieron buena voluntad, y por all\u00ed hubo alguno que esperaba que esta acci\u00f3n, la de poner su\u00e9teres, chamarras, abrigo, a quien lo necesite, no tuviera tintes electorales.<br \/>\nLa excusa perfecta para ello es decir que \u201cla burra no era arisca\u201d, pero la pared no ten\u00eda m\u00e1s que la leyenda que les escrib\u00ed. Ni un color, ni siglas, ni siquiera estaba en las puertas de la oficina de la fundaci\u00f3n \u201cEstamos Avanzando\u201d.<br \/>\nEl tendedero de Erika Ayala est\u00e1 puesto. Creo que eso ayuda m\u00e1s que quienes pueden verle tendencias electorales o lo que yo escriba de ello. Hacer ayuda\u2026 opinar, no.<br \/>\nII<br \/>\nUna manifestaci\u00f3n sui generis que inici\u00f3 en Coatepec, hizo escala en el DIF estatal y concluy\u00f3 en la Plaza Lerdo. Tres personas con capacidades diferentes reclaman inclusi\u00f3n laboral.<br \/>\nHasta ahora que lo pienso, decir que trabaj\u00e9 con \u201cpersonas con capacidades diferentes\u201d me resulta de lo m\u00e1s raro.<br \/>\nNo recuerdo el nombre del muchacho. Han pasado m\u00e1s de 25 a\u00f1os. Era sordomudo. Trabajar con \u00e9l era eso nada m\u00e1s\u2026 trabajar. Fue un proceso de adaptaci\u00f3n como puede ser con cualquier otra persona. Lo m\u00e1s curioso que me ocurri\u00f3 con este muchacho fue, que al paso de los a\u00f1os, tras haber dejado \u201cLa Estancia de los Tecajetes\u201d, me encontr\u00e9 con \u00e9l en c\u00e9ntrica calle de Xalapa. Tras \u201cplaticar\u201d y \u201ccontarnos\u201d nuestra historia, me pidi\u00f3 mi n\u00famero de celular y se lo di. Lo abrac\u00e9 y cada quien tom\u00f3 su camino. A los pocos metros reaccion\u00e9: \u201c\u00bfC\u00f3mo madres me va a hablar este cabr\u00f3n?\u201d y entonces exhib\u00ed mi incapacidad mental. \u00a1Por supuesto! Pudo haberme mandado un mensaje\u2026 y digo \u201cPudo\u201d porque realmente nunca he recibido un mensaje de ese compa\u00f1ero de trabajo que de seguro se ha de llamar Alzheimer, \u00bfqu\u00e9 otro nombre puede tener el olvido?<br \/>\nIII<br \/>\n\u00bfSe acuerdan cuando vino Luis Miguel a Xalapa? Se hab\u00eda comprometido que de las entradas, un mill\u00f3n de pesos ser\u00eda donado por parte de Daniel Ferr\u00e1ez, para armar un taller de investigaci\u00f3n prot\u00e9sica. Y as\u00ed se hizo. All\u00ed, a partir de ya, adem\u00e1s de generar empleo, se arman pr\u00f3tesis, \u00f3rtesis y hay terapias. Esto, en comuni\u00f3n con el ayuntamiento local.<br \/>\nHablando de \u201cCapacidades Diferentes\u201d, recuerdo que una vez se me revent\u00f3 el tend\u00f3n de Aquiles. Creo que dos meses o un poco m\u00e1s, anduve con mi pata derecha inmovilizada. Tuve que \u201ctrajinar\u201d con muletas. Recuerdo que el entonces titular de Prevenci\u00f3n y Readaptaci\u00f3n Social, \u00d3scar Cruz Alexander, cuando se enter\u00f3 de mi percance, me mand\u00f3 unas muletas de madera, de las que hac\u00edan en alg\u00fan Cereso. Despu\u00e9s, el director de \u201cPol\u00edtica\u201d, Yayo Guti\u00e9rrez Castellanos, me prest\u00f3 otras met\u00e1licas que ten\u00edan apoyo en el antebrazo. No recuerdo el porqu\u00e9 las us\u00f3 \u00e9l, pero me dijo que si insist\u00eda en trabajar (porque ya me hab\u00eda aburrido de estar \u201cen incapacidad\u201d, decid\u00ed regresar a la oficina), me ser\u00eda m\u00e1s c\u00f3modo trasladarme con esas muletas. Y as\u00ed fue.<br \/>\nLo cierto es que sufr\u00ed en carne propia lo que gente en silla de ruedas, en muletas, d\u00e9biles visuales o ciegos, y otros m\u00e1s, sufren ante las condiciones de camiones, taxis y calles jam\u00e1s pensados para casos fuera de lo que llamar\u00edamos com\u00fan. \u00bfTienen idea de c\u00f3mo estorba una caseta telef\u00f3nica para alguien con bast\u00f3n, silla de ruedas o muletas?<br \/>\nDe mis tiempos en muletas a la fecha, las cosas y las calles han cambiado mucho. Si bien en nuestra ciudad (al menos Xalapa) ya se piensa m\u00e1s en la inclusi\u00f3n, a veces es nuestra forma de pensar donde la inclusi\u00f3n sencillamente no tiene cabida.<\/p>\n<p>smcainito@gmail.com<\/p>\n","protected":false},"excerpt":{"rendered":"<p>Salvador Mu\u00f1oz Los Pol\u00edticos\u00a0 A simple vista pens\u00e9 que era un tendedero. \u00bfDe Erika Ayala, la mandam\u00e1s de la CNOP? Bueno, la organizaci\u00f3n es \u201cEstamos Avanzando\u201d y coincide con sus siglas. Pero no era un tendedero, en el estricto sentido de la palabra, porque la ropa no fue puesta para secar, sino para calentar. La [&hellip;]<\/p>\n","protected":false},"author":2,"featured_media":0,"comment_status":"open","ping_status":"open","sticky":false,"template":"","format":"standard","meta":{"tdm_status":"","tdm_grid_status":"","footnotes":""},"categories":[70],"tags":[362,4259,106,809,1731,3017,96],"class_list":{"0":"post-19583","1":"post","2":"type-post","3":"status-publish","4":"format-standard","6":"category-de-opinion","7":"tag-capacidades-diferentes","8":"tag-daniel-ferraez","9":"tag-erika-ayala","10":"tag-estamos-avanzando","11":"tag-luis-miguel","12":"tag-oscar-cruz-alexander","13":"tag-xalapa"},"yoast_head":"<!-- This site is optimized with the Yoast SEO plugin v27.4 - https:\/\/yoast.com\/product\/yoast-seo-wordpress\/ -->\n<title>El tendedero de Erika - Los pol\u00edticos Veracruz<\/title>\n<meta name=\"robots\" content=\"index, follow, max-snippet:-1, max-image-preview:large, max-video-preview:-1\" \/>\n<link rel=\"canonical\" href=\"https:\/\/lospoliticosveracruz.com\/?p=19583\" \/>\n<meta property=\"og:locale\" content=\"es_ES\" \/>\n<meta property=\"og:type\" content=\"article\" \/>\n<meta property=\"og:title\" content=\"El tendedero de Erika - Los pol\u00edticos Veracruz\" \/>\n<meta property=\"og:description\" content=\"Salvador Mu\u00f1oz Los Pol\u00edticos\u00a0 A simple vista pens\u00e9 que era un tendedero. \u00bfDe Erika Ayala, la mandam\u00e1s de la CNOP? Bueno, la organizaci\u00f3n es \u201cEstamos Avanzando\u201d y coincide con sus siglas. Pero no era un tendedero, en el estricto sentido de la palabra, porque la ropa no fue puesta para secar, sino para calentar. La [&hellip;]\" \/>\n<meta property=\"og:url\" content=\"https:\/\/lospoliticosveracruz.com\/?p=19583\" \/>\n<meta property=\"og:site_name\" content=\"Los pol\u00edticos Veracruz\" \/>\n<meta property=\"article:publisher\" content=\"https:\/\/www.facebook.com\/people\/Notimemes-de-los-Polticos\/61565672886568\/\" \/>\n<meta property=\"article:published_time\" content=\"2015-12-04T03:32:21+00:00\" \/>\n<meta property=\"og:image\" content=\"http:\/\/www.lospoliticosveracruz.com.mx\/wp-content\/uploads\/2015\/12\/Erika-Ayala-2-300x163.jpg\" \/>\n<meta name=\"author\" content=\"Lo viste en Los Pol\u00edticos\" \/>\n<meta name=\"twitter:card\" content=\"summary_large_image\" \/>\n<meta name=\"twitter:creator\" content=\"@LosPoliticosVer\" \/>\n<meta name=\"twitter:site\" content=\"@LosPoliticosVer\" \/>\n<meta name=\"twitter:label1\" content=\"Escrito por\" \/>\n\t<meta name=\"twitter:data1\" content=\"Lo viste en Los Pol\u00edticos\" \/>\n\t<meta name=\"twitter:label2\" content=\"Tiempo de lectura\" \/>\n\t<meta name=\"twitter:data2\" content=\"4 minutos\" \/>\n<script type=\"application\/ld+json\" class=\"yoast-schema-graph\">{\"@context\":\"https:\\\/\\\/schema.org\",\"@graph\":[{\"@type\":\"Article\",\"@id\":\"https:\\\/\\\/lospoliticosveracruz.com\\\/?p=19583#article\",\"isPartOf\":{\"@id\":\"https:\\\/\\\/lospoliticosveracruz.com\\\/?p=19583\"},\"author\":{\"name\":\"Lo viste en Los Pol\u00edticos\",\"@id\":\"https:\\\/\\\/lospoliticosveracruz.com\\\/#\\\/schema\\\/person\\\/b8702bb0e538456e6efd07080bf2a4a2\"},\"headline\":\"El tendedero de Erika\",\"datePublished\":\"2015-12-04T03:32:21+00:00\",\"mainEntityOfPage\":{\"@id\":\"https:\\\/\\\/lospoliticosveracruz.com\\\/?p=19583\"},\"wordCount\":744,\"commentCount\":0,\"publisher\":{\"@id\":\"https:\\\/\\\/lospoliticosveracruz.com\\\/#organization\"},\"image\":{\"@id\":\"https:\\\/\\\/lospoliticosveracruz.com\\\/?p=19583#primaryimage\"},\"thumbnailUrl\":\"http:\\\/\\\/www.lospoliticosveracruz.com.mx\\\/wp-content\\\/uploads\\\/2015\\\/12\\\/Erika-Ayala-2-300x163.jpg\",\"keywords\":[\"Capacidades Diferentes\",\"Daniel Ferr\u00e1ez\",\"Erika Ayala\",\"Estamos Avanzando\",\"Luis Miguel\",\"Oscar Cruz Alexander\",\"Xalapa\"],\"articleSection\":[\"De Opini\u00f3n\"],\"inLanguage\":\"es\",\"potentialAction\":[{\"@type\":\"CommentAction\",\"name\":\"Comment\",\"target\":[\"https:\\\/\\\/lospoliticosveracruz.com\\\/?p=19583#respond\"]}]},{\"@type\":\"WebPage\",\"@id\":\"https:\\\/\\\/lospoliticosveracruz.com\\\/?p=19583\",\"url\":\"https:\\\/\\\/lospoliticosveracruz.com\\\/?p=19583\",\"name\":\"El tendedero de Erika - Los pol\u00edticos Veracruz\",\"isPartOf\":{\"@id\":\"https:\\\/\\\/lospoliticosveracruz.com\\\/#website\"},\"primaryImageOfPage\":{\"@id\":\"https:\\\/\\\/lospoliticosveracruz.com\\\/?p=19583#primaryimage\"},\"image\":{\"@id\":\"https:\\\/\\\/lospoliticosveracruz.com\\\/?p=19583#primaryimage\"},\"thumbnailUrl\":\"http:\\\/\\\/www.lospoliticosveracruz.com.mx\\\/wp-content\\\/uploads\\\/2015\\\/12\\\/Erika-Ayala-2-300x163.jpg\",\"datePublished\":\"2015-12-04T03:32:21+00:00\",\"breadcrumb\":{\"@id\":\"https:\\\/\\\/lospoliticosveracruz.com\\\/?p=19583#breadcrumb\"},\"inLanguage\":\"es\",\"potentialAction\":[{\"@type\":\"ReadAction\",\"target\":[\"https:\\\/\\\/lospoliticosveracruz.com\\\/?p=19583\"]}]},{\"@type\":\"ImageObject\",\"inLanguage\":\"es\",\"@id\":\"https:\\\/\\\/lospoliticosveracruz.com\\\/?p=19583#primaryimage\",\"url\":\"http:\\\/\\\/www.lospoliticosveracruz.com.mx\\\/wp-content\\\/uploads\\\/2015\\\/12\\\/Erika-Ayala-2-300x163.jpg\",\"contentUrl\":\"http:\\\/\\\/www.lospoliticosveracruz.com.mx\\\/wp-content\\\/uploads\\\/2015\\\/12\\\/Erika-Ayala-2-300x163.jpg\"},{\"@type\":\"BreadcrumbList\",\"@id\":\"https:\\\/\\\/lospoliticosveracruz.com\\\/?p=19583#breadcrumb\",\"itemListElement\":[{\"@type\":\"ListItem\",\"position\":1,\"name\":\"Portada\",\"item\":\"https:\\\/\\\/lospoliticosveracruz.com\\\/\"},{\"@type\":\"ListItem\",\"position\":2,\"name\":\"El tendedero de Erika\"}]},{\"@type\":\"WebSite\",\"@id\":\"https:\\\/\\\/lospoliticosveracruz.com\\\/#website\",\"url\":\"https:\\\/\\\/lospoliticosveracruz.com\\\/\",\"name\":\"Los pol\u00edticos Veracruz\",\"description\":\"\",\"publisher\":{\"@id\":\"https:\\\/\\\/lospoliticosveracruz.com\\\/#organization\"},\"potentialAction\":[{\"@type\":\"SearchAction\",\"target\":{\"@type\":\"EntryPoint\",\"urlTemplate\":\"https:\\\/\\\/lospoliticosveracruz.com\\\/?s={search_term_string}\"},\"query-input\":{\"@type\":\"PropertyValueSpecification\",\"valueRequired\":true,\"valueName\":\"search_term_string\"}}],\"inLanguage\":\"es\"},{\"@type\":\"Organization\",\"@id\":\"https:\\\/\\\/lospoliticosveracruz.com\\\/#organization\",\"name\":\"Los pol\u00edticos Veracruz\",\"url\":\"https:\\\/\\\/lospoliticosveracruz.com\\\/\",\"logo\":{\"@type\":\"ImageObject\",\"inLanguage\":\"es\",\"@id\":\"https:\\\/\\\/lospoliticosveracruz.com\\\/#\\\/schema\\\/logo\\\/image\\\/\",\"url\":\"https:\\\/\\\/lospoliticosveracruz.com\\\/wp-content\\\/uploads\\\/2025\\\/12\\\/Logo-Nuevo-LOS-POLITICOS-1.jpg\",\"contentUrl\":\"https:\\\/\\\/lospoliticosveracruz.com\\\/wp-content\\\/uploads\\\/2025\\\/12\\\/Logo-Nuevo-LOS-POLITICOS-1.jpg\",\"width\":260,\"height\":70,\"caption\":\"Los pol\u00edticos Veracruz\"},\"image\":{\"@id\":\"https:\\\/\\\/lospoliticosveracruz.com\\\/#\\\/schema\\\/logo\\\/image\\\/\"},\"sameAs\":[\"https:\\\/\\\/www.facebook.com\\\/people\\\/Notimemes-de-los-Polticos\\\/61565672886568\\\/\",\"https:\\\/\\\/x.com\\\/LosPoliticosVer\"]},{\"@type\":\"Person\",\"@id\":\"https:\\\/\\\/lospoliticosveracruz.com\\\/#\\\/schema\\\/person\\\/b8702bb0e538456e6efd07080bf2a4a2\",\"name\":\"Lo viste en Los Pol\u00edticos\",\"image\":{\"@type\":\"ImageObject\",\"inLanguage\":\"es\",\"@id\":\"https:\\\/\\\/secure.gravatar.com\\\/avatar\\\/3a8de04a2656d44082be478bd6c086daa447c4651605818287b9532d3d0bd435?s=96&d=mm&r=g\",\"url\":\"https:\\\/\\\/secure.gravatar.com\\\/avatar\\\/3a8de04a2656d44082be478bd6c086daa447c4651605818287b9532d3d0bd435?s=96&d=mm&r=g\",\"contentUrl\":\"https:\\\/\\\/secure.gravatar.com\\\/avatar\\\/3a8de04a2656d44082be478bd6c086daa447c4651605818287b9532d3d0bd435?s=96&d=mm&r=g\",\"caption\":\"Lo viste en Los Pol\u00edticos\"},\"url\":\"https:\\\/\\\/lospoliticosveracruz.com\\\/?author=2\"}]}<\/script>\n<!-- \/ Yoast SEO plugin. -->","yoast_head_json":{"title":"El tendedero de Erika - Los pol\u00edticos Veracruz","robots":{"index":"index","follow":"follow","max-snippet":"max-snippet:-1","max-image-preview":"max-image-preview:large","max-video-preview":"max-video-preview:-1"},"canonical":"https:\/\/lospoliticosveracruz.com\/?p=19583","og_locale":"es_ES","og_type":"article","og_title":"El tendedero de Erika - Los pol\u00edticos Veracruz","og_description":"Salvador Mu\u00f1oz Los Pol\u00edticos\u00a0 A simple vista pens\u00e9 que era un tendedero. \u00bfDe Erika Ayala, la mandam\u00e1s de la CNOP? Bueno, la organizaci\u00f3n es \u201cEstamos Avanzando\u201d y coincide con sus siglas. Pero no era un tendedero, en el estricto sentido de la palabra, porque la ropa no fue puesta para secar, sino para calentar. La [&hellip;]","og_url":"https:\/\/lospoliticosveracruz.com\/?p=19583","og_site_name":"Los pol\u00edticos Veracruz","article_publisher":"https:\/\/www.facebook.com\/people\/Notimemes-de-los-Polticos\/61565672886568\/","article_published_time":"2015-12-04T03:32:21+00:00","og_image":[{"url":"http:\/\/www.lospoliticosveracruz.com.mx\/wp-content\/uploads\/2015\/12\/Erika-Ayala-2-300x163.jpg","type":"","width":"","height":""}],"author":"Lo viste en Los Pol\u00edticos","twitter_card":"summary_large_image","twitter_creator":"@LosPoliticosVer","twitter_site":"@LosPoliticosVer","twitter_misc":{"Escrito por":"Lo viste en Los Pol\u00edticos","Tiempo de lectura":"4 minutos"},"schema":{"@context":"https:\/\/schema.org","@graph":[{"@type":"Article","@id":"https:\/\/lospoliticosveracruz.com\/?p=19583#article","isPartOf":{"@id":"https:\/\/lospoliticosveracruz.com\/?p=19583"},"author":{"name":"Lo viste en Los Pol\u00edticos","@id":"https:\/\/lospoliticosveracruz.com\/#\/schema\/person\/b8702bb0e538456e6efd07080bf2a4a2"},"headline":"El tendedero de Erika","datePublished":"2015-12-04T03:32:21+00:00","mainEntityOfPage":{"@id":"https:\/\/lospoliticosveracruz.com\/?p=19583"},"wordCount":744,"commentCount":0,"publisher":{"@id":"https:\/\/lospoliticosveracruz.com\/#organization"},"image":{"@id":"https:\/\/lospoliticosveracruz.com\/?p=19583#primaryimage"},"thumbnailUrl":"http:\/\/www.lospoliticosveracruz.com.mx\/wp-content\/uploads\/2015\/12\/Erika-Ayala-2-300x163.jpg","keywords":["Capacidades Diferentes","Daniel Ferr\u00e1ez","Erika Ayala","Estamos Avanzando","Luis Miguel","Oscar Cruz Alexander","Xalapa"],"articleSection":["De Opini\u00f3n"],"inLanguage":"es","potentialAction":[{"@type":"CommentAction","name":"Comment","target":["https:\/\/lospoliticosveracruz.com\/?p=19583#respond"]}]},{"@type":"WebPage","@id":"https:\/\/lospoliticosveracruz.com\/?p=19583","url":"https:\/\/lospoliticosveracruz.com\/?p=19583","name":"El tendedero de Erika - Los pol\u00edticos Veracruz","isPartOf":{"@id":"https:\/\/lospoliticosveracruz.com\/#website"},"primaryImageOfPage":{"@id":"https:\/\/lospoliticosveracruz.com\/?p=19583#primaryimage"},"image":{"@id":"https:\/\/lospoliticosveracruz.com\/?p=19583#primaryimage"},"thumbnailUrl":"http:\/\/www.lospoliticosveracruz.com.mx\/wp-content\/uploads\/2015\/12\/Erika-Ayala-2-300x163.jpg","datePublished":"2015-12-04T03:32:21+00:00","breadcrumb":{"@id":"https:\/\/lospoliticosveracruz.com\/?p=19583#breadcrumb"},"inLanguage":"es","potentialAction":[{"@type":"ReadAction","target":["https:\/\/lospoliticosveracruz.com\/?p=19583"]}]},{"@type":"ImageObject","inLanguage":"es","@id":"https:\/\/lospoliticosveracruz.com\/?p=19583#primaryimage","url":"http:\/\/www.lospoliticosveracruz.com.mx\/wp-content\/uploads\/2015\/12\/Erika-Ayala-2-300x163.jpg","contentUrl":"http:\/\/www.lospoliticosveracruz.com.mx\/wp-content\/uploads\/2015\/12\/Erika-Ayala-2-300x163.jpg"},{"@type":"BreadcrumbList","@id":"https:\/\/lospoliticosveracruz.com\/?p=19583#breadcrumb","itemListElement":[{"@type":"ListItem","position":1,"name":"Portada","item":"https:\/\/lospoliticosveracruz.com\/"},{"@type":"ListItem","position":2,"name":"El tendedero de Erika"}]},{"@type":"WebSite","@id":"https:\/\/lospoliticosveracruz.com\/#website","url":"https:\/\/lospoliticosveracruz.com\/","name":"Los pol\u00edticos Veracruz","description":"","publisher":{"@id":"https:\/\/lospoliticosveracruz.com\/#organization"},"potentialAction":[{"@type":"SearchAction","target":{"@type":"EntryPoint","urlTemplate":"https:\/\/lospoliticosveracruz.com\/?s={search_term_string}"},"query-input":{"@type":"PropertyValueSpecification","valueRequired":true,"valueName":"search_term_string"}}],"inLanguage":"es"},{"@type":"Organization","@id":"https:\/\/lospoliticosveracruz.com\/#organization","name":"Los pol\u00edticos Veracruz","url":"https:\/\/lospoliticosveracruz.com\/","logo":{"@type":"ImageObject","inLanguage":"es","@id":"https:\/\/lospoliticosveracruz.com\/#\/schema\/logo\/image\/","url":"https:\/\/lospoliticosveracruz.com\/wp-content\/uploads\/2025\/12\/Logo-Nuevo-LOS-POLITICOS-1.jpg","contentUrl":"https:\/\/lospoliticosveracruz.com\/wp-content\/uploads\/2025\/12\/Logo-Nuevo-LOS-POLITICOS-1.jpg","width":260,"height":70,"caption":"Los pol\u00edticos Veracruz"},"image":{"@id":"https:\/\/lospoliticosveracruz.com\/#\/schema\/logo\/image\/"},"sameAs":["https:\/\/www.facebook.com\/people\/Notimemes-de-los-Polticos\/61565672886568\/","https:\/\/x.com\/LosPoliticosVer"]},{"@type":"Person","@id":"https:\/\/lospoliticosveracruz.com\/#\/schema\/person\/b8702bb0e538456e6efd07080bf2a4a2","name":"Lo viste en Los Pol\u00edticos","image":{"@type":"ImageObject","inLanguage":"es","@id":"https:\/\/secure.gravatar.com\/avatar\/3a8de04a2656d44082be478bd6c086daa447c4651605818287b9532d3d0bd435?s=96&d=mm&r=g","url":"https:\/\/secure.gravatar.com\/avatar\/3a8de04a2656d44082be478bd6c086daa447c4651605818287b9532d3d0bd435?s=96&d=mm&r=g","contentUrl":"https:\/\/secure.gravatar.com\/avatar\/3a8de04a2656d44082be478bd6c086daa447c4651605818287b9532d3d0bd435?s=96&d=mm&r=g","caption":"Lo viste en Los Pol\u00edticos"},"url":"https:\/\/lospoliticosveracruz.com\/?author=2"}]}},"_links":{"self":[{"href":"https:\/\/lospoliticosveracruz.com\/index.php?rest_route=\/wp\/v2\/posts\/19583","targetHints":{"allow":["GET"]}}],"collection":[{"href":"https:\/\/lospoliticosveracruz.com\/index.php?rest_route=\/wp\/v2\/posts"}],"about":[{"href":"https:\/\/lospoliticosveracruz.com\/index.php?rest_route=\/wp\/v2\/types\/post"}],"author":[{"embeddable":true,"href":"https:\/\/lospoliticosveracruz.com\/index.php?rest_route=\/wp\/v2\/users\/2"}],"replies":[{"embeddable":true,"href":"https:\/\/lospoliticosveracruz.com\/index.php?rest_route=%2Fwp%2Fv2%2Fcomments&post=19583"}],"version-history":[{"count":1,"href":"https:\/\/lospoliticosveracruz.com\/index.php?rest_route=\/wp\/v2\/posts\/19583\/revisions"}],"predecessor-version":[{"id":19585,"href":"https:\/\/lospoliticosveracruz.com\/index.php?rest_route=\/wp\/v2\/posts\/19583\/revisions\/19585"}],"wp:attachment":[{"href":"https:\/\/lospoliticosveracruz.com\/index.php?rest_route=%2Fwp%2Fv2%2Fmedia&parent=19583"}],"wp:term":[{"taxonomy":"category","embeddable":true,"href":"https:\/\/lospoliticosveracruz.com\/index.php?rest_route=%2Fwp%2Fv2%2Fcategories&post=19583"},{"taxonomy":"post_tag","embeddable":true,"href":"https:\/\/lospoliticosveracruz.com\/index.php?rest_route=%2Fwp%2Fv2%2Ftags&post=19583"}],"curies":[{"name":"wp","href":"https:\/\/api.w.org\/{rel}","templated":true}]}}