{"id":19586,"date":"2015-12-03T22:29:10","date_gmt":"2015-12-04T04:29:10","guid":{"rendered":"http:\/\/www.lospoliticosveracruz.com.mx\/?p=19586"},"modified":"2015-12-03T22:29:10","modified_gmt":"2015-12-04T04:29:10","slug":"duarte-el-padre","status":"publish","type":"post","link":"https:\/\/lospoliticosveracruz.com\/?p=19586","title":{"rendered":"Duarte, el padre"},"content":{"rendered":"<p><a href=\"http:\/\/www.lospoliticosveracruz.com.mx\/wp-content\/uploads\/2015\/12\/Javier-Duarte.jpg\"><img loading=\"lazy\" decoding=\"async\" class=\"alignnone size-medium wp-image-19587\" src=\"http:\/\/www.lospoliticosveracruz.com.mx\/wp-content\/uploads\/2015\/12\/Javier-Duarte-300x205.jpg\" alt=\"Javier Duarte\" width=\"300\" height=\"205\" \/><\/a><br \/>\n<strong>Brenda Caballero<\/strong><br \/>\n<em>N\u00fameros Rojos<\/em><\/p>\n<p>\u201cPap\u00e1, as\u00ed es como nos gusta vivir\u201d, le dicen sus hijos a Javier Duarte cuando van a la casa de la mam\u00e1 del gobernador, en C\u00f3rdoba, y est\u00e1n todos juntos, en una \u201ccasa normal\u201d.<br \/>\nS\u00e9 que sonar\u00e1 extra\u00f1o y no dudo que hasta cr\u00edticas se den, pero el gobernador cuenta que en la noche, cuando le da hambre y baja en pijama a hacerse un s\u00e1ndwich, de su cuarto a la cocina saluda a siete personas. Afirma que en la Casa Veracruz viven con \u00e9l otras cien, pues es la actividad normal de la Casa de Gobierno. Desde luego que tanto movimiento vulnera la intimidad de una familia. Es por ello la a\u00f1oranza de Javier, Carolina y Emilio de tener \u201cuna familia normal\u201d.<br \/>\nY es que el grado de firmeza y determinaci\u00f3n con la que ha actuado el gobernador contra la delincuencia organizada hace que se tengan que tomar demasiadas medidas de seguridad,coment\u00f3 en reuni\u00f3n con miembros de la Asociaci\u00f3n de Periodistas del Estado de Veracruz No\u00e9 Vald\u00e9s (Apever).<br \/>\n\u201cMuchos dir\u00e1n que es bueno andar as\u00ed o que nos gusta, sin embargo es lo m\u00e1s estorboso y engorroso que pueda existir ir con un circo atr\u00e1s\u2026 nos quitan la privacidad\u201d.<br \/>\nSus tres hijos (Javier, Carolina y Emilio), desde su nacimiento, han estado inmersos en la actividad p\u00fablica.<br \/>\nJavi naci\u00f3 en plena campa\u00f1a de Fidel Herrera, y le ha tocado vivir las responsabilidades de su padre como funcionario p\u00fablico y ahora como gobernador, as\u00ed como otras diferentes campa\u00f1as. Carolina naci\u00f3 en el sexenio anterior; y Emilio naci\u00f3 en \u00e9ste.<br \/>\nJavier Duarte asegura que oficialmente ha sido el \u00fanico gobernador-pap\u00e1 durante su mandato&#8230; \u201cque no extraoficialmente\u201d.<br \/>\nIncluso record\u00f3 cuando los escoltas de sus hijos abatieron a cuatro delincuentes frente a su escuela, o cuando se han detenido a otros y sometido a interrogaci\u00f3n y han confesado planes para secuestrar a sus hijos. \u201cVivimos en una situaci\u00f3n dura\u201d, afirma Duarte, que sus hijos han sufrido ya que si quieren ir a alg\u00fan lugar o al cine, tienen que ir con las escoltas, cosa que muchos ciudadanos no entienden. \u00bfC\u00f3mo decirles que los marinos tienen que ir con sus hijos por temor a que se los maten?<br \/>\nA los escoltas les ha recomendado que respeten a la gente, no se pasen los altos, no act\u00faen con prepotencia ni como \u201cguaruras\u201d, \u201csean respetuosos. \u00a1Por favor!\u201d<br \/>\nEl gobernador de Veracruz platica que en uno de los pocos viajes que ha hecho a los Estados Unidos donde maneja un carro y puede abrir la ventana, sus hijos se sorprendieron pues ac\u00e1 en M\u00e9xico siempre andan con escolta y carro blindado. Definitivamente, hace menci\u00f3n que este tema m\u00e1s que darle calidad de vida, se la quita, aunque son los tiempos que le ha tocado vivir.<br \/>\nDe sus hijos confiesa amar a los tres: el grande, porque es el grande y porque se llama como \u00e9l, adem\u00e1s de que se ve reflejado en \u00e9l; a Carolina, por ser la ni\u00f1a de sus ojos; y a Emilio, el peque\u00f1o de dos a\u00f1os, \u201ces una bala\u201d; al abrir el ojo es al primero que busca\u2026 \u201ces muy simp\u00e1tico y muy despierto\u201d. Fue quien le acompa\u00f1\u00f3 a entregar unos premios del deporte y sali\u00f3 con \u00e9l tomado de sus piernas en una fotograf\u00eda que circul\u00f3 en redes sociales.<br \/>\nPor cierto, le pregunto si ve todo lo que sale en las redes sociales, pues en muchos casos son muy crueles con \u00e9l. Me contesta que lo son con el gobernante en turno, aunque afirma que a las redes sociales hay que entenderlas y debemos acostumbrarnos a vivir con ellas.<br \/>\nSe\u00f1ala que las redes sociales son una catarsis de la sociedad, pues si se tiene un problema social o econ\u00f3mico lo m\u00e1s f\u00e1cil es decir \u201c\u00a1chinga tu madre gobernador!\u201d o \u201c\u00a1chinga tu madre Pe\u00f1a Nieto!\u201d, pues alguien debe de tener la culpa. Antes no se manifestaban as\u00ed, aunque tal vez de otra forma, cuando se tomaba el caf\u00e9 en grupo donde compon\u00eda y descompon\u00eda al mundo.<br \/>\nLas redes sociales son enga\u00f1osas, pues una persona puede tener muchas cuentas en las que operan contra alguien de manera positiva y negativa, \u00a1hasta hacen trendings topics.<br \/>\n\u201cYo soy trending topic\u201d, presume. \u201c\u00bfSabes cuando tengo picos y todos me siguen? Cuando les doy d\u00edas de asueto, entonces s\u00ed todos dicen \u00a1Te amamos gobernador! \u00a1Duarte para presidente! Hasta tengo seguidores llamados Duarteliebers\u201d.<br \/>\n\u201cPero hay otro aspecto de las redes sociales, las del \u00e1mbito p\u00fablico, las que deben ser para informar, no para entablar di\u00e1logos o debates, porque si te enganchas, pierdes. Lo importante es anunciar en tiempo real las actividades que se realizan\u201d.<br \/>\nAfirma que los malos tambi\u00e9n usan las redes sociales, no s\u00f3lo la gente buena. Platic\u00f3 que recientemente se encontr\u00f3 al padre de Columba, la ni\u00f1a secuestrada y asesinada en Veracruz y con la que se movi\u00f3 cielo mar y tierra para encontrarla. Desgraciadamente el secuestro se hizo p\u00fablico, asunto que considera que es lo peor que puede pasar, pues se juega la vida de la v\u00edctima cuando los secuestradores se sienten descubiertos; \u00e9stos se ponen nerviosos y tratan de deshacerse de la v\u00edctima.<br \/>\nEs por ello que cuando un medio publica informaci\u00f3n sobre el secuestro, lo que sucede es que se pone en riesgo la vida de la v\u00edctima en un 80 por ciento. Por lo que consider\u00f3 una irresponsabilidad de los medios publicitar un secuestro. \u201cPor eso mataron a Columba\u201d.<br \/>\nA\u00fan recuerda cuando alguien tuitea: \u201cgobernador, si no puedes renuncia, estamos hasta la madre de la violencia y la inseguridad, la hija de qui\u00e9n sigue cabr\u00f3n\u201d; poco despu\u00e9s se enter\u00f3 que ese tuiter era de la secuestradora y todo mundo sigui\u00e9ndola como la voz de la sociedad. \u201cLos valores los invertimos; los malos somos los buenos y los buenos parecen malos\u201d.<br \/>\nEn las redes sociales se viraliza el comentario m\u00e1s estridente, m\u00e1s sensacionalista, no el m\u00e1s serio o el que se apega a la realidad.<br \/>\nEs f\u00e1cil echar en contra de las instituciones y el gobierno a la sociedad, pero conf\u00eda en que poco a poco la sociedad les d\u00e9 su justa dimensi\u00f3n.<br \/>\nNo pod\u00eda faltar que el gobernador comentara el asunto de la se\u00f1ora que le reclam\u00f3 en Orizaba y el cual se viraliz\u00f3 haci\u00e9ndolo ver como el malo de la pel\u00edcula o del video. Ante ello, el gobernador confiesa que iba con sus tres hijos y que no era el momento de tratar su asunto.<br \/>\nAfirm\u00f3 que a la se\u00f1ora se le ha atendido muchas veces y que ella misma est\u00e1 consciente de los motivos de desaparici\u00f3n de su hija. \u201cDesde luego que los buenos parecen malos pues despu\u00e9s me ponen como un gobernador insensible que no s\u00e9 tratar a la gente. Sin embargo, no saben el fondo real. Es a lo que estoy expuesto\u201d.<\/p>\n<p>Email:caballero_brenda@hotmail.com<\/p>\n","protected":false},"excerpt":{"rendered":"<p>Brenda Caballero N\u00fameros Rojos \u201cPap\u00e1, as\u00ed es como nos gusta vivir\u201d, le dicen sus hijos a Javier Duarte cuando van a la casa de la mam\u00e1 del gobernador, en C\u00f3rdoba, y est\u00e1n todos juntos, en una \u201ccasa normal\u201d. S\u00e9 que sonar\u00e1 extra\u00f1o y no dudo que hasta cr\u00edticas se den, pero el gobernador cuenta que [&hellip;]<\/p>\n","protected":false},"author":2,"featured_media":0,"comment_status":"open","ping_status":"open","sticky":false,"template":"","format":"standard","meta":{"tdm_status":"","tdm_grid_status":"","footnotes":""},"categories":[70],"tags":[260],"class_list":{"0":"post-19586","1":"post","2":"type-post","3":"status-publish","4":"format-standard","6":"category-de-opinion","7":"tag-javier-duarte-de-ochoa"},"yoast_head":"<!-- This site is optimized with the Yoast SEO plugin v27.4 - https:\/\/yoast.com\/product\/yoast-seo-wordpress\/ -->\n<title>Duarte, el padre - Los pol\u00edticos Veracruz<\/title>\n<meta name=\"robots\" content=\"index, follow, max-snippet:-1, max-image-preview:large, max-video-preview:-1\" \/>\n<link rel=\"canonical\" href=\"https:\/\/lospoliticosveracruz.com\/?p=19586\" \/>\n<meta property=\"og:locale\" content=\"es_ES\" \/>\n<meta property=\"og:type\" content=\"article\" \/>\n<meta property=\"og:title\" content=\"Duarte, el padre - Los pol\u00edticos Veracruz\" \/>\n<meta property=\"og:description\" content=\"Brenda Caballero N\u00fameros Rojos \u201cPap\u00e1, as\u00ed es como nos gusta vivir\u201d, le dicen sus hijos a Javier Duarte cuando van a la casa de la mam\u00e1 del gobernador, en C\u00f3rdoba, y est\u00e1n todos juntos, en una \u201ccasa normal\u201d. S\u00e9 que sonar\u00e1 extra\u00f1o y no dudo que hasta cr\u00edticas se den, pero el gobernador cuenta que [&hellip;]\" \/>\n<meta property=\"og:url\" content=\"https:\/\/lospoliticosveracruz.com\/?p=19586\" \/>\n<meta property=\"og:site_name\" content=\"Los pol\u00edticos Veracruz\" \/>\n<meta property=\"article:publisher\" content=\"https:\/\/www.facebook.com\/people\/Notimemes-de-los-Polticos\/61565672886568\/\" \/>\n<meta property=\"article:published_time\" content=\"2015-12-04T04:29:10+00:00\" \/>\n<meta property=\"og:image\" content=\"http:\/\/www.lospoliticosveracruz.com.mx\/wp-content\/uploads\/2015\/12\/Javier-Duarte-300x205.jpg\" \/>\n<meta name=\"author\" content=\"Lo viste en Los Pol\u00edticos\" \/>\n<meta name=\"twitter:card\" content=\"summary_large_image\" \/>\n<meta name=\"twitter:creator\" content=\"@LosPoliticosVer\" \/>\n<meta name=\"twitter:site\" content=\"@LosPoliticosVer\" \/>\n<meta name=\"twitter:label1\" content=\"Escrito por\" \/>\n\t<meta name=\"twitter:data1\" content=\"Lo viste en Los Pol\u00edticos\" \/>\n\t<meta name=\"twitter:label2\" content=\"Tiempo de lectura\" \/>\n\t<meta name=\"twitter:data2\" content=\"6 minutos\" \/>\n<script type=\"application\/ld+json\" class=\"yoast-schema-graph\">{\"@context\":\"https:\\\/\\\/schema.org\",\"@graph\":[{\"@type\":\"Article\",\"@id\":\"https:\\\/\\\/lospoliticosveracruz.com\\\/?p=19586#article\",\"isPartOf\":{\"@id\":\"https:\\\/\\\/lospoliticosveracruz.com\\\/?p=19586\"},\"author\":{\"name\":\"Lo viste en Los Pol\u00edticos\",\"@id\":\"https:\\\/\\\/lospoliticosveracruz.com\\\/#\\\/schema\\\/person\\\/b8702bb0e538456e6efd07080bf2a4a2\"},\"headline\":\"Duarte, el padre\",\"datePublished\":\"2015-12-04T04:29:10+00:00\",\"mainEntityOfPage\":{\"@id\":\"https:\\\/\\\/lospoliticosveracruz.com\\\/?p=19586\"},\"wordCount\":1203,\"commentCount\":0,\"publisher\":{\"@id\":\"https:\\\/\\\/lospoliticosveracruz.com\\\/#organization\"},\"image\":{\"@id\":\"https:\\\/\\\/lospoliticosveracruz.com\\\/?p=19586#primaryimage\"},\"thumbnailUrl\":\"http:\\\/\\\/www.lospoliticosveracruz.com.mx\\\/wp-content\\\/uploads\\\/2015\\\/12\\\/Javier-Duarte-300x205.jpg\",\"keywords\":[\"Javier Duarte de Ochoa\"],\"articleSection\":[\"De Opini\u00f3n\"],\"inLanguage\":\"es\",\"potentialAction\":[{\"@type\":\"CommentAction\",\"name\":\"Comment\",\"target\":[\"https:\\\/\\\/lospoliticosveracruz.com\\\/?p=19586#respond\"]}]},{\"@type\":\"WebPage\",\"@id\":\"https:\\\/\\\/lospoliticosveracruz.com\\\/?p=19586\",\"url\":\"https:\\\/\\\/lospoliticosveracruz.com\\\/?p=19586\",\"name\":\"Duarte, el padre - Los pol\u00edticos Veracruz\",\"isPartOf\":{\"@id\":\"https:\\\/\\\/lospoliticosveracruz.com\\\/#website\"},\"primaryImageOfPage\":{\"@id\":\"https:\\\/\\\/lospoliticosveracruz.com\\\/?p=19586#primaryimage\"},\"image\":{\"@id\":\"https:\\\/\\\/lospoliticosveracruz.com\\\/?p=19586#primaryimage\"},\"thumbnailUrl\":\"http:\\\/\\\/www.lospoliticosveracruz.com.mx\\\/wp-content\\\/uploads\\\/2015\\\/12\\\/Javier-Duarte-300x205.jpg\",\"datePublished\":\"2015-12-04T04:29:10+00:00\",\"breadcrumb\":{\"@id\":\"https:\\\/\\\/lospoliticosveracruz.com\\\/?p=19586#breadcrumb\"},\"inLanguage\":\"es\",\"potentialAction\":[{\"@type\":\"ReadAction\",\"target\":[\"https:\\\/\\\/lospoliticosveracruz.com\\\/?p=19586\"]}]},{\"@type\":\"ImageObject\",\"inLanguage\":\"es\",\"@id\":\"https:\\\/\\\/lospoliticosveracruz.com\\\/?p=19586#primaryimage\",\"url\":\"http:\\\/\\\/www.lospoliticosveracruz.com.mx\\\/wp-content\\\/uploads\\\/2015\\\/12\\\/Javier-Duarte-300x205.jpg\",\"contentUrl\":\"http:\\\/\\\/www.lospoliticosveracruz.com.mx\\\/wp-content\\\/uploads\\\/2015\\\/12\\\/Javier-Duarte-300x205.jpg\"},{\"@type\":\"BreadcrumbList\",\"@id\":\"https:\\\/\\\/lospoliticosveracruz.com\\\/?p=19586#breadcrumb\",\"itemListElement\":[{\"@type\":\"ListItem\",\"position\":1,\"name\":\"Portada\",\"item\":\"https:\\\/\\\/lospoliticosveracruz.com\\\/\"},{\"@type\":\"ListItem\",\"position\":2,\"name\":\"Duarte, el padre\"}]},{\"@type\":\"WebSite\",\"@id\":\"https:\\\/\\\/lospoliticosveracruz.com\\\/#website\",\"url\":\"https:\\\/\\\/lospoliticosveracruz.com\\\/\",\"name\":\"Los pol\u00edticos Veracruz\",\"description\":\"\",\"publisher\":{\"@id\":\"https:\\\/\\\/lospoliticosveracruz.com\\\/#organization\"},\"potentialAction\":[{\"@type\":\"SearchAction\",\"target\":{\"@type\":\"EntryPoint\",\"urlTemplate\":\"https:\\\/\\\/lospoliticosveracruz.com\\\/?s={search_term_string}\"},\"query-input\":{\"@type\":\"PropertyValueSpecification\",\"valueRequired\":true,\"valueName\":\"search_term_string\"}}],\"inLanguage\":\"es\"},{\"@type\":\"Organization\",\"@id\":\"https:\\\/\\\/lospoliticosveracruz.com\\\/#organization\",\"name\":\"Los pol\u00edticos Veracruz\",\"url\":\"https:\\\/\\\/lospoliticosveracruz.com\\\/\",\"logo\":{\"@type\":\"ImageObject\",\"inLanguage\":\"es\",\"@id\":\"https:\\\/\\\/lospoliticosveracruz.com\\\/#\\\/schema\\\/logo\\\/image\\\/\",\"url\":\"https:\\\/\\\/lospoliticosveracruz.com\\\/wp-content\\\/uploads\\\/2025\\\/12\\\/Logo-Nuevo-LOS-POLITICOS-1.jpg\",\"contentUrl\":\"https:\\\/\\\/lospoliticosveracruz.com\\\/wp-content\\\/uploads\\\/2025\\\/12\\\/Logo-Nuevo-LOS-POLITICOS-1.jpg\",\"width\":260,\"height\":70,\"caption\":\"Los pol\u00edticos Veracruz\"},\"image\":{\"@id\":\"https:\\\/\\\/lospoliticosveracruz.com\\\/#\\\/schema\\\/logo\\\/image\\\/\"},\"sameAs\":[\"https:\\\/\\\/www.facebook.com\\\/people\\\/Notimemes-de-los-Polticos\\\/61565672886568\\\/\",\"https:\\\/\\\/x.com\\\/LosPoliticosVer\"]},{\"@type\":\"Person\",\"@id\":\"https:\\\/\\\/lospoliticosveracruz.com\\\/#\\\/schema\\\/person\\\/b8702bb0e538456e6efd07080bf2a4a2\",\"name\":\"Lo viste en Los Pol\u00edticos\",\"image\":{\"@type\":\"ImageObject\",\"inLanguage\":\"es\",\"@id\":\"https:\\\/\\\/secure.gravatar.com\\\/avatar\\\/3a8de04a2656d44082be478bd6c086daa447c4651605818287b9532d3d0bd435?s=96&d=mm&r=g\",\"url\":\"https:\\\/\\\/secure.gravatar.com\\\/avatar\\\/3a8de04a2656d44082be478bd6c086daa447c4651605818287b9532d3d0bd435?s=96&d=mm&r=g\",\"contentUrl\":\"https:\\\/\\\/secure.gravatar.com\\\/avatar\\\/3a8de04a2656d44082be478bd6c086daa447c4651605818287b9532d3d0bd435?s=96&d=mm&r=g\",\"caption\":\"Lo viste en Los Pol\u00edticos\"},\"url\":\"https:\\\/\\\/lospoliticosveracruz.com\\\/?author=2\"}]}<\/script>\n<!-- \/ Yoast SEO plugin. -->","yoast_head_json":{"title":"Duarte, el padre - Los pol\u00edticos Veracruz","robots":{"index":"index","follow":"follow","max-snippet":"max-snippet:-1","max-image-preview":"max-image-preview:large","max-video-preview":"max-video-preview:-1"},"canonical":"https:\/\/lospoliticosveracruz.com\/?p=19586","og_locale":"es_ES","og_type":"article","og_title":"Duarte, el padre - Los pol\u00edticos Veracruz","og_description":"Brenda Caballero N\u00fameros Rojos \u201cPap\u00e1, as\u00ed es como nos gusta vivir\u201d, le dicen sus hijos a Javier Duarte cuando van a la casa de la mam\u00e1 del gobernador, en C\u00f3rdoba, y est\u00e1n todos juntos, en una \u201ccasa normal\u201d. S\u00e9 que sonar\u00e1 extra\u00f1o y no dudo que hasta cr\u00edticas se den, pero el gobernador cuenta que [&hellip;]","og_url":"https:\/\/lospoliticosveracruz.com\/?p=19586","og_site_name":"Los pol\u00edticos Veracruz","article_publisher":"https:\/\/www.facebook.com\/people\/Notimemes-de-los-Polticos\/61565672886568\/","article_published_time":"2015-12-04T04:29:10+00:00","og_image":[{"url":"http:\/\/www.lospoliticosveracruz.com.mx\/wp-content\/uploads\/2015\/12\/Javier-Duarte-300x205.jpg","type":"","width":"","height":""}],"author":"Lo viste en Los Pol\u00edticos","twitter_card":"summary_large_image","twitter_creator":"@LosPoliticosVer","twitter_site":"@LosPoliticosVer","twitter_misc":{"Escrito por":"Lo viste en Los Pol\u00edticos","Tiempo de lectura":"6 minutos"},"schema":{"@context":"https:\/\/schema.org","@graph":[{"@type":"Article","@id":"https:\/\/lospoliticosveracruz.com\/?p=19586#article","isPartOf":{"@id":"https:\/\/lospoliticosveracruz.com\/?p=19586"},"author":{"name":"Lo viste en Los Pol\u00edticos","@id":"https:\/\/lospoliticosveracruz.com\/#\/schema\/person\/b8702bb0e538456e6efd07080bf2a4a2"},"headline":"Duarte, el padre","datePublished":"2015-12-04T04:29:10+00:00","mainEntityOfPage":{"@id":"https:\/\/lospoliticosveracruz.com\/?p=19586"},"wordCount":1203,"commentCount":0,"publisher":{"@id":"https:\/\/lospoliticosveracruz.com\/#organization"},"image":{"@id":"https:\/\/lospoliticosveracruz.com\/?p=19586#primaryimage"},"thumbnailUrl":"http:\/\/www.lospoliticosveracruz.com.mx\/wp-content\/uploads\/2015\/12\/Javier-Duarte-300x205.jpg","keywords":["Javier Duarte de Ochoa"],"articleSection":["De Opini\u00f3n"],"inLanguage":"es","potentialAction":[{"@type":"CommentAction","name":"Comment","target":["https:\/\/lospoliticosveracruz.com\/?p=19586#respond"]}]},{"@type":"WebPage","@id":"https:\/\/lospoliticosveracruz.com\/?p=19586","url":"https:\/\/lospoliticosveracruz.com\/?p=19586","name":"Duarte, el padre - Los pol\u00edticos Veracruz","isPartOf":{"@id":"https:\/\/lospoliticosveracruz.com\/#website"},"primaryImageOfPage":{"@id":"https:\/\/lospoliticosveracruz.com\/?p=19586#primaryimage"},"image":{"@id":"https:\/\/lospoliticosveracruz.com\/?p=19586#primaryimage"},"thumbnailUrl":"http:\/\/www.lospoliticosveracruz.com.mx\/wp-content\/uploads\/2015\/12\/Javier-Duarte-300x205.jpg","datePublished":"2015-12-04T04:29:10+00:00","breadcrumb":{"@id":"https:\/\/lospoliticosveracruz.com\/?p=19586#breadcrumb"},"inLanguage":"es","potentialAction":[{"@type":"ReadAction","target":["https:\/\/lospoliticosveracruz.com\/?p=19586"]}]},{"@type":"ImageObject","inLanguage":"es","@id":"https:\/\/lospoliticosveracruz.com\/?p=19586#primaryimage","url":"http:\/\/www.lospoliticosveracruz.com.mx\/wp-content\/uploads\/2015\/12\/Javier-Duarte-300x205.jpg","contentUrl":"http:\/\/www.lospoliticosveracruz.com.mx\/wp-content\/uploads\/2015\/12\/Javier-Duarte-300x205.jpg"},{"@type":"BreadcrumbList","@id":"https:\/\/lospoliticosveracruz.com\/?p=19586#breadcrumb","itemListElement":[{"@type":"ListItem","position":1,"name":"Portada","item":"https:\/\/lospoliticosveracruz.com\/"},{"@type":"ListItem","position":2,"name":"Duarte, el padre"}]},{"@type":"WebSite","@id":"https:\/\/lospoliticosveracruz.com\/#website","url":"https:\/\/lospoliticosveracruz.com\/","name":"Los pol\u00edticos Veracruz","description":"","publisher":{"@id":"https:\/\/lospoliticosveracruz.com\/#organization"},"potentialAction":[{"@type":"SearchAction","target":{"@type":"EntryPoint","urlTemplate":"https:\/\/lospoliticosveracruz.com\/?s={search_term_string}"},"query-input":{"@type":"PropertyValueSpecification","valueRequired":true,"valueName":"search_term_string"}}],"inLanguage":"es"},{"@type":"Organization","@id":"https:\/\/lospoliticosveracruz.com\/#organization","name":"Los pol\u00edticos Veracruz","url":"https:\/\/lospoliticosveracruz.com\/","logo":{"@type":"ImageObject","inLanguage":"es","@id":"https:\/\/lospoliticosveracruz.com\/#\/schema\/logo\/image\/","url":"https:\/\/lospoliticosveracruz.com\/wp-content\/uploads\/2025\/12\/Logo-Nuevo-LOS-POLITICOS-1.jpg","contentUrl":"https:\/\/lospoliticosveracruz.com\/wp-content\/uploads\/2025\/12\/Logo-Nuevo-LOS-POLITICOS-1.jpg","width":260,"height":70,"caption":"Los pol\u00edticos Veracruz"},"image":{"@id":"https:\/\/lospoliticosveracruz.com\/#\/schema\/logo\/image\/"},"sameAs":["https:\/\/www.facebook.com\/people\/Notimemes-de-los-Polticos\/61565672886568\/","https:\/\/x.com\/LosPoliticosVer"]},{"@type":"Person","@id":"https:\/\/lospoliticosveracruz.com\/#\/schema\/person\/b8702bb0e538456e6efd07080bf2a4a2","name":"Lo viste en Los Pol\u00edticos","image":{"@type":"ImageObject","inLanguage":"es","@id":"https:\/\/secure.gravatar.com\/avatar\/3a8de04a2656d44082be478bd6c086daa447c4651605818287b9532d3d0bd435?s=96&d=mm&r=g","url":"https:\/\/secure.gravatar.com\/avatar\/3a8de04a2656d44082be478bd6c086daa447c4651605818287b9532d3d0bd435?s=96&d=mm&r=g","contentUrl":"https:\/\/secure.gravatar.com\/avatar\/3a8de04a2656d44082be478bd6c086daa447c4651605818287b9532d3d0bd435?s=96&d=mm&r=g","caption":"Lo viste en Los Pol\u00edticos"},"url":"https:\/\/lospoliticosveracruz.com\/?author=2"}]}},"_links":{"self":[{"href":"https:\/\/lospoliticosveracruz.com\/index.php?rest_route=\/wp\/v2\/posts\/19586","targetHints":{"allow":["GET"]}}],"collection":[{"href":"https:\/\/lospoliticosveracruz.com\/index.php?rest_route=\/wp\/v2\/posts"}],"about":[{"href":"https:\/\/lospoliticosveracruz.com\/index.php?rest_route=\/wp\/v2\/types\/post"}],"author":[{"embeddable":true,"href":"https:\/\/lospoliticosveracruz.com\/index.php?rest_route=\/wp\/v2\/users\/2"}],"replies":[{"embeddable":true,"href":"https:\/\/lospoliticosveracruz.com\/index.php?rest_route=%2Fwp%2Fv2%2Fcomments&post=19586"}],"version-history":[{"count":1,"href":"https:\/\/lospoliticosveracruz.com\/index.php?rest_route=\/wp\/v2\/posts\/19586\/revisions"}],"predecessor-version":[{"id":19588,"href":"https:\/\/lospoliticosveracruz.com\/index.php?rest_route=\/wp\/v2\/posts\/19586\/revisions\/19588"}],"wp:attachment":[{"href":"https:\/\/lospoliticosveracruz.com\/index.php?rest_route=%2Fwp%2Fv2%2Fmedia&parent=19586"}],"wp:term":[{"taxonomy":"category","embeddable":true,"href":"https:\/\/lospoliticosveracruz.com\/index.php?rest_route=%2Fwp%2Fv2%2Fcategories&post=19586"},{"taxonomy":"post_tag","embeddable":true,"href":"https:\/\/lospoliticosveracruz.com\/index.php?rest_route=%2Fwp%2Fv2%2Ftags&post=19586"}],"curies":[{"name":"wp","href":"https:\/\/api.w.org\/{rel}","templated":true}]}}