{"id":19631,"date":"2015-12-06T22:17:59","date_gmt":"2015-12-07T04:17:59","guid":{"rendered":"http:\/\/www.lospoliticosveracruz.com.mx\/?p=19631"},"modified":"2015-12-06T22:17:59","modified_gmt":"2015-12-07T04:17:59","slug":"los-yunes-si-estan-de-acuerdo","status":"publish","type":"post","link":"https:\/\/lospoliticosveracruz.com\/?p=19631","title":{"rendered":"Los Yunes s\u00ed est\u00e1n de acuerdo"},"content":{"rendered":"<p><a href=\"http:\/\/www.lospoliticosveracruz.com.mx\/wp-content\/uploads\/2014\/12\/Duarte-H\u00e9ctor-Pepe.jpg\"><img loading=\"lazy\" decoding=\"async\" class=\"alignnone size-medium wp-image-14209\" src=\"http:\/\/www.lospoliticosveracruz.com.mx\/wp-content\/uploads\/2014\/12\/Duarte-H\u00e9ctor-Pepe-300x219.jpg\" alt=\"Duarte H\u00e9ctor Pepe\" width=\"300\" height=\"219\" \/><\/a><br \/>\n<strong>Salvador Mu\u00f1oz<\/strong><\/p>\n<p><em>Los Pol\u00edticos<\/em><\/p>\n<p>Al interior del PRI, se viv\u00eda una lucha interna. Dos militantes, dos priistas, un solo apellido se disputaban un cargo.<br \/>\nEl m\u00e1ximo jerarca se las puso f\u00e1cil: \u201cHablen entre ustedes, decidan entre ustedes y cuando se pongan de acuerdo, me avisan\u201d.<br \/>\nLos dos salieron y se reunieron en un restaurante. Platicaron y conversaron, si bien, con las ganas propias de ser el triunfador, pero con cierto dejo de respeto.<br \/>\n\u00bfQu\u00e9 pas\u00f3? \u00a1Nada! No se pusieron de acuerdo.<br \/>\nLa breve historia que narro data de 2001, cuando se disputaban Am\u00e9rico Z\u00fa\u00f1iga Mart\u00ednez y Rodolfo Z\u00fa\u00f1iga Hern\u00e1ndez la dirigencia del Frente Juvenil Revolucionario en Veracruz.<br \/>\nSi bien llevan el mismo apellido, no son familiares, pero les endilgan que son \u201cprimos\u201d. Sus padres, eso s\u00ed, fueron muy unidos y trabajaron juntos durante muchos a\u00f1os.<br \/>\nII<br \/>\nDe esa an\u00e9cdota de la disputa por un lugar entre dos apellidos comunes al interior del PRI a la fecha, hay quince a\u00f1os de distancia, y guardando las proporciones, hoy se encuentran dos apellidos en similares condiciones\u2026 aunque con algunas ligeras diferencias.<br \/>\nSi bien es cierto que Javier Duarte de Ochoa coment\u00f3 que el Presidente le hizo un encargo, creo que a muchos les debe quedar en claro cu\u00e1l es la responsabilidad que debe tener el Primer Priista de Veracruz en la contienda electoral que se avecina en el estado.<br \/>\nDecidir qui\u00e9n debe ser el candidato no es tarea \u00fanica del Gobernador. Se quiera o no, injerencia deber\u00e1 tener el dirigente nacional como dem\u00e1s sectores fuertes en el PRI estatal as\u00ed como los mismos senadores que por ser quienes llevan mano en esta disputa, deber\u00e1n ser parte esencial en el momento de la decisi\u00f3n final.<br \/>\nConcluyendo: la verdadera responsabilidad del Gobernador, como primer priista, es sacar adelante la elecci\u00f3n con un triunfo del PRI, sea quien sea su candidato.<br \/>\nIII<br \/>\nSan Juli\u00e1n, el Informe de Pepe Yunes y recientemente V\u00eda Veracruzana, s\u00f3lo reflejan la primera parte que se pretende desde el Altiplano para Veracruz: fortalecer al PRI y con ello, resguardar la imagen del gobernador bajo el concepto de Unidad e Inclusi\u00f3n; por ello, no extra\u00f1a que los discursos de los senadores \u201chayan bajado dos rayitas\u201d&#8230; al menos ante los medios de difusi\u00f3n porque es seguro que fuera de ellos, a donde no llegan los reporteros en sus recorridos, han de mantener ese mensaje duro.<br \/>\nEra comprensible:Madrear a Duarte es madrear al PRI, y madrear al PRI es madrear a Enrique Pe\u00f1a Nieto\u2026 la cadena es imposible negar.<br \/>\nSi bien, el discurso duro de los Yunes puede acarrear simpat\u00edas, a la hora de ver la boleta (si alguno de ellos es candidato), su figura estar\u00e1 respaldada por el PRI, instituci\u00f3n que con chanfle, se quiera o no, de refil\u00f3n, madreaban.<br \/>\nPor eso, la Unidad y la Inclusi\u00f3n, que los \u00fanicos que no han entendido, al parecer, son algunos seguidores de Pepe, porque los de H\u00e9ctor se reservan y no exhiben v\u00edsceras.<br \/>\nIV<br \/>\n\u00bfPero, cu\u00e1l es la ventaja de los Senadores? Que a diferencia de lo que aconteci\u00f3 con los Z\u00fa\u00f1iga del 2001, que no se pusieron de acuerdo, \u00a1los Yunes s\u00ed est\u00e1n de acuerdo! Adem\u00e1s, se diga misa, aqu\u00ed vale la pena comentar que H\u00e9ctor Yunes Landa tiene raz\u00f3n en una cosa: \u00a1Nom\u00e1s hay de dos sopas!<br \/>\nLuego entonces, este \u201cimpasse\u201d en que han ca\u00eddo los Senadores es l\u00f3gico y m\u00e1s comprensible. No bajar\u00e1n la guardia. Seguir\u00e1n recorriendo el estado. La promoci\u00f3n de su imagen estar\u00e1 latente por cualquier medio. Pero \u201ctendr\u00e1n que bajarle dos rayitas\u201d a su discurso en eso de patear el pesebre, porque tanto H\u00e9ctor, Pepe, Javier y el mismo Silva, conocen el final de la historia de esos Z\u00fa\u00f1iga que no pudieron ponerse de acuerdo.<br \/>\nV<br \/>\nCuando al final, Carlos Brito G\u00f3mez llam\u00f3 a Am\u00e9rico y Rodolfo y les pregunt\u00f3 qui\u00e9n iba a ser el dirigente del Frente Juvenil Revolucionario, y ambos dijeron que a\u00fan no se pon\u00edan de acuerdo, el presidente del PRI veracruzano se sac\u00f3 de la manga a un l\u00edder juvenil: Miguel Mac\u00edas Parra, y entonces se les fue la oportunidad a los dos Z\u00fa\u00f1iga.<br \/>\nAunque aqu\u00ed, en la actualidad, se insiste, los dos Yunes est\u00e1n de acuerdo y si nos atenemos a la historia, bastar\u00eda decir: \u00a1Aguas, Javier! \u00a1aguas, PRI! porque si no sabes decidir, \u00a1qu\u00e9 tal si al final, el gan\u00f3n es otro Miguel!<\/p>\n<p>smcainito@gmail.com<\/p>\n","protected":false},"excerpt":{"rendered":"<p>Salvador Mu\u00f1oz Los Pol\u00edticos Al interior del PRI, se viv\u00eda una lucha interna. Dos militantes, dos priistas, un solo apellido se disputaban un cargo. El m\u00e1ximo jerarca se las puso f\u00e1cil: \u201cHablen entre ustedes, decidan entre ustedes y cuando se pongan de acuerdo, me avisan\u201d. Los dos salieron y se reunieron en un restaurante. Platicaron [&hellip;]<\/p>\n","protected":false},"author":2,"featured_media":0,"comment_status":"open","ping_status":"open","sticky":false,"template":"","format":"standard","meta":{"tdm_status":"","tdm_grid_status":"","footnotes":""},"categories":[70],"tags":[539,1320,4290,260,4293,251,4291],"class_list":{"0":"post-19631","1":"post","2":"type-post","3":"status-publish","4":"format-standard","6":"category-de-opinion","7":"tag-americo-zuniga-martinez","8":"tag-carlos-brito-gomez","9":"tag-fjr","10":"tag-javier-duarte-de-ochoa","11":"tag-miguel-macias-parra","12":"tag-pri","13":"tag-rodolfo-zuniga-hernandez"},"yoast_head":"<!-- This site is optimized with the Yoast SEO plugin v27.4 - https:\/\/yoast.com\/product\/yoast-seo-wordpress\/ -->\n<title>Los Yunes s\u00ed est\u00e1n de acuerdo - Los pol\u00edticos Veracruz<\/title>\n<meta name=\"robots\" content=\"index, follow, max-snippet:-1, max-image-preview:large, max-video-preview:-1\" \/>\n<link rel=\"canonical\" href=\"https:\/\/lospoliticosveracruz.com\/?p=19631\" \/>\n<meta property=\"og:locale\" content=\"es_ES\" \/>\n<meta property=\"og:type\" content=\"article\" \/>\n<meta property=\"og:title\" content=\"Los Yunes s\u00ed est\u00e1n de acuerdo - Los pol\u00edticos Veracruz\" \/>\n<meta property=\"og:description\" content=\"Salvador Mu\u00f1oz Los Pol\u00edticos Al interior del PRI, se viv\u00eda una lucha interna. Dos militantes, dos priistas, un solo apellido se disputaban un cargo. El m\u00e1ximo jerarca se las puso f\u00e1cil: \u201cHablen entre ustedes, decidan entre ustedes y cuando se pongan de acuerdo, me avisan\u201d. Los dos salieron y se reunieron en un restaurante. Platicaron [&hellip;]\" \/>\n<meta property=\"og:url\" content=\"https:\/\/lospoliticosveracruz.com\/?p=19631\" \/>\n<meta property=\"og:site_name\" content=\"Los pol\u00edticos Veracruz\" \/>\n<meta property=\"article:publisher\" content=\"https:\/\/www.facebook.com\/people\/Notimemes-de-los-Polticos\/61565672886568\/\" \/>\n<meta property=\"article:published_time\" content=\"2015-12-07T04:17:59+00:00\" \/>\n<meta property=\"og:image\" content=\"https:\/\/lospoliticosveracruz.com\/wp-content\/uploads\/2016\/07\/Logo-Dor.jpg\" \/>\n\t<meta property=\"og:image:width\" content=\"200\" \/>\n\t<meta property=\"og:image:height\" content=\"200\" \/>\n\t<meta property=\"og:image:type\" content=\"image\/jpeg\" \/>\n<meta name=\"author\" content=\"Lo viste en Los Pol\u00edticos\" \/>\n<meta name=\"twitter:card\" content=\"summary_large_image\" \/>\n<meta name=\"twitter:creator\" content=\"@LosPoliticosVer\" \/>\n<meta name=\"twitter:site\" content=\"@LosPoliticosVer\" \/>\n<meta name=\"twitter:label1\" content=\"Escrito por\" \/>\n\t<meta name=\"twitter:data1\" content=\"Lo viste en Los Pol\u00edticos\" \/>\n\t<meta name=\"twitter:label2\" content=\"Tiempo de lectura\" \/>\n\t<meta name=\"twitter:data2\" content=\"4 minutos\" \/>\n<script type=\"application\/ld+json\" class=\"yoast-schema-graph\">{\"@context\":\"https:\\\/\\\/schema.org\",\"@graph\":[{\"@type\":\"Article\",\"@id\":\"https:\\\/\\\/lospoliticosveracruz.com\\\/?p=19631#article\",\"isPartOf\":{\"@id\":\"https:\\\/\\\/lospoliticosveracruz.com\\\/?p=19631\"},\"author\":{\"name\":\"Lo viste en Los Pol\u00edticos\",\"@id\":\"https:\\\/\\\/lospoliticosveracruz.com\\\/#\\\/schema\\\/person\\\/b8702bb0e538456e6efd07080bf2a4a2\"},\"headline\":\"Los Yunes s\u00ed est\u00e1n de acuerdo\",\"datePublished\":\"2015-12-07T04:17:59+00:00\",\"mainEntityOfPage\":{\"@id\":\"https:\\\/\\\/lospoliticosveracruz.com\\\/?p=19631\"},\"wordCount\":787,\"commentCount\":0,\"publisher\":{\"@id\":\"https:\\\/\\\/lospoliticosveracruz.com\\\/#organization\"},\"keywords\":[\"Am\u00e9rico Z\u00fa\u00f1iga Mart\u00ednez\",\"Carlos Brito G\u00f3mez\",\"FJR\",\"Javier Duarte de Ochoa\",\"Miguel Mac\u00edas Parra\",\"PRI\",\"Rodolfo Z\u00fa\u00f1iga Hern\u00e1ndez\"],\"articleSection\":[\"De Opini\u00f3n\"],\"inLanguage\":\"es\",\"potentialAction\":[{\"@type\":\"CommentAction\",\"name\":\"Comment\",\"target\":[\"https:\\\/\\\/lospoliticosveracruz.com\\\/?p=19631#respond\"]}]},{\"@type\":\"WebPage\",\"@id\":\"https:\\\/\\\/lospoliticosveracruz.com\\\/?p=19631\",\"url\":\"https:\\\/\\\/lospoliticosveracruz.com\\\/?p=19631\",\"name\":\"Los Yunes s\u00ed est\u00e1n de acuerdo - Los pol\u00edticos Veracruz\",\"isPartOf\":{\"@id\":\"https:\\\/\\\/lospoliticosveracruz.com\\\/#website\"},\"datePublished\":\"2015-12-07T04:17:59+00:00\",\"breadcrumb\":{\"@id\":\"https:\\\/\\\/lospoliticosveracruz.com\\\/?p=19631#breadcrumb\"},\"inLanguage\":\"es\",\"potentialAction\":[{\"@type\":\"ReadAction\",\"target\":[\"https:\\\/\\\/lospoliticosveracruz.com\\\/?p=19631\"]}]},{\"@type\":\"BreadcrumbList\",\"@id\":\"https:\\\/\\\/lospoliticosveracruz.com\\\/?p=19631#breadcrumb\",\"itemListElement\":[{\"@type\":\"ListItem\",\"position\":1,\"name\":\"Portada\",\"item\":\"https:\\\/\\\/lospoliticosveracruz.com\\\/\"},{\"@type\":\"ListItem\",\"position\":2,\"name\":\"Los Yunes s\u00ed est\u00e1n de acuerdo\"}]},{\"@type\":\"WebSite\",\"@id\":\"https:\\\/\\\/lospoliticosveracruz.com\\\/#website\",\"url\":\"https:\\\/\\\/lospoliticosveracruz.com\\\/\",\"name\":\"Los pol\u00edticos Veracruz\",\"description\":\"\",\"publisher\":{\"@id\":\"https:\\\/\\\/lospoliticosveracruz.com\\\/#organization\"},\"potentialAction\":[{\"@type\":\"SearchAction\",\"target\":{\"@type\":\"EntryPoint\",\"urlTemplate\":\"https:\\\/\\\/lospoliticosveracruz.com\\\/?s={search_term_string}\"},\"query-input\":{\"@type\":\"PropertyValueSpecification\",\"valueRequired\":true,\"valueName\":\"search_term_string\"}}],\"inLanguage\":\"es\"},{\"@type\":\"Organization\",\"@id\":\"https:\\\/\\\/lospoliticosveracruz.com\\\/#organization\",\"name\":\"Los pol\u00edticos Veracruz\",\"url\":\"https:\\\/\\\/lospoliticosveracruz.com\\\/\",\"logo\":{\"@type\":\"ImageObject\",\"inLanguage\":\"es\",\"@id\":\"https:\\\/\\\/lospoliticosveracruz.com\\\/#\\\/schema\\\/logo\\\/image\\\/\",\"url\":\"https:\\\/\\\/lospoliticosveracruz.com\\\/wp-content\\\/uploads\\\/2025\\\/12\\\/Logo-Nuevo-LOS-POLITICOS-1.jpg\",\"contentUrl\":\"https:\\\/\\\/lospoliticosveracruz.com\\\/wp-content\\\/uploads\\\/2025\\\/12\\\/Logo-Nuevo-LOS-POLITICOS-1.jpg\",\"width\":260,\"height\":70,\"caption\":\"Los pol\u00edticos Veracruz\"},\"image\":{\"@id\":\"https:\\\/\\\/lospoliticosveracruz.com\\\/#\\\/schema\\\/logo\\\/image\\\/\"},\"sameAs\":[\"https:\\\/\\\/www.facebook.com\\\/people\\\/Notimemes-de-los-Polticos\\\/61565672886568\\\/\",\"https:\\\/\\\/x.com\\\/LosPoliticosVer\"]},{\"@type\":\"Person\",\"@id\":\"https:\\\/\\\/lospoliticosveracruz.com\\\/#\\\/schema\\\/person\\\/b8702bb0e538456e6efd07080bf2a4a2\",\"name\":\"Lo viste en Los Pol\u00edticos\",\"image\":{\"@type\":\"ImageObject\",\"inLanguage\":\"es\",\"@id\":\"https:\\\/\\\/secure.gravatar.com\\\/avatar\\\/3a8de04a2656d44082be478bd6c086daa447c4651605818287b9532d3d0bd435?s=96&d=mm&r=g\",\"url\":\"https:\\\/\\\/secure.gravatar.com\\\/avatar\\\/3a8de04a2656d44082be478bd6c086daa447c4651605818287b9532d3d0bd435?s=96&d=mm&r=g\",\"contentUrl\":\"https:\\\/\\\/secure.gravatar.com\\\/avatar\\\/3a8de04a2656d44082be478bd6c086daa447c4651605818287b9532d3d0bd435?s=96&d=mm&r=g\",\"caption\":\"Lo viste en Los Pol\u00edticos\"},\"url\":\"https:\\\/\\\/lospoliticosveracruz.com\\\/?author=2\"}]}<\/script>\n<!-- \/ Yoast SEO plugin. -->","yoast_head_json":{"title":"Los Yunes s\u00ed est\u00e1n de acuerdo - Los pol\u00edticos Veracruz","robots":{"index":"index","follow":"follow","max-snippet":"max-snippet:-1","max-image-preview":"max-image-preview:large","max-video-preview":"max-video-preview:-1"},"canonical":"https:\/\/lospoliticosveracruz.com\/?p=19631","og_locale":"es_ES","og_type":"article","og_title":"Los Yunes s\u00ed est\u00e1n de acuerdo - Los pol\u00edticos Veracruz","og_description":"Salvador Mu\u00f1oz Los Pol\u00edticos Al interior del PRI, se viv\u00eda una lucha interna. Dos militantes, dos priistas, un solo apellido se disputaban un cargo. El m\u00e1ximo jerarca se las puso f\u00e1cil: \u201cHablen entre ustedes, decidan entre ustedes y cuando se pongan de acuerdo, me avisan\u201d. Los dos salieron y se reunieron en un restaurante. Platicaron [&hellip;]","og_url":"https:\/\/lospoliticosveracruz.com\/?p=19631","og_site_name":"Los pol\u00edticos Veracruz","article_publisher":"https:\/\/www.facebook.com\/people\/Notimemes-de-los-Polticos\/61565672886568\/","article_published_time":"2015-12-07T04:17:59+00:00","og_image":[{"width":200,"height":200,"url":"https:\/\/lospoliticosveracruz.com\/wp-content\/uploads\/2016\/07\/Logo-Dor.jpg","type":"image\/jpeg"}],"author":"Lo viste en Los Pol\u00edticos","twitter_card":"summary_large_image","twitter_creator":"@LosPoliticosVer","twitter_site":"@LosPoliticosVer","twitter_misc":{"Escrito por":"Lo viste en Los Pol\u00edticos","Tiempo de lectura":"4 minutos"},"schema":{"@context":"https:\/\/schema.org","@graph":[{"@type":"Article","@id":"https:\/\/lospoliticosveracruz.com\/?p=19631#article","isPartOf":{"@id":"https:\/\/lospoliticosveracruz.com\/?p=19631"},"author":{"name":"Lo viste en Los Pol\u00edticos","@id":"https:\/\/lospoliticosveracruz.com\/#\/schema\/person\/b8702bb0e538456e6efd07080bf2a4a2"},"headline":"Los Yunes s\u00ed est\u00e1n de acuerdo","datePublished":"2015-12-07T04:17:59+00:00","mainEntityOfPage":{"@id":"https:\/\/lospoliticosveracruz.com\/?p=19631"},"wordCount":787,"commentCount":0,"publisher":{"@id":"https:\/\/lospoliticosveracruz.com\/#organization"},"keywords":["Am\u00e9rico Z\u00fa\u00f1iga Mart\u00ednez","Carlos Brito G\u00f3mez","FJR","Javier Duarte de Ochoa","Miguel Mac\u00edas Parra","PRI","Rodolfo Z\u00fa\u00f1iga Hern\u00e1ndez"],"articleSection":["De Opini\u00f3n"],"inLanguage":"es","potentialAction":[{"@type":"CommentAction","name":"Comment","target":["https:\/\/lospoliticosveracruz.com\/?p=19631#respond"]}]},{"@type":"WebPage","@id":"https:\/\/lospoliticosveracruz.com\/?p=19631","url":"https:\/\/lospoliticosveracruz.com\/?p=19631","name":"Los Yunes s\u00ed est\u00e1n de acuerdo - Los pol\u00edticos Veracruz","isPartOf":{"@id":"https:\/\/lospoliticosveracruz.com\/#website"},"datePublished":"2015-12-07T04:17:59+00:00","breadcrumb":{"@id":"https:\/\/lospoliticosveracruz.com\/?p=19631#breadcrumb"},"inLanguage":"es","potentialAction":[{"@type":"ReadAction","target":["https:\/\/lospoliticosveracruz.com\/?p=19631"]}]},{"@type":"BreadcrumbList","@id":"https:\/\/lospoliticosveracruz.com\/?p=19631#breadcrumb","itemListElement":[{"@type":"ListItem","position":1,"name":"Portada","item":"https:\/\/lospoliticosveracruz.com\/"},{"@type":"ListItem","position":2,"name":"Los Yunes s\u00ed est\u00e1n de acuerdo"}]},{"@type":"WebSite","@id":"https:\/\/lospoliticosveracruz.com\/#website","url":"https:\/\/lospoliticosveracruz.com\/","name":"Los pol\u00edticos Veracruz","description":"","publisher":{"@id":"https:\/\/lospoliticosveracruz.com\/#organization"},"potentialAction":[{"@type":"SearchAction","target":{"@type":"EntryPoint","urlTemplate":"https:\/\/lospoliticosveracruz.com\/?s={search_term_string}"},"query-input":{"@type":"PropertyValueSpecification","valueRequired":true,"valueName":"search_term_string"}}],"inLanguage":"es"},{"@type":"Organization","@id":"https:\/\/lospoliticosveracruz.com\/#organization","name":"Los pol\u00edticos Veracruz","url":"https:\/\/lospoliticosveracruz.com\/","logo":{"@type":"ImageObject","inLanguage":"es","@id":"https:\/\/lospoliticosveracruz.com\/#\/schema\/logo\/image\/","url":"https:\/\/lospoliticosveracruz.com\/wp-content\/uploads\/2025\/12\/Logo-Nuevo-LOS-POLITICOS-1.jpg","contentUrl":"https:\/\/lospoliticosveracruz.com\/wp-content\/uploads\/2025\/12\/Logo-Nuevo-LOS-POLITICOS-1.jpg","width":260,"height":70,"caption":"Los pol\u00edticos Veracruz"},"image":{"@id":"https:\/\/lospoliticosveracruz.com\/#\/schema\/logo\/image\/"},"sameAs":["https:\/\/www.facebook.com\/people\/Notimemes-de-los-Polticos\/61565672886568\/","https:\/\/x.com\/LosPoliticosVer"]},{"@type":"Person","@id":"https:\/\/lospoliticosveracruz.com\/#\/schema\/person\/b8702bb0e538456e6efd07080bf2a4a2","name":"Lo viste en Los Pol\u00edticos","image":{"@type":"ImageObject","inLanguage":"es","@id":"https:\/\/secure.gravatar.com\/avatar\/3a8de04a2656d44082be478bd6c086daa447c4651605818287b9532d3d0bd435?s=96&d=mm&r=g","url":"https:\/\/secure.gravatar.com\/avatar\/3a8de04a2656d44082be478bd6c086daa447c4651605818287b9532d3d0bd435?s=96&d=mm&r=g","contentUrl":"https:\/\/secure.gravatar.com\/avatar\/3a8de04a2656d44082be478bd6c086daa447c4651605818287b9532d3d0bd435?s=96&d=mm&r=g","caption":"Lo viste en Los Pol\u00edticos"},"url":"https:\/\/lospoliticosveracruz.com\/?author=2"}]}},"_links":{"self":[{"href":"https:\/\/lospoliticosveracruz.com\/index.php?rest_route=\/wp\/v2\/posts\/19631","targetHints":{"allow":["GET"]}}],"collection":[{"href":"https:\/\/lospoliticosveracruz.com\/index.php?rest_route=\/wp\/v2\/posts"}],"about":[{"href":"https:\/\/lospoliticosveracruz.com\/index.php?rest_route=\/wp\/v2\/types\/post"}],"author":[{"embeddable":true,"href":"https:\/\/lospoliticosveracruz.com\/index.php?rest_route=\/wp\/v2\/users\/2"}],"replies":[{"embeddable":true,"href":"https:\/\/lospoliticosveracruz.com\/index.php?rest_route=%2Fwp%2Fv2%2Fcomments&post=19631"}],"version-history":[{"count":1,"href":"https:\/\/lospoliticosveracruz.com\/index.php?rest_route=\/wp\/v2\/posts\/19631\/revisions"}],"predecessor-version":[{"id":19632,"href":"https:\/\/lospoliticosveracruz.com\/index.php?rest_route=\/wp\/v2\/posts\/19631\/revisions\/19632"}],"wp:attachment":[{"href":"https:\/\/lospoliticosveracruz.com\/index.php?rest_route=%2Fwp%2Fv2%2Fmedia&parent=19631"}],"wp:term":[{"taxonomy":"category","embeddable":true,"href":"https:\/\/lospoliticosveracruz.com\/index.php?rest_route=%2Fwp%2Fv2%2Fcategories&post=19631"},{"taxonomy":"post_tag","embeddable":true,"href":"https:\/\/lospoliticosveracruz.com\/index.php?rest_route=%2Fwp%2Fv2%2Ftags&post=19631"}],"curies":[{"name":"wp","href":"https:\/\/api.w.org\/{rel}","templated":true}]}}