{"id":19742,"date":"2015-12-10T21:37:26","date_gmt":"2015-12-11T03:37:26","guid":{"rendered":"http:\/\/www.lospoliticosveracruz.com.mx\/?p=19742"},"modified":"2015-12-10T21:37:26","modified_gmt":"2015-12-11T03:37:26","slug":"pt-en-busca-de-candidato","status":"publish","type":"post","link":"https:\/\/lospoliticosveracruz.com\/?p=19742","title":{"rendered":"PT, en busca de candidato"},"content":{"rendered":"<p><a href=\"http:\/\/www.lospoliticosveracruz.com.mx\/wp-content\/uploads\/2013\/11\/Fidel-Robles-Guadarrama.jpg\"><img loading=\"lazy\" decoding=\"async\" class=\"alignnone size-medium wp-image-10454\" src=\"http:\/\/www.lospoliticosveracruz.com.mx\/wp-content\/uploads\/2013\/11\/Fidel-Robles-Guadarrama-300x199.jpg\" alt=\"Fidel-Robles-Guadarrama\" width=\"300\" height=\"199\" \/><\/a><br \/>\n<strong>Luis Alberto Romero<\/strong><\/p>\n<p><em>Hora Cero<\/em><\/p>\n<p>Una vez que libr\u00f3 su principal problema, la amenaza de p\u00e9rdida de registro, el Partido del Trabajo comienza a organizarse para enfrentar el proceso electoral de 2016, cuando en Veracruz, al igual que en otras 12 entidades, habr\u00e1 elecciones locales.<br \/>\nEl resultado del Distrito 1 de Aguascalientes dio al Partido que encabeza Alberto Anaya los votos necesarios para no perder la categor\u00eda. El Partido Humanista no corri\u00f3 con la misma suerte.<br \/>\nEn esa elecci\u00f3n extraordinaria, el PT requer\u00eda de 5 mil 100 votos para conservar el registro y logr\u00f3 m\u00e1s de 14 mil; es un resultado que fue considerado por analistas pol\u00edticos como at\u00edpico, porque representa casi el 13 por ciento de la votaci\u00f3n total.<br \/>\nPor supuesto, el PT no estuvo ni cerca de los partidos punteros en ese proceso (la alianza PAN-Panal gan\u00f3 sin mayores complicaciones, con m\u00e1s de 48 mil sufragios); sin embargo, super\u00f3 la meta, conserv\u00f3 el registro y, por tanto, mantuvo las jugosas prerrogativas que percibe.<br \/>\nCon ese resultado, en partido que encabeza en Veracruz el diputado local Fidel Robles Guadarrama se dice listo y alentado para enfrentar la elecci\u00f3n local de 2016, cuando se renovar\u00e1n los poderes ejecutivo y legislativo del estado.<br \/>\nEn Veracruz, el PT super\u00f3 la barrera del 3 por ciento en la jornada electoral del 7 de junio; lleg\u00f3 al 3.03 con 74 mil 347 votos en los 21 distritos.<br \/>\nDebido a dicho resultado, los petistas no consideraban que en Veracruz su registro estuviera en riesgo; de hecho, hace casi tres meses, Robles Guadarrama declar\u00f3 que el PT seguir\u00eda en Veracruz como partido pol\u00edtico estatal; que realizar\u00eda los tr\u00e1mites para ello ante el \u00f3rgano electoral local; y que participar\u00e1 en el proceso de 2016 en Veracruz.<br \/>\nNada de eso ser\u00e1 necesario porque con el c\u00f3mputo final de la elecci\u00f3n de Aguascalientes, el partido mantendr\u00e1 su registro.<br \/>\nPor cierto, los simpatizantes del \u00fanico legislador local de ese partido se apresuraron a destapar a Fidel Robles para la candidatura al gobierno del estado.<br \/>\nLa declaraci\u00f3n sobre esa postulaci\u00f3n lleg\u00f3 de Rafael Carvajal Rosado, representante del PT ante el \u00f3rgano electoral, quien tambi\u00e9n reconoci\u00f3 la posibilidad de que el partido se presente en la elecci\u00f3n del a\u00f1o entrante en alianza con el Movimiento de Regeneraci\u00f3n Nacional, Morena. En ese contexto, lo m\u00e1s probable es que el candidato de esos dos partidos sea el actual diputado federal por el distrito de Xalapa, Cuitl\u00e1huac Garc\u00eda Jim\u00e9nez.<\/p>\n<p><strong>Buganza dice paso; sigue en su proyecto independiente<\/strong><br \/>\nAhora bien, una vez que libr\u00f3 la batalla relacionada con la conservaci\u00f3n del registro, el principal problema que enfrenta el PT veracruzano es la divisi\u00f3n interna y las ambiciones de los grupos: este jueves, en conferencia de prensa, Arturo P\u00e9rez, miembro de la coordinaci\u00f3n estatal del partido, se lanz\u00f3 con u\u00f1as y dientes contra Robles Guadarrama, a quien descalific\u00f3 como posible candidato.<br \/>\nDijo, en s\u00edntesis, que el diputado local no tiene las credenciales para aspirar al gobierno estatal, debido, b\u00e1sicamente, a dos factores: primero, enfrenta una enfermedad que ha mermado su salud; y segundo, en la elecci\u00f3n para la diputaci\u00f3n local, particip\u00f3 como candidato por su distrito de origen, Mart\u00ednez de la Torre, y apenas logr\u00f3 mil 200 votos.<br \/>\nDe igual forma, Arturo P\u00e9rez neg\u00f3 toda posibilidad de participar en alianza con otras fuerzas pol\u00edticas, de cara a la sucesi\u00f3n veracruzana, y destac\u00f3 que el PT ya ha sostenido pl\u00e1ticas con sus posibles candidatos, el empresario Francisco Valencia, el ex senador El\u00edas Miguel Moreno Brizuela; y el tambi\u00e9n ex senador y ex candidato panista a la gubernatura del estado, Gerardo Buganza Salmer\u00f3n.<br \/>\nSin embargo, la gente del primer c\u00edrculo de confianza del ex secretario de Gobierno de Veracruz niega esa posibilidad; incluso, apuntan que militantes del PT y de Morena se han acercado para extenderle la invitaci\u00f3n y hacerlo su abanderado.<br \/>\nNos platican que Gerardo Buganza se mantiene en su intenci\u00f3n de la candidatura independiente y ya ha manifestado, a quienes le invitan a incorporarse a otros partidos, que prefiere que ellos se sumen a su proyecto.<br \/>\nEvidentemente, Buganza prefiere evitar un error de c\u00e1lculo.<\/p>\n<p><strong>Am\u00e9rico, interlocutor entre municipios y el gobierno federal<\/strong><br \/>\nSe ha mencionado que el alcalde Am\u00e9rico Z\u00fa\u00f1iga Mart\u00ednez estar\u00eda por asumir la presidencia de la Federaci\u00f3n Nacional de Municipios de M\u00e9xico (FENAMM), y bien vale conocer las caracter\u00edsticas m\u00e1s relevantes de esta asociaci\u00f3n de municipios, que es considerada la m\u00e1s grande e importante de M\u00e9xico, cuya representatividad es la mayor del pa\u00eds, pues agrupa a alcaldes, s\u00edndicos, regidores y funcionarios de m\u00e1s de mil 625 municipios.<br \/>\nLa FENAMM se constituy\u00f3 en 1997 y es una asociaci\u00f3n civil cuya principal misi\u00f3n es el fortalecimiento municipal.<br \/>\nEn el terreno de la operaci\u00f3n pol\u00edtica tiene un peso importante como enlace y concertaci\u00f3n entre municipios y sus interlocutores pol\u00edticos, legislativos, gubernamentales e internacionales.<br \/>\nPor lo tanto, llegado el d\u00eda, el alcalde de Xalapa trascender\u00e1 la esfera local y se convertir\u00e1 en un interlocutor acreditado para la defensa de la agenda municipalista ante un gobierno federal que ha dado muestras de coincidir en el fortalecimiento de la c\u00e9lula b\u00e1sica del orden gubernamental, como lo es el municipio. @luisromero85<\/p>\n","protected":false},"excerpt":{"rendered":"<p>Luis Alberto Romero Hora Cero Una vez que libr\u00f3 su principal problema, la amenaza de p\u00e9rdida de registro, el Partido del Trabajo comienza a organizarse para enfrentar el proceso electoral de 2016, cuando en Veracruz, al igual que en otras 12 entidades, habr\u00e1 elecciones locales. El resultado del Distrito 1 de Aguascalientes dio al Partido [&hellip;]<\/p>\n","protected":false},"author":2,"featured_media":0,"comment_status":"open","ping_status":"open","sticky":false,"template":"","format":"standard","meta":{"tdm_status":"","tdm_grid_status":"","footnotes":""},"categories":[70],"tags":[539,927,2326,2289,195],"class_list":{"0":"post-19742","1":"post","2":"type-post","3":"status-publish","4":"format-standard","6":"category-de-opinion","7":"tag-americo-zuniga-martinez","8":"tag-fidel-robles-guadarrama","9":"tag-partido-del-trabajo","10":"tag-pt","11":"tag-veracruz"},"yoast_head":"<!-- This site is optimized with the Yoast SEO plugin v27.4 - https:\/\/yoast.com\/product\/yoast-seo-wordpress\/ -->\n<title>PT, en busca de candidato - Los pol\u00edticos Veracruz<\/title>\n<meta name=\"robots\" content=\"index, follow, max-snippet:-1, max-image-preview:large, max-video-preview:-1\" \/>\n<link rel=\"canonical\" href=\"https:\/\/lospoliticosveracruz.com\/?p=19742\" \/>\n<meta property=\"og:locale\" content=\"es_ES\" \/>\n<meta property=\"og:type\" content=\"article\" \/>\n<meta property=\"og:title\" content=\"PT, en busca de candidato - Los pol\u00edticos Veracruz\" \/>\n<meta property=\"og:description\" content=\"Luis Alberto Romero Hora Cero Una vez que libr\u00f3 su principal problema, la amenaza de p\u00e9rdida de registro, el Partido del Trabajo comienza a organizarse para enfrentar el proceso electoral de 2016, cuando en Veracruz, al igual que en otras 12 entidades, habr\u00e1 elecciones locales. El resultado del Distrito 1 de Aguascalientes dio al Partido [&hellip;]\" \/>\n<meta property=\"og:url\" content=\"https:\/\/lospoliticosveracruz.com\/?p=19742\" \/>\n<meta property=\"og:site_name\" content=\"Los pol\u00edticos Veracruz\" \/>\n<meta property=\"article:publisher\" content=\"https:\/\/www.facebook.com\/people\/Notimemes-de-los-Polticos\/61565672886568\/\" \/>\n<meta property=\"article:published_time\" content=\"2015-12-11T03:37:26+00:00\" \/>\n<meta property=\"og:image\" content=\"http:\/\/www.lospoliticosveracruz.com.mx\/wp-content\/uploads\/2013\/11\/Fidel-Robles-Guadarrama-300x199.jpg\" \/>\n<meta name=\"author\" content=\"Lo viste en Los Pol\u00edticos\" \/>\n<meta name=\"twitter:card\" content=\"summary_large_image\" \/>\n<meta name=\"twitter:creator\" content=\"@LosPoliticosVer\" \/>\n<meta name=\"twitter:site\" content=\"@LosPoliticosVer\" \/>\n<meta name=\"twitter:label1\" content=\"Escrito por\" \/>\n\t<meta name=\"twitter:data1\" content=\"Lo viste en Los Pol\u00edticos\" \/>\n\t<meta name=\"twitter:label2\" content=\"Tiempo de lectura\" \/>\n\t<meta name=\"twitter:data2\" content=\"5 minutos\" \/>\n<script type=\"application\/ld+json\" class=\"yoast-schema-graph\">{\"@context\":\"https:\\\/\\\/schema.org\",\"@graph\":[{\"@type\":\"Article\",\"@id\":\"https:\\\/\\\/lospoliticosveracruz.com\\\/?p=19742#article\",\"isPartOf\":{\"@id\":\"https:\\\/\\\/lospoliticosveracruz.com\\\/?p=19742\"},\"author\":{\"name\":\"Lo viste en Los Pol\u00edticos\",\"@id\":\"https:\\\/\\\/lospoliticosveracruz.com\\\/#\\\/schema\\\/person\\\/b8702bb0e538456e6efd07080bf2a4a2\"},\"headline\":\"PT, en busca de candidato\",\"datePublished\":\"2015-12-11T03:37:26+00:00\",\"mainEntityOfPage\":{\"@id\":\"https:\\\/\\\/lospoliticosveracruz.com\\\/?p=19742\"},\"wordCount\":907,\"commentCount\":0,\"publisher\":{\"@id\":\"https:\\\/\\\/lospoliticosveracruz.com\\\/#organization\"},\"image\":{\"@id\":\"https:\\\/\\\/lospoliticosveracruz.com\\\/?p=19742#primaryimage\"},\"thumbnailUrl\":\"http:\\\/\\\/www.lospoliticosveracruz.com.mx\\\/wp-content\\\/uploads\\\/2013\\\/11\\\/Fidel-Robles-Guadarrama-300x199.jpg\",\"keywords\":[\"Am\u00e9rico Z\u00fa\u00f1iga Mart\u00ednez\",\"Fidel Robles Guadarrama\",\"Partido del Trabajo\",\"PT\",\"Veracruz\"],\"articleSection\":[\"De Opini\u00f3n\"],\"inLanguage\":\"es\",\"potentialAction\":[{\"@type\":\"CommentAction\",\"name\":\"Comment\",\"target\":[\"https:\\\/\\\/lospoliticosveracruz.com\\\/?p=19742#respond\"]}]},{\"@type\":\"WebPage\",\"@id\":\"https:\\\/\\\/lospoliticosveracruz.com\\\/?p=19742\",\"url\":\"https:\\\/\\\/lospoliticosveracruz.com\\\/?p=19742\",\"name\":\"PT, en busca de candidato - Los pol\u00edticos Veracruz\",\"isPartOf\":{\"@id\":\"https:\\\/\\\/lospoliticosveracruz.com\\\/#website\"},\"primaryImageOfPage\":{\"@id\":\"https:\\\/\\\/lospoliticosveracruz.com\\\/?p=19742#primaryimage\"},\"image\":{\"@id\":\"https:\\\/\\\/lospoliticosveracruz.com\\\/?p=19742#primaryimage\"},\"thumbnailUrl\":\"http:\\\/\\\/www.lospoliticosveracruz.com.mx\\\/wp-content\\\/uploads\\\/2013\\\/11\\\/Fidel-Robles-Guadarrama-300x199.jpg\",\"datePublished\":\"2015-12-11T03:37:26+00:00\",\"breadcrumb\":{\"@id\":\"https:\\\/\\\/lospoliticosveracruz.com\\\/?p=19742#breadcrumb\"},\"inLanguage\":\"es\",\"potentialAction\":[{\"@type\":\"ReadAction\",\"target\":[\"https:\\\/\\\/lospoliticosveracruz.com\\\/?p=19742\"]}]},{\"@type\":\"ImageObject\",\"inLanguage\":\"es\",\"@id\":\"https:\\\/\\\/lospoliticosveracruz.com\\\/?p=19742#primaryimage\",\"url\":\"http:\\\/\\\/www.lospoliticosveracruz.com.mx\\\/wp-content\\\/uploads\\\/2013\\\/11\\\/Fidel-Robles-Guadarrama-300x199.jpg\",\"contentUrl\":\"http:\\\/\\\/www.lospoliticosveracruz.com.mx\\\/wp-content\\\/uploads\\\/2013\\\/11\\\/Fidel-Robles-Guadarrama-300x199.jpg\"},{\"@type\":\"BreadcrumbList\",\"@id\":\"https:\\\/\\\/lospoliticosveracruz.com\\\/?p=19742#breadcrumb\",\"itemListElement\":[{\"@type\":\"ListItem\",\"position\":1,\"name\":\"Portada\",\"item\":\"https:\\\/\\\/lospoliticosveracruz.com\\\/\"},{\"@type\":\"ListItem\",\"position\":2,\"name\":\"PT, en busca de candidato\"}]},{\"@type\":\"WebSite\",\"@id\":\"https:\\\/\\\/lospoliticosveracruz.com\\\/#website\",\"url\":\"https:\\\/\\\/lospoliticosveracruz.com\\\/\",\"name\":\"Los pol\u00edticos Veracruz\",\"description\":\"\",\"publisher\":{\"@id\":\"https:\\\/\\\/lospoliticosveracruz.com\\\/#organization\"},\"potentialAction\":[{\"@type\":\"SearchAction\",\"target\":{\"@type\":\"EntryPoint\",\"urlTemplate\":\"https:\\\/\\\/lospoliticosveracruz.com\\\/?s={search_term_string}\"},\"query-input\":{\"@type\":\"PropertyValueSpecification\",\"valueRequired\":true,\"valueName\":\"search_term_string\"}}],\"inLanguage\":\"es\"},{\"@type\":\"Organization\",\"@id\":\"https:\\\/\\\/lospoliticosveracruz.com\\\/#organization\",\"name\":\"Los pol\u00edticos Veracruz\",\"url\":\"https:\\\/\\\/lospoliticosveracruz.com\\\/\",\"logo\":{\"@type\":\"ImageObject\",\"inLanguage\":\"es\",\"@id\":\"https:\\\/\\\/lospoliticosveracruz.com\\\/#\\\/schema\\\/logo\\\/image\\\/\",\"url\":\"https:\\\/\\\/lospoliticosveracruz.com\\\/wp-content\\\/uploads\\\/2025\\\/12\\\/Logo-Nuevo-LOS-POLITICOS-1.jpg\",\"contentUrl\":\"https:\\\/\\\/lospoliticosveracruz.com\\\/wp-content\\\/uploads\\\/2025\\\/12\\\/Logo-Nuevo-LOS-POLITICOS-1.jpg\",\"width\":260,\"height\":70,\"caption\":\"Los pol\u00edticos Veracruz\"},\"image\":{\"@id\":\"https:\\\/\\\/lospoliticosveracruz.com\\\/#\\\/schema\\\/logo\\\/image\\\/\"},\"sameAs\":[\"https:\\\/\\\/www.facebook.com\\\/people\\\/Notimemes-de-los-Polticos\\\/61565672886568\\\/\",\"https:\\\/\\\/x.com\\\/LosPoliticosVer\"]},{\"@type\":\"Person\",\"@id\":\"https:\\\/\\\/lospoliticosveracruz.com\\\/#\\\/schema\\\/person\\\/b8702bb0e538456e6efd07080bf2a4a2\",\"name\":\"Lo viste en Los Pol\u00edticos\",\"image\":{\"@type\":\"ImageObject\",\"inLanguage\":\"es\",\"@id\":\"https:\\\/\\\/secure.gravatar.com\\\/avatar\\\/3a8de04a2656d44082be478bd6c086daa447c4651605818287b9532d3d0bd435?s=96&d=mm&r=g\",\"url\":\"https:\\\/\\\/secure.gravatar.com\\\/avatar\\\/3a8de04a2656d44082be478bd6c086daa447c4651605818287b9532d3d0bd435?s=96&d=mm&r=g\",\"contentUrl\":\"https:\\\/\\\/secure.gravatar.com\\\/avatar\\\/3a8de04a2656d44082be478bd6c086daa447c4651605818287b9532d3d0bd435?s=96&d=mm&r=g\",\"caption\":\"Lo viste en Los Pol\u00edticos\"},\"url\":\"https:\\\/\\\/lospoliticosveracruz.com\\\/?author=2\"}]}<\/script>\n<!-- \/ Yoast SEO plugin. -->","yoast_head_json":{"title":"PT, en busca de candidato - Los pol\u00edticos Veracruz","robots":{"index":"index","follow":"follow","max-snippet":"max-snippet:-1","max-image-preview":"max-image-preview:large","max-video-preview":"max-video-preview:-1"},"canonical":"https:\/\/lospoliticosveracruz.com\/?p=19742","og_locale":"es_ES","og_type":"article","og_title":"PT, en busca de candidato - Los pol\u00edticos Veracruz","og_description":"Luis Alberto Romero Hora Cero Una vez que libr\u00f3 su principal problema, la amenaza de p\u00e9rdida de registro, el Partido del Trabajo comienza a organizarse para enfrentar el proceso electoral de 2016, cuando en Veracruz, al igual que en otras 12 entidades, habr\u00e1 elecciones locales. El resultado del Distrito 1 de Aguascalientes dio al Partido [&hellip;]","og_url":"https:\/\/lospoliticosveracruz.com\/?p=19742","og_site_name":"Los pol\u00edticos Veracruz","article_publisher":"https:\/\/www.facebook.com\/people\/Notimemes-de-los-Polticos\/61565672886568\/","article_published_time":"2015-12-11T03:37:26+00:00","og_image":[{"url":"http:\/\/www.lospoliticosveracruz.com.mx\/wp-content\/uploads\/2013\/11\/Fidel-Robles-Guadarrama-300x199.jpg","type":"","width":"","height":""}],"author":"Lo viste en Los Pol\u00edticos","twitter_card":"summary_large_image","twitter_creator":"@LosPoliticosVer","twitter_site":"@LosPoliticosVer","twitter_misc":{"Escrito por":"Lo viste en Los Pol\u00edticos","Tiempo de lectura":"5 minutos"},"schema":{"@context":"https:\/\/schema.org","@graph":[{"@type":"Article","@id":"https:\/\/lospoliticosveracruz.com\/?p=19742#article","isPartOf":{"@id":"https:\/\/lospoliticosveracruz.com\/?p=19742"},"author":{"name":"Lo viste en Los Pol\u00edticos","@id":"https:\/\/lospoliticosveracruz.com\/#\/schema\/person\/b8702bb0e538456e6efd07080bf2a4a2"},"headline":"PT, en busca de candidato","datePublished":"2015-12-11T03:37:26+00:00","mainEntityOfPage":{"@id":"https:\/\/lospoliticosveracruz.com\/?p=19742"},"wordCount":907,"commentCount":0,"publisher":{"@id":"https:\/\/lospoliticosveracruz.com\/#organization"},"image":{"@id":"https:\/\/lospoliticosveracruz.com\/?p=19742#primaryimage"},"thumbnailUrl":"http:\/\/www.lospoliticosveracruz.com.mx\/wp-content\/uploads\/2013\/11\/Fidel-Robles-Guadarrama-300x199.jpg","keywords":["Am\u00e9rico Z\u00fa\u00f1iga Mart\u00ednez","Fidel Robles Guadarrama","Partido del Trabajo","PT","Veracruz"],"articleSection":["De Opini\u00f3n"],"inLanguage":"es","potentialAction":[{"@type":"CommentAction","name":"Comment","target":["https:\/\/lospoliticosveracruz.com\/?p=19742#respond"]}]},{"@type":"WebPage","@id":"https:\/\/lospoliticosveracruz.com\/?p=19742","url":"https:\/\/lospoliticosveracruz.com\/?p=19742","name":"PT, en busca de candidato - Los pol\u00edticos Veracruz","isPartOf":{"@id":"https:\/\/lospoliticosveracruz.com\/#website"},"primaryImageOfPage":{"@id":"https:\/\/lospoliticosveracruz.com\/?p=19742#primaryimage"},"image":{"@id":"https:\/\/lospoliticosveracruz.com\/?p=19742#primaryimage"},"thumbnailUrl":"http:\/\/www.lospoliticosveracruz.com.mx\/wp-content\/uploads\/2013\/11\/Fidel-Robles-Guadarrama-300x199.jpg","datePublished":"2015-12-11T03:37:26+00:00","breadcrumb":{"@id":"https:\/\/lospoliticosveracruz.com\/?p=19742#breadcrumb"},"inLanguage":"es","potentialAction":[{"@type":"ReadAction","target":["https:\/\/lospoliticosveracruz.com\/?p=19742"]}]},{"@type":"ImageObject","inLanguage":"es","@id":"https:\/\/lospoliticosveracruz.com\/?p=19742#primaryimage","url":"http:\/\/www.lospoliticosveracruz.com.mx\/wp-content\/uploads\/2013\/11\/Fidel-Robles-Guadarrama-300x199.jpg","contentUrl":"http:\/\/www.lospoliticosveracruz.com.mx\/wp-content\/uploads\/2013\/11\/Fidel-Robles-Guadarrama-300x199.jpg"},{"@type":"BreadcrumbList","@id":"https:\/\/lospoliticosveracruz.com\/?p=19742#breadcrumb","itemListElement":[{"@type":"ListItem","position":1,"name":"Portada","item":"https:\/\/lospoliticosveracruz.com\/"},{"@type":"ListItem","position":2,"name":"PT, en busca de candidato"}]},{"@type":"WebSite","@id":"https:\/\/lospoliticosveracruz.com\/#website","url":"https:\/\/lospoliticosveracruz.com\/","name":"Los pol\u00edticos Veracruz","description":"","publisher":{"@id":"https:\/\/lospoliticosveracruz.com\/#organization"},"potentialAction":[{"@type":"SearchAction","target":{"@type":"EntryPoint","urlTemplate":"https:\/\/lospoliticosveracruz.com\/?s={search_term_string}"},"query-input":{"@type":"PropertyValueSpecification","valueRequired":true,"valueName":"search_term_string"}}],"inLanguage":"es"},{"@type":"Organization","@id":"https:\/\/lospoliticosveracruz.com\/#organization","name":"Los pol\u00edticos Veracruz","url":"https:\/\/lospoliticosveracruz.com\/","logo":{"@type":"ImageObject","inLanguage":"es","@id":"https:\/\/lospoliticosveracruz.com\/#\/schema\/logo\/image\/","url":"https:\/\/lospoliticosveracruz.com\/wp-content\/uploads\/2025\/12\/Logo-Nuevo-LOS-POLITICOS-1.jpg","contentUrl":"https:\/\/lospoliticosveracruz.com\/wp-content\/uploads\/2025\/12\/Logo-Nuevo-LOS-POLITICOS-1.jpg","width":260,"height":70,"caption":"Los pol\u00edticos Veracruz"},"image":{"@id":"https:\/\/lospoliticosveracruz.com\/#\/schema\/logo\/image\/"},"sameAs":["https:\/\/www.facebook.com\/people\/Notimemes-de-los-Polticos\/61565672886568\/","https:\/\/x.com\/LosPoliticosVer"]},{"@type":"Person","@id":"https:\/\/lospoliticosveracruz.com\/#\/schema\/person\/b8702bb0e538456e6efd07080bf2a4a2","name":"Lo viste en Los Pol\u00edticos","image":{"@type":"ImageObject","inLanguage":"es","@id":"https:\/\/secure.gravatar.com\/avatar\/3a8de04a2656d44082be478bd6c086daa447c4651605818287b9532d3d0bd435?s=96&d=mm&r=g","url":"https:\/\/secure.gravatar.com\/avatar\/3a8de04a2656d44082be478bd6c086daa447c4651605818287b9532d3d0bd435?s=96&d=mm&r=g","contentUrl":"https:\/\/secure.gravatar.com\/avatar\/3a8de04a2656d44082be478bd6c086daa447c4651605818287b9532d3d0bd435?s=96&d=mm&r=g","caption":"Lo viste en Los Pol\u00edticos"},"url":"https:\/\/lospoliticosveracruz.com\/?author=2"}]}},"_links":{"self":[{"href":"https:\/\/lospoliticosveracruz.com\/index.php?rest_route=\/wp\/v2\/posts\/19742","targetHints":{"allow":["GET"]}}],"collection":[{"href":"https:\/\/lospoliticosveracruz.com\/index.php?rest_route=\/wp\/v2\/posts"}],"about":[{"href":"https:\/\/lospoliticosveracruz.com\/index.php?rest_route=\/wp\/v2\/types\/post"}],"author":[{"embeddable":true,"href":"https:\/\/lospoliticosveracruz.com\/index.php?rest_route=\/wp\/v2\/users\/2"}],"replies":[{"embeddable":true,"href":"https:\/\/lospoliticosveracruz.com\/index.php?rest_route=%2Fwp%2Fv2%2Fcomments&post=19742"}],"version-history":[{"count":1,"href":"https:\/\/lospoliticosveracruz.com\/index.php?rest_route=\/wp\/v2\/posts\/19742\/revisions"}],"predecessor-version":[{"id":19743,"href":"https:\/\/lospoliticosveracruz.com\/index.php?rest_route=\/wp\/v2\/posts\/19742\/revisions\/19743"}],"wp:attachment":[{"href":"https:\/\/lospoliticosveracruz.com\/index.php?rest_route=%2Fwp%2Fv2%2Fmedia&parent=19742"}],"wp:term":[{"taxonomy":"category","embeddable":true,"href":"https:\/\/lospoliticosveracruz.com\/index.php?rest_route=%2Fwp%2Fv2%2Fcategories&post=19742"},{"taxonomy":"post_tag","embeddable":true,"href":"https:\/\/lospoliticosveracruz.com\/index.php?rest_route=%2Fwp%2Fv2%2Ftags&post=19742"}],"curies":[{"name":"wp","href":"https:\/\/api.w.org\/{rel}","templated":true}]}}