{"id":19750,"date":"2015-12-10T23:10:18","date_gmt":"2015-12-11T05:10:18","guid":{"rendered":"http:\/\/www.lospoliticosveracruz.com.mx\/?p=19750"},"modified":"2015-12-10T23:10:18","modified_gmt":"2015-12-11T05:10:18","slug":"los-tigres-de-panuco","status":"publish","type":"post","link":"https:\/\/lospoliticosveracruz.com\/?p=19750","title":{"rendered":"Los tigres de P\u00e1nuco"},"content":{"rendered":"<p><a href=\"http:\/\/www.lospoliticosveracruz.com.mx\/wp-content\/uploads\/2015\/12\/LOS-TIGRES1.jpg\"><img loading=\"lazy\" decoding=\"async\" class=\"alignnone size-medium wp-image-19754\" src=\"http:\/\/www.lospoliticosveracruz.com.mx\/wp-content\/uploads\/2015\/12\/LOS-TIGRES1-300x242.jpg\" alt=\"LOS TIGRES\" width=\"300\" height=\"242\" \/><\/a><\/p>\n<p><strong>Jos\u00e9 Ortiz Medina<\/strong><\/p>\n<p><em>En Corto&#8230; sin Cortes<\/em><\/p>\n<p>En la regi\u00f3n de P\u00e1nuco, que se ubica en la parte alta de la regi\u00f3n Huasteca veracruzana y que tiene l\u00edmites territoriales con el estado de Tamaulipas, los hijos del titular de la Contralor\u00eda General del Estado, Ricardo Garc\u00eda Guzm\u00e1n, ya trabajan rumbo a la diputaci\u00f3n local por el distrito I.<br \/>\nDesde el ayuntamiento, el alcalde Ricardo Garc\u00eda Escalante intenta fortalecer la presencia del Partido Verde Ecologista, que en el pasado proceso electoral federal obtuvo 18 mil 500 sufragios.<br \/>\nLa intenci\u00f3n es que el presidente municipal de esa cabecera distrital, o bien su hermano Rodrigo Garc\u00eda Escalante, asuman la candidatura de la alianza PRI-Verde en el proceso electoral del a\u00f1o entrante, cuando los ciudadanos de P\u00e1nuco elijan al pr\u00f3ximo diputado local.<br \/>\nEn ese contexto y con la bandera del partido del tuc\u00e1n, la familia Garc\u00eda Escalante trabajar\u00eda en la organizaci\u00f3n de un evento masivo, que se llevar\u00e1 a efecto el pr\u00f3ximo 20 de diciembre y que ser\u00e1 amenizado por el popular grupo \u201cLos Tigres del Norte\u201d.<br \/>\nEl evento ser\u00eda patrocinado desde el ayuntamiento de P\u00e1nuco y servir\u00eda para favorecer al PVEM.<br \/>\nDe hecho, a las personas que acudieron al informe de gobierno de Garc\u00eda Escalante les dijeron que recibir\u00edan pases, para ellos y para sus invitados, a fin de que puedan ingresar a ese concierto.<br \/>\nEn P\u00e1nuco hay comentarios en el sentido de que con el apoyo que reciben desde las altas esferas del gobierno estatal, la familia Garc\u00eda Escalante se siente fortalecida en t\u00e9rminos pol\u00edticos.<br \/>\n\u00bfCu\u00e1nto cuestan \u201cLos Tigres del Norte\u201d? Los Tigres del Norte es una agrupaci\u00f3n cuyo g\u00e9nero se enfoca a la m\u00fasica norte\u00f1a. El grupo fue fundado en 1973 y actualmente es el m\u00e1s importante exponente de dicho ritmo en nuestro pa\u00eds.<br \/>\nDe Los Mochis, donde sus integrantes iniciaron tocando en las cantinas del pueblo, el grupo se volvi\u00f3 internacional. Actualmente, de acuerdo con datos difundidos por la revista Expansi\u00f3n, realiza 200 presentaciones al a\u00f1o; en cada una de ellas, Los Tigres cobran una cuota fija de 300 mil d\u00f3lares, que al tipo de cambio oficial de este jueves (Banco de M\u00e9xico) equivale a m\u00e1s de 5 millones 100 mil pesos.<\/p>\n<p>TRES PROYECTOS estrat\u00e9gicos para Veracruz como lo son el Puente Chint\u00f3n en P\u00e1nuco, el puente Alvarado-Boca del R\u00edo y la modernizaci\u00f3n de la carretera Coatzacoalcos-Minatitl\u00e1n, fueron aprobados la tarde del jueves en sesi\u00f3n del Congreso del Estado. Ser\u00e1n realizados bajo el esquema de Asociaci\u00f3n P\u00fablica-Privada (APP). En una larga jornada para los legisladores, se autoriz\u00f3 al Ejecutivo Estatal a trav\u00e9s de la Secretar\u00eda de Infraestructura y Obras P\u00fablicas (SIOP), realizar el concurso para la adjudicaci\u00f3n de la concesi\u00f3n para el dise\u00f1o, construcci\u00f3n, operaci\u00f3n, administraci\u00f3n, conservaci\u00f3n y mantenimiento por un plazo de hasta 30 a\u00f1os del puente Alvarado-Boca del R\u00edo, de conformidad a la Ley de Asociaciones P\u00fablico-Privada. Sin duda estas obras representan un gran beneficio para millones de veracruzanos, pues son proyectos de alto impacto que vendr\u00e1n a resolver graves problemas de comunicaci\u00f3n en esos puntos de la geograf\u00eda veracruzana. Lo importante es que son proyectos que arrancar\u00e1n en esta administraci\u00f3n y ser\u00e1n concluidos en la pr\u00f3xima, lo que revela una visi\u00f3n de la administraci\u00f3n p\u00fablica que no se piensa solo en calendarios pol\u00edtico-electorales sino en lo que la sociedad espera de sus gobernantes. Y en estos casos, el impulso a estos proyectos debe anotarse, sin duda, a la cuenta del titular de la Siop, Tom\u00e1s Ruiz Gonz\u00e1lez.<\/p>\n<p>PUES LA NOVELA en el Organismo P\u00fablico Local Electoral de Veracruz no termina. Ahora el secretario de Organizaci\u00f3n del PRD en el estado de Veracruz, Fredy Marcos Valor, anunci\u00f3 impugnar\u00edan los nombramientos de V\u00edctor Moctezuma Lobato y Jos\u00e9 Eduardo Bonilla G\u00f3mez como secretario ejecutivo y director de Capacitaci\u00f3n del instituto, respectivamente. Fredy Marcos present\u00f3 documentos de b\u00fasqueda en el Registro Nacional de Profesiones que demuestran que no cumplen con los requisitos que marca la ley para ocupar los puestos que actualmente ostentan, pues tienen menos de cinco a\u00f1os de haberse titulado de sus licenciaturas. Adem\u00e1s, Jos\u00e9 Eduardo Bonilla G\u00f3mez es medio hermano del consejero presidente Jos\u00e9 Alejandro Bonilla Bonilla, lo que acredita un caso claro de nepotismo. \u201cEs un nombramiento inmoral e ilegal\u201d, dijo Fredy Marcos Valor. A ver si a Bonilla Bonilla le sigue valiendo sombrilla lo que se diga.<\/p>\n<p>EL DIPUTADO federal panista Miguel \u00c1ngel Yunes Linares, aspirante a la candidatura del Partido Acci\u00f3n Nacional al gobierno del estado, recurri\u00f3 a la iron\u00eda en su cuenta de twitter para referirse a su confrontaci\u00f3n con el actual titular del Poder Ejecutivo del estado. En un mensaje desde su cuenta @YoconYunes, el panista lanza un reto al gobernador Javier Duarte de Ochoa. El tuit, que subi\u00f3 poco despu\u00e9s de las cinco de la tarde de este jueves, dice: \u201c\u00a1Reto a @Javier_Duarte! Ma\u00f1ana es la tradicional carrera de Notiver, son 5 kms. Le doy cuatro y medio de ventaja. Si pierdo no me postulo.\u201d De esa manera, Yunes Linares ironiza con relaci\u00f3n a las diferencias que prevalecen entre el ejecutivo estatal y el medio porte\u00f1o, propiedad del empresario Alfonso Salces; y de paso, presume su condici\u00f3n f\u00edsica. En contra partida, no ser\u00eda mala idea que Duarte rete al Turco a un antidoping. A ver si el chole\u00f1o le atora.<\/p>\n","protected":false},"excerpt":{"rendered":"<p>Jos\u00e9 Ortiz Medina En Corto&#8230; sin Cortes En la regi\u00f3n de P\u00e1nuco, que se ubica en la parte alta de la regi\u00f3n Huasteca veracruzana y que tiene l\u00edmites territoriales con el estado de Tamaulipas, los hijos del titular de la Contralor\u00eda General del Estado, Ricardo Garc\u00eda Guzm\u00e1n, ya trabajan rumbo a la diputaci\u00f3n local por [&hellip;]<\/p>\n","protected":false},"author":2,"featured_media":0,"comment_status":"open","ping_status":"open","sticky":false,"template":"","format":"standard","meta":{"tdm_status":"","tdm_grid_status":"","footnotes":""},"categories":[70],"tags":[935,264,934,1272,3722],"class_list":{"0":"post-19750","1":"post","2":"type-post","3":"status-publish","4":"format-standard","6":"category-de-opinion","7":"tag-panuco","8":"tag-pvem","9":"tag-ricardo-garcia-escalante","10":"tag-ricardo-garcia-guzman","11":"tag-rodrigo-garcia-escalante"},"yoast_head":"<!-- This site is optimized with the Yoast SEO plugin v27.4 - https:\/\/yoast.com\/product\/yoast-seo-wordpress\/ -->\n<title>Los tigres de P\u00e1nuco - Los pol\u00edticos Veracruz<\/title>\n<meta name=\"robots\" content=\"index, follow, max-snippet:-1, max-image-preview:large, max-video-preview:-1\" \/>\n<link rel=\"canonical\" href=\"https:\/\/lospoliticosveracruz.com\/?p=19750\" \/>\n<meta property=\"og:locale\" content=\"es_ES\" \/>\n<meta property=\"og:type\" content=\"article\" \/>\n<meta property=\"og:title\" content=\"Los tigres de P\u00e1nuco - Los pol\u00edticos Veracruz\" \/>\n<meta property=\"og:description\" content=\"Jos\u00e9 Ortiz Medina En Corto&#8230; sin Cortes En la regi\u00f3n de P\u00e1nuco, que se ubica en la parte alta de la regi\u00f3n Huasteca veracruzana y que tiene l\u00edmites territoriales con el estado de Tamaulipas, los hijos del titular de la Contralor\u00eda General del Estado, Ricardo Garc\u00eda Guzm\u00e1n, ya trabajan rumbo a la diputaci\u00f3n local por [&hellip;]\" \/>\n<meta property=\"og:url\" content=\"https:\/\/lospoliticosveracruz.com\/?p=19750\" \/>\n<meta property=\"og:site_name\" content=\"Los pol\u00edticos Veracruz\" \/>\n<meta property=\"article:publisher\" content=\"https:\/\/www.facebook.com\/people\/Notimemes-de-los-Polticos\/61565672886568\/\" \/>\n<meta property=\"article:published_time\" content=\"2015-12-11T05:10:18+00:00\" \/>\n<meta property=\"og:image\" content=\"http:\/\/www.lospoliticosveracruz.com.mx\/wp-content\/uploads\/2015\/12\/LOS-TIGRES1-300x242.jpg\" \/>\n<meta name=\"author\" content=\"Lo viste en Los Pol\u00edticos\" \/>\n<meta name=\"twitter:card\" content=\"summary_large_image\" \/>\n<meta name=\"twitter:creator\" content=\"@LosPoliticosVer\" \/>\n<meta name=\"twitter:site\" content=\"@LosPoliticosVer\" \/>\n<meta name=\"twitter:label1\" content=\"Escrito por\" \/>\n\t<meta name=\"twitter:data1\" content=\"Lo viste en Los Pol\u00edticos\" \/>\n\t<meta name=\"twitter:label2\" content=\"Tiempo de lectura\" \/>\n\t<meta name=\"twitter:data2\" content=\"5 minutos\" \/>\n<script type=\"application\/ld+json\" class=\"yoast-schema-graph\">{\"@context\":\"https:\\\/\\\/schema.org\",\"@graph\":[{\"@type\":\"Article\",\"@id\":\"https:\\\/\\\/lospoliticosveracruz.com\\\/?p=19750#article\",\"isPartOf\":{\"@id\":\"https:\\\/\\\/lospoliticosveracruz.com\\\/?p=19750\"},\"author\":{\"name\":\"Lo viste en Los Pol\u00edticos\",\"@id\":\"https:\\\/\\\/lospoliticosveracruz.com\\\/#\\\/schema\\\/person\\\/b8702bb0e538456e6efd07080bf2a4a2\"},\"headline\":\"Los tigres de P\u00e1nuco\",\"datePublished\":\"2015-12-11T05:10:18+00:00\",\"mainEntityOfPage\":{\"@id\":\"https:\\\/\\\/lospoliticosveracruz.com\\\/?p=19750\"},\"wordCount\":961,\"commentCount\":0,\"publisher\":{\"@id\":\"https:\\\/\\\/lospoliticosveracruz.com\\\/#organization\"},\"image\":{\"@id\":\"https:\\\/\\\/lospoliticosveracruz.com\\\/?p=19750#primaryimage\"},\"thumbnailUrl\":\"http:\\\/\\\/www.lospoliticosveracruz.com.mx\\\/wp-content\\\/uploads\\\/2015\\\/12\\\/LOS-TIGRES1-300x242.jpg\",\"keywords\":[\"P\u00e1nuco\",\"PVEM\",\"Ricardo Garc\u00eda Escalante\",\"Ricardo Garc\u00eda Guzm\u00e1n\",\"Rodrigo Garc\u00eda Escalante\"],\"articleSection\":[\"De Opini\u00f3n\"],\"inLanguage\":\"es\",\"potentialAction\":[{\"@type\":\"CommentAction\",\"name\":\"Comment\",\"target\":[\"https:\\\/\\\/lospoliticosveracruz.com\\\/?p=19750#respond\"]}]},{\"@type\":\"WebPage\",\"@id\":\"https:\\\/\\\/lospoliticosveracruz.com\\\/?p=19750\",\"url\":\"https:\\\/\\\/lospoliticosveracruz.com\\\/?p=19750\",\"name\":\"Los tigres de P\u00e1nuco - Los pol\u00edticos Veracruz\",\"isPartOf\":{\"@id\":\"https:\\\/\\\/lospoliticosveracruz.com\\\/#website\"},\"primaryImageOfPage\":{\"@id\":\"https:\\\/\\\/lospoliticosveracruz.com\\\/?p=19750#primaryimage\"},\"image\":{\"@id\":\"https:\\\/\\\/lospoliticosveracruz.com\\\/?p=19750#primaryimage\"},\"thumbnailUrl\":\"http:\\\/\\\/www.lospoliticosveracruz.com.mx\\\/wp-content\\\/uploads\\\/2015\\\/12\\\/LOS-TIGRES1-300x242.jpg\",\"datePublished\":\"2015-12-11T05:10:18+00:00\",\"breadcrumb\":{\"@id\":\"https:\\\/\\\/lospoliticosveracruz.com\\\/?p=19750#breadcrumb\"},\"inLanguage\":\"es\",\"potentialAction\":[{\"@type\":\"ReadAction\",\"target\":[\"https:\\\/\\\/lospoliticosveracruz.com\\\/?p=19750\"]}]},{\"@type\":\"ImageObject\",\"inLanguage\":\"es\",\"@id\":\"https:\\\/\\\/lospoliticosveracruz.com\\\/?p=19750#primaryimage\",\"url\":\"http:\\\/\\\/www.lospoliticosveracruz.com.mx\\\/wp-content\\\/uploads\\\/2015\\\/12\\\/LOS-TIGRES1-300x242.jpg\",\"contentUrl\":\"http:\\\/\\\/www.lospoliticosveracruz.com.mx\\\/wp-content\\\/uploads\\\/2015\\\/12\\\/LOS-TIGRES1-300x242.jpg\"},{\"@type\":\"BreadcrumbList\",\"@id\":\"https:\\\/\\\/lospoliticosveracruz.com\\\/?p=19750#breadcrumb\",\"itemListElement\":[{\"@type\":\"ListItem\",\"position\":1,\"name\":\"Portada\",\"item\":\"https:\\\/\\\/lospoliticosveracruz.com\\\/\"},{\"@type\":\"ListItem\",\"position\":2,\"name\":\"Los tigres de P\u00e1nuco\"}]},{\"@type\":\"WebSite\",\"@id\":\"https:\\\/\\\/lospoliticosveracruz.com\\\/#website\",\"url\":\"https:\\\/\\\/lospoliticosveracruz.com\\\/\",\"name\":\"Los pol\u00edticos Veracruz\",\"description\":\"\",\"publisher\":{\"@id\":\"https:\\\/\\\/lospoliticosveracruz.com\\\/#organization\"},\"potentialAction\":[{\"@type\":\"SearchAction\",\"target\":{\"@type\":\"EntryPoint\",\"urlTemplate\":\"https:\\\/\\\/lospoliticosveracruz.com\\\/?s={search_term_string}\"},\"query-input\":{\"@type\":\"PropertyValueSpecification\",\"valueRequired\":true,\"valueName\":\"search_term_string\"}}],\"inLanguage\":\"es\"},{\"@type\":\"Organization\",\"@id\":\"https:\\\/\\\/lospoliticosveracruz.com\\\/#organization\",\"name\":\"Los pol\u00edticos Veracruz\",\"url\":\"https:\\\/\\\/lospoliticosveracruz.com\\\/\",\"logo\":{\"@type\":\"ImageObject\",\"inLanguage\":\"es\",\"@id\":\"https:\\\/\\\/lospoliticosveracruz.com\\\/#\\\/schema\\\/logo\\\/image\\\/\",\"url\":\"https:\\\/\\\/lospoliticosveracruz.com\\\/wp-content\\\/uploads\\\/2025\\\/12\\\/Logo-Nuevo-LOS-POLITICOS-1.jpg\",\"contentUrl\":\"https:\\\/\\\/lospoliticosveracruz.com\\\/wp-content\\\/uploads\\\/2025\\\/12\\\/Logo-Nuevo-LOS-POLITICOS-1.jpg\",\"width\":260,\"height\":70,\"caption\":\"Los pol\u00edticos Veracruz\"},\"image\":{\"@id\":\"https:\\\/\\\/lospoliticosveracruz.com\\\/#\\\/schema\\\/logo\\\/image\\\/\"},\"sameAs\":[\"https:\\\/\\\/www.facebook.com\\\/people\\\/Notimemes-de-los-Polticos\\\/61565672886568\\\/\",\"https:\\\/\\\/x.com\\\/LosPoliticosVer\"]},{\"@type\":\"Person\",\"@id\":\"https:\\\/\\\/lospoliticosveracruz.com\\\/#\\\/schema\\\/person\\\/b8702bb0e538456e6efd07080bf2a4a2\",\"name\":\"Lo viste en Los Pol\u00edticos\",\"image\":{\"@type\":\"ImageObject\",\"inLanguage\":\"es\",\"@id\":\"https:\\\/\\\/secure.gravatar.com\\\/avatar\\\/3a8de04a2656d44082be478bd6c086daa447c4651605818287b9532d3d0bd435?s=96&d=mm&r=g\",\"url\":\"https:\\\/\\\/secure.gravatar.com\\\/avatar\\\/3a8de04a2656d44082be478bd6c086daa447c4651605818287b9532d3d0bd435?s=96&d=mm&r=g\",\"contentUrl\":\"https:\\\/\\\/secure.gravatar.com\\\/avatar\\\/3a8de04a2656d44082be478bd6c086daa447c4651605818287b9532d3d0bd435?s=96&d=mm&r=g\",\"caption\":\"Lo viste en Los Pol\u00edticos\"},\"url\":\"https:\\\/\\\/lospoliticosveracruz.com\\\/?author=2\"}]}<\/script>\n<!-- \/ Yoast SEO plugin. -->","yoast_head_json":{"title":"Los tigres de P\u00e1nuco - Los pol\u00edticos Veracruz","robots":{"index":"index","follow":"follow","max-snippet":"max-snippet:-1","max-image-preview":"max-image-preview:large","max-video-preview":"max-video-preview:-1"},"canonical":"https:\/\/lospoliticosveracruz.com\/?p=19750","og_locale":"es_ES","og_type":"article","og_title":"Los tigres de P\u00e1nuco - Los pol\u00edticos Veracruz","og_description":"Jos\u00e9 Ortiz Medina En Corto&#8230; sin Cortes En la regi\u00f3n de P\u00e1nuco, que se ubica en la parte alta de la regi\u00f3n Huasteca veracruzana y que tiene l\u00edmites territoriales con el estado de Tamaulipas, los hijos del titular de la Contralor\u00eda General del Estado, Ricardo Garc\u00eda Guzm\u00e1n, ya trabajan rumbo a la diputaci\u00f3n local por [&hellip;]","og_url":"https:\/\/lospoliticosveracruz.com\/?p=19750","og_site_name":"Los pol\u00edticos Veracruz","article_publisher":"https:\/\/www.facebook.com\/people\/Notimemes-de-los-Polticos\/61565672886568\/","article_published_time":"2015-12-11T05:10:18+00:00","og_image":[{"url":"http:\/\/www.lospoliticosveracruz.com.mx\/wp-content\/uploads\/2015\/12\/LOS-TIGRES1-300x242.jpg","type":"","width":"","height":""}],"author":"Lo viste en Los Pol\u00edticos","twitter_card":"summary_large_image","twitter_creator":"@LosPoliticosVer","twitter_site":"@LosPoliticosVer","twitter_misc":{"Escrito por":"Lo viste en Los Pol\u00edticos","Tiempo de lectura":"5 minutos"},"schema":{"@context":"https:\/\/schema.org","@graph":[{"@type":"Article","@id":"https:\/\/lospoliticosveracruz.com\/?p=19750#article","isPartOf":{"@id":"https:\/\/lospoliticosveracruz.com\/?p=19750"},"author":{"name":"Lo viste en Los Pol\u00edticos","@id":"https:\/\/lospoliticosveracruz.com\/#\/schema\/person\/b8702bb0e538456e6efd07080bf2a4a2"},"headline":"Los tigres de P\u00e1nuco","datePublished":"2015-12-11T05:10:18+00:00","mainEntityOfPage":{"@id":"https:\/\/lospoliticosveracruz.com\/?p=19750"},"wordCount":961,"commentCount":0,"publisher":{"@id":"https:\/\/lospoliticosveracruz.com\/#organization"},"image":{"@id":"https:\/\/lospoliticosveracruz.com\/?p=19750#primaryimage"},"thumbnailUrl":"http:\/\/www.lospoliticosveracruz.com.mx\/wp-content\/uploads\/2015\/12\/LOS-TIGRES1-300x242.jpg","keywords":["P\u00e1nuco","PVEM","Ricardo Garc\u00eda Escalante","Ricardo Garc\u00eda Guzm\u00e1n","Rodrigo Garc\u00eda Escalante"],"articleSection":["De Opini\u00f3n"],"inLanguage":"es","potentialAction":[{"@type":"CommentAction","name":"Comment","target":["https:\/\/lospoliticosveracruz.com\/?p=19750#respond"]}]},{"@type":"WebPage","@id":"https:\/\/lospoliticosveracruz.com\/?p=19750","url":"https:\/\/lospoliticosveracruz.com\/?p=19750","name":"Los tigres de P\u00e1nuco - Los pol\u00edticos Veracruz","isPartOf":{"@id":"https:\/\/lospoliticosveracruz.com\/#website"},"primaryImageOfPage":{"@id":"https:\/\/lospoliticosveracruz.com\/?p=19750#primaryimage"},"image":{"@id":"https:\/\/lospoliticosveracruz.com\/?p=19750#primaryimage"},"thumbnailUrl":"http:\/\/www.lospoliticosveracruz.com.mx\/wp-content\/uploads\/2015\/12\/LOS-TIGRES1-300x242.jpg","datePublished":"2015-12-11T05:10:18+00:00","breadcrumb":{"@id":"https:\/\/lospoliticosveracruz.com\/?p=19750#breadcrumb"},"inLanguage":"es","potentialAction":[{"@type":"ReadAction","target":["https:\/\/lospoliticosveracruz.com\/?p=19750"]}]},{"@type":"ImageObject","inLanguage":"es","@id":"https:\/\/lospoliticosveracruz.com\/?p=19750#primaryimage","url":"http:\/\/www.lospoliticosveracruz.com.mx\/wp-content\/uploads\/2015\/12\/LOS-TIGRES1-300x242.jpg","contentUrl":"http:\/\/www.lospoliticosveracruz.com.mx\/wp-content\/uploads\/2015\/12\/LOS-TIGRES1-300x242.jpg"},{"@type":"BreadcrumbList","@id":"https:\/\/lospoliticosveracruz.com\/?p=19750#breadcrumb","itemListElement":[{"@type":"ListItem","position":1,"name":"Portada","item":"https:\/\/lospoliticosveracruz.com\/"},{"@type":"ListItem","position":2,"name":"Los tigres de P\u00e1nuco"}]},{"@type":"WebSite","@id":"https:\/\/lospoliticosveracruz.com\/#website","url":"https:\/\/lospoliticosveracruz.com\/","name":"Los pol\u00edticos Veracruz","description":"","publisher":{"@id":"https:\/\/lospoliticosveracruz.com\/#organization"},"potentialAction":[{"@type":"SearchAction","target":{"@type":"EntryPoint","urlTemplate":"https:\/\/lospoliticosveracruz.com\/?s={search_term_string}"},"query-input":{"@type":"PropertyValueSpecification","valueRequired":true,"valueName":"search_term_string"}}],"inLanguage":"es"},{"@type":"Organization","@id":"https:\/\/lospoliticosveracruz.com\/#organization","name":"Los pol\u00edticos Veracruz","url":"https:\/\/lospoliticosveracruz.com\/","logo":{"@type":"ImageObject","inLanguage":"es","@id":"https:\/\/lospoliticosveracruz.com\/#\/schema\/logo\/image\/","url":"https:\/\/lospoliticosveracruz.com\/wp-content\/uploads\/2025\/12\/Logo-Nuevo-LOS-POLITICOS-1.jpg","contentUrl":"https:\/\/lospoliticosveracruz.com\/wp-content\/uploads\/2025\/12\/Logo-Nuevo-LOS-POLITICOS-1.jpg","width":260,"height":70,"caption":"Los pol\u00edticos Veracruz"},"image":{"@id":"https:\/\/lospoliticosveracruz.com\/#\/schema\/logo\/image\/"},"sameAs":["https:\/\/www.facebook.com\/people\/Notimemes-de-los-Polticos\/61565672886568\/","https:\/\/x.com\/LosPoliticosVer"]},{"@type":"Person","@id":"https:\/\/lospoliticosveracruz.com\/#\/schema\/person\/b8702bb0e538456e6efd07080bf2a4a2","name":"Lo viste en Los Pol\u00edticos","image":{"@type":"ImageObject","inLanguage":"es","@id":"https:\/\/secure.gravatar.com\/avatar\/3a8de04a2656d44082be478bd6c086daa447c4651605818287b9532d3d0bd435?s=96&d=mm&r=g","url":"https:\/\/secure.gravatar.com\/avatar\/3a8de04a2656d44082be478bd6c086daa447c4651605818287b9532d3d0bd435?s=96&d=mm&r=g","contentUrl":"https:\/\/secure.gravatar.com\/avatar\/3a8de04a2656d44082be478bd6c086daa447c4651605818287b9532d3d0bd435?s=96&d=mm&r=g","caption":"Lo viste en Los Pol\u00edticos"},"url":"https:\/\/lospoliticosveracruz.com\/?author=2"}]}},"_links":{"self":[{"href":"https:\/\/lospoliticosveracruz.com\/index.php?rest_route=\/wp\/v2\/posts\/19750","targetHints":{"allow":["GET"]}}],"collection":[{"href":"https:\/\/lospoliticosveracruz.com\/index.php?rest_route=\/wp\/v2\/posts"}],"about":[{"href":"https:\/\/lospoliticosveracruz.com\/index.php?rest_route=\/wp\/v2\/types\/post"}],"author":[{"embeddable":true,"href":"https:\/\/lospoliticosveracruz.com\/index.php?rest_route=\/wp\/v2\/users\/2"}],"replies":[{"embeddable":true,"href":"https:\/\/lospoliticosveracruz.com\/index.php?rest_route=%2Fwp%2Fv2%2Fcomments&post=19750"}],"version-history":[{"count":1,"href":"https:\/\/lospoliticosveracruz.com\/index.php?rest_route=\/wp\/v2\/posts\/19750\/revisions"}],"predecessor-version":[{"id":19755,"href":"https:\/\/lospoliticosveracruz.com\/index.php?rest_route=\/wp\/v2\/posts\/19750\/revisions\/19755"}],"wp:attachment":[{"href":"https:\/\/lospoliticosveracruz.com\/index.php?rest_route=%2Fwp%2Fv2%2Fmedia&parent=19750"}],"wp:term":[{"taxonomy":"category","embeddable":true,"href":"https:\/\/lospoliticosveracruz.com\/index.php?rest_route=%2Fwp%2Fv2%2Fcategories&post=19750"},{"taxonomy":"post_tag","embeddable":true,"href":"https:\/\/lospoliticosveracruz.com\/index.php?rest_route=%2Fwp%2Fv2%2Ftags&post=19750"}],"curies":[{"name":"wp","href":"https:\/\/api.w.org\/{rel}","templated":true}]}}