{"id":1976,"date":"2014-10-08T02:01:00","date_gmt":"2014-10-08T02:01:00","guid":{"rendered":"http:\/\/www.lospoliticosveracruz.com.mx\/?p=1976"},"modified":"2014-10-10T02:59:44","modified_gmt":"2014-10-10T02:59:44","slug":"la-suerte-del-buho","status":"publish","type":"post","link":"https:\/\/lospoliticosveracruz.com\/?p=1976","title":{"rendered":"La suerte del B\u00faho"},"content":{"rendered":"<div style=\"clear: both; text-align: center;\"><a style=\"margin-left: 1em; margin-right: 1em;\" href=\"http:\/\/www.lospoliticosveracruz.com.mx\/wp-content\/uploads\/2014\/10\/buho_mirada.jpg\"><img loading=\"lazy\" decoding=\"async\" src=\"http:\/\/www.lospoliticosveracruz.com.mx\/wp-content\/uploads\/2014\/10\/buho_mirada.jpg\" alt=\"\" width=\"320\" height=\"202\" border=\"0\" \/><\/a><\/div>\n<div><b>\u00a0<\/b><\/div>\n<p><b>Salvador Mu\u00f1oz<\/b><br \/>\n<i>Los Pol\u00edticos<\/i><\/p>\n<div>\n<p>De acuerdo a la nota del portal \u201cAl Calor Pol\u00edtico\u201d, el personal del Palacio de Justicia en la capital veracruzana estaba extasiado porque un B\u00faho, emblema de los Abogados, hab\u00eda entrado al recinto pero no pod\u00eda salir y se estrellaba una y otra vez en los cristales. Los bomberos tuvieron que intervenir y rescataron\/atraparon al ave. La misma nota del amigo Hugo Cruz Ojeda refiere que Magistrados, jueces y personal de la Judicatura solicitaron a los rescatistas que el emplumado quedara a \u201cresguardo judicial\u201d, pues lo consideraban de \u201cBuena suerte\u201d&#8230; as\u00ed que si usted va a tratar un problema al Palacio de Justicia, le recomiendo que lleve un B\u00faho, es posible que entonces su suerte cambie\u2026<a name=\"more\"><\/a><\/p>\n<p>II<br \/>\nEl hombre es dado a reflejar sus habilidades y estatus en animales a trav\u00e9s de banderas, escudos, her\u00e1ldicas, s\u00edmbolos\u2026 por ejemplo, los Abogados ponen al B\u00faho como fiel reflejo de su actuaci\u00f3n\u2026 \u00bfser\u00e1 porque gustan de coger ratones? No es cierto, simboliza sabidur\u00eda y observaci\u00f3n.<br \/>\nAs\u00ed, hay quienes usan a un Le\u00f3n, un \u00c1guila, un Lobo, un Oso, un Delf\u00edn \u00a1y hasta dragones! y cada uno de ellos representa una virtud, una habilidad o una cualidad.<\/p>\n<p>III<br \/>\nPero atendiendo la inocente percepci\u00f3n de Magistrados, Jueces y personal de la Judicatura de creer que fue de \u201cBuena Suerte\u201d que el B\u00faho haya entrado al Palacio de Justicia (\u00bfalguien se tom\u00f3 la molestia de preguntarle al ave si piensa que eso es buena suerte?), hagamos un ejercicio de imaginaci\u00f3n y veamos qu\u00e9 animalitos del Se\u00f1or, por \u201cbuena suerte\u201d, entrar\u00edan en los siguientes recintos\u2026<\/p>\n<\/div>\n<div>\n<p>* En la Secretar\u00eda de Educaci\u00f3n de Veracruz: A la Oficial\u00eda Mayor entrar\u00eda un gato\u2026 s\u00ed, ya s\u00e9 que nada tiene que ver con la ense\u00f1anza pero es que el gato llega \u00a1cuando ya se fueron los ratones!<\/p>\n<p>* En la Secretar\u00eda de Seguridad P\u00fablica: Despu\u00e9s de ser auscultado de arriba a abajo, de haberle registrado todos su datos, tras tomarle sus huellas \u201cpatatales\u201d (que son como las digitales), as\u00ed como una foto de frente y de perfil, y adem\u00e1s pedirle a las de \u201cpor favor pero a fuerzas\u201d que deje su celular al resguardo de un polic\u00eda, un perro estar\u00eda esperando la orden para pasar por el detector de metal\u2026 pero aun as\u00ed, qui\u00e9n sabe si pudo haber entrado.<\/p>\n<p>* En el Instituto Electoral Veracruzano: Ocurrir\u00eda lo mismo que en Palacio de Justicia\u2026 \u00a1Do\u00f1a Carolina tendr\u00eda el mejor pretexto para que le triplicaran el presupuesto sin importar que no sea a\u00f1o electoral y que de un momento a otro salga como tap\u00f3n de sidra!, pero antes, har\u00eda no s\u00f3lo un hogar para el mapache que qui\u00e9n sabe de d\u00f3nde diablos sali\u00f3, sino \u00a1hasta un monumento!<\/p>\n<p>* Palacio Municipal de Xalapa: Si un Unicornio entrara, nom\u00e1s que no fuera por el estacionamiento porque entonces \u00a1vali\u00f3 madres! \u00a1Ya lo hubiera atropellado Diana Santiago Huesca! \u00a1Pagar\u00eda 32 pesos de multa! \u00a1Inventar\u00eda un bolet\u00edn! \u00a1Hablar\u00eda con Erick Lagos! \u00a1Y dir\u00eda que no lo volver\u00eda a hacer!<\/p>\n<p>* En el Congreso local: All\u00ed, entrar\u00edan unos borregos\u2026 \u00a1no! esperen\u2026 entrar\u00edan unos burros\u2026 \u00a1no! tampoco\u2026 entrar\u00edan unos perezosos\u2026 \u00a1no! \u00a1no! ser\u00edan unos gusanos\u2026 \u00bfqu\u00e9? \u00bfno? entonces unos cerdos\u2026 bueno, lo que fuera, pero all\u00ed, ni como B\u00faho ni como veracruzano le veo la buena suerte por ning\u00fan lado\u2026<\/p>\n<p>smcainito@gmail.com<\/p>\n<\/div>\n","protected":false},"excerpt":{"rendered":"<p>\u00a0 Salvador Mu\u00f1oz Los Pol\u00edticos De acuerdo a la nota del portal \u201cAl Calor Pol\u00edtico\u201d, el personal del Palacio de Justicia en la capital veracruzana estaba extasiado porque un B\u00faho, emblema de los Abogados, hab\u00eda entrado al recinto pero no pod\u00eda salir y se estrellaba una y otra vez en los cristales. Los bomberos tuvieron [&hellip;]<\/p>\n","protected":false},"author":1,"featured_media":0,"comment_status":"open","ping_status":"open","sticky":false,"template":"","format":"standard","meta":{"tdm_status":"","tdm_grid_status":"","footnotes":""},"categories":[70],"tags":[83,84,82],"class_list":{"0":"post-1976","1":"post","2":"type-post","3":"status-publish","4":"format-standard","6":"category-de-opinion","7":"tag-diana-santiago","8":"tag-diputados","9":"tag-poder-judicial"},"yoast_head":"<!-- This site is optimized with the Yoast SEO plugin v27.4 - https:\/\/yoast.com\/product\/yoast-seo-wordpress\/ -->\n<title>La suerte del B\u00faho - Los pol\u00edticos Veracruz<\/title>\n<meta name=\"robots\" content=\"index, follow, max-snippet:-1, max-image-preview:large, max-video-preview:-1\" \/>\n<link rel=\"canonical\" href=\"https:\/\/lospoliticosveracruz.com\/?p=1976\" \/>\n<meta property=\"og:locale\" content=\"es_ES\" \/>\n<meta property=\"og:type\" content=\"article\" \/>\n<meta property=\"og:title\" content=\"La suerte del B\u00faho - Los pol\u00edticos Veracruz\" \/>\n<meta property=\"og:description\" content=\"\u00a0 Salvador Mu\u00f1oz Los Pol\u00edticos De acuerdo a la nota del portal \u201cAl Calor Pol\u00edtico\u201d, el personal del Palacio de Justicia en la capital veracruzana estaba extasiado porque un B\u00faho, emblema de los Abogados, hab\u00eda entrado al recinto pero no pod\u00eda salir y se estrellaba una y otra vez en los cristales. Los bomberos tuvieron [&hellip;]\" \/>\n<meta property=\"og:url\" content=\"https:\/\/lospoliticosveracruz.com\/?p=1976\" \/>\n<meta property=\"og:site_name\" content=\"Los pol\u00edticos Veracruz\" \/>\n<meta property=\"article:publisher\" content=\"https:\/\/www.facebook.com\/people\/Notimemes-de-los-Polticos\/61565672886568\/\" \/>\n<meta property=\"article:published_time\" content=\"2014-10-08T02:01:00+00:00\" \/>\n<meta property=\"article:modified_time\" content=\"2014-10-10T02:59:44+00:00\" \/>\n<meta property=\"og:image\" content=\"http:\/\/www.lospoliticosveracruz.com.mx\/wp-content\/uploads\/2014\/10\/buho_mirada.jpg\" \/>\n<meta name=\"author\" content=\"lospoladmin\" \/>\n<meta name=\"twitter:card\" content=\"summary_large_image\" \/>\n<meta name=\"twitter:creator\" content=\"@LosPoliticosVer\" \/>\n<meta name=\"twitter:site\" content=\"@LosPoliticosVer\" \/>\n<meta name=\"twitter:label1\" content=\"Escrito por\" \/>\n\t<meta name=\"twitter:data1\" content=\"lospoladmin\" \/>\n\t<meta name=\"twitter:label2\" content=\"Tiempo de lectura\" \/>\n\t<meta name=\"twitter:data2\" content=\"3 minutos\" \/>\n<script type=\"application\/ld+json\" class=\"yoast-schema-graph\">{\"@context\":\"https:\\\/\\\/schema.org\",\"@graph\":[{\"@type\":\"Article\",\"@id\":\"https:\\\/\\\/lospoliticosveracruz.com\\\/?p=1976#article\",\"isPartOf\":{\"@id\":\"https:\\\/\\\/lospoliticosveracruz.com\\\/?p=1976\"},\"author\":{\"name\":\"lospoladmin\",\"@id\":\"https:\\\/\\\/lospoliticosveracruz.com\\\/#\\\/schema\\\/person\\\/c5fee8df75ee4700bd7f8e92859bd696\"},\"headline\":\"La suerte del B\u00faho\",\"datePublished\":\"2014-10-08T02:01:00+00:00\",\"dateModified\":\"2014-10-10T02:59:44+00:00\",\"mainEntityOfPage\":{\"@id\":\"https:\\\/\\\/lospoliticosveracruz.com\\\/?p=1976\"},\"wordCount\":602,\"commentCount\":0,\"publisher\":{\"@id\":\"https:\\\/\\\/lospoliticosveracruz.com\\\/#organization\"},\"image\":{\"@id\":\"https:\\\/\\\/lospoliticosveracruz.com\\\/?p=1976#primaryimage\"},\"thumbnailUrl\":\"http:\\\/\\\/www.lospoliticosveracruz.com.mx\\\/wp-content\\\/uploads\\\/2014\\\/10\\\/buho_mirada.jpg\",\"keywords\":[\"Diana Santiago\",\"Diputados\",\"Poder Judicial\"],\"articleSection\":[\"De Opini\u00f3n\"],\"inLanguage\":\"es\",\"potentialAction\":[{\"@type\":\"CommentAction\",\"name\":\"Comment\",\"target\":[\"https:\\\/\\\/lospoliticosveracruz.com\\\/?p=1976#respond\"]}]},{\"@type\":\"WebPage\",\"@id\":\"https:\\\/\\\/lospoliticosveracruz.com\\\/?p=1976\",\"url\":\"https:\\\/\\\/lospoliticosveracruz.com\\\/?p=1976\",\"name\":\"La suerte del B\u00faho - Los pol\u00edticos Veracruz\",\"isPartOf\":{\"@id\":\"https:\\\/\\\/lospoliticosveracruz.com\\\/#website\"},\"primaryImageOfPage\":{\"@id\":\"https:\\\/\\\/lospoliticosveracruz.com\\\/?p=1976#primaryimage\"},\"image\":{\"@id\":\"https:\\\/\\\/lospoliticosveracruz.com\\\/?p=1976#primaryimage\"},\"thumbnailUrl\":\"http:\\\/\\\/www.lospoliticosveracruz.com.mx\\\/wp-content\\\/uploads\\\/2014\\\/10\\\/buho_mirada.jpg\",\"datePublished\":\"2014-10-08T02:01:00+00:00\",\"dateModified\":\"2014-10-10T02:59:44+00:00\",\"breadcrumb\":{\"@id\":\"https:\\\/\\\/lospoliticosveracruz.com\\\/?p=1976#breadcrumb\"},\"inLanguage\":\"es\",\"potentialAction\":[{\"@type\":\"ReadAction\",\"target\":[\"https:\\\/\\\/lospoliticosveracruz.com\\\/?p=1976\"]}]},{\"@type\":\"ImageObject\",\"inLanguage\":\"es\",\"@id\":\"https:\\\/\\\/lospoliticosveracruz.com\\\/?p=1976#primaryimage\",\"url\":\"http:\\\/\\\/www.lospoliticosveracruz.com.mx\\\/wp-content\\\/uploads\\\/2014\\\/10\\\/buho_mirada.jpg\",\"contentUrl\":\"http:\\\/\\\/www.lospoliticosveracruz.com.mx\\\/wp-content\\\/uploads\\\/2014\\\/10\\\/buho_mirada.jpg\"},{\"@type\":\"BreadcrumbList\",\"@id\":\"https:\\\/\\\/lospoliticosveracruz.com\\\/?p=1976#breadcrumb\",\"itemListElement\":[{\"@type\":\"ListItem\",\"position\":1,\"name\":\"Portada\",\"item\":\"https:\\\/\\\/lospoliticosveracruz.com\\\/\"},{\"@type\":\"ListItem\",\"position\":2,\"name\":\"La suerte del B\u00faho\"}]},{\"@type\":\"WebSite\",\"@id\":\"https:\\\/\\\/lospoliticosveracruz.com\\\/#website\",\"url\":\"https:\\\/\\\/lospoliticosveracruz.com\\\/\",\"name\":\"Los pol\u00edticos Veracruz\",\"description\":\"\",\"publisher\":{\"@id\":\"https:\\\/\\\/lospoliticosveracruz.com\\\/#organization\"},\"potentialAction\":[{\"@type\":\"SearchAction\",\"target\":{\"@type\":\"EntryPoint\",\"urlTemplate\":\"https:\\\/\\\/lospoliticosveracruz.com\\\/?s={search_term_string}\"},\"query-input\":{\"@type\":\"PropertyValueSpecification\",\"valueRequired\":true,\"valueName\":\"search_term_string\"}}],\"inLanguage\":\"es\"},{\"@type\":\"Organization\",\"@id\":\"https:\\\/\\\/lospoliticosveracruz.com\\\/#organization\",\"name\":\"Los pol\u00edticos Veracruz\",\"url\":\"https:\\\/\\\/lospoliticosveracruz.com\\\/\",\"logo\":{\"@type\":\"ImageObject\",\"inLanguage\":\"es\",\"@id\":\"https:\\\/\\\/lospoliticosveracruz.com\\\/#\\\/schema\\\/logo\\\/image\\\/\",\"url\":\"https:\\\/\\\/lospoliticosveracruz.com\\\/wp-content\\\/uploads\\\/2025\\\/12\\\/Logo-Nuevo-LOS-POLITICOS-1.jpg\",\"contentUrl\":\"https:\\\/\\\/lospoliticosveracruz.com\\\/wp-content\\\/uploads\\\/2025\\\/12\\\/Logo-Nuevo-LOS-POLITICOS-1.jpg\",\"width\":260,\"height\":70,\"caption\":\"Los pol\u00edticos Veracruz\"},\"image\":{\"@id\":\"https:\\\/\\\/lospoliticosveracruz.com\\\/#\\\/schema\\\/logo\\\/image\\\/\"},\"sameAs\":[\"https:\\\/\\\/www.facebook.com\\\/people\\\/Notimemes-de-los-Polticos\\\/61565672886568\\\/\",\"https:\\\/\\\/x.com\\\/LosPoliticosVer\"]},{\"@type\":\"Person\",\"@id\":\"https:\\\/\\\/lospoliticosveracruz.com\\\/#\\\/schema\\\/person\\\/c5fee8df75ee4700bd7f8e92859bd696\",\"name\":\"lospoladmin\",\"image\":{\"@type\":\"ImageObject\",\"inLanguage\":\"es\",\"@id\":\"https:\\\/\\\/secure.gravatar.com\\\/avatar\\\/f4a468785695515895c4d618820f242e33d3d72a0284244a0fad6d19795cb724?s=96&d=mm&r=g\",\"url\":\"https:\\\/\\\/secure.gravatar.com\\\/avatar\\\/f4a468785695515895c4d618820f242e33d3d72a0284244a0fad6d19795cb724?s=96&d=mm&r=g\",\"contentUrl\":\"https:\\\/\\\/secure.gravatar.com\\\/avatar\\\/f4a468785695515895c4d618820f242e33d3d72a0284244a0fad6d19795cb724?s=96&d=mm&r=g\",\"caption\":\"lospoladmin\"},\"url\":\"https:\\\/\\\/lospoliticosveracruz.com\\\/?author=1\"}]}<\/script>\n<!-- \/ Yoast SEO plugin. -->","yoast_head_json":{"title":"La suerte del B\u00faho - Los pol\u00edticos Veracruz","robots":{"index":"index","follow":"follow","max-snippet":"max-snippet:-1","max-image-preview":"max-image-preview:large","max-video-preview":"max-video-preview:-1"},"canonical":"https:\/\/lospoliticosveracruz.com\/?p=1976","og_locale":"es_ES","og_type":"article","og_title":"La suerte del B\u00faho - Los pol\u00edticos Veracruz","og_description":"\u00a0 Salvador Mu\u00f1oz Los Pol\u00edticos De acuerdo a la nota del portal \u201cAl Calor Pol\u00edtico\u201d, el personal del Palacio de Justicia en la capital veracruzana estaba extasiado porque un B\u00faho, emblema de los Abogados, hab\u00eda entrado al recinto pero no pod\u00eda salir y se estrellaba una y otra vez en los cristales. Los bomberos tuvieron [&hellip;]","og_url":"https:\/\/lospoliticosveracruz.com\/?p=1976","og_site_name":"Los pol\u00edticos Veracruz","article_publisher":"https:\/\/www.facebook.com\/people\/Notimemes-de-los-Polticos\/61565672886568\/","article_published_time":"2014-10-08T02:01:00+00:00","article_modified_time":"2014-10-10T02:59:44+00:00","og_image":[{"url":"http:\/\/www.lospoliticosveracruz.com.mx\/wp-content\/uploads\/2014\/10\/buho_mirada.jpg","type":"","width":"","height":""}],"author":"lospoladmin","twitter_card":"summary_large_image","twitter_creator":"@LosPoliticosVer","twitter_site":"@LosPoliticosVer","twitter_misc":{"Escrito por":"lospoladmin","Tiempo de lectura":"3 minutos"},"schema":{"@context":"https:\/\/schema.org","@graph":[{"@type":"Article","@id":"https:\/\/lospoliticosveracruz.com\/?p=1976#article","isPartOf":{"@id":"https:\/\/lospoliticosveracruz.com\/?p=1976"},"author":{"name":"lospoladmin","@id":"https:\/\/lospoliticosveracruz.com\/#\/schema\/person\/c5fee8df75ee4700bd7f8e92859bd696"},"headline":"La suerte del B\u00faho","datePublished":"2014-10-08T02:01:00+00:00","dateModified":"2014-10-10T02:59:44+00:00","mainEntityOfPage":{"@id":"https:\/\/lospoliticosveracruz.com\/?p=1976"},"wordCount":602,"commentCount":0,"publisher":{"@id":"https:\/\/lospoliticosveracruz.com\/#organization"},"image":{"@id":"https:\/\/lospoliticosveracruz.com\/?p=1976#primaryimage"},"thumbnailUrl":"http:\/\/www.lospoliticosveracruz.com.mx\/wp-content\/uploads\/2014\/10\/buho_mirada.jpg","keywords":["Diana Santiago","Diputados","Poder Judicial"],"articleSection":["De Opini\u00f3n"],"inLanguage":"es","potentialAction":[{"@type":"CommentAction","name":"Comment","target":["https:\/\/lospoliticosveracruz.com\/?p=1976#respond"]}]},{"@type":"WebPage","@id":"https:\/\/lospoliticosveracruz.com\/?p=1976","url":"https:\/\/lospoliticosveracruz.com\/?p=1976","name":"La suerte del B\u00faho - Los pol\u00edticos Veracruz","isPartOf":{"@id":"https:\/\/lospoliticosveracruz.com\/#website"},"primaryImageOfPage":{"@id":"https:\/\/lospoliticosveracruz.com\/?p=1976#primaryimage"},"image":{"@id":"https:\/\/lospoliticosveracruz.com\/?p=1976#primaryimage"},"thumbnailUrl":"http:\/\/www.lospoliticosveracruz.com.mx\/wp-content\/uploads\/2014\/10\/buho_mirada.jpg","datePublished":"2014-10-08T02:01:00+00:00","dateModified":"2014-10-10T02:59:44+00:00","breadcrumb":{"@id":"https:\/\/lospoliticosveracruz.com\/?p=1976#breadcrumb"},"inLanguage":"es","potentialAction":[{"@type":"ReadAction","target":["https:\/\/lospoliticosveracruz.com\/?p=1976"]}]},{"@type":"ImageObject","inLanguage":"es","@id":"https:\/\/lospoliticosveracruz.com\/?p=1976#primaryimage","url":"http:\/\/www.lospoliticosveracruz.com.mx\/wp-content\/uploads\/2014\/10\/buho_mirada.jpg","contentUrl":"http:\/\/www.lospoliticosveracruz.com.mx\/wp-content\/uploads\/2014\/10\/buho_mirada.jpg"},{"@type":"BreadcrumbList","@id":"https:\/\/lospoliticosveracruz.com\/?p=1976#breadcrumb","itemListElement":[{"@type":"ListItem","position":1,"name":"Portada","item":"https:\/\/lospoliticosveracruz.com\/"},{"@type":"ListItem","position":2,"name":"La suerte del B\u00faho"}]},{"@type":"WebSite","@id":"https:\/\/lospoliticosveracruz.com\/#website","url":"https:\/\/lospoliticosveracruz.com\/","name":"Los pol\u00edticos Veracruz","description":"","publisher":{"@id":"https:\/\/lospoliticosveracruz.com\/#organization"},"potentialAction":[{"@type":"SearchAction","target":{"@type":"EntryPoint","urlTemplate":"https:\/\/lospoliticosveracruz.com\/?s={search_term_string}"},"query-input":{"@type":"PropertyValueSpecification","valueRequired":true,"valueName":"search_term_string"}}],"inLanguage":"es"},{"@type":"Organization","@id":"https:\/\/lospoliticosveracruz.com\/#organization","name":"Los pol\u00edticos Veracruz","url":"https:\/\/lospoliticosveracruz.com\/","logo":{"@type":"ImageObject","inLanguage":"es","@id":"https:\/\/lospoliticosveracruz.com\/#\/schema\/logo\/image\/","url":"https:\/\/lospoliticosveracruz.com\/wp-content\/uploads\/2025\/12\/Logo-Nuevo-LOS-POLITICOS-1.jpg","contentUrl":"https:\/\/lospoliticosveracruz.com\/wp-content\/uploads\/2025\/12\/Logo-Nuevo-LOS-POLITICOS-1.jpg","width":260,"height":70,"caption":"Los pol\u00edticos Veracruz"},"image":{"@id":"https:\/\/lospoliticosveracruz.com\/#\/schema\/logo\/image\/"},"sameAs":["https:\/\/www.facebook.com\/people\/Notimemes-de-los-Polticos\/61565672886568\/","https:\/\/x.com\/LosPoliticosVer"]},{"@type":"Person","@id":"https:\/\/lospoliticosveracruz.com\/#\/schema\/person\/c5fee8df75ee4700bd7f8e92859bd696","name":"lospoladmin","image":{"@type":"ImageObject","inLanguage":"es","@id":"https:\/\/secure.gravatar.com\/avatar\/f4a468785695515895c4d618820f242e33d3d72a0284244a0fad6d19795cb724?s=96&d=mm&r=g","url":"https:\/\/secure.gravatar.com\/avatar\/f4a468785695515895c4d618820f242e33d3d72a0284244a0fad6d19795cb724?s=96&d=mm&r=g","contentUrl":"https:\/\/secure.gravatar.com\/avatar\/f4a468785695515895c4d618820f242e33d3d72a0284244a0fad6d19795cb724?s=96&d=mm&r=g","caption":"lospoladmin"},"url":"https:\/\/lospoliticosveracruz.com\/?author=1"}]}},"_links":{"self":[{"href":"https:\/\/lospoliticosveracruz.com\/index.php?rest_route=\/wp\/v2\/posts\/1976","targetHints":{"allow":["GET"]}}],"collection":[{"href":"https:\/\/lospoliticosveracruz.com\/index.php?rest_route=\/wp\/v2\/posts"}],"about":[{"href":"https:\/\/lospoliticosveracruz.com\/index.php?rest_route=\/wp\/v2\/types\/post"}],"author":[{"embeddable":true,"href":"https:\/\/lospoliticosveracruz.com\/index.php?rest_route=\/wp\/v2\/users\/1"}],"replies":[{"embeddable":true,"href":"https:\/\/lospoliticosveracruz.com\/index.php?rest_route=%2Fwp%2Fv2%2Fcomments&post=1976"}],"version-history":[{"count":1,"href":"https:\/\/lospoliticosveracruz.com\/index.php?rest_route=\/wp\/v2\/posts\/1976\/revisions"}],"predecessor-version":[{"id":11718,"href":"https:\/\/lospoliticosveracruz.com\/index.php?rest_route=\/wp\/v2\/posts\/1976\/revisions\/11718"}],"wp:attachment":[{"href":"https:\/\/lospoliticosveracruz.com\/index.php?rest_route=%2Fwp%2Fv2%2Fmedia&parent=1976"}],"wp:term":[{"taxonomy":"category","embeddable":true,"href":"https:\/\/lospoliticosveracruz.com\/index.php?rest_route=%2Fwp%2Fv2%2Fcategories&post=1976"},{"taxonomy":"post_tag","embeddable":true,"href":"https:\/\/lospoliticosveracruz.com\/index.php?rest_route=%2Fwp%2Fv2%2Ftags&post=1976"}],"curies":[{"name":"wp","href":"https:\/\/api.w.org\/{rel}","templated":true}]}}