{"id":1977,"date":"2014-10-08T01:52:00","date_gmt":"2014-10-08T01:52:00","guid":{"rendered":"http:\/\/www.lospoliticosveracruz.com.mx\/?p=1977"},"modified":"2014-10-10T02:59:44","modified_gmt":"2014-10-10T02:59:44","slug":"claudia-acompa-contra-regidores-piden-cabeza-de-tesorera","status":"publish","type":"post","link":"https:\/\/lospoliticosveracruz.com\/?p=1977","title":{"rendered":"Claudia Acompa contra regidores: Piden cabeza de tesorera"},"content":{"rendered":"<div style=\"clear: both; text-align: center;\"><a style=\"margin-left: 1em; margin-right: 1em;\" href=\"http:\/\/www.lospoliticosveracruz.com.mx\/wp-content\/uploads\/2014\/10\/0.jpeg\"><img loading=\"lazy\" decoding=\"async\" src=\"http:\/\/www.lospoliticosveracruz.com.mx\/wp-content\/uploads\/2014\/10\/0.jpeg\" alt=\"\" width=\"240\" height=\"320\" border=\"0\" \/><\/a><\/div>\n<p><b>Luis Manuel Toto P\u00f3lito<\/b><br \/>\n<i>Observatorio<\/i><\/p>\n<p>Este martes la alcaldesa de Santiago Tuxtla, Claudia Acompa Islas provoc\u00f3 uno de los episodios mas grotescos en la vida pol\u00edtica de este pueblo, pero al igual uno que permite ver la clase de gobernante que tiene el municipio tuxteco; uno impositivo y absolutista, al mero estilo de su perfido esposo Ra\u00fal Sosa Gonz\u00e1lez.<br \/>\nEl resultado de diversas arbitrariedades cometidas por la tesorera Mar\u00eda Antonia Carmona D\u00edaz, acusada de amedrentar, hostigar y faltar al respeto a los mismo empleados municipales y otros externos, provoc\u00f3 que los ediles exigieran su destituci\u00f3n inmediata en una sesi\u00f3n extraordinaria que debi\u00f3 realizarse este martes por la ma\u00f1ana, sin embargo no fue as\u00ed y la primera autoridad sali\u00f3 por piernas para esconderse en su oficina dejando al secretario Heraclio Vergara Coto solo y con la indicaci\u00f3n de dar largas al asunto.<a name=\"more\"><\/a><br \/>\nY el funcionario cumpli\u00f3 la orden, no permiti\u00f3 que se desarrollara la sesi\u00f3n a pesar de existir quorum, neg\u00e1ndose a incluir el punto solicitado por los regidores referente a la destituci\u00f3n de la tesorera aun cuando este requirimiento esta facultado en la ley organica del municipio libre y soberano del Estado de Veracruz de Ignacio de la Llave.<\/p>\n<div><a style=\"margin-left: 1em; margin-right: 1em; text-align: center;\" href=\"http:\/\/www.lospoliticosveracruz.com.mx\/wp-content\/uploads\/2014\/10\/Alcaldesa-2Baborto-CC-81-2Bsesio-CC-81n-2Bde-2Bcabildos-2Bpor-2Btocar-2Bsus-2Bintereses-2B-3-.jpg\"><img loading=\"lazy\" decoding=\"async\" src=\"http:\/\/www.lospoliticosveracruz.com.mx\/wp-content\/uploads\/2014\/10\/Alcaldesa-2Baborto-CC-81-2Bsesio-CC-81n-2Bde-2Bcabildos-2Bpor-2Btocar-2Bsus-2Bintereses-2B-3-.jpg\" alt=\"\" width=\"320\" height=\"240\" border=\"0\" \/><\/a><br \/>\nEn su intento de fincarles responsabilidad, refiri\u00f3 que estos \u00faltimos eran los culpables de no llevarse a cabo la reuni\u00f3n, en pocas palabras quiso voltear la tortilla pero no lo logr\u00f3 y hasta rega\u00f1ado sali\u00f3, \u201cAqu\u00ed no es San Pedro de Los Aguados, menos la ley de Her\u00f3des, usted es el secretario del ayuntamiento y no particular, apeguese a lo que solictamos\u201d, dijo un edil.<br \/>\nAunque despues de todo, Heraclio Vergara solo agach\u00f3 la cabeza y con la pena del mundo prefiri\u00f3 retirarse como perrito con su cola entre las patas.<br \/>\nEntre las diversas actas y oficios levantados contra la tesorera Carmona D\u00edaz, existe una emitida por el ex director del hospital civil Teodoro a. Diez, Juan Jos\u00e9 S\u00e1nchez Valdez, quien envi\u00f3 un documento a la alcaldesa el cual fue recibido por la oficial\u00eda de partes el 21 de julio del 2014 en el que se lee, \u201ces la primera vez que un servidor p\u00fablico de su ayuntamiento nos trata de ineptos e incompetentes, de no contar con m\u00e9dicos en la unidad sabiendo de antemano que somos una instituci\u00f3n que no contamos con recursos.\u201d<\/div>\n<div><a style=\"margin-left: 1em; margin-right: 1em; text-align: center;\" href=\"http:\/\/www.lospoliticosveracruz.com.mx\/wp-content\/uploads\/2014\/10\/Alcaldesa-2Baborto-CC-81-2Bsesio-CC-81n-2Bde-2Bcabildos-2Bpor-2Btocar-2Bsus-2Bintereses-2B-4-.jpg\"><img loading=\"lazy\" decoding=\"async\" src=\"http:\/\/www.lospoliticosveracruz.com.mx\/wp-content\/uploads\/2014\/10\/Alcaldesa-2Baborto-CC-81-2Bsesio-CC-81n-2Bde-2Bcabildos-2Bpor-2Btocar-2Bsus-2Bintereses-2B-4-.jpg\" alt=\"\" width=\"240\" height=\"320\" border=\"0\" \/><\/a><br \/>\nOtra situaci\u00f3n m\u00e1s fue asentada en el parte de novedades del 21 de julio, elaborado por personal del Instituto de la Polic\u00eda Auxiliar y Protecci\u00f3n Patrimonial para el Estado de Veracruz, adscrito al mismo hospital civil en donde se expresa, \u201cla C. Mar\u00eda Antonia Carmona, contadora del ayuntamiento de Santiago Tuxtla, quien de manera prepotente entr\u00f3 a esta instituci\u00f3n para visitar al paciente Pablo Aparicio Lara a pesar que se le indic\u00f3 que los horarios de visita es de 16:00 a 18:00 horas, dijo que la sacaramos si podiamos. Estando con el paciente agredi\u00f3 verbalmente al personal de enfermer\u00eda, trat\u00e1ndonos de ineptos e incompetentes, por lo cual solicitaron nuestra intervenci\u00f3n (&#8230;) a los policias nos trat\u00f3 como pendejos mencionando que ella ven\u00eda por parte de Ra\u00fal Sosa y que pod\u00eda entrar donde ella quisiera\u201d.<\/div>\n<div>\n<p><a style=\"margin-left: 1em; margin-right: 1em; text-align: center;\" href=\"http:\/\/www.lospoliticosveracruz.com.mx\/wp-content\/uploads\/2014\/10\/Alcaldesa-2Baborto-CC-81-2Bsesio-CC-81n-2Bde-2Bcabildos-2Bpor-2Btocar-2Bsus-2Bintereses-2B-6-2BOFICIO-2BQUEJA.jpg\"><img loading=\"lazy\" decoding=\"async\" src=\"http:\/\/www.lospoliticosveracruz.com.mx\/wp-content\/uploads\/2014\/10\/Alcaldesa-2Baborto-CC-81-2Bsesio-CC-81n-2Bde-2Bcabildos-2Bpor-2Btocar-2Bsus-2Bintereses-2B-6-2BOFICIO-2BQUEJA.jpg\" alt=\"\" width=\"240\" height=\"320\" border=\"0\" \/><\/a><br \/>\nPor su parte la oficial encargada del registro civil en Santiago Tuxtla, Fabiola Patricia Correa G\u00f3mez, apenas el 19 de septiembre en el oficio n\u00famero 768 dirigido a la alcaldesa, se manifest\u00f3 en contra del comportamiento y la atenci\u00f3n otorgada por la tesorera municipal, \u201cla contadora se ha dirigido de manera prepotente a mi persona, un dia que fui a hablar con ella la tesorera se alter\u00f3 mucho y sali\u00f3 gritando a mi oficina diciendo que todas las empleadas tenian quejas de mi\u201d. \u201cDesde finales de diciembre se me qued\u00f3 debiendo la \u00faltima quincena del mes, as\u00ed como mi aguinaldo misma que hasta la fecha no me ha sido pagado\u201d. A\u00f1ade en el oficio que adem\u00e1s ha reportado el mal funcionamiento de equipo, sin que haya respuesta a lo solicitado.<br \/>\nLos regidores no se quedaron con la boca callada, exhibieron a la tesorera y a la alcaldesa, quien por cierto se ha ausentado frecuentemente por lapsos de un mes desde julio y que tan solo despu\u00e9s de que la poblaci\u00f3n le exigi\u00f3 su presencia ha regresado, mas a fuerza que por ganas.<br \/>\nDe todo lo mencionado hay pruebas y es dificil esconder un hecho tan controversial donde existe ingobernabilidad ya que todos los ratones hacen fiesta y se consideran poseedores de la verdad y dirigentes absolutos, este en resumen es un gobierno fallido.<\/p>\n<div><b>Silvano Torres y el uso de programas sociales para campa\u00f1ita<\/b><br \/>\nEl ex priista sanansdrescano, luego panista y ahora nuevamente tricolor, Silvano Torres Xolio ha vuelto a las andadas, si, ha regresado a trabajar en las comunidades buscando&#8230; \u00bfbeneficio personal, pol\u00edtico, o que podr\u00e1 ser?.<br \/>\nEn la zona del ramal, expresamente en la localidad de Mazumiapan reconocieron que el empresario llev\u00f3 algunos regalos para la gente, cosas que por obvias razones no se desperdician ya que la miseria en estos lugares es demasiado y se tiene que aprovechar lo que se ofrezca.<br \/>\nSin embargo lo que no es entendible radica en una cuesti\u00f3n: \u00bfporque las personas citadas fueron integrantes del programa prospera, antes oportunidades, quienes practicamente resultaron enga\u00f1adas al se\u00f1alarles que se refer\u00eda a una reuni\u00f3n oficial, convirtiendose en un encuentro con el morenito de Axochio?.<br \/>\nLlama la atenci\u00f3n que Torres Xolio se est\u00e9 inmizcuyendo con pobladores de comunidades, \u00bfser\u00e1 que en la reuni\u00f3n de hace unas semanas con Jorge Carvallo Delf\u00edn, quien se muestra interesado en buscar la diputaci\u00f3n federal por este distrito de los Tuxtlas, halla logrado que ahora Torres Xolio se convierta en un operador pol\u00edtico mas?.<\/div>\n<\/div>\n","protected":false},"excerpt":{"rendered":"<p>Luis Manuel Toto P\u00f3lito Observatorio Este martes la alcaldesa de Santiago Tuxtla, Claudia Acompa Islas provoc\u00f3 uno de los episodios mas grotescos en la vida pol\u00edtica de este pueblo, pero al igual uno que permite ver la clase de gobernante que tiene el municipio tuxteco; uno impositivo y absolutista, al mero estilo de su perfido [&hellip;]<\/p>\n","protected":false},"author":1,"featured_media":0,"comment_status":"open","ping_status":"open","sticky":false,"template":"","format":"standard","meta":{"tdm_status":"","tdm_grid_status":"","footnotes":""},"categories":[70],"tags":[],"class_list":{"0":"post-1977","1":"post","2":"type-post","3":"status-publish","4":"format-standard","6":"category-de-opinion"},"yoast_head":"<!-- This site is optimized with the Yoast SEO plugin v27.4 - https:\/\/yoast.com\/product\/yoast-seo-wordpress\/ -->\n<title>Claudia Acompa contra regidores: Piden cabeza de tesorera - Los pol\u00edticos Veracruz<\/title>\n<meta name=\"robots\" content=\"index, follow, max-snippet:-1, max-image-preview:large, max-video-preview:-1\" \/>\n<link rel=\"canonical\" href=\"https:\/\/lospoliticosveracruz.com\/?p=1977\" \/>\n<meta property=\"og:locale\" content=\"es_ES\" \/>\n<meta property=\"og:type\" content=\"article\" \/>\n<meta property=\"og:title\" content=\"Claudia Acompa contra regidores: Piden cabeza de tesorera - Los pol\u00edticos Veracruz\" \/>\n<meta property=\"og:description\" content=\"Luis Manuel Toto P\u00f3lito Observatorio Este martes la alcaldesa de Santiago Tuxtla, Claudia Acompa Islas provoc\u00f3 uno de los episodios mas grotescos en la vida pol\u00edtica de este pueblo, pero al igual uno que permite ver la clase de gobernante que tiene el municipio tuxteco; uno impositivo y absolutista, al mero estilo de su perfido [&hellip;]\" \/>\n<meta property=\"og:url\" content=\"https:\/\/lospoliticosveracruz.com\/?p=1977\" \/>\n<meta property=\"og:site_name\" content=\"Los pol\u00edticos Veracruz\" \/>\n<meta property=\"article:publisher\" content=\"https:\/\/www.facebook.com\/people\/Notimemes-de-los-Polticos\/61565672886568\/\" \/>\n<meta property=\"article:published_time\" content=\"2014-10-08T01:52:00+00:00\" \/>\n<meta property=\"article:modified_time\" content=\"2014-10-10T02:59:44+00:00\" \/>\n<meta property=\"og:image\" content=\"http:\/\/www.lospoliticosveracruz.com.mx\/wp-content\/uploads\/2014\/10\/0.jpeg\" \/>\n<meta name=\"author\" content=\"lospoladmin\" \/>\n<meta name=\"twitter:card\" content=\"summary_large_image\" \/>\n<meta name=\"twitter:creator\" content=\"@LosPoliticosVer\" \/>\n<meta name=\"twitter:site\" content=\"@LosPoliticosVer\" \/>\n<meta name=\"twitter:label1\" content=\"Escrito por\" \/>\n\t<meta name=\"twitter:data1\" content=\"lospoladmin\" \/>\n\t<meta name=\"twitter:label2\" content=\"Tiempo de lectura\" \/>\n\t<meta name=\"twitter:data2\" content=\"5 minutos\" \/>\n<script type=\"application\/ld+json\" class=\"yoast-schema-graph\">{\"@context\":\"https:\\\/\\\/schema.org\",\"@graph\":[{\"@type\":\"Article\",\"@id\":\"https:\\\/\\\/lospoliticosveracruz.com\\\/?p=1977#article\",\"isPartOf\":{\"@id\":\"https:\\\/\\\/lospoliticosveracruz.com\\\/?p=1977\"},\"author\":{\"name\":\"lospoladmin\",\"@id\":\"https:\\\/\\\/lospoliticosveracruz.com\\\/#\\\/schema\\\/person\\\/c5fee8df75ee4700bd7f8e92859bd696\"},\"headline\":\"Claudia Acompa contra regidores: Piden cabeza de tesorera\",\"datePublished\":\"2014-10-08T01:52:00+00:00\",\"dateModified\":\"2014-10-10T02:59:44+00:00\",\"mainEntityOfPage\":{\"@id\":\"https:\\\/\\\/lospoliticosveracruz.com\\\/?p=1977\"},\"wordCount\":982,\"commentCount\":0,\"publisher\":{\"@id\":\"https:\\\/\\\/lospoliticosveracruz.com\\\/#organization\"},\"image\":{\"@id\":\"https:\\\/\\\/lospoliticosveracruz.com\\\/?p=1977#primaryimage\"},\"thumbnailUrl\":\"http:\\\/\\\/www.lospoliticosveracruz.com.mx\\\/wp-content\\\/uploads\\\/2014\\\/10\\\/0.jpeg\",\"articleSection\":[\"De Opini\u00f3n\"],\"inLanguage\":\"es\",\"potentialAction\":[{\"@type\":\"CommentAction\",\"name\":\"Comment\",\"target\":[\"https:\\\/\\\/lospoliticosveracruz.com\\\/?p=1977#respond\"]}]},{\"@type\":\"WebPage\",\"@id\":\"https:\\\/\\\/lospoliticosveracruz.com\\\/?p=1977\",\"url\":\"https:\\\/\\\/lospoliticosveracruz.com\\\/?p=1977\",\"name\":\"Claudia Acompa contra regidores: Piden cabeza de tesorera - Los pol\u00edticos Veracruz\",\"isPartOf\":{\"@id\":\"https:\\\/\\\/lospoliticosveracruz.com\\\/#website\"},\"primaryImageOfPage\":{\"@id\":\"https:\\\/\\\/lospoliticosveracruz.com\\\/?p=1977#primaryimage\"},\"image\":{\"@id\":\"https:\\\/\\\/lospoliticosveracruz.com\\\/?p=1977#primaryimage\"},\"thumbnailUrl\":\"http:\\\/\\\/www.lospoliticosveracruz.com.mx\\\/wp-content\\\/uploads\\\/2014\\\/10\\\/0.jpeg\",\"datePublished\":\"2014-10-08T01:52:00+00:00\",\"dateModified\":\"2014-10-10T02:59:44+00:00\",\"breadcrumb\":{\"@id\":\"https:\\\/\\\/lospoliticosveracruz.com\\\/?p=1977#breadcrumb\"},\"inLanguage\":\"es\",\"potentialAction\":[{\"@type\":\"ReadAction\",\"target\":[\"https:\\\/\\\/lospoliticosveracruz.com\\\/?p=1977\"]}]},{\"@type\":\"ImageObject\",\"inLanguage\":\"es\",\"@id\":\"https:\\\/\\\/lospoliticosveracruz.com\\\/?p=1977#primaryimage\",\"url\":\"http:\\\/\\\/www.lospoliticosveracruz.com.mx\\\/wp-content\\\/uploads\\\/2014\\\/10\\\/0.jpeg\",\"contentUrl\":\"http:\\\/\\\/www.lospoliticosveracruz.com.mx\\\/wp-content\\\/uploads\\\/2014\\\/10\\\/0.jpeg\"},{\"@type\":\"BreadcrumbList\",\"@id\":\"https:\\\/\\\/lospoliticosveracruz.com\\\/?p=1977#breadcrumb\",\"itemListElement\":[{\"@type\":\"ListItem\",\"position\":1,\"name\":\"Portada\",\"item\":\"https:\\\/\\\/lospoliticosveracruz.com\\\/\"},{\"@type\":\"ListItem\",\"position\":2,\"name\":\"Claudia Acompa contra regidores: Piden cabeza de tesorera\"}]},{\"@type\":\"WebSite\",\"@id\":\"https:\\\/\\\/lospoliticosveracruz.com\\\/#website\",\"url\":\"https:\\\/\\\/lospoliticosveracruz.com\\\/\",\"name\":\"Los pol\u00edticos Veracruz\",\"description\":\"\",\"publisher\":{\"@id\":\"https:\\\/\\\/lospoliticosveracruz.com\\\/#organization\"},\"potentialAction\":[{\"@type\":\"SearchAction\",\"target\":{\"@type\":\"EntryPoint\",\"urlTemplate\":\"https:\\\/\\\/lospoliticosveracruz.com\\\/?s={search_term_string}\"},\"query-input\":{\"@type\":\"PropertyValueSpecification\",\"valueRequired\":true,\"valueName\":\"search_term_string\"}}],\"inLanguage\":\"es\"},{\"@type\":\"Organization\",\"@id\":\"https:\\\/\\\/lospoliticosveracruz.com\\\/#organization\",\"name\":\"Los pol\u00edticos Veracruz\",\"url\":\"https:\\\/\\\/lospoliticosveracruz.com\\\/\",\"logo\":{\"@type\":\"ImageObject\",\"inLanguage\":\"es\",\"@id\":\"https:\\\/\\\/lospoliticosveracruz.com\\\/#\\\/schema\\\/logo\\\/image\\\/\",\"url\":\"https:\\\/\\\/lospoliticosveracruz.com\\\/wp-content\\\/uploads\\\/2025\\\/12\\\/Logo-Nuevo-LOS-POLITICOS-1.jpg\",\"contentUrl\":\"https:\\\/\\\/lospoliticosveracruz.com\\\/wp-content\\\/uploads\\\/2025\\\/12\\\/Logo-Nuevo-LOS-POLITICOS-1.jpg\",\"width\":260,\"height\":70,\"caption\":\"Los pol\u00edticos Veracruz\"},\"image\":{\"@id\":\"https:\\\/\\\/lospoliticosveracruz.com\\\/#\\\/schema\\\/logo\\\/image\\\/\"},\"sameAs\":[\"https:\\\/\\\/www.facebook.com\\\/people\\\/Notimemes-de-los-Polticos\\\/61565672886568\\\/\",\"https:\\\/\\\/x.com\\\/LosPoliticosVer\"]},{\"@type\":\"Person\",\"@id\":\"https:\\\/\\\/lospoliticosveracruz.com\\\/#\\\/schema\\\/person\\\/c5fee8df75ee4700bd7f8e92859bd696\",\"name\":\"lospoladmin\",\"image\":{\"@type\":\"ImageObject\",\"inLanguage\":\"es\",\"@id\":\"https:\\\/\\\/secure.gravatar.com\\\/avatar\\\/f4a468785695515895c4d618820f242e33d3d72a0284244a0fad6d19795cb724?s=96&d=mm&r=g\",\"url\":\"https:\\\/\\\/secure.gravatar.com\\\/avatar\\\/f4a468785695515895c4d618820f242e33d3d72a0284244a0fad6d19795cb724?s=96&d=mm&r=g\",\"contentUrl\":\"https:\\\/\\\/secure.gravatar.com\\\/avatar\\\/f4a468785695515895c4d618820f242e33d3d72a0284244a0fad6d19795cb724?s=96&d=mm&r=g\",\"caption\":\"lospoladmin\"},\"url\":\"https:\\\/\\\/lospoliticosveracruz.com\\\/?author=1\"}]}<\/script>\n<!-- \/ Yoast SEO plugin. -->","yoast_head_json":{"title":"Claudia Acompa contra regidores: Piden cabeza de tesorera - Los pol\u00edticos Veracruz","robots":{"index":"index","follow":"follow","max-snippet":"max-snippet:-1","max-image-preview":"max-image-preview:large","max-video-preview":"max-video-preview:-1"},"canonical":"https:\/\/lospoliticosveracruz.com\/?p=1977","og_locale":"es_ES","og_type":"article","og_title":"Claudia Acompa contra regidores: Piden cabeza de tesorera - Los pol\u00edticos Veracruz","og_description":"Luis Manuel Toto P\u00f3lito Observatorio Este martes la alcaldesa de Santiago Tuxtla, Claudia Acompa Islas provoc\u00f3 uno de los episodios mas grotescos en la vida pol\u00edtica de este pueblo, pero al igual uno que permite ver la clase de gobernante que tiene el municipio tuxteco; uno impositivo y absolutista, al mero estilo de su perfido [&hellip;]","og_url":"https:\/\/lospoliticosveracruz.com\/?p=1977","og_site_name":"Los pol\u00edticos Veracruz","article_publisher":"https:\/\/www.facebook.com\/people\/Notimemes-de-los-Polticos\/61565672886568\/","article_published_time":"2014-10-08T01:52:00+00:00","article_modified_time":"2014-10-10T02:59:44+00:00","og_image":[{"url":"http:\/\/www.lospoliticosveracruz.com.mx\/wp-content\/uploads\/2014\/10\/0.jpeg","type":"","width":"","height":""}],"author":"lospoladmin","twitter_card":"summary_large_image","twitter_creator":"@LosPoliticosVer","twitter_site":"@LosPoliticosVer","twitter_misc":{"Escrito por":"lospoladmin","Tiempo de lectura":"5 minutos"},"schema":{"@context":"https:\/\/schema.org","@graph":[{"@type":"Article","@id":"https:\/\/lospoliticosveracruz.com\/?p=1977#article","isPartOf":{"@id":"https:\/\/lospoliticosveracruz.com\/?p=1977"},"author":{"name":"lospoladmin","@id":"https:\/\/lospoliticosveracruz.com\/#\/schema\/person\/c5fee8df75ee4700bd7f8e92859bd696"},"headline":"Claudia Acompa contra regidores: Piden cabeza de tesorera","datePublished":"2014-10-08T01:52:00+00:00","dateModified":"2014-10-10T02:59:44+00:00","mainEntityOfPage":{"@id":"https:\/\/lospoliticosveracruz.com\/?p=1977"},"wordCount":982,"commentCount":0,"publisher":{"@id":"https:\/\/lospoliticosveracruz.com\/#organization"},"image":{"@id":"https:\/\/lospoliticosveracruz.com\/?p=1977#primaryimage"},"thumbnailUrl":"http:\/\/www.lospoliticosveracruz.com.mx\/wp-content\/uploads\/2014\/10\/0.jpeg","articleSection":["De Opini\u00f3n"],"inLanguage":"es","potentialAction":[{"@type":"CommentAction","name":"Comment","target":["https:\/\/lospoliticosveracruz.com\/?p=1977#respond"]}]},{"@type":"WebPage","@id":"https:\/\/lospoliticosveracruz.com\/?p=1977","url":"https:\/\/lospoliticosveracruz.com\/?p=1977","name":"Claudia Acompa contra regidores: Piden cabeza de tesorera - Los pol\u00edticos Veracruz","isPartOf":{"@id":"https:\/\/lospoliticosveracruz.com\/#website"},"primaryImageOfPage":{"@id":"https:\/\/lospoliticosveracruz.com\/?p=1977#primaryimage"},"image":{"@id":"https:\/\/lospoliticosveracruz.com\/?p=1977#primaryimage"},"thumbnailUrl":"http:\/\/www.lospoliticosveracruz.com.mx\/wp-content\/uploads\/2014\/10\/0.jpeg","datePublished":"2014-10-08T01:52:00+00:00","dateModified":"2014-10-10T02:59:44+00:00","breadcrumb":{"@id":"https:\/\/lospoliticosveracruz.com\/?p=1977#breadcrumb"},"inLanguage":"es","potentialAction":[{"@type":"ReadAction","target":["https:\/\/lospoliticosveracruz.com\/?p=1977"]}]},{"@type":"ImageObject","inLanguage":"es","@id":"https:\/\/lospoliticosveracruz.com\/?p=1977#primaryimage","url":"http:\/\/www.lospoliticosveracruz.com.mx\/wp-content\/uploads\/2014\/10\/0.jpeg","contentUrl":"http:\/\/www.lospoliticosveracruz.com.mx\/wp-content\/uploads\/2014\/10\/0.jpeg"},{"@type":"BreadcrumbList","@id":"https:\/\/lospoliticosveracruz.com\/?p=1977#breadcrumb","itemListElement":[{"@type":"ListItem","position":1,"name":"Portada","item":"https:\/\/lospoliticosveracruz.com\/"},{"@type":"ListItem","position":2,"name":"Claudia Acompa contra regidores: Piden cabeza de tesorera"}]},{"@type":"WebSite","@id":"https:\/\/lospoliticosveracruz.com\/#website","url":"https:\/\/lospoliticosveracruz.com\/","name":"Los pol\u00edticos Veracruz","description":"","publisher":{"@id":"https:\/\/lospoliticosveracruz.com\/#organization"},"potentialAction":[{"@type":"SearchAction","target":{"@type":"EntryPoint","urlTemplate":"https:\/\/lospoliticosveracruz.com\/?s={search_term_string}"},"query-input":{"@type":"PropertyValueSpecification","valueRequired":true,"valueName":"search_term_string"}}],"inLanguage":"es"},{"@type":"Organization","@id":"https:\/\/lospoliticosveracruz.com\/#organization","name":"Los pol\u00edticos Veracruz","url":"https:\/\/lospoliticosveracruz.com\/","logo":{"@type":"ImageObject","inLanguage":"es","@id":"https:\/\/lospoliticosveracruz.com\/#\/schema\/logo\/image\/","url":"https:\/\/lospoliticosveracruz.com\/wp-content\/uploads\/2025\/12\/Logo-Nuevo-LOS-POLITICOS-1.jpg","contentUrl":"https:\/\/lospoliticosveracruz.com\/wp-content\/uploads\/2025\/12\/Logo-Nuevo-LOS-POLITICOS-1.jpg","width":260,"height":70,"caption":"Los pol\u00edticos Veracruz"},"image":{"@id":"https:\/\/lospoliticosveracruz.com\/#\/schema\/logo\/image\/"},"sameAs":["https:\/\/www.facebook.com\/people\/Notimemes-de-los-Polticos\/61565672886568\/","https:\/\/x.com\/LosPoliticosVer"]},{"@type":"Person","@id":"https:\/\/lospoliticosveracruz.com\/#\/schema\/person\/c5fee8df75ee4700bd7f8e92859bd696","name":"lospoladmin","image":{"@type":"ImageObject","inLanguage":"es","@id":"https:\/\/secure.gravatar.com\/avatar\/f4a468785695515895c4d618820f242e33d3d72a0284244a0fad6d19795cb724?s=96&d=mm&r=g","url":"https:\/\/secure.gravatar.com\/avatar\/f4a468785695515895c4d618820f242e33d3d72a0284244a0fad6d19795cb724?s=96&d=mm&r=g","contentUrl":"https:\/\/secure.gravatar.com\/avatar\/f4a468785695515895c4d618820f242e33d3d72a0284244a0fad6d19795cb724?s=96&d=mm&r=g","caption":"lospoladmin"},"url":"https:\/\/lospoliticosveracruz.com\/?author=1"}]}},"_links":{"self":[{"href":"https:\/\/lospoliticosveracruz.com\/index.php?rest_route=\/wp\/v2\/posts\/1977","targetHints":{"allow":["GET"]}}],"collection":[{"href":"https:\/\/lospoliticosveracruz.com\/index.php?rest_route=\/wp\/v2\/posts"}],"about":[{"href":"https:\/\/lospoliticosveracruz.com\/index.php?rest_route=\/wp\/v2\/types\/post"}],"author":[{"embeddable":true,"href":"https:\/\/lospoliticosveracruz.com\/index.php?rest_route=\/wp\/v2\/users\/1"}],"replies":[{"embeddable":true,"href":"https:\/\/lospoliticosveracruz.com\/index.php?rest_route=%2Fwp%2Fv2%2Fcomments&post=1977"}],"version-history":[{"count":2,"href":"https:\/\/lospoliticosveracruz.com\/index.php?rest_route=\/wp\/v2\/posts\/1977\/revisions"}],"predecessor-version":[{"id":12412,"href":"https:\/\/lospoliticosveracruz.com\/index.php?rest_route=\/wp\/v2\/posts\/1977\/revisions\/12412"}],"wp:attachment":[{"href":"https:\/\/lospoliticosveracruz.com\/index.php?rest_route=%2Fwp%2Fv2%2Fmedia&parent=1977"}],"wp:term":[{"taxonomy":"category","embeddable":true,"href":"https:\/\/lospoliticosveracruz.com\/index.php?rest_route=%2Fwp%2Fv2%2Fcategories&post=1977"},{"taxonomy":"post_tag","embeddable":true,"href":"https:\/\/lospoliticosveracruz.com\/index.php?rest_route=%2Fwp%2Fv2%2Ftags&post=1977"}],"curies":[{"name":"wp","href":"https:\/\/api.w.org\/{rel}","templated":true}]}}