{"id":1978,"date":"2014-10-08T01:41:00","date_gmt":"2014-10-08T01:41:00","guid":{"rendered":"http:\/\/www.lospoliticosveracruz.com.mx\/?p=1978"},"modified":"2014-10-10T02:59:44","modified_gmt":"2014-10-10T02:59:44","slug":"salud-historias-de-corrupcion","status":"publish","type":"post","link":"https:\/\/lospoliticosveracruz.com\/?p=1978","title":{"rendered":"Salud, historias de corrupci\u00f3n"},"content":{"rendered":"<div style=\"clear: both; text-align: center;\"><a style=\"margin-left: 1em; margin-right: 1em;\" href=\"http:\/\/www.lospoliticosveracruz.com.mx\/wp-content\/uploads\/2014\/10\/Nemi-2BSilva.jpg\"><img loading=\"lazy\" decoding=\"async\" src=\"http:\/\/www.lospoliticosveracruz.com.mx\/wp-content\/uploads\/2014\/10\/Nemi-2BSilva.jpg\" alt=\"\" width=\"320\" height=\"239\" border=\"0\" \/><\/a><\/div>\n<div><b>\u00a0<\/b><\/div>\n<p><b>Luis Alberto Romero<\/b><br \/>\n<i>Hora Cero<\/i><\/p>\n<p>La confrontaci\u00f3n con el Sindicado de Trabajadores del Sector Salud y la denuncia que hiciera p\u00fablica sobre las irregularidades y el saqueo que prevalece en la secretar\u00eda del ramo terminaron por costarle el cargo a Juan Antonio Nemi Dib, quien hace menos de una semana revel\u00f3 la red de corrupci\u00f3n que impera en la dependencia que encabez\u00f3 desde marzo del a\u00f1o pasado y se\u00f1al\u00f3 de manera directa a los dirigentes sindicales.<br \/>\nEl paso de Nemi Dib al frente de la Secretar\u00eda de Salud es una historia de combate contra actos de corrupci\u00f3n: apenas asumi\u00f3 el cargo y de inmediato denunci\u00f3 a empresas que facturaban con sobreprecios y procedi\u00f3 a la rescisi\u00f3n de contratos.<a name=\"more\"><\/a><br \/>\nEn septiembre del a\u00f1o pasado, destap\u00f3 otra cloaca, ahora en el hospital \u201cDr. Luis F. Nach\u00f3n\u201d, cuya \u00e1rea privada era utilizada por un grupo de m\u00e9dicos para hacer un negocio privado con recursos p\u00fablicos. En esa ocasi\u00f3n, Juan Antonio Nemi confirm\u00f3 que esas pr\u00e1cticas costaban al erario unos 77 mil pesos diarios.<br \/>\nPosteriormente, se profundizaron los desencuentros entre Nemi Dib y el sindicato de trabajadores del sector salud, cuyos dirigentes emprendieron todo tipo de acciones y hasta boicots contra el secretario, a quien responsabilizaban por el atraso en la distribuci\u00f3n de medicamentos, acci\u00f3n que ellos mismos orquestaron. Por ello fue la denuncia p\u00fablica que lanz\u00f3 el ex secretario el pasado 2 de octubre, cuando se\u00f1al\u00f3 que esa mafia manten\u00eda aterrorizada a la base sindical.<br \/>\nFrontal como es, Juan Antonio Nemi acus\u00f3 actos de corrupci\u00f3n que sus antecesores prefirieron ocultar, tapar o ignorar: constructoras ligadas a los l\u00edderes sindicales que se beneficiaban con contratos millonarios, opacidad en el manejo de dicha agrupaci\u00f3n, robo de gasolina, falsificaci\u00f3n de documentos para comprobar vi\u00e1ticos y otros.<br \/>\nPor supuesto, los se\u00f1alados exigieron pruebas y amagaron con denunciar al ex funcionario por difamaci\u00f3n; los alaridos de quienes manejan el sindicato llegaron a Palacio, donde prefirieron evitar un conflicto mayor en un \u00e1rea estrat\u00e9gica como es el sector salud, a costa del sacrificio de una de las piezas del gabinete que se ha caracterizado por la congruencia y la capacidad.<br \/>\nDurante el presente gobierno veracruzano, Nemi Dib ocup\u00f3 la direcci\u00f3n del DIF, la secretar\u00eda particular y la de salud; en todos esos cargos se desempe\u00f1\u00f3 con eficiencia pero eso no fue suficiente. No lo fue tampoco el talento mostrado porque, al final, la amenaza de paros y bloqueos del sindicato termin\u00f3 por imponerse.<br \/>\nHoy, diversos sectores sociales y expresiones pol\u00edticas exigen que se investiguen a fondo las denuncias que hizo p\u00fablicas el ex secretario de salud.<br \/>\nPor su parte, el ex funcionario del gabinete estatal se reintegrar\u00eda al gobierno veracruzano en un par de meses, porque al menos 3 o 4 secretarios podr\u00edan dejar sus cargos para buscar diputaciones federales; uno de ellos es Alberto Silva Ramos, quien se desempe\u00f1a al frente de la Coordinaci\u00f3n de Comunicaci\u00f3n Social, dependencia que el cordob\u00e9s ya ocup\u00f3 en 1989 y cuyo manejo conoce a la perfecci\u00f3n. Otra posibilidad es su incorporaci\u00f3n al equipo de trabajo del senador Jos\u00e9 Francisco Yunes Zorrilla, quien aspira a suceder a Javier Duarte en el gobierno veracruzano, de cara al 2016. @luisromero85<\/p>\n","protected":false},"excerpt":{"rendered":"<p>\u00a0 Luis Alberto Romero Hora Cero La confrontaci\u00f3n con el Sindicado de Trabajadores del Sector Salud y la denuncia que hiciera p\u00fablica sobre las irregularidades y el saqueo que prevalece en la secretar\u00eda del ramo terminaron por costarle el cargo a Juan Antonio Nemi Dib, quien hace menos de una semana revel\u00f3 la red de [&hellip;]<\/p>\n","protected":false},"author":1,"featured_media":0,"comment_status":"open","ping_status":"open","sticky":false,"template":"","format":"standard","meta":{"tdm_status":"","tdm_grid_status":"","footnotes":""},"categories":[70],"tags":[89,90,91],"class_list":{"0":"post-1978","1":"post","2":"type-post","3":"status-publish","4":"format-standard","6":"category-de-opinion","7":"tag-nemi","8":"tag-salud","9":"tag-silva"},"yoast_head":"<!-- This site is optimized with the Yoast SEO plugin v27.4 - https:\/\/yoast.com\/product\/yoast-seo-wordpress\/ -->\n<title>Salud, historias de corrupci\u00f3n - Los pol\u00edticos Veracruz<\/title>\n<meta name=\"robots\" content=\"index, follow, max-snippet:-1, max-image-preview:large, max-video-preview:-1\" \/>\n<link rel=\"canonical\" href=\"https:\/\/lospoliticosveracruz.com\/?p=1978\" \/>\n<meta property=\"og:locale\" content=\"es_ES\" \/>\n<meta property=\"og:type\" content=\"article\" \/>\n<meta property=\"og:title\" content=\"Salud, historias de corrupci\u00f3n - Los pol\u00edticos Veracruz\" \/>\n<meta property=\"og:description\" content=\"\u00a0 Luis Alberto Romero Hora Cero La confrontaci\u00f3n con el Sindicado de Trabajadores del Sector Salud y la denuncia que hiciera p\u00fablica sobre las irregularidades y el saqueo que prevalece en la secretar\u00eda del ramo terminaron por costarle el cargo a Juan Antonio Nemi Dib, quien hace menos de una semana revel\u00f3 la red de [&hellip;]\" \/>\n<meta property=\"og:url\" content=\"https:\/\/lospoliticosveracruz.com\/?p=1978\" \/>\n<meta property=\"og:site_name\" content=\"Los pol\u00edticos Veracruz\" \/>\n<meta property=\"article:publisher\" content=\"https:\/\/www.facebook.com\/people\/Notimemes-de-los-Polticos\/61565672886568\/\" \/>\n<meta property=\"article:published_time\" content=\"2014-10-08T01:41:00+00:00\" \/>\n<meta property=\"article:modified_time\" content=\"2014-10-10T02:59:44+00:00\" \/>\n<meta property=\"og:image\" content=\"http:\/\/www.lospoliticosveracruz.com.mx\/wp-content\/uploads\/2014\/10\/Nemi-2BSilva.jpg\" \/>\n<meta name=\"author\" content=\"lospoladmin\" \/>\n<meta name=\"twitter:card\" content=\"summary_large_image\" \/>\n<meta name=\"twitter:creator\" content=\"@LosPoliticosVer\" \/>\n<meta name=\"twitter:site\" content=\"@LosPoliticosVer\" \/>\n<meta name=\"twitter:label1\" content=\"Escrito por\" \/>\n\t<meta name=\"twitter:data1\" content=\"lospoladmin\" \/>\n\t<meta name=\"twitter:label2\" content=\"Tiempo de lectura\" \/>\n\t<meta name=\"twitter:data2\" content=\"3 minutos\" \/>\n<script type=\"application\/ld+json\" class=\"yoast-schema-graph\">{\"@context\":\"https:\\\/\\\/schema.org\",\"@graph\":[{\"@type\":\"Article\",\"@id\":\"https:\\\/\\\/lospoliticosveracruz.com\\\/?p=1978#article\",\"isPartOf\":{\"@id\":\"https:\\\/\\\/lospoliticosveracruz.com\\\/?p=1978\"},\"author\":{\"name\":\"lospoladmin\",\"@id\":\"https:\\\/\\\/lospoliticosveracruz.com\\\/#\\\/schema\\\/person\\\/c5fee8df75ee4700bd7f8e92859bd696\"},\"headline\":\"Salud, historias de corrupci\u00f3n\",\"datePublished\":\"2014-10-08T01:41:00+00:00\",\"dateModified\":\"2014-10-10T02:59:44+00:00\",\"mainEntityOfPage\":{\"@id\":\"https:\\\/\\\/lospoliticosveracruz.com\\\/?p=1978\"},\"wordCount\":564,\"commentCount\":0,\"publisher\":{\"@id\":\"https:\\\/\\\/lospoliticosveracruz.com\\\/#organization\"},\"image\":{\"@id\":\"https:\\\/\\\/lospoliticosveracruz.com\\\/?p=1978#primaryimage\"},\"thumbnailUrl\":\"http:\\\/\\\/www.lospoliticosveracruz.com.mx\\\/wp-content\\\/uploads\\\/2014\\\/10\\\/Nemi-2BSilva.jpg\",\"keywords\":[\"Nemi\",\"Salud\",\"Silva\"],\"articleSection\":[\"De Opini\u00f3n\"],\"inLanguage\":\"es\",\"potentialAction\":[{\"@type\":\"CommentAction\",\"name\":\"Comment\",\"target\":[\"https:\\\/\\\/lospoliticosveracruz.com\\\/?p=1978#respond\"]}]},{\"@type\":\"WebPage\",\"@id\":\"https:\\\/\\\/lospoliticosveracruz.com\\\/?p=1978\",\"url\":\"https:\\\/\\\/lospoliticosveracruz.com\\\/?p=1978\",\"name\":\"Salud, historias de corrupci\u00f3n - Los pol\u00edticos Veracruz\",\"isPartOf\":{\"@id\":\"https:\\\/\\\/lospoliticosveracruz.com\\\/#website\"},\"primaryImageOfPage\":{\"@id\":\"https:\\\/\\\/lospoliticosveracruz.com\\\/?p=1978#primaryimage\"},\"image\":{\"@id\":\"https:\\\/\\\/lospoliticosveracruz.com\\\/?p=1978#primaryimage\"},\"thumbnailUrl\":\"http:\\\/\\\/www.lospoliticosveracruz.com.mx\\\/wp-content\\\/uploads\\\/2014\\\/10\\\/Nemi-2BSilva.jpg\",\"datePublished\":\"2014-10-08T01:41:00+00:00\",\"dateModified\":\"2014-10-10T02:59:44+00:00\",\"breadcrumb\":{\"@id\":\"https:\\\/\\\/lospoliticosveracruz.com\\\/?p=1978#breadcrumb\"},\"inLanguage\":\"es\",\"potentialAction\":[{\"@type\":\"ReadAction\",\"target\":[\"https:\\\/\\\/lospoliticosveracruz.com\\\/?p=1978\"]}]},{\"@type\":\"ImageObject\",\"inLanguage\":\"es\",\"@id\":\"https:\\\/\\\/lospoliticosveracruz.com\\\/?p=1978#primaryimage\",\"url\":\"http:\\\/\\\/www.lospoliticosveracruz.com.mx\\\/wp-content\\\/uploads\\\/2014\\\/10\\\/Nemi-2BSilva.jpg\",\"contentUrl\":\"http:\\\/\\\/www.lospoliticosveracruz.com.mx\\\/wp-content\\\/uploads\\\/2014\\\/10\\\/Nemi-2BSilva.jpg\"},{\"@type\":\"BreadcrumbList\",\"@id\":\"https:\\\/\\\/lospoliticosveracruz.com\\\/?p=1978#breadcrumb\",\"itemListElement\":[{\"@type\":\"ListItem\",\"position\":1,\"name\":\"Portada\",\"item\":\"https:\\\/\\\/lospoliticosveracruz.com\\\/\"},{\"@type\":\"ListItem\",\"position\":2,\"name\":\"Salud, historias de corrupci\u00f3n\"}]},{\"@type\":\"WebSite\",\"@id\":\"https:\\\/\\\/lospoliticosveracruz.com\\\/#website\",\"url\":\"https:\\\/\\\/lospoliticosveracruz.com\\\/\",\"name\":\"Los pol\u00edticos Veracruz\",\"description\":\"\",\"publisher\":{\"@id\":\"https:\\\/\\\/lospoliticosveracruz.com\\\/#organization\"},\"potentialAction\":[{\"@type\":\"SearchAction\",\"target\":{\"@type\":\"EntryPoint\",\"urlTemplate\":\"https:\\\/\\\/lospoliticosveracruz.com\\\/?s={search_term_string}\"},\"query-input\":{\"@type\":\"PropertyValueSpecification\",\"valueRequired\":true,\"valueName\":\"search_term_string\"}}],\"inLanguage\":\"es\"},{\"@type\":\"Organization\",\"@id\":\"https:\\\/\\\/lospoliticosveracruz.com\\\/#organization\",\"name\":\"Los pol\u00edticos Veracruz\",\"url\":\"https:\\\/\\\/lospoliticosveracruz.com\\\/\",\"logo\":{\"@type\":\"ImageObject\",\"inLanguage\":\"es\",\"@id\":\"https:\\\/\\\/lospoliticosveracruz.com\\\/#\\\/schema\\\/logo\\\/image\\\/\",\"url\":\"https:\\\/\\\/lospoliticosveracruz.com\\\/wp-content\\\/uploads\\\/2025\\\/12\\\/Logo-Nuevo-LOS-POLITICOS-1.jpg\",\"contentUrl\":\"https:\\\/\\\/lospoliticosveracruz.com\\\/wp-content\\\/uploads\\\/2025\\\/12\\\/Logo-Nuevo-LOS-POLITICOS-1.jpg\",\"width\":260,\"height\":70,\"caption\":\"Los pol\u00edticos Veracruz\"},\"image\":{\"@id\":\"https:\\\/\\\/lospoliticosveracruz.com\\\/#\\\/schema\\\/logo\\\/image\\\/\"},\"sameAs\":[\"https:\\\/\\\/www.facebook.com\\\/people\\\/Notimemes-de-los-Polticos\\\/61565672886568\\\/\",\"https:\\\/\\\/x.com\\\/LosPoliticosVer\"]},{\"@type\":\"Person\",\"@id\":\"https:\\\/\\\/lospoliticosveracruz.com\\\/#\\\/schema\\\/person\\\/c5fee8df75ee4700bd7f8e92859bd696\",\"name\":\"lospoladmin\",\"image\":{\"@type\":\"ImageObject\",\"inLanguage\":\"es\",\"@id\":\"https:\\\/\\\/secure.gravatar.com\\\/avatar\\\/f4a468785695515895c4d618820f242e33d3d72a0284244a0fad6d19795cb724?s=96&d=mm&r=g\",\"url\":\"https:\\\/\\\/secure.gravatar.com\\\/avatar\\\/f4a468785695515895c4d618820f242e33d3d72a0284244a0fad6d19795cb724?s=96&d=mm&r=g\",\"contentUrl\":\"https:\\\/\\\/secure.gravatar.com\\\/avatar\\\/f4a468785695515895c4d618820f242e33d3d72a0284244a0fad6d19795cb724?s=96&d=mm&r=g\",\"caption\":\"lospoladmin\"},\"url\":\"https:\\\/\\\/lospoliticosveracruz.com\\\/?author=1\"}]}<\/script>\n<!-- \/ Yoast SEO plugin. -->","yoast_head_json":{"title":"Salud, historias de corrupci\u00f3n - Los pol\u00edticos Veracruz","robots":{"index":"index","follow":"follow","max-snippet":"max-snippet:-1","max-image-preview":"max-image-preview:large","max-video-preview":"max-video-preview:-1"},"canonical":"https:\/\/lospoliticosveracruz.com\/?p=1978","og_locale":"es_ES","og_type":"article","og_title":"Salud, historias de corrupci\u00f3n - Los pol\u00edticos Veracruz","og_description":"\u00a0 Luis Alberto Romero Hora Cero La confrontaci\u00f3n con el Sindicado de Trabajadores del Sector Salud y la denuncia que hiciera p\u00fablica sobre las irregularidades y el saqueo que prevalece en la secretar\u00eda del ramo terminaron por costarle el cargo a Juan Antonio Nemi Dib, quien hace menos de una semana revel\u00f3 la red de [&hellip;]","og_url":"https:\/\/lospoliticosveracruz.com\/?p=1978","og_site_name":"Los pol\u00edticos Veracruz","article_publisher":"https:\/\/www.facebook.com\/people\/Notimemes-de-los-Polticos\/61565672886568\/","article_published_time":"2014-10-08T01:41:00+00:00","article_modified_time":"2014-10-10T02:59:44+00:00","og_image":[{"url":"http:\/\/www.lospoliticosveracruz.com.mx\/wp-content\/uploads\/2014\/10\/Nemi-2BSilva.jpg","type":"","width":"","height":""}],"author":"lospoladmin","twitter_card":"summary_large_image","twitter_creator":"@LosPoliticosVer","twitter_site":"@LosPoliticosVer","twitter_misc":{"Escrito por":"lospoladmin","Tiempo de lectura":"3 minutos"},"schema":{"@context":"https:\/\/schema.org","@graph":[{"@type":"Article","@id":"https:\/\/lospoliticosveracruz.com\/?p=1978#article","isPartOf":{"@id":"https:\/\/lospoliticosveracruz.com\/?p=1978"},"author":{"name":"lospoladmin","@id":"https:\/\/lospoliticosveracruz.com\/#\/schema\/person\/c5fee8df75ee4700bd7f8e92859bd696"},"headline":"Salud, historias de corrupci\u00f3n","datePublished":"2014-10-08T01:41:00+00:00","dateModified":"2014-10-10T02:59:44+00:00","mainEntityOfPage":{"@id":"https:\/\/lospoliticosveracruz.com\/?p=1978"},"wordCount":564,"commentCount":0,"publisher":{"@id":"https:\/\/lospoliticosveracruz.com\/#organization"},"image":{"@id":"https:\/\/lospoliticosveracruz.com\/?p=1978#primaryimage"},"thumbnailUrl":"http:\/\/www.lospoliticosveracruz.com.mx\/wp-content\/uploads\/2014\/10\/Nemi-2BSilva.jpg","keywords":["Nemi","Salud","Silva"],"articleSection":["De Opini\u00f3n"],"inLanguage":"es","potentialAction":[{"@type":"CommentAction","name":"Comment","target":["https:\/\/lospoliticosveracruz.com\/?p=1978#respond"]}]},{"@type":"WebPage","@id":"https:\/\/lospoliticosveracruz.com\/?p=1978","url":"https:\/\/lospoliticosveracruz.com\/?p=1978","name":"Salud, historias de corrupci\u00f3n - Los pol\u00edticos Veracruz","isPartOf":{"@id":"https:\/\/lospoliticosveracruz.com\/#website"},"primaryImageOfPage":{"@id":"https:\/\/lospoliticosveracruz.com\/?p=1978#primaryimage"},"image":{"@id":"https:\/\/lospoliticosveracruz.com\/?p=1978#primaryimage"},"thumbnailUrl":"http:\/\/www.lospoliticosveracruz.com.mx\/wp-content\/uploads\/2014\/10\/Nemi-2BSilva.jpg","datePublished":"2014-10-08T01:41:00+00:00","dateModified":"2014-10-10T02:59:44+00:00","breadcrumb":{"@id":"https:\/\/lospoliticosveracruz.com\/?p=1978#breadcrumb"},"inLanguage":"es","potentialAction":[{"@type":"ReadAction","target":["https:\/\/lospoliticosveracruz.com\/?p=1978"]}]},{"@type":"ImageObject","inLanguage":"es","@id":"https:\/\/lospoliticosveracruz.com\/?p=1978#primaryimage","url":"http:\/\/www.lospoliticosveracruz.com.mx\/wp-content\/uploads\/2014\/10\/Nemi-2BSilva.jpg","contentUrl":"http:\/\/www.lospoliticosveracruz.com.mx\/wp-content\/uploads\/2014\/10\/Nemi-2BSilva.jpg"},{"@type":"BreadcrumbList","@id":"https:\/\/lospoliticosveracruz.com\/?p=1978#breadcrumb","itemListElement":[{"@type":"ListItem","position":1,"name":"Portada","item":"https:\/\/lospoliticosveracruz.com\/"},{"@type":"ListItem","position":2,"name":"Salud, historias de corrupci\u00f3n"}]},{"@type":"WebSite","@id":"https:\/\/lospoliticosveracruz.com\/#website","url":"https:\/\/lospoliticosveracruz.com\/","name":"Los pol\u00edticos Veracruz","description":"","publisher":{"@id":"https:\/\/lospoliticosveracruz.com\/#organization"},"potentialAction":[{"@type":"SearchAction","target":{"@type":"EntryPoint","urlTemplate":"https:\/\/lospoliticosveracruz.com\/?s={search_term_string}"},"query-input":{"@type":"PropertyValueSpecification","valueRequired":true,"valueName":"search_term_string"}}],"inLanguage":"es"},{"@type":"Organization","@id":"https:\/\/lospoliticosveracruz.com\/#organization","name":"Los pol\u00edticos Veracruz","url":"https:\/\/lospoliticosveracruz.com\/","logo":{"@type":"ImageObject","inLanguage":"es","@id":"https:\/\/lospoliticosveracruz.com\/#\/schema\/logo\/image\/","url":"https:\/\/lospoliticosveracruz.com\/wp-content\/uploads\/2025\/12\/Logo-Nuevo-LOS-POLITICOS-1.jpg","contentUrl":"https:\/\/lospoliticosveracruz.com\/wp-content\/uploads\/2025\/12\/Logo-Nuevo-LOS-POLITICOS-1.jpg","width":260,"height":70,"caption":"Los pol\u00edticos Veracruz"},"image":{"@id":"https:\/\/lospoliticosveracruz.com\/#\/schema\/logo\/image\/"},"sameAs":["https:\/\/www.facebook.com\/people\/Notimemes-de-los-Polticos\/61565672886568\/","https:\/\/x.com\/LosPoliticosVer"]},{"@type":"Person","@id":"https:\/\/lospoliticosveracruz.com\/#\/schema\/person\/c5fee8df75ee4700bd7f8e92859bd696","name":"lospoladmin","image":{"@type":"ImageObject","inLanguage":"es","@id":"https:\/\/secure.gravatar.com\/avatar\/f4a468785695515895c4d618820f242e33d3d72a0284244a0fad6d19795cb724?s=96&d=mm&r=g","url":"https:\/\/secure.gravatar.com\/avatar\/f4a468785695515895c4d618820f242e33d3d72a0284244a0fad6d19795cb724?s=96&d=mm&r=g","contentUrl":"https:\/\/secure.gravatar.com\/avatar\/f4a468785695515895c4d618820f242e33d3d72a0284244a0fad6d19795cb724?s=96&d=mm&r=g","caption":"lospoladmin"},"url":"https:\/\/lospoliticosveracruz.com\/?author=1"}]}},"_links":{"self":[{"href":"https:\/\/lospoliticosveracruz.com\/index.php?rest_route=\/wp\/v2\/posts\/1978","targetHints":{"allow":["GET"]}}],"collection":[{"href":"https:\/\/lospoliticosveracruz.com\/index.php?rest_route=\/wp\/v2\/posts"}],"about":[{"href":"https:\/\/lospoliticosveracruz.com\/index.php?rest_route=\/wp\/v2\/types\/post"}],"author":[{"embeddable":true,"href":"https:\/\/lospoliticosveracruz.com\/index.php?rest_route=\/wp\/v2\/users\/1"}],"replies":[{"embeddable":true,"href":"https:\/\/lospoliticosveracruz.com\/index.php?rest_route=%2Fwp%2Fv2%2Fcomments&post=1978"}],"version-history":[{"count":1,"href":"https:\/\/lospoliticosveracruz.com\/index.php?rest_route=\/wp\/v2\/posts\/1978\/revisions"}],"predecessor-version":[{"id":11722,"href":"https:\/\/lospoliticosveracruz.com\/index.php?rest_route=\/wp\/v2\/posts\/1978\/revisions\/11722"}],"wp:attachment":[{"href":"https:\/\/lospoliticosveracruz.com\/index.php?rest_route=%2Fwp%2Fv2%2Fmedia&parent=1978"}],"wp:term":[{"taxonomy":"category","embeddable":true,"href":"https:\/\/lospoliticosveracruz.com\/index.php?rest_route=%2Fwp%2Fv2%2Fcategories&post=1978"},{"taxonomy":"post_tag","embeddable":true,"href":"https:\/\/lospoliticosveracruz.com\/index.php?rest_route=%2Fwp%2Fv2%2Ftags&post=1978"}],"curies":[{"name":"wp","href":"https:\/\/api.w.org\/{rel}","templated":true}]}}