{"id":19818,"date":"2015-12-15T13:23:03","date_gmt":"2015-12-15T19:23:03","guid":{"rendered":"http:\/\/www.lospoliticosveracruz.com.mx\/?p=19818"},"modified":"2015-12-15T13:23:03","modified_gmt":"2015-12-15T19:23:03","slug":"a-matar-el-hambre","status":"publish","type":"post","link":"https:\/\/lospoliticosveracruz.com\/?p=19818","title":{"rendered":"\u00a1A matar&#8230; el hambre!"},"content":{"rendered":"<blockquote><p>Inaugura Am\u00e9rico Z\u00fa\u00f1iga comedor comunitario de Chiltoyac<\/p>\n<p><a href=\"http:\/\/www.lospoliticosveracruz.com.mx\/wp-content\/uploads\/2015\/12\/Chiltoyac-Am\u00e9rico.jpg\"><img loading=\"lazy\" decoding=\"async\" class=\"alignnone size-medium wp-image-19819\" src=\"http:\/\/www.lospoliticosveracruz.com.mx\/wp-content\/uploads\/2015\/12\/Chiltoyac-Am\u00e9rico-300x200.jpg\" alt=\"Chiltoyac Am\u00e9rico\" width=\"300\" height=\"200\" \/><\/a><\/p><\/blockquote>\n<p>Al inaugurar el nuevo edificio del comedor comunitario de Chiltoyac,\u00a0el alcalde Am\u00e9rico Z\u00fa\u00f1iga Mart\u00ednez explic\u00f3 que el Ayuntamiento de Xalapa trabaja para garantizar que la poblaci\u00f3n m\u00e1s desfavorecida reciba la suficiente ingesta cal\u00f3rica en su alimentaci\u00f3n diaria.<\/p>\n<p>Con este comedor comunitario concretamos nuestro compromiso de favorecer a quienes menos tienen, por eso nos sumamos a la Cruzada Nacional Contra el Hambre que implementa el presidente Enrique Pe\u00f1a Nieto, a trav\u00e9s de la cual se ha logrado atender uno de los retos b\u00e1sicos m\u00e1s necesarios y urgentes para abatir la pobreza y marginaci\u00f3n: el hambre.<\/p>\n<p>Reconoci\u00f3 la aportaci\u00f3n de las personas altruistas que permiten el funcionamiento de los comedores comunitarios, como las cocineras voluntarias o el\u00a0Presidente del Comit\u00e9 de este Comedor, Zen\u00f3n Fiesta Ambrosio, que generosamente prest\u00f3 su casa para que comenzara a operar este comedor\u00a0el 6 de octubre del a\u00f1o pasado.<\/p>\n<p>\u201cMuchas gracias Zen\u00f3n por haberle abierto las puertas de tu casa a este programa\u00a0y haber hecho posible que ni\u00f1as, ni\u00f1os j\u00f3venes y adultos de Chiltoyac tuvieran oportunidad de comer sanamente\u201d.<\/p>\n<p>Refiri\u00f3 que este nuevo espacio construido por el Ayuntamiento de Xalapa, requiri\u00f3 una inversi\u00f3n de 406 mil 200 pesos para su construcci\u00f3n,\u00a0y beneficiar\u00e1 a 119 personas, al otorgar 238 raciones diarias de alimentos\u00a0que cuentan con los contenidos cal\u00f3ricos, energ\u00e9ticos y nutrimentales b\u00e1sicos.<\/p>\n<p>En todo el municipio de Xalapa\u00a0hemos logrado instalar ya 14 comedores comunitarios, en los que diariamente se brinda alimentaci\u00f3n a mil 483 personas de lunes a viernes, lo que representa\u00a0un total de 2 mil 966 porciones al d\u00eda. \u201cEsto representa nuestra confianza y apoyo a la nobleza y eficacia que tenemos en esta iniciativa federal\u201d.<\/p>\n<p>El mun\u00edcipe refiri\u00f3 que todav\u00eda faltan m\u00e1s comedores comunitarios para Xalapa, puesto que est\u00e1 pendiente la entrega de los edificios que est\u00e1 construyendo Petr\u00f3leos Mexicanos, as\u00ed como otros que ha de construir la administraci\u00f3n municipal, pensando en aquella poblaci\u00f3n que no puede acceder a la ingesta cal\u00f3rica b\u00e1sica.<\/p>\n<p>Presentes, el Delegado de Sedesol, Marcelo Montiel Montiel; el Secretario de Sedesol estatal, Alfredo Ferrari Saavedra; los regidores Daniel Fern\u00e1ndez Carri\u00f3n, Mart\u00edn Victoriano Espinoza Rold\u00e1n, Nelly Reyes L\u00f3pez, Juan Miguel Castillo Lara e Ignacio Valent\u00edn Flores Aguayo, y el Agente Municipal de Chiltoyac, Iv\u00e1n Rosas.<\/p>\n","protected":false},"excerpt":{"rendered":"<p>Inaugura Am\u00e9rico Z\u00fa\u00f1iga comedor comunitario de Chiltoyac Al inaugurar el nuevo edificio del comedor comunitario de Chiltoyac,\u00a0el alcalde Am\u00e9rico Z\u00fa\u00f1iga Mart\u00ednez explic\u00f3 que el Ayuntamiento de Xalapa trabaja para garantizar que la poblaci\u00f3n m\u00e1s desfavorecida reciba la suficiente ingesta cal\u00f3rica en su alimentaci\u00f3n diaria. Con este comedor comunitario concretamos nuestro compromiso de favorecer a quienes [&hellip;]<\/p>\n","protected":false},"author":2,"featured_media":0,"comment_status":"open","ping_status":"open","sticky":false,"template":"","format":"standard","meta":{"tdm_status":"","tdm_grid_status":"","footnotes":""},"categories":[73],"tags":[483,4340,4341,1825,96],"class_list":{"0":"post-19818","1":"post","2":"type-post","3":"status-publish","4":"format-standard","6":"category-de-boleto","7":"tag-americo-zuniga","8":"tag-chiltoyac","9":"tag-comedor","10":"tag-cruzada-nacional-contra-el-hambre","11":"tag-xalapa"},"yoast_head":"<!-- This site is optimized with the Yoast SEO plugin v27.4 - https:\/\/yoast.com\/product\/yoast-seo-wordpress\/ -->\n<title>\u00a1A matar... el hambre! - Los pol\u00edticos Veracruz<\/title>\n<meta name=\"robots\" content=\"index, follow, max-snippet:-1, max-image-preview:large, max-video-preview:-1\" \/>\n<link rel=\"canonical\" href=\"https:\/\/lospoliticosveracruz.com\/?p=19818\" \/>\n<meta property=\"og:locale\" content=\"es_ES\" \/>\n<meta property=\"og:type\" content=\"article\" \/>\n<meta property=\"og:title\" content=\"\u00a1A matar... el hambre! - Los pol\u00edticos Veracruz\" \/>\n<meta property=\"og:description\" content=\"Inaugura Am\u00e9rico Z\u00fa\u00f1iga comedor comunitario de Chiltoyac Al inaugurar el nuevo edificio del comedor comunitario de Chiltoyac,\u00a0el alcalde Am\u00e9rico Z\u00fa\u00f1iga Mart\u00ednez explic\u00f3 que el Ayuntamiento de Xalapa trabaja para garantizar que la poblaci\u00f3n m\u00e1s desfavorecida reciba la suficiente ingesta cal\u00f3rica en su alimentaci\u00f3n diaria. Con este comedor comunitario concretamos nuestro compromiso de favorecer a quienes [&hellip;]\" \/>\n<meta property=\"og:url\" content=\"https:\/\/lospoliticosveracruz.com\/?p=19818\" \/>\n<meta property=\"og:site_name\" content=\"Los pol\u00edticos Veracruz\" \/>\n<meta property=\"article:publisher\" content=\"https:\/\/www.facebook.com\/people\/Notimemes-de-los-Polticos\/61565672886568\/\" \/>\n<meta property=\"article:published_time\" content=\"2015-12-15T19:23:03+00:00\" \/>\n<meta property=\"og:image\" content=\"https:\/\/lospoliticosveracruz.com\/wp-content\/uploads\/2016\/07\/Logo-Dor.jpg\" \/>\n\t<meta property=\"og:image:width\" content=\"200\" \/>\n\t<meta property=\"og:image:height\" content=\"200\" \/>\n\t<meta property=\"og:image:type\" content=\"image\/jpeg\" \/>\n<meta name=\"author\" content=\"Lo viste en Los Pol\u00edticos\" \/>\n<meta name=\"twitter:card\" content=\"summary_large_image\" \/>\n<meta name=\"twitter:creator\" content=\"@LosPoliticosVer\" \/>\n<meta name=\"twitter:site\" content=\"@LosPoliticosVer\" \/>\n<meta name=\"twitter:label1\" content=\"Escrito por\" \/>\n\t<meta name=\"twitter:data1\" content=\"Lo viste en Los Pol\u00edticos\" \/>\n\t<meta name=\"twitter:label2\" content=\"Tiempo de lectura\" \/>\n\t<meta name=\"twitter:data2\" content=\"2 minutos\" \/>\n<script type=\"application\/ld+json\" class=\"yoast-schema-graph\">{\"@context\":\"https:\\\/\\\/schema.org\",\"@graph\":[{\"@type\":\"Article\",\"@id\":\"https:\\\/\\\/lospoliticosveracruz.com\\\/?p=19818#article\",\"isPartOf\":{\"@id\":\"https:\\\/\\\/lospoliticosveracruz.com\\\/?p=19818\"},\"author\":{\"name\":\"Lo viste en Los Pol\u00edticos\",\"@id\":\"https:\\\/\\\/lospoliticosveracruz.com\\\/#\\\/schema\\\/person\\\/b8702bb0e538456e6efd07080bf2a4a2\"},\"headline\":\"\u00a1A matar&#8230; el hambre!\",\"datePublished\":\"2015-12-15T19:23:03+00:00\",\"mainEntityOfPage\":{\"@id\":\"https:\\\/\\\/lospoliticosveracruz.com\\\/?p=19818\"},\"wordCount\":414,\"commentCount\":0,\"publisher\":{\"@id\":\"https:\\\/\\\/lospoliticosveracruz.com\\\/#organization\"},\"keywords\":[\"Am\u00e9rico Z\u00fa\u00f1iga\",\"Chiltoyac\",\"comedor\",\"Cruzada Nacional contra el Hambre\",\"Xalapa\"],\"articleSection\":[\"De Boleto\"],\"inLanguage\":\"es\",\"potentialAction\":[{\"@type\":\"CommentAction\",\"name\":\"Comment\",\"target\":[\"https:\\\/\\\/lospoliticosveracruz.com\\\/?p=19818#respond\"]}]},{\"@type\":\"WebPage\",\"@id\":\"https:\\\/\\\/lospoliticosveracruz.com\\\/?p=19818\",\"url\":\"https:\\\/\\\/lospoliticosveracruz.com\\\/?p=19818\",\"name\":\"\u00a1A matar... el hambre! - Los pol\u00edticos Veracruz\",\"isPartOf\":{\"@id\":\"https:\\\/\\\/lospoliticosveracruz.com\\\/#website\"},\"datePublished\":\"2015-12-15T19:23:03+00:00\",\"breadcrumb\":{\"@id\":\"https:\\\/\\\/lospoliticosveracruz.com\\\/?p=19818#breadcrumb\"},\"inLanguage\":\"es\",\"potentialAction\":[{\"@type\":\"ReadAction\",\"target\":[\"https:\\\/\\\/lospoliticosveracruz.com\\\/?p=19818\"]}]},{\"@type\":\"BreadcrumbList\",\"@id\":\"https:\\\/\\\/lospoliticosveracruz.com\\\/?p=19818#breadcrumb\",\"itemListElement\":[{\"@type\":\"ListItem\",\"position\":1,\"name\":\"Portada\",\"item\":\"https:\\\/\\\/lospoliticosveracruz.com\\\/\"},{\"@type\":\"ListItem\",\"position\":2,\"name\":\"\u00a1A matar&#8230; el hambre!\"}]},{\"@type\":\"WebSite\",\"@id\":\"https:\\\/\\\/lospoliticosveracruz.com\\\/#website\",\"url\":\"https:\\\/\\\/lospoliticosveracruz.com\\\/\",\"name\":\"Los pol\u00edticos Veracruz\",\"description\":\"\",\"publisher\":{\"@id\":\"https:\\\/\\\/lospoliticosveracruz.com\\\/#organization\"},\"potentialAction\":[{\"@type\":\"SearchAction\",\"target\":{\"@type\":\"EntryPoint\",\"urlTemplate\":\"https:\\\/\\\/lospoliticosveracruz.com\\\/?s={search_term_string}\"},\"query-input\":{\"@type\":\"PropertyValueSpecification\",\"valueRequired\":true,\"valueName\":\"search_term_string\"}}],\"inLanguage\":\"es\"},{\"@type\":\"Organization\",\"@id\":\"https:\\\/\\\/lospoliticosveracruz.com\\\/#organization\",\"name\":\"Los pol\u00edticos Veracruz\",\"url\":\"https:\\\/\\\/lospoliticosveracruz.com\\\/\",\"logo\":{\"@type\":\"ImageObject\",\"inLanguage\":\"es\",\"@id\":\"https:\\\/\\\/lospoliticosveracruz.com\\\/#\\\/schema\\\/logo\\\/image\\\/\",\"url\":\"https:\\\/\\\/lospoliticosveracruz.com\\\/wp-content\\\/uploads\\\/2025\\\/12\\\/Logo-Nuevo-LOS-POLITICOS-1.jpg\",\"contentUrl\":\"https:\\\/\\\/lospoliticosveracruz.com\\\/wp-content\\\/uploads\\\/2025\\\/12\\\/Logo-Nuevo-LOS-POLITICOS-1.jpg\",\"width\":260,\"height\":70,\"caption\":\"Los pol\u00edticos Veracruz\"},\"image\":{\"@id\":\"https:\\\/\\\/lospoliticosveracruz.com\\\/#\\\/schema\\\/logo\\\/image\\\/\"},\"sameAs\":[\"https:\\\/\\\/www.facebook.com\\\/people\\\/Notimemes-de-los-Polticos\\\/61565672886568\\\/\",\"https:\\\/\\\/x.com\\\/LosPoliticosVer\"]},{\"@type\":\"Person\",\"@id\":\"https:\\\/\\\/lospoliticosveracruz.com\\\/#\\\/schema\\\/person\\\/b8702bb0e538456e6efd07080bf2a4a2\",\"name\":\"Lo viste en Los Pol\u00edticos\",\"image\":{\"@type\":\"ImageObject\",\"inLanguage\":\"es\",\"@id\":\"https:\\\/\\\/secure.gravatar.com\\\/avatar\\\/3a8de04a2656d44082be478bd6c086daa447c4651605818287b9532d3d0bd435?s=96&d=mm&r=g\",\"url\":\"https:\\\/\\\/secure.gravatar.com\\\/avatar\\\/3a8de04a2656d44082be478bd6c086daa447c4651605818287b9532d3d0bd435?s=96&d=mm&r=g\",\"contentUrl\":\"https:\\\/\\\/secure.gravatar.com\\\/avatar\\\/3a8de04a2656d44082be478bd6c086daa447c4651605818287b9532d3d0bd435?s=96&d=mm&r=g\",\"caption\":\"Lo viste en Los Pol\u00edticos\"},\"url\":\"https:\\\/\\\/lospoliticosveracruz.com\\\/?author=2\"}]}<\/script>\n<!-- \/ Yoast SEO plugin. -->","yoast_head_json":{"title":"\u00a1A matar... el hambre! - Los pol\u00edticos Veracruz","robots":{"index":"index","follow":"follow","max-snippet":"max-snippet:-1","max-image-preview":"max-image-preview:large","max-video-preview":"max-video-preview:-1"},"canonical":"https:\/\/lospoliticosveracruz.com\/?p=19818","og_locale":"es_ES","og_type":"article","og_title":"\u00a1A matar... el hambre! - Los pol\u00edticos Veracruz","og_description":"Inaugura Am\u00e9rico Z\u00fa\u00f1iga comedor comunitario de Chiltoyac Al inaugurar el nuevo edificio del comedor comunitario de Chiltoyac,\u00a0el alcalde Am\u00e9rico Z\u00fa\u00f1iga Mart\u00ednez explic\u00f3 que el Ayuntamiento de Xalapa trabaja para garantizar que la poblaci\u00f3n m\u00e1s desfavorecida reciba la suficiente ingesta cal\u00f3rica en su alimentaci\u00f3n diaria. Con este comedor comunitario concretamos nuestro compromiso de favorecer a quienes [&hellip;]","og_url":"https:\/\/lospoliticosveracruz.com\/?p=19818","og_site_name":"Los pol\u00edticos Veracruz","article_publisher":"https:\/\/www.facebook.com\/people\/Notimemes-de-los-Polticos\/61565672886568\/","article_published_time":"2015-12-15T19:23:03+00:00","og_image":[{"width":200,"height":200,"url":"https:\/\/lospoliticosveracruz.com\/wp-content\/uploads\/2016\/07\/Logo-Dor.jpg","type":"image\/jpeg"}],"author":"Lo viste en Los Pol\u00edticos","twitter_card":"summary_large_image","twitter_creator":"@LosPoliticosVer","twitter_site":"@LosPoliticosVer","twitter_misc":{"Escrito por":"Lo viste en Los Pol\u00edticos","Tiempo de lectura":"2 minutos"},"schema":{"@context":"https:\/\/schema.org","@graph":[{"@type":"Article","@id":"https:\/\/lospoliticosveracruz.com\/?p=19818#article","isPartOf":{"@id":"https:\/\/lospoliticosveracruz.com\/?p=19818"},"author":{"name":"Lo viste en Los Pol\u00edticos","@id":"https:\/\/lospoliticosveracruz.com\/#\/schema\/person\/b8702bb0e538456e6efd07080bf2a4a2"},"headline":"\u00a1A matar&#8230; el hambre!","datePublished":"2015-12-15T19:23:03+00:00","mainEntityOfPage":{"@id":"https:\/\/lospoliticosveracruz.com\/?p=19818"},"wordCount":414,"commentCount":0,"publisher":{"@id":"https:\/\/lospoliticosveracruz.com\/#organization"},"keywords":["Am\u00e9rico Z\u00fa\u00f1iga","Chiltoyac","comedor","Cruzada Nacional contra el Hambre","Xalapa"],"articleSection":["De Boleto"],"inLanguage":"es","potentialAction":[{"@type":"CommentAction","name":"Comment","target":["https:\/\/lospoliticosveracruz.com\/?p=19818#respond"]}]},{"@type":"WebPage","@id":"https:\/\/lospoliticosveracruz.com\/?p=19818","url":"https:\/\/lospoliticosveracruz.com\/?p=19818","name":"\u00a1A matar... el hambre! - Los pol\u00edticos Veracruz","isPartOf":{"@id":"https:\/\/lospoliticosveracruz.com\/#website"},"datePublished":"2015-12-15T19:23:03+00:00","breadcrumb":{"@id":"https:\/\/lospoliticosveracruz.com\/?p=19818#breadcrumb"},"inLanguage":"es","potentialAction":[{"@type":"ReadAction","target":["https:\/\/lospoliticosveracruz.com\/?p=19818"]}]},{"@type":"BreadcrumbList","@id":"https:\/\/lospoliticosveracruz.com\/?p=19818#breadcrumb","itemListElement":[{"@type":"ListItem","position":1,"name":"Portada","item":"https:\/\/lospoliticosveracruz.com\/"},{"@type":"ListItem","position":2,"name":"\u00a1A matar&#8230; el hambre!"}]},{"@type":"WebSite","@id":"https:\/\/lospoliticosveracruz.com\/#website","url":"https:\/\/lospoliticosveracruz.com\/","name":"Los pol\u00edticos Veracruz","description":"","publisher":{"@id":"https:\/\/lospoliticosveracruz.com\/#organization"},"potentialAction":[{"@type":"SearchAction","target":{"@type":"EntryPoint","urlTemplate":"https:\/\/lospoliticosveracruz.com\/?s={search_term_string}"},"query-input":{"@type":"PropertyValueSpecification","valueRequired":true,"valueName":"search_term_string"}}],"inLanguage":"es"},{"@type":"Organization","@id":"https:\/\/lospoliticosveracruz.com\/#organization","name":"Los pol\u00edticos Veracruz","url":"https:\/\/lospoliticosveracruz.com\/","logo":{"@type":"ImageObject","inLanguage":"es","@id":"https:\/\/lospoliticosveracruz.com\/#\/schema\/logo\/image\/","url":"https:\/\/lospoliticosveracruz.com\/wp-content\/uploads\/2025\/12\/Logo-Nuevo-LOS-POLITICOS-1.jpg","contentUrl":"https:\/\/lospoliticosveracruz.com\/wp-content\/uploads\/2025\/12\/Logo-Nuevo-LOS-POLITICOS-1.jpg","width":260,"height":70,"caption":"Los pol\u00edticos Veracruz"},"image":{"@id":"https:\/\/lospoliticosveracruz.com\/#\/schema\/logo\/image\/"},"sameAs":["https:\/\/www.facebook.com\/people\/Notimemes-de-los-Polticos\/61565672886568\/","https:\/\/x.com\/LosPoliticosVer"]},{"@type":"Person","@id":"https:\/\/lospoliticosveracruz.com\/#\/schema\/person\/b8702bb0e538456e6efd07080bf2a4a2","name":"Lo viste en Los Pol\u00edticos","image":{"@type":"ImageObject","inLanguage":"es","@id":"https:\/\/secure.gravatar.com\/avatar\/3a8de04a2656d44082be478bd6c086daa447c4651605818287b9532d3d0bd435?s=96&d=mm&r=g","url":"https:\/\/secure.gravatar.com\/avatar\/3a8de04a2656d44082be478bd6c086daa447c4651605818287b9532d3d0bd435?s=96&d=mm&r=g","contentUrl":"https:\/\/secure.gravatar.com\/avatar\/3a8de04a2656d44082be478bd6c086daa447c4651605818287b9532d3d0bd435?s=96&d=mm&r=g","caption":"Lo viste en Los Pol\u00edticos"},"url":"https:\/\/lospoliticosveracruz.com\/?author=2"}]}},"_links":{"self":[{"href":"https:\/\/lospoliticosveracruz.com\/index.php?rest_route=\/wp\/v2\/posts\/19818","targetHints":{"allow":["GET"]}}],"collection":[{"href":"https:\/\/lospoliticosveracruz.com\/index.php?rest_route=\/wp\/v2\/posts"}],"about":[{"href":"https:\/\/lospoliticosveracruz.com\/index.php?rest_route=\/wp\/v2\/types\/post"}],"author":[{"embeddable":true,"href":"https:\/\/lospoliticosveracruz.com\/index.php?rest_route=\/wp\/v2\/users\/2"}],"replies":[{"embeddable":true,"href":"https:\/\/lospoliticosveracruz.com\/index.php?rest_route=%2Fwp%2Fv2%2Fcomments&post=19818"}],"version-history":[{"count":1,"href":"https:\/\/lospoliticosveracruz.com\/index.php?rest_route=\/wp\/v2\/posts\/19818\/revisions"}],"predecessor-version":[{"id":19820,"href":"https:\/\/lospoliticosveracruz.com\/index.php?rest_route=\/wp\/v2\/posts\/19818\/revisions\/19820"}],"wp:attachment":[{"href":"https:\/\/lospoliticosveracruz.com\/index.php?rest_route=%2Fwp%2Fv2%2Fmedia&parent=19818"}],"wp:term":[{"taxonomy":"category","embeddable":true,"href":"https:\/\/lospoliticosveracruz.com\/index.php?rest_route=%2Fwp%2Fv2%2Fcategories&post=19818"},{"taxonomy":"post_tag","embeddable":true,"href":"https:\/\/lospoliticosveracruz.com\/index.php?rest_route=%2Fwp%2Fv2%2Ftags&post=19818"}],"curies":[{"name":"wp","href":"https:\/\/api.w.org\/{rel}","templated":true}]}}