{"id":19822,"date":"2015-12-15T23:13:44","date_gmt":"2015-12-16T05:13:44","guid":{"rendered":"http:\/\/www.lospoliticosveracruz.com.mx\/?p=19822"},"modified":"2015-12-15T23:13:44","modified_gmt":"2015-12-16T05:13:44","slug":"las-piezas-del-ajedrez-de-la-sucesion","status":"publish","type":"post","link":"https:\/\/lospoliticosveracruz.com\/?p=19822","title":{"rendered":"Las piezas del ajedrez de la sucesi\u00f3n"},"content":{"rendered":"<p><a href=\"http:\/\/www.lospoliticosveracruz.com.mx\/wp-content\/uploads\/2015\/12\/Pepe-Hector-Silva2.jpg\"><img loading=\"lazy\" decoding=\"async\" class=\"alignnone size-medium wp-image-19829\" src=\"http:\/\/www.lospoliticosveracruz.com.mx\/wp-content\/uploads\/2015\/12\/Pepe-Hector-Silva2-300x174.jpg\" alt=\"Pepe Hector Silva\" width=\"300\" height=\"174\" \/><\/a><br \/>\n<strong>Luis Alberto Romero<\/strong><\/p>\n<p><em>Hora Cero<\/em><\/p>\n<p>Al interior del Revolucionario Institucional, los diferentes grupos ya comienzan las negociaciones para determinar las candidaturas. Justo a un mes del destape, no hay cambios en la lista de aspirantes ni se\u00f1ales claras sobre el rumbo del partido en cuanto a la sucesi\u00f3n; tampoco hay sorpresas.<br \/>\nH\u00e9ctor Yunes Landa se hab\u00eda pronunciado a favor de la encuesta como el m\u00e9todo para seleccionar abanderado del tricolor porque sab\u00eda perfectamente que en un ejercicio de ese tipo, \u00e9l y Jos\u00e9 Francisco Yunes llevaban una indiscutible delantera sobre el grupo que actualmente se encuentra en el poder estatal; esa declaraci\u00f3n fue una manera de asegurar que cuenta con respaldo de los ciudadanos; nada m\u00e1s, el de Soledad de Doblado no es nuevo en pol\u00edtica y sabe perfectamente que la encuesta no es un m\u00e9todo que consideren los estatutos del partido.<br \/>\nEl Consejo Pol\u00edtico opt\u00f3 por la Convenci\u00f3n de Delegados, sin que ello necesariamente pueda interpretarse como una derrota para los senadores priistas.<br \/>\nObservadores de la actividad pol\u00edtica explican que, finalmente, el m\u00e9todo es lo de menos porque la experiencia nos dice que cualquier forma de elecci\u00f3n interna sirve para sacar al candidato que empujen quienes tienen en sus manos esas decisiones.<br \/>\nElegir la Convenci\u00f3n de Delegados como m\u00e9todo de selecci\u00f3n del candidato no es un punto determinante en la sucesi\u00f3n; sin embargo, para el grupo en el gobierno estatal, la soluci\u00f3n al problema econ\u00f3mico de Veracruz podr\u00eda serlo, nos explican analistas pol\u00edticos.<br \/>\nEl asunto fundamental es que si el gobierno de la entidad comienza a cubrir sus compromisos con los contratistas, constructores y proveedores, con la iniciativa privada en general, podr\u00eda generar la percepci\u00f3n de una estabilidad econ\u00f3mica que represente la soluci\u00f3n a los problemas financieros del estado, aunque esto sea s\u00f3lo un espejismo porque la deuda se mantiene igual o a\u00fan mayor. En ese sentido, la liberaci\u00f3n de recursos por m\u00e1s de 4 mil 300 millones de pesos podr\u00eda ubicarse en ese contexto.<br \/>\nPor otro lado, si durante los primeros meses del pr\u00f3ximo a\u00f1o, el gobierno estatal arrebata a la oposici\u00f3n la bandera del combate a la corrupci\u00f3n y enjuicia y encarcela a funcionarios y ex funcionarios de primer nivel, el panorama podr\u00eda cambiar de manera radical, sobre todo si, como todo parece indicar, tambi\u00e9n logra enviar a prisi\u00f3n a los actores pol\u00edticos de la oposici\u00f3n, como Miguel \u00c1ngel Yunes M\u00e1rquez, que han sido se\u00f1alados por presunto enriquecimiento il\u00edcito.<br \/>\nEsa, hasta hoy, parece ser la estrategia del grupo en el gobierno para sacar adelante a su alfil, el dirigente del PRI en Veracruz, Alberto Silva Ramos.<br \/>\nEn el PRI, nos dicen, es casi un hecho que los aspirantes que buscan la misma silla ya est\u00e9n en negociaciones, aunque todav\u00eda no existan acuerdos concretos.<br \/>\nHay quien asegura que, en 15 distritos, el PRI ir\u00e1 en alianza con Verde, Panal y AVE; en un n\u00famero igual de circunscripciones no habr\u00e1 suma con otras fuerzas.<\/p>\n<p><strong>PAN-PRD, pocas dudas<\/strong><br \/>\nMientras tanto, en Acci\u00f3n Nacional son dos los nombres que han manifestado su intenci\u00f3n de encabezar la alianza con el Partido de la Revoluci\u00f3n Democr\u00e1tica, el diputado federal Miguel \u00c1ngel Yunes Linares y ex senador Juan Bueno Torio. El primero parece confiado sobre la determinaci\u00f3n de las dirigencias nacionales y estatales de esos dos partidos; el segundo busca una consulta entre los militantes panistas; Juan Bueno sabe perfectamente que una votaci\u00f3n interna incrementar\u00eda sus posibilidades de lograr la candidatura. Contrario a lo que ocurre en el PRI, donde las diferencias se hacen p\u00fablicas y se convierten en discrepancias casi irreconciliables, en el albiazul el proceso de selecci\u00f3n parece terso.<br \/>\nEn el PAN no hay dudas sobre la alianza con el PRD; de hecho, ya se habla de un reparto 16-14 en las candidaturas a las diputaciones locales.<br \/>\nYunes Linares acent\u00faa su presencia en redes sociales y se lanza contra el gobierno de la entidad. Voltea poco a la contienda interna porque su batalla es contra gobernador y ex gobernador.<br \/>\nEvidentemente, el Movimiento de Regeneraci\u00f3n Nacional no le apuesta a la elecci\u00f3n de 2016, sino al proceso de 2018. Morena enviar\u00e1 al cuadril\u00e1tero a un candidato que pareciera no alcanzar una dimensi\u00f3n estatal, el diputado federal Cuitl\u00e1huac Garc\u00eda Jim\u00e9nez. A pesar de ello, es muy probable que el partido que en el \u00e1mbito nacional encabeza Andr\u00e9s Manuel L\u00f3pez Obrador supere o al menos iguale, el pr\u00f3ximo a\u00f1o, el resultado de 2015, cuando con cerca de 300 mil sufragios obtuvo m\u00e1s del 12 por ciento de la votaci\u00f3n total en Veracruz, ganando dos de los distritos electorales m\u00e1s importantes, Coatzacoalcos y la capital, Xalapa.<br \/>\nEn la misma contienda, pero por otro carril, se ubica el ex candidato panista al gobierno estatal, Gerardo Buganza Salmer\u00f3n, quien actualmente se enfoca a cubrir los requisitos que establece la ley para el registro de su candidatura, por la v\u00eda independiente.<br \/>\nBuganza Salmer\u00f3n busca igualar el resultado que obtuvo este a\u00f1o en Nuevo Le\u00f3n el abanderado independiente Jaime Rodr\u00edguez Calder\u00f3n \u201cEl Bronco\u201d, quien derrot\u00f3 con casi el 49 por ciento de los votos a la priista Ivonne \u00c1lvarez y al panista Felipe Cant\u00fa.<br \/>\nEl cordob\u00e9s, por cierto, recurre a un discurso muy parecido y a los mismos colores que identificaron la campa\u00f1a del ex alcalde de Garc\u00eda, NL.<br \/>\nEn el equipo de campa\u00f1a de Buganza hay optimismo y actualmente, de la mano de un viejo lobo de la pol\u00edtica, como Rogelio Hern\u00e1ndez Madrid, antes vinculado a Miguel \u00c1ngel Yunes Linares, prepara la estructura para lograr el registro y enfrentar la campa\u00f1a. Junto al ex secretario de gobierno har\u00e1n proselitismo 29 candidatos independientes por igual n\u00famero de distritos veracruzanos. @luisromero85<\/p>\n","protected":false},"excerpt":{"rendered":"<p>Luis Alberto Romero Hora Cero Al interior del Revolucionario Institucional, los diferentes grupos ya comienzan las negociaciones para determinar las candidaturas. Justo a un mes del destape, no hay cambios en la lista de aspirantes ni se\u00f1ales claras sobre el rumbo del partido en cuanto a la sucesi\u00f3n; tampoco hay sorpresas. H\u00e9ctor Yunes Landa se [&hellip;]<\/p>\n","protected":false},"author":2,"featured_media":0,"comment_status":"open","ping_status":"open","sticky":false,"template":"","format":"standard","meta":{"tdm_status":"","tdm_grid_status":"","footnotes":""},"categories":[70],"tags":[348,3732,536,251],"class_list":{"0":"post-19822","1":"post","2":"type-post","3":"status-publish","4":"format-standard","6":"category-de-opinion","7":"tag-hector-yunes-landa","8":"tag-jose-francisco-yunes","9":"tag-miguel-angel-yunes-marquez","10":"tag-pri"},"yoast_head":"<!-- This site is optimized with the Yoast SEO plugin v27.4 - https:\/\/yoast.com\/product\/yoast-seo-wordpress\/ -->\n<title>Las piezas del ajedrez de la sucesi\u00f3n - Los pol\u00edticos Veracruz<\/title>\n<meta name=\"robots\" content=\"index, follow, max-snippet:-1, max-image-preview:large, max-video-preview:-1\" \/>\n<link rel=\"canonical\" href=\"https:\/\/lospoliticosveracruz.com\/?p=19822\" \/>\n<meta property=\"og:locale\" content=\"es_ES\" \/>\n<meta property=\"og:type\" content=\"article\" \/>\n<meta property=\"og:title\" content=\"Las piezas del ajedrez de la sucesi\u00f3n - Los pol\u00edticos Veracruz\" \/>\n<meta property=\"og:description\" content=\"Luis Alberto Romero Hora Cero Al interior del Revolucionario Institucional, los diferentes grupos ya comienzan las negociaciones para determinar las candidaturas. Justo a un mes del destape, no hay cambios en la lista de aspirantes ni se\u00f1ales claras sobre el rumbo del partido en cuanto a la sucesi\u00f3n; tampoco hay sorpresas. H\u00e9ctor Yunes Landa se [&hellip;]\" \/>\n<meta property=\"og:url\" content=\"https:\/\/lospoliticosveracruz.com\/?p=19822\" \/>\n<meta property=\"og:site_name\" content=\"Los pol\u00edticos Veracruz\" \/>\n<meta property=\"article:publisher\" content=\"https:\/\/www.facebook.com\/people\/Notimemes-de-los-Polticos\/61565672886568\/\" \/>\n<meta property=\"article:published_time\" content=\"2015-12-16T05:13:44+00:00\" \/>\n<meta property=\"og:image\" content=\"http:\/\/www.lospoliticosveracruz.com.mx\/wp-content\/uploads\/2015\/12\/Pepe-Hector-Silva2-300x174.jpg\" \/>\n<meta name=\"author\" content=\"Lo viste en Los Pol\u00edticos\" \/>\n<meta name=\"twitter:card\" content=\"summary_large_image\" \/>\n<meta name=\"twitter:creator\" content=\"@LosPoliticosVer\" \/>\n<meta name=\"twitter:site\" content=\"@LosPoliticosVer\" \/>\n<meta name=\"twitter:label1\" content=\"Escrito por\" \/>\n\t<meta name=\"twitter:data1\" content=\"Lo viste en Los Pol\u00edticos\" \/>\n\t<meta name=\"twitter:label2\" content=\"Tiempo de lectura\" \/>\n\t<meta name=\"twitter:data2\" content=\"5 minutos\" \/>\n<script type=\"application\/ld+json\" class=\"yoast-schema-graph\">{\"@context\":\"https:\\\/\\\/schema.org\",\"@graph\":[{\"@type\":\"Article\",\"@id\":\"https:\\\/\\\/lospoliticosveracruz.com\\\/?p=19822#article\",\"isPartOf\":{\"@id\":\"https:\\\/\\\/lospoliticosveracruz.com\\\/?p=19822\"},\"author\":{\"name\":\"Lo viste en Los Pol\u00edticos\",\"@id\":\"https:\\\/\\\/lospoliticosveracruz.com\\\/#\\\/schema\\\/person\\\/b8702bb0e538456e6efd07080bf2a4a2\"},\"headline\":\"Las piezas del ajedrez de la sucesi\u00f3n\",\"datePublished\":\"2015-12-16T05:13:44+00:00\",\"mainEntityOfPage\":{\"@id\":\"https:\\\/\\\/lospoliticosveracruz.com\\\/?p=19822\"},\"wordCount\":1015,\"commentCount\":0,\"publisher\":{\"@id\":\"https:\\\/\\\/lospoliticosveracruz.com\\\/#organization\"},\"image\":{\"@id\":\"https:\\\/\\\/lospoliticosveracruz.com\\\/?p=19822#primaryimage\"},\"thumbnailUrl\":\"http:\\\/\\\/www.lospoliticosveracruz.com.mx\\\/wp-content\\\/uploads\\\/2015\\\/12\\\/Pepe-Hector-Silva2-300x174.jpg\",\"keywords\":[\"H\u00e9ctor Yunes Landa\",\"Jos\u00e9 Francisco Yunes\",\"Miguel \u00c1ngel Yunes M\u00e1rquez\",\"PRI\"],\"articleSection\":[\"De Opini\u00f3n\"],\"inLanguage\":\"es\",\"potentialAction\":[{\"@type\":\"CommentAction\",\"name\":\"Comment\",\"target\":[\"https:\\\/\\\/lospoliticosveracruz.com\\\/?p=19822#respond\"]}]},{\"@type\":\"WebPage\",\"@id\":\"https:\\\/\\\/lospoliticosveracruz.com\\\/?p=19822\",\"url\":\"https:\\\/\\\/lospoliticosveracruz.com\\\/?p=19822\",\"name\":\"Las piezas del ajedrez de la sucesi\u00f3n - Los pol\u00edticos Veracruz\",\"isPartOf\":{\"@id\":\"https:\\\/\\\/lospoliticosveracruz.com\\\/#website\"},\"primaryImageOfPage\":{\"@id\":\"https:\\\/\\\/lospoliticosveracruz.com\\\/?p=19822#primaryimage\"},\"image\":{\"@id\":\"https:\\\/\\\/lospoliticosveracruz.com\\\/?p=19822#primaryimage\"},\"thumbnailUrl\":\"http:\\\/\\\/www.lospoliticosveracruz.com.mx\\\/wp-content\\\/uploads\\\/2015\\\/12\\\/Pepe-Hector-Silva2-300x174.jpg\",\"datePublished\":\"2015-12-16T05:13:44+00:00\",\"breadcrumb\":{\"@id\":\"https:\\\/\\\/lospoliticosveracruz.com\\\/?p=19822#breadcrumb\"},\"inLanguage\":\"es\",\"potentialAction\":[{\"@type\":\"ReadAction\",\"target\":[\"https:\\\/\\\/lospoliticosveracruz.com\\\/?p=19822\"]}]},{\"@type\":\"ImageObject\",\"inLanguage\":\"es\",\"@id\":\"https:\\\/\\\/lospoliticosveracruz.com\\\/?p=19822#primaryimage\",\"url\":\"http:\\\/\\\/www.lospoliticosveracruz.com.mx\\\/wp-content\\\/uploads\\\/2015\\\/12\\\/Pepe-Hector-Silva2-300x174.jpg\",\"contentUrl\":\"http:\\\/\\\/www.lospoliticosveracruz.com.mx\\\/wp-content\\\/uploads\\\/2015\\\/12\\\/Pepe-Hector-Silva2-300x174.jpg\"},{\"@type\":\"BreadcrumbList\",\"@id\":\"https:\\\/\\\/lospoliticosveracruz.com\\\/?p=19822#breadcrumb\",\"itemListElement\":[{\"@type\":\"ListItem\",\"position\":1,\"name\":\"Portada\",\"item\":\"https:\\\/\\\/lospoliticosveracruz.com\\\/\"},{\"@type\":\"ListItem\",\"position\":2,\"name\":\"Las piezas del ajedrez de la sucesi\u00f3n\"}]},{\"@type\":\"WebSite\",\"@id\":\"https:\\\/\\\/lospoliticosveracruz.com\\\/#website\",\"url\":\"https:\\\/\\\/lospoliticosveracruz.com\\\/\",\"name\":\"Los pol\u00edticos Veracruz\",\"description\":\"\",\"publisher\":{\"@id\":\"https:\\\/\\\/lospoliticosveracruz.com\\\/#organization\"},\"potentialAction\":[{\"@type\":\"SearchAction\",\"target\":{\"@type\":\"EntryPoint\",\"urlTemplate\":\"https:\\\/\\\/lospoliticosveracruz.com\\\/?s={search_term_string}\"},\"query-input\":{\"@type\":\"PropertyValueSpecification\",\"valueRequired\":true,\"valueName\":\"search_term_string\"}}],\"inLanguage\":\"es\"},{\"@type\":\"Organization\",\"@id\":\"https:\\\/\\\/lospoliticosveracruz.com\\\/#organization\",\"name\":\"Los pol\u00edticos Veracruz\",\"url\":\"https:\\\/\\\/lospoliticosveracruz.com\\\/\",\"logo\":{\"@type\":\"ImageObject\",\"inLanguage\":\"es\",\"@id\":\"https:\\\/\\\/lospoliticosveracruz.com\\\/#\\\/schema\\\/logo\\\/image\\\/\",\"url\":\"https:\\\/\\\/lospoliticosveracruz.com\\\/wp-content\\\/uploads\\\/2025\\\/12\\\/Logo-Nuevo-LOS-POLITICOS-1.jpg\",\"contentUrl\":\"https:\\\/\\\/lospoliticosveracruz.com\\\/wp-content\\\/uploads\\\/2025\\\/12\\\/Logo-Nuevo-LOS-POLITICOS-1.jpg\",\"width\":260,\"height\":70,\"caption\":\"Los pol\u00edticos Veracruz\"},\"image\":{\"@id\":\"https:\\\/\\\/lospoliticosveracruz.com\\\/#\\\/schema\\\/logo\\\/image\\\/\"},\"sameAs\":[\"https:\\\/\\\/www.facebook.com\\\/people\\\/Notimemes-de-los-Polticos\\\/61565672886568\\\/\",\"https:\\\/\\\/x.com\\\/LosPoliticosVer\"]},{\"@type\":\"Person\",\"@id\":\"https:\\\/\\\/lospoliticosveracruz.com\\\/#\\\/schema\\\/person\\\/b8702bb0e538456e6efd07080bf2a4a2\",\"name\":\"Lo viste en Los Pol\u00edticos\",\"image\":{\"@type\":\"ImageObject\",\"inLanguage\":\"es\",\"@id\":\"https:\\\/\\\/secure.gravatar.com\\\/avatar\\\/3a8de04a2656d44082be478bd6c086daa447c4651605818287b9532d3d0bd435?s=96&d=mm&r=g\",\"url\":\"https:\\\/\\\/secure.gravatar.com\\\/avatar\\\/3a8de04a2656d44082be478bd6c086daa447c4651605818287b9532d3d0bd435?s=96&d=mm&r=g\",\"contentUrl\":\"https:\\\/\\\/secure.gravatar.com\\\/avatar\\\/3a8de04a2656d44082be478bd6c086daa447c4651605818287b9532d3d0bd435?s=96&d=mm&r=g\",\"caption\":\"Lo viste en Los Pol\u00edticos\"},\"url\":\"https:\\\/\\\/lospoliticosveracruz.com\\\/?author=2\"}]}<\/script>\n<!-- \/ Yoast SEO plugin. -->","yoast_head_json":{"title":"Las piezas del ajedrez de la sucesi\u00f3n - Los pol\u00edticos Veracruz","robots":{"index":"index","follow":"follow","max-snippet":"max-snippet:-1","max-image-preview":"max-image-preview:large","max-video-preview":"max-video-preview:-1"},"canonical":"https:\/\/lospoliticosveracruz.com\/?p=19822","og_locale":"es_ES","og_type":"article","og_title":"Las piezas del ajedrez de la sucesi\u00f3n - Los pol\u00edticos Veracruz","og_description":"Luis Alberto Romero Hora Cero Al interior del Revolucionario Institucional, los diferentes grupos ya comienzan las negociaciones para determinar las candidaturas. Justo a un mes del destape, no hay cambios en la lista de aspirantes ni se\u00f1ales claras sobre el rumbo del partido en cuanto a la sucesi\u00f3n; tampoco hay sorpresas. H\u00e9ctor Yunes Landa se [&hellip;]","og_url":"https:\/\/lospoliticosveracruz.com\/?p=19822","og_site_name":"Los pol\u00edticos Veracruz","article_publisher":"https:\/\/www.facebook.com\/people\/Notimemes-de-los-Polticos\/61565672886568\/","article_published_time":"2015-12-16T05:13:44+00:00","og_image":[{"url":"http:\/\/www.lospoliticosveracruz.com.mx\/wp-content\/uploads\/2015\/12\/Pepe-Hector-Silva2-300x174.jpg","type":"","width":"","height":""}],"author":"Lo viste en Los Pol\u00edticos","twitter_card":"summary_large_image","twitter_creator":"@LosPoliticosVer","twitter_site":"@LosPoliticosVer","twitter_misc":{"Escrito por":"Lo viste en Los Pol\u00edticos","Tiempo de lectura":"5 minutos"},"schema":{"@context":"https:\/\/schema.org","@graph":[{"@type":"Article","@id":"https:\/\/lospoliticosveracruz.com\/?p=19822#article","isPartOf":{"@id":"https:\/\/lospoliticosveracruz.com\/?p=19822"},"author":{"name":"Lo viste en Los Pol\u00edticos","@id":"https:\/\/lospoliticosveracruz.com\/#\/schema\/person\/b8702bb0e538456e6efd07080bf2a4a2"},"headline":"Las piezas del ajedrez de la sucesi\u00f3n","datePublished":"2015-12-16T05:13:44+00:00","mainEntityOfPage":{"@id":"https:\/\/lospoliticosveracruz.com\/?p=19822"},"wordCount":1015,"commentCount":0,"publisher":{"@id":"https:\/\/lospoliticosveracruz.com\/#organization"},"image":{"@id":"https:\/\/lospoliticosveracruz.com\/?p=19822#primaryimage"},"thumbnailUrl":"http:\/\/www.lospoliticosveracruz.com.mx\/wp-content\/uploads\/2015\/12\/Pepe-Hector-Silva2-300x174.jpg","keywords":["H\u00e9ctor Yunes Landa","Jos\u00e9 Francisco Yunes","Miguel \u00c1ngel Yunes M\u00e1rquez","PRI"],"articleSection":["De Opini\u00f3n"],"inLanguage":"es","potentialAction":[{"@type":"CommentAction","name":"Comment","target":["https:\/\/lospoliticosveracruz.com\/?p=19822#respond"]}]},{"@type":"WebPage","@id":"https:\/\/lospoliticosveracruz.com\/?p=19822","url":"https:\/\/lospoliticosveracruz.com\/?p=19822","name":"Las piezas del ajedrez de la sucesi\u00f3n - Los pol\u00edticos Veracruz","isPartOf":{"@id":"https:\/\/lospoliticosveracruz.com\/#website"},"primaryImageOfPage":{"@id":"https:\/\/lospoliticosveracruz.com\/?p=19822#primaryimage"},"image":{"@id":"https:\/\/lospoliticosveracruz.com\/?p=19822#primaryimage"},"thumbnailUrl":"http:\/\/www.lospoliticosveracruz.com.mx\/wp-content\/uploads\/2015\/12\/Pepe-Hector-Silva2-300x174.jpg","datePublished":"2015-12-16T05:13:44+00:00","breadcrumb":{"@id":"https:\/\/lospoliticosveracruz.com\/?p=19822#breadcrumb"},"inLanguage":"es","potentialAction":[{"@type":"ReadAction","target":["https:\/\/lospoliticosveracruz.com\/?p=19822"]}]},{"@type":"ImageObject","inLanguage":"es","@id":"https:\/\/lospoliticosveracruz.com\/?p=19822#primaryimage","url":"http:\/\/www.lospoliticosveracruz.com.mx\/wp-content\/uploads\/2015\/12\/Pepe-Hector-Silva2-300x174.jpg","contentUrl":"http:\/\/www.lospoliticosveracruz.com.mx\/wp-content\/uploads\/2015\/12\/Pepe-Hector-Silva2-300x174.jpg"},{"@type":"BreadcrumbList","@id":"https:\/\/lospoliticosveracruz.com\/?p=19822#breadcrumb","itemListElement":[{"@type":"ListItem","position":1,"name":"Portada","item":"https:\/\/lospoliticosveracruz.com\/"},{"@type":"ListItem","position":2,"name":"Las piezas del ajedrez de la sucesi\u00f3n"}]},{"@type":"WebSite","@id":"https:\/\/lospoliticosveracruz.com\/#website","url":"https:\/\/lospoliticosveracruz.com\/","name":"Los pol\u00edticos Veracruz","description":"","publisher":{"@id":"https:\/\/lospoliticosveracruz.com\/#organization"},"potentialAction":[{"@type":"SearchAction","target":{"@type":"EntryPoint","urlTemplate":"https:\/\/lospoliticosveracruz.com\/?s={search_term_string}"},"query-input":{"@type":"PropertyValueSpecification","valueRequired":true,"valueName":"search_term_string"}}],"inLanguage":"es"},{"@type":"Organization","@id":"https:\/\/lospoliticosveracruz.com\/#organization","name":"Los pol\u00edticos Veracruz","url":"https:\/\/lospoliticosveracruz.com\/","logo":{"@type":"ImageObject","inLanguage":"es","@id":"https:\/\/lospoliticosveracruz.com\/#\/schema\/logo\/image\/","url":"https:\/\/lospoliticosveracruz.com\/wp-content\/uploads\/2025\/12\/Logo-Nuevo-LOS-POLITICOS-1.jpg","contentUrl":"https:\/\/lospoliticosveracruz.com\/wp-content\/uploads\/2025\/12\/Logo-Nuevo-LOS-POLITICOS-1.jpg","width":260,"height":70,"caption":"Los pol\u00edticos Veracruz"},"image":{"@id":"https:\/\/lospoliticosveracruz.com\/#\/schema\/logo\/image\/"},"sameAs":["https:\/\/www.facebook.com\/people\/Notimemes-de-los-Polticos\/61565672886568\/","https:\/\/x.com\/LosPoliticosVer"]},{"@type":"Person","@id":"https:\/\/lospoliticosveracruz.com\/#\/schema\/person\/b8702bb0e538456e6efd07080bf2a4a2","name":"Lo viste en Los Pol\u00edticos","image":{"@type":"ImageObject","inLanguage":"es","@id":"https:\/\/secure.gravatar.com\/avatar\/3a8de04a2656d44082be478bd6c086daa447c4651605818287b9532d3d0bd435?s=96&d=mm&r=g","url":"https:\/\/secure.gravatar.com\/avatar\/3a8de04a2656d44082be478bd6c086daa447c4651605818287b9532d3d0bd435?s=96&d=mm&r=g","contentUrl":"https:\/\/secure.gravatar.com\/avatar\/3a8de04a2656d44082be478bd6c086daa447c4651605818287b9532d3d0bd435?s=96&d=mm&r=g","caption":"Lo viste en Los Pol\u00edticos"},"url":"https:\/\/lospoliticosveracruz.com\/?author=2"}]}},"_links":{"self":[{"href":"https:\/\/lospoliticosveracruz.com\/index.php?rest_route=\/wp\/v2\/posts\/19822","targetHints":{"allow":["GET"]}}],"collection":[{"href":"https:\/\/lospoliticosveracruz.com\/index.php?rest_route=\/wp\/v2\/posts"}],"about":[{"href":"https:\/\/lospoliticosveracruz.com\/index.php?rest_route=\/wp\/v2\/types\/post"}],"author":[{"embeddable":true,"href":"https:\/\/lospoliticosveracruz.com\/index.php?rest_route=\/wp\/v2\/users\/2"}],"replies":[{"embeddable":true,"href":"https:\/\/lospoliticosveracruz.com\/index.php?rest_route=%2Fwp%2Fv2%2Fcomments&post=19822"}],"version-history":[{"count":1,"href":"https:\/\/lospoliticosveracruz.com\/index.php?rest_route=\/wp\/v2\/posts\/19822\/revisions"}],"predecessor-version":[{"id":19830,"href":"https:\/\/lospoliticosveracruz.com\/index.php?rest_route=\/wp\/v2\/posts\/19822\/revisions\/19830"}],"wp:attachment":[{"href":"https:\/\/lospoliticosveracruz.com\/index.php?rest_route=%2Fwp%2Fv2%2Fmedia&parent=19822"}],"wp:term":[{"taxonomy":"category","embeddable":true,"href":"https:\/\/lospoliticosveracruz.com\/index.php?rest_route=%2Fwp%2Fv2%2Fcategories&post=19822"},{"taxonomy":"post_tag","embeddable":true,"href":"https:\/\/lospoliticosveracruz.com\/index.php?rest_route=%2Fwp%2Fv2%2Ftags&post=19822"}],"curies":[{"name":"wp","href":"https:\/\/api.w.org\/{rel}","templated":true}]}}