{"id":1990,"date":"2014-10-06T01:55:00","date_gmt":"2014-10-06T01:55:00","guid":{"rendered":"http:\/\/www.lospoliticosveracruz.com.mx\/?p=1990"},"modified":"2014-10-10T16:32:42","modified_gmt":"2014-10-10T16:32:42","slug":"huelum-huelum-reaccion-y-contraste","status":"publish","type":"post","link":"https:\/\/lospoliticosveracruz.com\/?p=1990","title":{"rendered":"Huelum, huelum\u2026, reacci\u00f3n y contraste"},"content":{"rendered":"<table align=\"center\" cellpadding=\"0\" cellspacing=\"0\" style=\"margin-left: auto; margin-right: auto; text-align: center;\">\n<tbody>\n<tr>\n<td style=\"text-align: center;\"><a href=\"http:\/\/www.lospoliticosveracruz.com.mx\/wp-content\/uploads\/2014\/10\/IPN.jpg\" style=\"margin-left: auto; margin-right: auto;\"><img loading=\"lazy\" decoding=\"async\" border=\"0\" src=\"http:\/\/www.lospoliticosveracruz.com.mx\/wp-content\/uploads\/2014\/10\/IPN.jpg\" height=\"180\" width=\"320\" \/><\/a><\/td>\n<\/tr>\n<tr>\n<td style=\"text-align: center;\">Foto: CNN M\u00e9xico<\/td>\n<\/tr>\n<\/tbody>\n<\/table>\n<div><b><br \/><\/b><\/div>\n<p><b>Ricardo V\u00e1zquez Salazar<\/b><br \/><i>Esfera Pol\u00edtica<\/i><\/p>\n<div>M\u00e1s de 50 mil almas que gritaban al un\u00edsono de Huelum, huelum\u2026, hac\u00edan retumbar el edificio de Bucareli, justo dos d\u00edas antes de la conmemoraci\u00f3n de la masacre de Tlatelolco. Estudiantes, padres de familia y catedr\u00e1ticos, se manifestaban en completo desacuerdo con la aprobaci\u00f3n de un reglamento interno y plan de estudios que los estudiantes  del Instituto Polit\u00e9cnico Nacional, IPN, consideraron infringe sus intereses como alumnos.<a name='more'><\/a><br \/>El poder de convocatoria de los estudiantes a trav\u00e9s  #TodosSomosPolit\u00e9cnico en las redes sociales fue sorprendente. El problema tend\u00eda a crecer en forma alarmante; ya se hab\u00edan sumado al movimiento estudiantes de la UNAM, CCH y otras instituciones de educaci\u00f3n superior.<br \/>Los focos rojos se hab\u00edan encendido. Se requer\u00eda una respuesta de acci\u00f3n inmediata. El viernes de nuevo se present\u00f3 y volvi\u00f3 a subir al estrado \u2013como lo hab\u00eda hecho el martes- el secretario de Gobernaci\u00f3n, Miguel \u00c1ngel Osorio Chong, para dar respuesta al pliego petitorio, al parecer satisfactorio para los estudiantes del polit\u00e9cnico: el compromiso de que no habr\u00e1 represalias contra los integrantes del movimiento; derogaci\u00f3n planes de estudio y Reglamento Interno nuevos; la renuncia de Yolox\u00f3chitl Bustamante como directora del IPN, entre diez puntos.<br \/>Pocos aciertos de respuesta r\u00e1pida se observan en el quehacer p\u00fablico en cualquiera de los tres niveles de gobierno, como sucedi\u00f3 con la respuesta del secretario de Gobernaci\u00f3n, Osorio Chong; que en contraste, la situaci\u00f3n es en extremo delicada la que se vive en el estado de Guerrero con el asesinato de seis y la desaparici\u00f3n de 43 estudiantes normalistas de Ayotzinapa, ha orillado a padres de familia y estudiantes a bloquear este domingo la autopista M\u00e9xico-Acapulco, para exigir justicia por los estudiantes asesinados y desaparecidos.<br \/>El problema en Guerrero se torna grave; si lo que se habla se confirma, que como medida de represi\u00f3n, un grupo de polic\u00edas municipales de Iguala, en complicidad con la delincuencia organizada habr\u00edan llevado a cabo la privaci\u00f3n ilegal de la libertad de los 43 normalistas. La identificaci\u00f3n de los cuerpos encontrados en fosas clandestinas en ese municipio tiene en completa tensi\u00f3n a la ciudadan\u00eda guerrerense, si corresponden o no a los estudiantes desaparecidos. De inicio se se\u00f1ala al presidente municipal de Iguala, Jos\u00e9 Luis Abarca Vel\u00e1squez, como posible responsable de este hecho, por ser se\u00f1alado de tener nexos con el crimen organizado.<\/p>\n<p>A LA CIUDADAN\u00cdA LE CUESTA TRABAJO entender c\u00f3mo es que habiendo tantos problemas que padecen los veracruzanos: violencia y delincuencia desenfrenada; serias carencias en los Servicios de Salud; rezago educativo desde nivel b\u00e1sico hasta nivel superior, la clase pol\u00edtica local sigue concentrada en los procesos electorales 2015, con mayor \u00e9nfasis en el 2016. Por razones obvias, la propuesta de gubernatura de dos a\u00f1os sigue siendo la prioridad en estos momentos.<br \/>Soslayar las necesidades y problemas que enfrenta Veracruz es muy riesgoso. Ah\u00ed est\u00e1n Guerrero y Michoac\u00e1n.<\/p>\n<p><a href=\"mailto:rvazquez002@Yahoo.com.mx\">rvazquez002@Yahoo.com.mx<\/a><\/div>\n","protected":false},"excerpt":{"rendered":"<p>Foto: CNN M\u00e9xico Ricardo V\u00e1zquez SalazarEsfera Pol\u00edtica M\u00e1s de 50 mil almas que gritaban al un\u00edsono de Huelum, huelum\u2026, hac\u00edan retumbar el edificio de Bucareli, justo dos d\u00edas antes de la conmemoraci\u00f3n de la masacre de Tlatelolco. Estudiantes, padres de familia y catedr\u00e1ticos, se manifestaban en completo desacuerdo con la aprobaci\u00f3n de un reglamento interno [&hellip;]<\/p>\n","protected":false},"author":1,"featured_media":0,"comment_status":"open","ping_status":"open","sticky":false,"template":"","format":"standard","meta":{"tdm_status":"","tdm_grid_status":"","footnotes":""},"categories":[70],"tags":[145,144,146,143],"class_list":{"0":"post-1990","1":"post","2":"type-post","3":"status-publish","4":"format-standard","6":"category-de-opinion","7":"tag-cch","8":"tag-ipn","9":"tag-osorio-chong","10":"tag-unam"},"yoast_head":"<!-- This site is optimized with the Yoast SEO plugin v27.4 - https:\/\/yoast.com\/product\/yoast-seo-wordpress\/ -->\n<title>Huelum, huelum\u2026, reacci\u00f3n y contraste - Los pol\u00edticos Veracruz<\/title>\n<meta name=\"robots\" content=\"index, follow, max-snippet:-1, max-image-preview:large, max-video-preview:-1\" \/>\n<link rel=\"canonical\" href=\"https:\/\/lospoliticosveracruz.com\/?p=1990\" \/>\n<meta property=\"og:locale\" content=\"es_ES\" \/>\n<meta property=\"og:type\" content=\"article\" \/>\n<meta property=\"og:title\" content=\"Huelum, huelum\u2026, reacci\u00f3n y contraste - Los pol\u00edticos Veracruz\" \/>\n<meta property=\"og:description\" content=\"Foto: CNN M\u00e9xico Ricardo V\u00e1zquez SalazarEsfera Pol\u00edtica M\u00e1s de 50 mil almas que gritaban al un\u00edsono de Huelum, huelum\u2026, hac\u00edan retumbar el edificio de Bucareli, justo dos d\u00edas antes de la conmemoraci\u00f3n de la masacre de Tlatelolco. Estudiantes, padres de familia y catedr\u00e1ticos, se manifestaban en completo desacuerdo con la aprobaci\u00f3n de un reglamento interno [&hellip;]\" \/>\n<meta property=\"og:url\" content=\"https:\/\/lospoliticosveracruz.com\/?p=1990\" \/>\n<meta property=\"og:site_name\" content=\"Los pol\u00edticos Veracruz\" \/>\n<meta property=\"article:publisher\" content=\"https:\/\/www.facebook.com\/people\/Notimemes-de-los-Polticos\/61565672886568\/\" \/>\n<meta property=\"article:published_time\" content=\"2014-10-06T01:55:00+00:00\" \/>\n<meta property=\"article:modified_time\" content=\"2014-10-10T16:32:42+00:00\" \/>\n<meta property=\"og:image\" content=\"http:\/\/www.lospoliticosveracruz.com.mx\/wp-content\/uploads\/2014\/10\/IPN.jpg\" \/>\n<meta name=\"author\" content=\"lospoladmin\" \/>\n<meta name=\"twitter:card\" content=\"summary_large_image\" \/>\n<meta name=\"twitter:creator\" content=\"@LosPoliticosVer\" \/>\n<meta name=\"twitter:site\" content=\"@LosPoliticosVer\" \/>\n<meta name=\"twitter:label1\" content=\"Escrito por\" \/>\n\t<meta name=\"twitter:data1\" content=\"lospoladmin\" \/>\n\t<meta name=\"twitter:label2\" content=\"Tiempo de lectura\" \/>\n\t<meta name=\"twitter:data2\" content=\"3 minutos\" \/>\n<script type=\"application\/ld+json\" class=\"yoast-schema-graph\">{\"@context\":\"https:\\\/\\\/schema.org\",\"@graph\":[{\"@type\":\"Article\",\"@id\":\"https:\\\/\\\/lospoliticosveracruz.com\\\/?p=1990#article\",\"isPartOf\":{\"@id\":\"https:\\\/\\\/lospoliticosveracruz.com\\\/?p=1990\"},\"author\":{\"name\":\"lospoladmin\",\"@id\":\"https:\\\/\\\/lospoliticosveracruz.com\\\/#\\\/schema\\\/person\\\/c5fee8df75ee4700bd7f8e92859bd696\"},\"headline\":\"Huelum, huelum\u2026, reacci\u00f3n y contraste\",\"datePublished\":\"2014-10-06T01:55:00+00:00\",\"dateModified\":\"2014-10-10T16:32:42+00:00\",\"mainEntityOfPage\":{\"@id\":\"https:\\\/\\\/lospoliticosveracruz.com\\\/?p=1990\"},\"wordCount\":527,\"commentCount\":0,\"publisher\":{\"@id\":\"https:\\\/\\\/lospoliticosveracruz.com\\\/#organization\"},\"image\":{\"@id\":\"https:\\\/\\\/lospoliticosveracruz.com\\\/?p=1990#primaryimage\"},\"thumbnailUrl\":\"http:\\\/\\\/www.lospoliticosveracruz.com.mx\\\/wp-content\\\/uploads\\\/2014\\\/10\\\/IPN.jpg\",\"keywords\":[\"CCH\",\"IPN\",\"Osorio Chong\",\"UNAM\"],\"articleSection\":[\"De Opini\u00f3n\"],\"inLanguage\":\"es\",\"potentialAction\":[{\"@type\":\"CommentAction\",\"name\":\"Comment\",\"target\":[\"https:\\\/\\\/lospoliticosveracruz.com\\\/?p=1990#respond\"]}]},{\"@type\":\"WebPage\",\"@id\":\"https:\\\/\\\/lospoliticosveracruz.com\\\/?p=1990\",\"url\":\"https:\\\/\\\/lospoliticosveracruz.com\\\/?p=1990\",\"name\":\"Huelum, huelum\u2026, reacci\u00f3n y contraste - Los pol\u00edticos Veracruz\",\"isPartOf\":{\"@id\":\"https:\\\/\\\/lospoliticosveracruz.com\\\/#website\"},\"primaryImageOfPage\":{\"@id\":\"https:\\\/\\\/lospoliticosveracruz.com\\\/?p=1990#primaryimage\"},\"image\":{\"@id\":\"https:\\\/\\\/lospoliticosveracruz.com\\\/?p=1990#primaryimage\"},\"thumbnailUrl\":\"http:\\\/\\\/www.lospoliticosveracruz.com.mx\\\/wp-content\\\/uploads\\\/2014\\\/10\\\/IPN.jpg\",\"datePublished\":\"2014-10-06T01:55:00+00:00\",\"dateModified\":\"2014-10-10T16:32:42+00:00\",\"breadcrumb\":{\"@id\":\"https:\\\/\\\/lospoliticosveracruz.com\\\/?p=1990#breadcrumb\"},\"inLanguage\":\"es\",\"potentialAction\":[{\"@type\":\"ReadAction\",\"target\":[\"https:\\\/\\\/lospoliticosveracruz.com\\\/?p=1990\"]}]},{\"@type\":\"ImageObject\",\"inLanguage\":\"es\",\"@id\":\"https:\\\/\\\/lospoliticosveracruz.com\\\/?p=1990#primaryimage\",\"url\":\"http:\\\/\\\/www.lospoliticosveracruz.com.mx\\\/wp-content\\\/uploads\\\/2014\\\/10\\\/IPN.jpg\",\"contentUrl\":\"http:\\\/\\\/www.lospoliticosveracruz.com.mx\\\/wp-content\\\/uploads\\\/2014\\\/10\\\/IPN.jpg\"},{\"@type\":\"BreadcrumbList\",\"@id\":\"https:\\\/\\\/lospoliticosveracruz.com\\\/?p=1990#breadcrumb\",\"itemListElement\":[{\"@type\":\"ListItem\",\"position\":1,\"name\":\"Portada\",\"item\":\"https:\\\/\\\/lospoliticosveracruz.com\\\/\"},{\"@type\":\"ListItem\",\"position\":2,\"name\":\"Huelum, huelum\u2026, reacci\u00f3n y contraste\"}]},{\"@type\":\"WebSite\",\"@id\":\"https:\\\/\\\/lospoliticosveracruz.com\\\/#website\",\"url\":\"https:\\\/\\\/lospoliticosveracruz.com\\\/\",\"name\":\"Los pol\u00edticos Veracruz\",\"description\":\"\",\"publisher\":{\"@id\":\"https:\\\/\\\/lospoliticosveracruz.com\\\/#organization\"},\"potentialAction\":[{\"@type\":\"SearchAction\",\"target\":{\"@type\":\"EntryPoint\",\"urlTemplate\":\"https:\\\/\\\/lospoliticosveracruz.com\\\/?s={search_term_string}\"},\"query-input\":{\"@type\":\"PropertyValueSpecification\",\"valueRequired\":true,\"valueName\":\"search_term_string\"}}],\"inLanguage\":\"es\"},{\"@type\":\"Organization\",\"@id\":\"https:\\\/\\\/lospoliticosveracruz.com\\\/#organization\",\"name\":\"Los pol\u00edticos Veracruz\",\"url\":\"https:\\\/\\\/lospoliticosveracruz.com\\\/\",\"logo\":{\"@type\":\"ImageObject\",\"inLanguage\":\"es\",\"@id\":\"https:\\\/\\\/lospoliticosveracruz.com\\\/#\\\/schema\\\/logo\\\/image\\\/\",\"url\":\"https:\\\/\\\/lospoliticosveracruz.com\\\/wp-content\\\/uploads\\\/2025\\\/12\\\/Logo-Nuevo-LOS-POLITICOS-1.jpg\",\"contentUrl\":\"https:\\\/\\\/lospoliticosveracruz.com\\\/wp-content\\\/uploads\\\/2025\\\/12\\\/Logo-Nuevo-LOS-POLITICOS-1.jpg\",\"width\":260,\"height\":70,\"caption\":\"Los pol\u00edticos Veracruz\"},\"image\":{\"@id\":\"https:\\\/\\\/lospoliticosveracruz.com\\\/#\\\/schema\\\/logo\\\/image\\\/\"},\"sameAs\":[\"https:\\\/\\\/www.facebook.com\\\/people\\\/Notimemes-de-los-Polticos\\\/61565672886568\\\/\",\"https:\\\/\\\/x.com\\\/LosPoliticosVer\"]},{\"@type\":\"Person\",\"@id\":\"https:\\\/\\\/lospoliticosveracruz.com\\\/#\\\/schema\\\/person\\\/c5fee8df75ee4700bd7f8e92859bd696\",\"name\":\"lospoladmin\",\"image\":{\"@type\":\"ImageObject\",\"inLanguage\":\"es\",\"@id\":\"https:\\\/\\\/secure.gravatar.com\\\/avatar\\\/f4a468785695515895c4d618820f242e33d3d72a0284244a0fad6d19795cb724?s=96&d=mm&r=g\",\"url\":\"https:\\\/\\\/secure.gravatar.com\\\/avatar\\\/f4a468785695515895c4d618820f242e33d3d72a0284244a0fad6d19795cb724?s=96&d=mm&r=g\",\"contentUrl\":\"https:\\\/\\\/secure.gravatar.com\\\/avatar\\\/f4a468785695515895c4d618820f242e33d3d72a0284244a0fad6d19795cb724?s=96&d=mm&r=g\",\"caption\":\"lospoladmin\"},\"url\":\"https:\\\/\\\/lospoliticosveracruz.com\\\/?author=1\"}]}<\/script>\n<!-- \/ Yoast SEO plugin. -->","yoast_head_json":{"title":"Huelum, huelum\u2026, reacci\u00f3n y contraste - Los pol\u00edticos Veracruz","robots":{"index":"index","follow":"follow","max-snippet":"max-snippet:-1","max-image-preview":"max-image-preview:large","max-video-preview":"max-video-preview:-1"},"canonical":"https:\/\/lospoliticosveracruz.com\/?p=1990","og_locale":"es_ES","og_type":"article","og_title":"Huelum, huelum\u2026, reacci\u00f3n y contraste - Los pol\u00edticos Veracruz","og_description":"Foto: CNN M\u00e9xico Ricardo V\u00e1zquez SalazarEsfera Pol\u00edtica M\u00e1s de 50 mil almas que gritaban al un\u00edsono de Huelum, huelum\u2026, hac\u00edan retumbar el edificio de Bucareli, justo dos d\u00edas antes de la conmemoraci\u00f3n de la masacre de Tlatelolco. Estudiantes, padres de familia y catedr\u00e1ticos, se manifestaban en completo desacuerdo con la aprobaci\u00f3n de un reglamento interno [&hellip;]","og_url":"https:\/\/lospoliticosveracruz.com\/?p=1990","og_site_name":"Los pol\u00edticos Veracruz","article_publisher":"https:\/\/www.facebook.com\/people\/Notimemes-de-los-Polticos\/61565672886568\/","article_published_time":"2014-10-06T01:55:00+00:00","article_modified_time":"2014-10-10T16:32:42+00:00","og_image":[{"url":"http:\/\/www.lospoliticosveracruz.com.mx\/wp-content\/uploads\/2014\/10\/IPN.jpg","type":"","width":"","height":""}],"author":"lospoladmin","twitter_card":"summary_large_image","twitter_creator":"@LosPoliticosVer","twitter_site":"@LosPoliticosVer","twitter_misc":{"Escrito por":"lospoladmin","Tiempo de lectura":"3 minutos"},"schema":{"@context":"https:\/\/schema.org","@graph":[{"@type":"Article","@id":"https:\/\/lospoliticosveracruz.com\/?p=1990#article","isPartOf":{"@id":"https:\/\/lospoliticosveracruz.com\/?p=1990"},"author":{"name":"lospoladmin","@id":"https:\/\/lospoliticosveracruz.com\/#\/schema\/person\/c5fee8df75ee4700bd7f8e92859bd696"},"headline":"Huelum, huelum\u2026, reacci\u00f3n y contraste","datePublished":"2014-10-06T01:55:00+00:00","dateModified":"2014-10-10T16:32:42+00:00","mainEntityOfPage":{"@id":"https:\/\/lospoliticosveracruz.com\/?p=1990"},"wordCount":527,"commentCount":0,"publisher":{"@id":"https:\/\/lospoliticosveracruz.com\/#organization"},"image":{"@id":"https:\/\/lospoliticosveracruz.com\/?p=1990#primaryimage"},"thumbnailUrl":"http:\/\/www.lospoliticosveracruz.com.mx\/wp-content\/uploads\/2014\/10\/IPN.jpg","keywords":["CCH","IPN","Osorio Chong","UNAM"],"articleSection":["De Opini\u00f3n"],"inLanguage":"es","potentialAction":[{"@type":"CommentAction","name":"Comment","target":["https:\/\/lospoliticosveracruz.com\/?p=1990#respond"]}]},{"@type":"WebPage","@id":"https:\/\/lospoliticosveracruz.com\/?p=1990","url":"https:\/\/lospoliticosveracruz.com\/?p=1990","name":"Huelum, huelum\u2026, reacci\u00f3n y contraste - Los pol\u00edticos Veracruz","isPartOf":{"@id":"https:\/\/lospoliticosveracruz.com\/#website"},"primaryImageOfPage":{"@id":"https:\/\/lospoliticosveracruz.com\/?p=1990#primaryimage"},"image":{"@id":"https:\/\/lospoliticosveracruz.com\/?p=1990#primaryimage"},"thumbnailUrl":"http:\/\/www.lospoliticosveracruz.com.mx\/wp-content\/uploads\/2014\/10\/IPN.jpg","datePublished":"2014-10-06T01:55:00+00:00","dateModified":"2014-10-10T16:32:42+00:00","breadcrumb":{"@id":"https:\/\/lospoliticosveracruz.com\/?p=1990#breadcrumb"},"inLanguage":"es","potentialAction":[{"@type":"ReadAction","target":["https:\/\/lospoliticosveracruz.com\/?p=1990"]}]},{"@type":"ImageObject","inLanguage":"es","@id":"https:\/\/lospoliticosveracruz.com\/?p=1990#primaryimage","url":"http:\/\/www.lospoliticosveracruz.com.mx\/wp-content\/uploads\/2014\/10\/IPN.jpg","contentUrl":"http:\/\/www.lospoliticosveracruz.com.mx\/wp-content\/uploads\/2014\/10\/IPN.jpg"},{"@type":"BreadcrumbList","@id":"https:\/\/lospoliticosveracruz.com\/?p=1990#breadcrumb","itemListElement":[{"@type":"ListItem","position":1,"name":"Portada","item":"https:\/\/lospoliticosveracruz.com\/"},{"@type":"ListItem","position":2,"name":"Huelum, huelum\u2026, reacci\u00f3n y contraste"}]},{"@type":"WebSite","@id":"https:\/\/lospoliticosveracruz.com\/#website","url":"https:\/\/lospoliticosveracruz.com\/","name":"Los pol\u00edticos Veracruz","description":"","publisher":{"@id":"https:\/\/lospoliticosveracruz.com\/#organization"},"potentialAction":[{"@type":"SearchAction","target":{"@type":"EntryPoint","urlTemplate":"https:\/\/lospoliticosveracruz.com\/?s={search_term_string}"},"query-input":{"@type":"PropertyValueSpecification","valueRequired":true,"valueName":"search_term_string"}}],"inLanguage":"es"},{"@type":"Organization","@id":"https:\/\/lospoliticosveracruz.com\/#organization","name":"Los pol\u00edticos Veracruz","url":"https:\/\/lospoliticosveracruz.com\/","logo":{"@type":"ImageObject","inLanguage":"es","@id":"https:\/\/lospoliticosveracruz.com\/#\/schema\/logo\/image\/","url":"https:\/\/lospoliticosveracruz.com\/wp-content\/uploads\/2025\/12\/Logo-Nuevo-LOS-POLITICOS-1.jpg","contentUrl":"https:\/\/lospoliticosveracruz.com\/wp-content\/uploads\/2025\/12\/Logo-Nuevo-LOS-POLITICOS-1.jpg","width":260,"height":70,"caption":"Los pol\u00edticos Veracruz"},"image":{"@id":"https:\/\/lospoliticosveracruz.com\/#\/schema\/logo\/image\/"},"sameAs":["https:\/\/www.facebook.com\/people\/Notimemes-de-los-Polticos\/61565672886568\/","https:\/\/x.com\/LosPoliticosVer"]},{"@type":"Person","@id":"https:\/\/lospoliticosveracruz.com\/#\/schema\/person\/c5fee8df75ee4700bd7f8e92859bd696","name":"lospoladmin","image":{"@type":"ImageObject","inLanguage":"es","@id":"https:\/\/secure.gravatar.com\/avatar\/f4a468785695515895c4d618820f242e33d3d72a0284244a0fad6d19795cb724?s=96&d=mm&r=g","url":"https:\/\/secure.gravatar.com\/avatar\/f4a468785695515895c4d618820f242e33d3d72a0284244a0fad6d19795cb724?s=96&d=mm&r=g","contentUrl":"https:\/\/secure.gravatar.com\/avatar\/f4a468785695515895c4d618820f242e33d3d72a0284244a0fad6d19795cb724?s=96&d=mm&r=g","caption":"lospoladmin"},"url":"https:\/\/lospoliticosveracruz.com\/?author=1"}]}},"_links":{"self":[{"href":"https:\/\/lospoliticosveracruz.com\/index.php?rest_route=\/wp\/v2\/posts\/1990","targetHints":{"allow":["GET"]}}],"collection":[{"href":"https:\/\/lospoliticosveracruz.com\/index.php?rest_route=\/wp\/v2\/posts"}],"about":[{"href":"https:\/\/lospoliticosveracruz.com\/index.php?rest_route=\/wp\/v2\/types\/post"}],"author":[{"embeddable":true,"href":"https:\/\/lospoliticosveracruz.com\/index.php?rest_route=\/wp\/v2\/users\/1"}],"replies":[{"embeddable":true,"href":"https:\/\/lospoliticosveracruz.com\/index.php?rest_route=%2Fwp%2Fv2%2Fcomments&post=1990"}],"version-history":[{"count":1,"href":"https:\/\/lospoliticosveracruz.com\/index.php?rest_route=\/wp\/v2\/posts\/1990\/revisions"}],"predecessor-version":[{"id":12472,"href":"https:\/\/lospoliticosveracruz.com\/index.php?rest_route=\/wp\/v2\/posts\/1990\/revisions\/12472"}],"wp:attachment":[{"href":"https:\/\/lospoliticosveracruz.com\/index.php?rest_route=%2Fwp%2Fv2%2Fmedia&parent=1990"}],"wp:term":[{"taxonomy":"category","embeddable":true,"href":"https:\/\/lospoliticosveracruz.com\/index.php?rest_route=%2Fwp%2Fv2%2Fcategories&post=1990"},{"taxonomy":"post_tag","embeddable":true,"href":"https:\/\/lospoliticosveracruz.com\/index.php?rest_route=%2Fwp%2Fv2%2Ftags&post=1990"}],"curies":[{"name":"wp","href":"https:\/\/api.w.org\/{rel}","templated":true}]}}