{"id":19994,"date":"2015-12-28T21:37:13","date_gmt":"2015-12-29T03:37:13","guid":{"rendered":"http:\/\/www.lospoliticosveracruz.com.mx\/?p=19994"},"modified":"2015-12-28T21:37:13","modified_gmt":"2015-12-29T03:37:13","slug":"de-pelicula-el-fin-de-ano","status":"publish","type":"post","link":"https:\/\/lospoliticosveracruz.com\/?p=19994","title":{"rendered":"\u00a1De pel\u00edcula el fin de a\u00f1o!"},"content":{"rendered":"<p><a href=\"http:\/\/www.lospoliticosveracruz.com.mx\/wp-content\/uploads\/2015\/12\/Pel\u00edculas.jpg\"><img loading=\"lazy\" decoding=\"async\" class=\"alignnone size-medium wp-image-19997\" src=\"http:\/\/www.lospoliticosveracruz.com.mx\/wp-content\/uploads\/2015\/12\/Pel\u00edculas-300x174.jpg\" alt=\"Pel\u00edculas\" width=\"300\" height=\"174\" \/><\/a><br \/>\n<strong>Salvador Mu\u00f1oz<\/strong><\/p>\n<p><em>Los Pol\u00edticos<\/em><\/p>\n<p>Al tener a la vuelta de la hoja de calendario el fin de a\u00f1o, la \u00fanica preocupaci\u00f3n que me ocupa es \u00bfqu\u00e9 pel\u00edculas y series voy a ver este primero de enero? No me angustio por la famosa cena porque unas simples tortas, refresco, un buen caf\u00e9 pueden resolver ese ligero problema, aunque d\u00edgame si no, siempre hay en la casa alguien que dice: \u00bfY qu\u00e9 vamos a cenar?<br \/>\nNo, yo realmente me pongo a pensar \u00bfqu\u00e9 pel\u00edcula voy a ver? En lo particular, a m\u00ed no me importa entumirme la espalda, contracturarme las v\u00e9rtebras y aplicar al m\u00e1ximo mi sedentarismo ayer roto por tres kil\u00f3metros corriendo, de acuerdo a la recomendaci\u00f3n del doctor tanto para Harry como para m\u00ed, y su insistencia en que haya un desprendimiento entre mi Scotish Terrier y yo\u2026 pero que quede claro que no me advirti\u00f3 de dos cosas:<br \/>\n1.- El m\u00e9ndigo dolor de piernas que me habla y exige \u201c\u00a1no corras este martes! \u00a1no corras este martes!\u201d<br \/>\nCreo que ese dolor es m\u00e1s aceptable y digerible que el punto 2.<br \/>\n2.- Llego a casa, todo sudoroso, triunfante, de haber recorrido tres kil\u00f3metros y ciento y tantos metros en media hora y al traspasar la puerta\u2026 \u00a1la indiferencia total de Harry! S\u00f3lo una mirada lac\u00f3nica y un rabo inerte. No le dije nada. Creo que est\u00e1 tomando mejor que yo este proceso de separaci\u00f3n.<br \/>\n(Por cierto, agradezco a los amigos que se preocuparon por mi relaci\u00f3n con la Mujer porque pensaron que mi desprendimiento emocional era para con ella. Lamentablemente para Brenda, el contrato que formalizamos ante la Ley es vitalicio\u2026 o algo ha de estar pagando por fechor\u00eda cometida en su pasada vida para tener que cargar conmigo\u2026 en fin\u2026 gracias, todav\u00eda hay \u201cSe\u00f1or y Se\u00f1ora Smith\u201d para rato)<br \/>\nTotal que ya tengo mi apartado de pel\u00edculas para ver y es seguro que muchos pol\u00edticos que opten por no salir de casa, hagan lo mismo. Para ellos, les har\u00e9 algunas recomendaciones pero por favor, ay\u00fadenme, la memoria me falla y no me acuerdo bien de los nombres de los filmes.<br \/>\n* Para Dante Delgado Rannauro y su paso por Pacho&#8230;<br \/>\n<strong>\u00a1El ex preso bi-polar!<\/strong><br \/>\n* Para Mota y Fiscul\u00edn, tras foto muy cari\u00f1osos&#8230;<br \/>\n<strong>\u00a1Vaselina!<\/strong><br \/>\n* Para Flavino R\u00edos y sus \u201cacertados\u201d comentarios sobre los pensionados\u2026<br \/>\n<strong>\u00a1Tiempos violentos! \u00a1Tarantino!<\/strong><br \/>\n* Para los dones Carlos Brito, Enrique Ramos y Manuel Ramos Gurri\u00f3n\u2026<br \/>\n<strong>\u00a1Mundo Jur\u00e1sico!<\/strong><br \/>\n* Para Adolfo Ram\u00edrez Arana&#8230;<br \/>\n<strong>\u00a1Inteligencia Artificial!<\/strong><br \/>\n* Ahora que si Fofo quiere ver una peli en pareja con Lalo Robles, con eso de que luego se pican las costillas,pues qu\u00e9 mejor que este filme:<br \/>\n<strong>\u00a1Secreto en la Monta\u00f1a!<\/strong><br \/>\n* Para Manuel Rosendo Pelayo, un cl\u00e1sico\u2026<br \/>\n<strong>\u00a1Pinocho!<\/strong><br \/>\n* Para el buen To\u00f1o G\u00f3mez Pelegr\u00edn, algo de aventuras\u2026<br \/>\n<strong>\u00a1En busca de las arcas perdidas!<\/strong><br \/>\n* Para los Yunes que igual buscan la candidatura de dos\u2026<br \/>\n<strong>\u00a1El Bueno, el Malo y el Feo!<\/strong><br \/>\n* Para Gabriel Deantes Ramos, por su inmenso trabajo en Veracruz\u2026<br \/>\n<strong>\u00a1Depredador!<\/strong><br \/>\n* Ya si Deantes es de los que no le gusta ver solo pel\u00edculas, lo pueden acompa\u00f1ar Edgar Spinoso, Erick Lagos y Vicente Ben\u00edtez con\u2026<br \/>\n<strong>\u00a1Los Intocables!<\/strong><br \/>\n* Y ya para rematar, no pod\u00edamos olvidar a nuestro querido Gobernador, Javier Duarte, con algo de Oliver Stone\u2026<br \/>\n<strong>\u00a1Pelot\u00f3n!<\/strong><\/p>\n<p>smcainito@gmail.com<\/p>\n","protected":false},"excerpt":{"rendered":"<p>Salvador Mu\u00f1oz Los Pol\u00edticos Al tener a la vuelta de la hoja de calendario el fin de a\u00f1o, la \u00fanica preocupaci\u00f3n que me ocupa es \u00bfqu\u00e9 pel\u00edculas y series voy a ver este primero de enero? No me angustio por la famosa cena porque unas simples tortas, refresco, un buen caf\u00e9 pueden resolver ese ligero [&hellip;]<\/p>\n","protected":false},"author":2,"featured_media":0,"comment_status":"open","ping_status":"open","sticky":false,"template":"","format":"standard","meta":{"tdm_status":"","tdm_grid_status":"","footnotes":""},"categories":[70],"tags":[1518,1068,4391,141,1761,1904,1392,3719,290],"class_list":{"0":"post-19994","1":"post","2":"type-post","3":"status-publish","4":"format-standard","6":"category-de-opinion","7":"tag-carlos-brito","8":"tag-edgar-spinoso","9":"tag-enrique-ramos","10":"tag-erick-lagos","11":"tag-flavino-rios","12":"tag-gabinete-javier-duarte-de-ochoa","13":"tag-gabriel-deantes-ramos","14":"tag-manuel-ramos-gurrion","15":"tag-manuel-rosendo-pelayo"},"yoast_head":"<!-- This site is optimized with the Yoast SEO plugin v27.4 - https:\/\/yoast.com\/product\/yoast-seo-wordpress\/ -->\n<title>\u00a1De pel\u00edcula el fin de a\u00f1o! - Los pol\u00edticos Veracruz<\/title>\n<meta name=\"robots\" content=\"index, follow, max-snippet:-1, max-image-preview:large, max-video-preview:-1\" \/>\n<link rel=\"canonical\" href=\"https:\/\/lospoliticosveracruz.com\/?p=19994\" \/>\n<meta property=\"og:locale\" content=\"es_ES\" \/>\n<meta property=\"og:type\" content=\"article\" \/>\n<meta property=\"og:title\" content=\"\u00a1De pel\u00edcula el fin de a\u00f1o! - Los pol\u00edticos Veracruz\" \/>\n<meta property=\"og:description\" content=\"Salvador Mu\u00f1oz Los Pol\u00edticos Al tener a la vuelta de la hoja de calendario el fin de a\u00f1o, la \u00fanica preocupaci\u00f3n que me ocupa es \u00bfqu\u00e9 pel\u00edculas y series voy a ver este primero de enero? No me angustio por la famosa cena porque unas simples tortas, refresco, un buen caf\u00e9 pueden resolver ese ligero [&hellip;]\" \/>\n<meta property=\"og:url\" content=\"https:\/\/lospoliticosveracruz.com\/?p=19994\" \/>\n<meta property=\"og:site_name\" content=\"Los pol\u00edticos Veracruz\" \/>\n<meta property=\"article:publisher\" content=\"https:\/\/www.facebook.com\/people\/Notimemes-de-los-Polticos\/61565672886568\/\" \/>\n<meta property=\"article:published_time\" content=\"2015-12-29T03:37:13+00:00\" \/>\n<meta property=\"og:image\" content=\"https:\/\/lospoliticosveracruz.com\/wp-content\/uploads\/2016\/07\/Logo-Dor.jpg\" \/>\n\t<meta property=\"og:image:width\" content=\"200\" \/>\n\t<meta property=\"og:image:height\" content=\"200\" \/>\n\t<meta property=\"og:image:type\" content=\"image\/jpeg\" \/>\n<meta name=\"author\" content=\"Lo viste en Los Pol\u00edticos\" \/>\n<meta name=\"twitter:card\" content=\"summary_large_image\" \/>\n<meta name=\"twitter:creator\" content=\"@LosPoliticosVer\" \/>\n<meta name=\"twitter:site\" content=\"@LosPoliticosVer\" \/>\n<meta name=\"twitter:label1\" content=\"Escrito por\" \/>\n\t<meta name=\"twitter:data1\" content=\"Lo viste en Los Pol\u00edticos\" \/>\n\t<meta name=\"twitter:label2\" content=\"Tiempo de lectura\" \/>\n\t<meta name=\"twitter:data2\" content=\"3 minutos\" \/>\n<script type=\"application\/ld+json\" class=\"yoast-schema-graph\">{\"@context\":\"https:\\\/\\\/schema.org\",\"@graph\":[{\"@type\":\"Article\",\"@id\":\"https:\\\/\\\/lospoliticosveracruz.com\\\/?p=19994#article\",\"isPartOf\":{\"@id\":\"https:\\\/\\\/lospoliticosveracruz.com\\\/?p=19994\"},\"author\":{\"name\":\"Lo viste en Los Pol\u00edticos\",\"@id\":\"https:\\\/\\\/lospoliticosveracruz.com\\\/#\\\/schema\\\/person\\\/b8702bb0e538456e6efd07080bf2a4a2\"},\"headline\":\"\u00a1De pel\u00edcula el fin de a\u00f1o!\",\"datePublished\":\"2015-12-29T03:37:13+00:00\",\"mainEntityOfPage\":{\"@id\":\"https:\\\/\\\/lospoliticosveracruz.com\\\/?p=19994\"},\"wordCount\":583,\"commentCount\":0,\"publisher\":{\"@id\":\"https:\\\/\\\/lospoliticosveracruz.com\\\/#organization\"},\"keywords\":[\"Carlos Brito\",\"Edgar Spinoso\",\"Enrique Ramos\",\"Erick Lagos\",\"Flavino R\u00edos\",\"Gabinete Javier Duarte de Ochoa\",\"Gabriel Deantes Ramos\",\"Manuel Ramos Gurri\u00f3n\",\"Manuel Rosendo Pelayo\"],\"articleSection\":[\"De Opini\u00f3n\"],\"inLanguage\":\"es\",\"potentialAction\":[{\"@type\":\"CommentAction\",\"name\":\"Comment\",\"target\":[\"https:\\\/\\\/lospoliticosveracruz.com\\\/?p=19994#respond\"]}]},{\"@type\":\"WebPage\",\"@id\":\"https:\\\/\\\/lospoliticosveracruz.com\\\/?p=19994\",\"url\":\"https:\\\/\\\/lospoliticosveracruz.com\\\/?p=19994\",\"name\":\"\u00a1De pel\u00edcula el fin de a\u00f1o! - Los pol\u00edticos Veracruz\",\"isPartOf\":{\"@id\":\"https:\\\/\\\/lospoliticosveracruz.com\\\/#website\"},\"datePublished\":\"2015-12-29T03:37:13+00:00\",\"breadcrumb\":{\"@id\":\"https:\\\/\\\/lospoliticosveracruz.com\\\/?p=19994#breadcrumb\"},\"inLanguage\":\"es\",\"potentialAction\":[{\"@type\":\"ReadAction\",\"target\":[\"https:\\\/\\\/lospoliticosveracruz.com\\\/?p=19994\"]}]},{\"@type\":\"BreadcrumbList\",\"@id\":\"https:\\\/\\\/lospoliticosveracruz.com\\\/?p=19994#breadcrumb\",\"itemListElement\":[{\"@type\":\"ListItem\",\"position\":1,\"name\":\"Portada\",\"item\":\"https:\\\/\\\/lospoliticosveracruz.com\\\/\"},{\"@type\":\"ListItem\",\"position\":2,\"name\":\"\u00a1De pel\u00edcula el fin de a\u00f1o!\"}]},{\"@type\":\"WebSite\",\"@id\":\"https:\\\/\\\/lospoliticosveracruz.com\\\/#website\",\"url\":\"https:\\\/\\\/lospoliticosveracruz.com\\\/\",\"name\":\"Los pol\u00edticos Veracruz\",\"description\":\"\",\"publisher\":{\"@id\":\"https:\\\/\\\/lospoliticosveracruz.com\\\/#organization\"},\"potentialAction\":[{\"@type\":\"SearchAction\",\"target\":{\"@type\":\"EntryPoint\",\"urlTemplate\":\"https:\\\/\\\/lospoliticosveracruz.com\\\/?s={search_term_string}\"},\"query-input\":{\"@type\":\"PropertyValueSpecification\",\"valueRequired\":true,\"valueName\":\"search_term_string\"}}],\"inLanguage\":\"es\"},{\"@type\":\"Organization\",\"@id\":\"https:\\\/\\\/lospoliticosveracruz.com\\\/#organization\",\"name\":\"Los pol\u00edticos Veracruz\",\"url\":\"https:\\\/\\\/lospoliticosveracruz.com\\\/\",\"logo\":{\"@type\":\"ImageObject\",\"inLanguage\":\"es\",\"@id\":\"https:\\\/\\\/lospoliticosveracruz.com\\\/#\\\/schema\\\/logo\\\/image\\\/\",\"url\":\"https:\\\/\\\/lospoliticosveracruz.com\\\/wp-content\\\/uploads\\\/2025\\\/12\\\/Logo-Nuevo-LOS-POLITICOS-1.jpg\",\"contentUrl\":\"https:\\\/\\\/lospoliticosveracruz.com\\\/wp-content\\\/uploads\\\/2025\\\/12\\\/Logo-Nuevo-LOS-POLITICOS-1.jpg\",\"width\":260,\"height\":70,\"caption\":\"Los pol\u00edticos Veracruz\"},\"image\":{\"@id\":\"https:\\\/\\\/lospoliticosveracruz.com\\\/#\\\/schema\\\/logo\\\/image\\\/\"},\"sameAs\":[\"https:\\\/\\\/www.facebook.com\\\/people\\\/Notimemes-de-los-Polticos\\\/61565672886568\\\/\",\"https:\\\/\\\/x.com\\\/LosPoliticosVer\"]},{\"@type\":\"Person\",\"@id\":\"https:\\\/\\\/lospoliticosveracruz.com\\\/#\\\/schema\\\/person\\\/b8702bb0e538456e6efd07080bf2a4a2\",\"name\":\"Lo viste en Los Pol\u00edticos\",\"image\":{\"@type\":\"ImageObject\",\"inLanguage\":\"es\",\"@id\":\"https:\\\/\\\/secure.gravatar.com\\\/avatar\\\/3a8de04a2656d44082be478bd6c086daa447c4651605818287b9532d3d0bd435?s=96&d=mm&r=g\",\"url\":\"https:\\\/\\\/secure.gravatar.com\\\/avatar\\\/3a8de04a2656d44082be478bd6c086daa447c4651605818287b9532d3d0bd435?s=96&d=mm&r=g\",\"contentUrl\":\"https:\\\/\\\/secure.gravatar.com\\\/avatar\\\/3a8de04a2656d44082be478bd6c086daa447c4651605818287b9532d3d0bd435?s=96&d=mm&r=g\",\"caption\":\"Lo viste en Los Pol\u00edticos\"},\"url\":\"https:\\\/\\\/lospoliticosveracruz.com\\\/?author=2\"}]}<\/script>\n<!-- \/ Yoast SEO plugin. -->","yoast_head_json":{"title":"\u00a1De pel\u00edcula el fin de a\u00f1o! - Los pol\u00edticos Veracruz","robots":{"index":"index","follow":"follow","max-snippet":"max-snippet:-1","max-image-preview":"max-image-preview:large","max-video-preview":"max-video-preview:-1"},"canonical":"https:\/\/lospoliticosveracruz.com\/?p=19994","og_locale":"es_ES","og_type":"article","og_title":"\u00a1De pel\u00edcula el fin de a\u00f1o! - Los pol\u00edticos Veracruz","og_description":"Salvador Mu\u00f1oz Los Pol\u00edticos Al tener a la vuelta de la hoja de calendario el fin de a\u00f1o, la \u00fanica preocupaci\u00f3n que me ocupa es \u00bfqu\u00e9 pel\u00edculas y series voy a ver este primero de enero? No me angustio por la famosa cena porque unas simples tortas, refresco, un buen caf\u00e9 pueden resolver ese ligero [&hellip;]","og_url":"https:\/\/lospoliticosveracruz.com\/?p=19994","og_site_name":"Los pol\u00edticos Veracruz","article_publisher":"https:\/\/www.facebook.com\/people\/Notimemes-de-los-Polticos\/61565672886568\/","article_published_time":"2015-12-29T03:37:13+00:00","og_image":[{"width":200,"height":200,"url":"https:\/\/lospoliticosveracruz.com\/wp-content\/uploads\/2016\/07\/Logo-Dor.jpg","type":"image\/jpeg"}],"author":"Lo viste en Los Pol\u00edticos","twitter_card":"summary_large_image","twitter_creator":"@LosPoliticosVer","twitter_site":"@LosPoliticosVer","twitter_misc":{"Escrito por":"Lo viste en Los Pol\u00edticos","Tiempo de lectura":"3 minutos"},"schema":{"@context":"https:\/\/schema.org","@graph":[{"@type":"Article","@id":"https:\/\/lospoliticosveracruz.com\/?p=19994#article","isPartOf":{"@id":"https:\/\/lospoliticosveracruz.com\/?p=19994"},"author":{"name":"Lo viste en Los Pol\u00edticos","@id":"https:\/\/lospoliticosveracruz.com\/#\/schema\/person\/b8702bb0e538456e6efd07080bf2a4a2"},"headline":"\u00a1De pel\u00edcula el fin de a\u00f1o!","datePublished":"2015-12-29T03:37:13+00:00","mainEntityOfPage":{"@id":"https:\/\/lospoliticosveracruz.com\/?p=19994"},"wordCount":583,"commentCount":0,"publisher":{"@id":"https:\/\/lospoliticosveracruz.com\/#organization"},"keywords":["Carlos Brito","Edgar Spinoso","Enrique Ramos","Erick Lagos","Flavino R\u00edos","Gabinete Javier Duarte de Ochoa","Gabriel Deantes Ramos","Manuel Ramos Gurri\u00f3n","Manuel Rosendo Pelayo"],"articleSection":["De Opini\u00f3n"],"inLanguage":"es","potentialAction":[{"@type":"CommentAction","name":"Comment","target":["https:\/\/lospoliticosveracruz.com\/?p=19994#respond"]}]},{"@type":"WebPage","@id":"https:\/\/lospoliticosveracruz.com\/?p=19994","url":"https:\/\/lospoliticosveracruz.com\/?p=19994","name":"\u00a1De pel\u00edcula el fin de a\u00f1o! - Los pol\u00edticos Veracruz","isPartOf":{"@id":"https:\/\/lospoliticosveracruz.com\/#website"},"datePublished":"2015-12-29T03:37:13+00:00","breadcrumb":{"@id":"https:\/\/lospoliticosveracruz.com\/?p=19994#breadcrumb"},"inLanguage":"es","potentialAction":[{"@type":"ReadAction","target":["https:\/\/lospoliticosveracruz.com\/?p=19994"]}]},{"@type":"BreadcrumbList","@id":"https:\/\/lospoliticosveracruz.com\/?p=19994#breadcrumb","itemListElement":[{"@type":"ListItem","position":1,"name":"Portada","item":"https:\/\/lospoliticosveracruz.com\/"},{"@type":"ListItem","position":2,"name":"\u00a1De pel\u00edcula el fin de a\u00f1o!"}]},{"@type":"WebSite","@id":"https:\/\/lospoliticosveracruz.com\/#website","url":"https:\/\/lospoliticosveracruz.com\/","name":"Los pol\u00edticos Veracruz","description":"","publisher":{"@id":"https:\/\/lospoliticosveracruz.com\/#organization"},"potentialAction":[{"@type":"SearchAction","target":{"@type":"EntryPoint","urlTemplate":"https:\/\/lospoliticosveracruz.com\/?s={search_term_string}"},"query-input":{"@type":"PropertyValueSpecification","valueRequired":true,"valueName":"search_term_string"}}],"inLanguage":"es"},{"@type":"Organization","@id":"https:\/\/lospoliticosveracruz.com\/#organization","name":"Los pol\u00edticos Veracruz","url":"https:\/\/lospoliticosveracruz.com\/","logo":{"@type":"ImageObject","inLanguage":"es","@id":"https:\/\/lospoliticosveracruz.com\/#\/schema\/logo\/image\/","url":"https:\/\/lospoliticosveracruz.com\/wp-content\/uploads\/2025\/12\/Logo-Nuevo-LOS-POLITICOS-1.jpg","contentUrl":"https:\/\/lospoliticosveracruz.com\/wp-content\/uploads\/2025\/12\/Logo-Nuevo-LOS-POLITICOS-1.jpg","width":260,"height":70,"caption":"Los pol\u00edticos Veracruz"},"image":{"@id":"https:\/\/lospoliticosveracruz.com\/#\/schema\/logo\/image\/"},"sameAs":["https:\/\/www.facebook.com\/people\/Notimemes-de-los-Polticos\/61565672886568\/","https:\/\/x.com\/LosPoliticosVer"]},{"@type":"Person","@id":"https:\/\/lospoliticosveracruz.com\/#\/schema\/person\/b8702bb0e538456e6efd07080bf2a4a2","name":"Lo viste en Los Pol\u00edticos","image":{"@type":"ImageObject","inLanguage":"es","@id":"https:\/\/secure.gravatar.com\/avatar\/3a8de04a2656d44082be478bd6c086daa447c4651605818287b9532d3d0bd435?s=96&d=mm&r=g","url":"https:\/\/secure.gravatar.com\/avatar\/3a8de04a2656d44082be478bd6c086daa447c4651605818287b9532d3d0bd435?s=96&d=mm&r=g","contentUrl":"https:\/\/secure.gravatar.com\/avatar\/3a8de04a2656d44082be478bd6c086daa447c4651605818287b9532d3d0bd435?s=96&d=mm&r=g","caption":"Lo viste en Los Pol\u00edticos"},"url":"https:\/\/lospoliticosveracruz.com\/?author=2"}]}},"_links":{"self":[{"href":"https:\/\/lospoliticosveracruz.com\/index.php?rest_route=\/wp\/v2\/posts\/19994","targetHints":{"allow":["GET"]}}],"collection":[{"href":"https:\/\/lospoliticosveracruz.com\/index.php?rest_route=\/wp\/v2\/posts"}],"about":[{"href":"https:\/\/lospoliticosveracruz.com\/index.php?rest_route=\/wp\/v2\/types\/post"}],"author":[{"embeddable":true,"href":"https:\/\/lospoliticosveracruz.com\/index.php?rest_route=\/wp\/v2\/users\/2"}],"replies":[{"embeddable":true,"href":"https:\/\/lospoliticosveracruz.com\/index.php?rest_route=%2Fwp%2Fv2%2Fcomments&post=19994"}],"version-history":[{"count":1,"href":"https:\/\/lospoliticosveracruz.com\/index.php?rest_route=\/wp\/v2\/posts\/19994\/revisions"}],"predecessor-version":[{"id":19998,"href":"https:\/\/lospoliticosveracruz.com\/index.php?rest_route=\/wp\/v2\/posts\/19994\/revisions\/19998"}],"wp:attachment":[{"href":"https:\/\/lospoliticosveracruz.com\/index.php?rest_route=%2Fwp%2Fv2%2Fmedia&parent=19994"}],"wp:term":[{"taxonomy":"category","embeddable":true,"href":"https:\/\/lospoliticosveracruz.com\/index.php?rest_route=%2Fwp%2Fv2%2Fcategories&post=19994"},{"taxonomy":"post_tag","embeddable":true,"href":"https:\/\/lospoliticosveracruz.com\/index.php?rest_route=%2Fwp%2Fv2%2Ftags&post=19994"}],"curies":[{"name":"wp","href":"https:\/\/api.w.org\/{rel}","templated":true}]}}