{"id":19999,"date":"2015-12-29T13:34:01","date_gmt":"2015-12-29T19:34:01","guid":{"rendered":"http:\/\/www.lospoliticosveracruz.com.mx\/?p=19999"},"modified":"2015-12-29T14:51:16","modified_gmt":"2015-12-29T20:51:16","slug":"como-me-ves-te-veras-2","status":"publish","type":"post","link":"https:\/\/lospoliticosveracruz.com\/?p=19999","title":{"rendered":"Como me ves, te ver\u00e1s\u00a0"},"content":{"rendered":"<p><a href=\"http:\/\/www.lospoliticosveracruz.com.mx\/wp-content\/uploads\/2015\/12\/Pensionados2.jpg\"><img loading=\"lazy\" decoding=\"async\" class=\"alignnone size-medium wp-image-20002\" src=\"http:\/\/www.lospoliticosveracruz.com.mx\/wp-content\/uploads\/2015\/12\/Pensionados2-300x171.jpg\" alt=\"Pensionados\" width=\"300\" height=\"171\" \/><\/a><\/p>\n<p><strong>Sheyla Fuertes Lara<\/strong><\/p>\n<p><em>Mujeres que Saben Lat\u00edn<\/em><\/p>\n<p><a name=\"_GoBack\"><\/a><span style=\"font-family: Arial, serif;\"><span lang=\"es-ES\">En M\u00e9xico, de acuerdo a cifras del Instituto Nacional de Estad\u00edstica y Geograf\u00eda, hay alrededor de 10.9 millones de adultas y adultos mayores de 60 a\u00f1os y m\u00e1s, que dedicaron gran parte de su vida al trabajo y a la familia, y que su aprendizaje les deja grandes satisfacciones.<\/span><\/span><\/p>\n<p align=\"JUSTIFY\">\n<p align=\"JUSTIFY\"><span style=\"font-family: Arial, serif;\"><span lang=\"es-ES\">En la medicina, la gerontolog\u00eda es una ciencia que se encarga de estudiar los aspectos psicol\u00f3gicos, sociales, econ\u00f3micos y culturales de esta parte de la vida.<\/span><\/span><\/p>\n<p align=\"JUSTIFY\">\n<p align=\"JUSTIFY\"><span style=\"color: #151515;\"><span style=\"font-family: Arial, serif;\"><span lang=\"es-ES\">Tambi\u00e9n comprende sus necesidades f\u00edsicas, mentales y sociales, y como son abordadas por las instituciones gubernamentales y no gubernamentales que atienden y el envejecimiento de una poblaci\u00f3n.<\/span><\/span><\/span><\/p>\n<p align=\"JUSTIFY\"><span style=\"color: #151515;\">\u00a0<\/span><\/p>\n<p align=\"JUSTIFY\"><span style=\"color: #151515;\"><span style=\"font-family: Helvetica, serif;\"><span lang=\"es-ES\">De la gerontolog\u00eda se conoce poco, no as\u00ed de la geriatr\u00eda, una rama de la medicina que se especializa en la atenci\u00f3n de las enfermedades prevalentes en la vejez.<\/span><\/span><\/span><\/p>\n<p align=\"JUSTIFY\"><span style=\"color: #151515;\">\u00a0<\/span><\/p>\n<p align=\"JUSTIFY\"><span style=\"color: #151515;\"><span style=\"font-family: Arial, serif;\"><span lang=\"es-ES\">En el pa\u00eds, a\u00fan son pocos las personas que se dedican al estudio especializado de la gerontolog\u00eda, es decir, a analizar todos esos aspectos que inciden en la vida de una persona mayor y sobre los cu\u00e1les no todo mundo tiene inter\u00e9s.<\/span><\/span><\/span><\/p>\n<p align=\"JUSTIFY\"><span style=\"color: #151515;\">\u00a0<\/span><\/p>\n<p align=\"JUSTIFY\"><span style=\"color: #151515;\"><span style=\"font-family: Arial, serif;\"><span lang=\"es-ES\">Si bien es cierto, hay personas adultas mayores que viven en condiciones adecuadas, que tienen familias que se preocupan por su bienestar y les atienden; y que recibieron sus pagos a tiempo; hay otras m\u00e1s que viven en condiciones dif\u00edciles y se encuentran en el abandono.<\/span><\/span><\/span><\/p>\n<p align=\"JUSTIFY\"><span style=\"color: #151515;\">\u00a0<\/span><\/p>\n<p align=\"JUSTIFY\"><span style=\"color: #151515;\"><span style=\"font-family: Arial, serif;\"><span lang=\"es-ES\">Y es que los gobiernos federales y estatales no contemplan pol\u00edticas p\u00fablicas, para que esas personas que no reciben una pensi\u00f3n o no tienen una familia puedan ingresar a una instituci\u00f3n adecuada donde les atiendan o reciban los tratamientos de salud que requieren.<\/span><\/span><\/span><\/p>\n<p align=\"JUSTIFY\"><span style=\"color: #151515;\"><span style=\"font-family: Arial, serif;\"><span lang=\"es-ES\">Hace unos d\u00edas, personas jubiladas que reciben sus aportaciones del estado, realizaron diversas manifestaciones en el centro de la ciudad de Xalapa, para exigir su pago mensual correspondiente.<\/span><\/span><\/span><\/p>\n<p align=\"JUSTIFY\"><span style=\"color: #151515;\">\u00a0<\/span><\/p>\n<p align=\"JUSTIFY\"><span style=\"color: #151515;\"><span style=\"font-family: Arial, serif;\"><span lang=\"es-ES\">Muchas de las personas que se manifestaban y que bloqueaban la calle recibieron golpes por parte de elementos de la Secretar\u00eda de Seguridad P\u00fablica del estado, para impedir que obstruyeran el tr\u00e1nsito vehicular. <\/span><\/span><\/span><\/p>\n<p align=\"JUSTIFY\"><span style=\"color: #151515;\"><span style=\"font-family: Arial, serif;\"><span lang=\"es-ES\">Los bloqueos que realizaron en las \u00faltimas semanas sin duda provocaron caos vial, pero en este caso, su demanda es justa, requieren un pago que les sirve para cubrir sus necesidades b\u00e1sicas, exigen una pensi\u00f3n a la que tienen derecho por los a\u00f1os de trabajo, y los elementos policiacos les dieron un trato indigno para su condici\u00f3n.<\/span><\/span><\/span><\/p>\n<p align=\"JUSTIFY\"><span style=\"color: #151515;\">\u00a0<\/span><\/p>\n<p align=\"JUSTIFY\"><span style=\"color: #151515;\"><span style=\"font-family: Arial, serif;\"><span lang=\"es-ES\">Con la reforma a la Ley Federal del Trabajo, la mayor\u00eda de las personas no tenemos derecho a una pensi\u00f3n o jubilaci\u00f3n. En nuestra vejez no contaremos con una mensualidad que nos ayude a subsistir, por lo que tendremos que buscar otras opciones.<\/span><\/span><\/span><\/p>\n<p align=\"JUSTIFY\"><span style=\"color: #151515;\">\u00a0<\/span><\/p>\n<p align=\"JUSTIFY\"><span style=\"color: #151515;\"><span style=\"font-family: Arial, serif;\"><span lang=\"es-ES\">De ah\u00ed que la exigencia de las y los jubilados es justa, el pago que les corresponde. Sobre esta situaci\u00f3n hubo comentarios a favor y en contra de las y los ancianos, algunos con discapacidades, y que a\u00fan as\u00ed se plantaron para exigir su pago. <\/span><\/span><\/span><\/p>\n<p align=\"JUSTIFY\"><span style=\"color: #151515;\">\u00a0<\/span><\/p>\n<p align=\"JUSTIFY\"><span style=\"color: #151515;\"><span style=\"font-family: Arial, serif;\"><span lang=\"es-ES\">No todas las personas adultas tienen las condiciones para salir adelante, de ah\u00ed que las instancias gubernamentales deber\u00e1n aplicar acciones que les beneficien y la sociedad solidarizarse con sus demandas, porque sin duda la juventud actual tambi\u00e9n llegar\u00e1 a los 65 a\u00f1os y las problem\u00e1ticas que enfrenten tambi\u00e9n deber\u00e1n atenderse.<\/span><\/span><\/span><\/p>\n","protected":false},"excerpt":{"rendered":"<p>Sheyla Fuertes Lara Mujeres que Saben Lat\u00edn En M\u00e9xico, de acuerdo a cifras del Instituto Nacional de Estad\u00edstica y Geograf\u00eda, hay alrededor de 10.9 millones de adultas y adultos mayores de 60 a\u00f1os y m\u00e1s, que dedicaron gran parte de su vida al trabajo y a la familia, y que su aprendizaje les deja grandes [&hellip;]<\/p>\n","protected":false},"author":2,"featured_media":0,"comment_status":"open","ping_status":"open","sticky":false,"template":"","format":"standard","meta":{"tdm_status":"","tdm_grid_status":"","footnotes":""},"categories":[70],"tags":[4392,177,195,96],"class_list":{"0":"post-19999","1":"post","2":"type-post","3":"status-publish","4":"format-standard","6":"category-de-opinion","7":"tag-gerontologia","8":"tag-seguridad-publica","9":"tag-veracruz","10":"tag-xalapa"},"yoast_head":"<!-- This site is optimized with the Yoast SEO plugin v27.4 - https:\/\/yoast.com\/product\/yoast-seo-wordpress\/ -->\n<title>Como me ves, te ver\u00e1s\u00a0 - Los pol\u00edticos Veracruz<\/title>\n<meta name=\"robots\" content=\"index, follow, max-snippet:-1, max-image-preview:large, max-video-preview:-1\" \/>\n<link rel=\"canonical\" href=\"https:\/\/lospoliticosveracruz.com\/?p=19999\" \/>\n<meta property=\"og:locale\" content=\"es_ES\" \/>\n<meta property=\"og:type\" content=\"article\" \/>\n<meta property=\"og:title\" content=\"Como me ves, te ver\u00e1s\u00a0 - Los pol\u00edticos Veracruz\" \/>\n<meta property=\"og:description\" content=\"Sheyla Fuertes Lara Mujeres que Saben Lat\u00edn En M\u00e9xico, de acuerdo a cifras del Instituto Nacional de Estad\u00edstica y Geograf\u00eda, hay alrededor de 10.9 millones de adultas y adultos mayores de 60 a\u00f1os y m\u00e1s, que dedicaron gran parte de su vida al trabajo y a la familia, y que su aprendizaje les deja grandes [&hellip;]\" \/>\n<meta property=\"og:url\" content=\"https:\/\/lospoliticosveracruz.com\/?p=19999\" \/>\n<meta property=\"og:site_name\" content=\"Los pol\u00edticos Veracruz\" \/>\n<meta property=\"article:publisher\" content=\"https:\/\/www.facebook.com\/people\/Notimemes-de-los-Polticos\/61565672886568\/\" \/>\n<meta property=\"article:published_time\" content=\"2015-12-29T19:34:01+00:00\" \/>\n<meta property=\"article:modified_time\" content=\"2015-12-29T20:51:16+00:00\" \/>\n<meta property=\"og:image\" content=\"http:\/\/www.lospoliticosveracruz.com.mx\/wp-content\/uploads\/2015\/12\/Pensionados2-300x171.jpg\" \/>\n<meta name=\"author\" content=\"Lo viste en Los Pol\u00edticos\" \/>\n<meta name=\"twitter:card\" content=\"summary_large_image\" \/>\n<meta name=\"twitter:creator\" content=\"@LosPoliticosVer\" \/>\n<meta name=\"twitter:site\" content=\"@LosPoliticosVer\" \/>\n<meta name=\"twitter:label1\" content=\"Escrito por\" \/>\n\t<meta name=\"twitter:data1\" content=\"Lo viste en Los Pol\u00edticos\" \/>\n\t<meta name=\"twitter:label2\" content=\"Tiempo de lectura\" \/>\n\t<meta name=\"twitter:data2\" content=\"3 minutos\" \/>\n<script type=\"application\/ld+json\" class=\"yoast-schema-graph\">{\"@context\":\"https:\\\/\\\/schema.org\",\"@graph\":[{\"@type\":\"Article\",\"@id\":\"https:\\\/\\\/lospoliticosveracruz.com\\\/?p=19999#article\",\"isPartOf\":{\"@id\":\"https:\\\/\\\/lospoliticosveracruz.com\\\/?p=19999\"},\"author\":{\"name\":\"Lo viste en Los Pol\u00edticos\",\"@id\":\"https:\\\/\\\/lospoliticosveracruz.com\\\/#\\\/schema\\\/person\\\/b8702bb0e538456e6efd07080bf2a4a2\"},\"headline\":\"Como me ves, te ver\u00e1s\u00a0\",\"datePublished\":\"2015-12-29T19:34:01+00:00\",\"dateModified\":\"2015-12-29T20:51:16+00:00\",\"mainEntityOfPage\":{\"@id\":\"https:\\\/\\\/lospoliticosveracruz.com\\\/?p=19999\"},\"wordCount\":573,\"commentCount\":0,\"publisher\":{\"@id\":\"https:\\\/\\\/lospoliticosveracruz.com\\\/#organization\"},\"image\":{\"@id\":\"https:\\\/\\\/lospoliticosveracruz.com\\\/?p=19999#primaryimage\"},\"thumbnailUrl\":\"http:\\\/\\\/www.lospoliticosveracruz.com.mx\\\/wp-content\\\/uploads\\\/2015\\\/12\\\/Pensionados2-300x171.jpg\",\"keywords\":[\"gerontolog\u00eda\",\"Seguridad P\u00fablica\",\"Veracruz\",\"Xalapa\"],\"articleSection\":[\"De Opini\u00f3n\"],\"inLanguage\":\"es\",\"potentialAction\":[{\"@type\":\"CommentAction\",\"name\":\"Comment\",\"target\":[\"https:\\\/\\\/lospoliticosveracruz.com\\\/?p=19999#respond\"]}]},{\"@type\":\"WebPage\",\"@id\":\"https:\\\/\\\/lospoliticosveracruz.com\\\/?p=19999\",\"url\":\"https:\\\/\\\/lospoliticosveracruz.com\\\/?p=19999\",\"name\":\"Como me ves, te ver\u00e1s\u00a0 - Los pol\u00edticos Veracruz\",\"isPartOf\":{\"@id\":\"https:\\\/\\\/lospoliticosveracruz.com\\\/#website\"},\"primaryImageOfPage\":{\"@id\":\"https:\\\/\\\/lospoliticosveracruz.com\\\/?p=19999#primaryimage\"},\"image\":{\"@id\":\"https:\\\/\\\/lospoliticosveracruz.com\\\/?p=19999#primaryimage\"},\"thumbnailUrl\":\"http:\\\/\\\/www.lospoliticosveracruz.com.mx\\\/wp-content\\\/uploads\\\/2015\\\/12\\\/Pensionados2-300x171.jpg\",\"datePublished\":\"2015-12-29T19:34:01+00:00\",\"dateModified\":\"2015-12-29T20:51:16+00:00\",\"breadcrumb\":{\"@id\":\"https:\\\/\\\/lospoliticosveracruz.com\\\/?p=19999#breadcrumb\"},\"inLanguage\":\"es\",\"potentialAction\":[{\"@type\":\"ReadAction\",\"target\":[\"https:\\\/\\\/lospoliticosveracruz.com\\\/?p=19999\"]}]},{\"@type\":\"ImageObject\",\"inLanguage\":\"es\",\"@id\":\"https:\\\/\\\/lospoliticosveracruz.com\\\/?p=19999#primaryimage\",\"url\":\"http:\\\/\\\/www.lospoliticosveracruz.com.mx\\\/wp-content\\\/uploads\\\/2015\\\/12\\\/Pensionados2-300x171.jpg\",\"contentUrl\":\"http:\\\/\\\/www.lospoliticosveracruz.com.mx\\\/wp-content\\\/uploads\\\/2015\\\/12\\\/Pensionados2-300x171.jpg\"},{\"@type\":\"BreadcrumbList\",\"@id\":\"https:\\\/\\\/lospoliticosveracruz.com\\\/?p=19999#breadcrumb\",\"itemListElement\":[{\"@type\":\"ListItem\",\"position\":1,\"name\":\"Portada\",\"item\":\"https:\\\/\\\/lospoliticosveracruz.com\\\/\"},{\"@type\":\"ListItem\",\"position\":2,\"name\":\"Como me ves, te ver\u00e1s\u00a0\"}]},{\"@type\":\"WebSite\",\"@id\":\"https:\\\/\\\/lospoliticosveracruz.com\\\/#website\",\"url\":\"https:\\\/\\\/lospoliticosveracruz.com\\\/\",\"name\":\"Los pol\u00edticos Veracruz\",\"description\":\"\",\"publisher\":{\"@id\":\"https:\\\/\\\/lospoliticosveracruz.com\\\/#organization\"},\"potentialAction\":[{\"@type\":\"SearchAction\",\"target\":{\"@type\":\"EntryPoint\",\"urlTemplate\":\"https:\\\/\\\/lospoliticosveracruz.com\\\/?s={search_term_string}\"},\"query-input\":{\"@type\":\"PropertyValueSpecification\",\"valueRequired\":true,\"valueName\":\"search_term_string\"}}],\"inLanguage\":\"es\"},{\"@type\":\"Organization\",\"@id\":\"https:\\\/\\\/lospoliticosveracruz.com\\\/#organization\",\"name\":\"Los pol\u00edticos Veracruz\",\"url\":\"https:\\\/\\\/lospoliticosveracruz.com\\\/\",\"logo\":{\"@type\":\"ImageObject\",\"inLanguage\":\"es\",\"@id\":\"https:\\\/\\\/lospoliticosveracruz.com\\\/#\\\/schema\\\/logo\\\/image\\\/\",\"url\":\"https:\\\/\\\/lospoliticosveracruz.com\\\/wp-content\\\/uploads\\\/2025\\\/12\\\/Logo-Nuevo-LOS-POLITICOS-1.jpg\",\"contentUrl\":\"https:\\\/\\\/lospoliticosveracruz.com\\\/wp-content\\\/uploads\\\/2025\\\/12\\\/Logo-Nuevo-LOS-POLITICOS-1.jpg\",\"width\":260,\"height\":70,\"caption\":\"Los pol\u00edticos Veracruz\"},\"image\":{\"@id\":\"https:\\\/\\\/lospoliticosveracruz.com\\\/#\\\/schema\\\/logo\\\/image\\\/\"},\"sameAs\":[\"https:\\\/\\\/www.facebook.com\\\/people\\\/Notimemes-de-los-Polticos\\\/61565672886568\\\/\",\"https:\\\/\\\/x.com\\\/LosPoliticosVer\"]},{\"@type\":\"Person\",\"@id\":\"https:\\\/\\\/lospoliticosveracruz.com\\\/#\\\/schema\\\/person\\\/b8702bb0e538456e6efd07080bf2a4a2\",\"name\":\"Lo viste en Los Pol\u00edticos\",\"image\":{\"@type\":\"ImageObject\",\"inLanguage\":\"es\",\"@id\":\"https:\\\/\\\/secure.gravatar.com\\\/avatar\\\/3a8de04a2656d44082be478bd6c086daa447c4651605818287b9532d3d0bd435?s=96&d=mm&r=g\",\"url\":\"https:\\\/\\\/secure.gravatar.com\\\/avatar\\\/3a8de04a2656d44082be478bd6c086daa447c4651605818287b9532d3d0bd435?s=96&d=mm&r=g\",\"contentUrl\":\"https:\\\/\\\/secure.gravatar.com\\\/avatar\\\/3a8de04a2656d44082be478bd6c086daa447c4651605818287b9532d3d0bd435?s=96&d=mm&r=g\",\"caption\":\"Lo viste en Los Pol\u00edticos\"},\"url\":\"https:\\\/\\\/lospoliticosveracruz.com\\\/?author=2\"}]}<\/script>\n<!-- \/ Yoast SEO plugin. -->","yoast_head_json":{"title":"Como me ves, te ver\u00e1s\u00a0 - Los pol\u00edticos Veracruz","robots":{"index":"index","follow":"follow","max-snippet":"max-snippet:-1","max-image-preview":"max-image-preview:large","max-video-preview":"max-video-preview:-1"},"canonical":"https:\/\/lospoliticosveracruz.com\/?p=19999","og_locale":"es_ES","og_type":"article","og_title":"Como me ves, te ver\u00e1s\u00a0 - Los pol\u00edticos Veracruz","og_description":"Sheyla Fuertes Lara Mujeres que Saben Lat\u00edn En M\u00e9xico, de acuerdo a cifras del Instituto Nacional de Estad\u00edstica y Geograf\u00eda, hay alrededor de 10.9 millones de adultas y adultos mayores de 60 a\u00f1os y m\u00e1s, que dedicaron gran parte de su vida al trabajo y a la familia, y que su aprendizaje les deja grandes [&hellip;]","og_url":"https:\/\/lospoliticosveracruz.com\/?p=19999","og_site_name":"Los pol\u00edticos Veracruz","article_publisher":"https:\/\/www.facebook.com\/people\/Notimemes-de-los-Polticos\/61565672886568\/","article_published_time":"2015-12-29T19:34:01+00:00","article_modified_time":"2015-12-29T20:51:16+00:00","og_image":[{"url":"http:\/\/www.lospoliticosveracruz.com.mx\/wp-content\/uploads\/2015\/12\/Pensionados2-300x171.jpg","type":"","width":"","height":""}],"author":"Lo viste en Los Pol\u00edticos","twitter_card":"summary_large_image","twitter_creator":"@LosPoliticosVer","twitter_site":"@LosPoliticosVer","twitter_misc":{"Escrito por":"Lo viste en Los Pol\u00edticos","Tiempo de lectura":"3 minutos"},"schema":{"@context":"https:\/\/schema.org","@graph":[{"@type":"Article","@id":"https:\/\/lospoliticosveracruz.com\/?p=19999#article","isPartOf":{"@id":"https:\/\/lospoliticosveracruz.com\/?p=19999"},"author":{"name":"Lo viste en Los Pol\u00edticos","@id":"https:\/\/lospoliticosveracruz.com\/#\/schema\/person\/b8702bb0e538456e6efd07080bf2a4a2"},"headline":"Como me ves, te ver\u00e1s\u00a0","datePublished":"2015-12-29T19:34:01+00:00","dateModified":"2015-12-29T20:51:16+00:00","mainEntityOfPage":{"@id":"https:\/\/lospoliticosveracruz.com\/?p=19999"},"wordCount":573,"commentCount":0,"publisher":{"@id":"https:\/\/lospoliticosveracruz.com\/#organization"},"image":{"@id":"https:\/\/lospoliticosveracruz.com\/?p=19999#primaryimage"},"thumbnailUrl":"http:\/\/www.lospoliticosveracruz.com.mx\/wp-content\/uploads\/2015\/12\/Pensionados2-300x171.jpg","keywords":["gerontolog\u00eda","Seguridad P\u00fablica","Veracruz","Xalapa"],"articleSection":["De Opini\u00f3n"],"inLanguage":"es","potentialAction":[{"@type":"CommentAction","name":"Comment","target":["https:\/\/lospoliticosveracruz.com\/?p=19999#respond"]}]},{"@type":"WebPage","@id":"https:\/\/lospoliticosveracruz.com\/?p=19999","url":"https:\/\/lospoliticosveracruz.com\/?p=19999","name":"Como me ves, te ver\u00e1s\u00a0 - Los pol\u00edticos Veracruz","isPartOf":{"@id":"https:\/\/lospoliticosveracruz.com\/#website"},"primaryImageOfPage":{"@id":"https:\/\/lospoliticosveracruz.com\/?p=19999#primaryimage"},"image":{"@id":"https:\/\/lospoliticosveracruz.com\/?p=19999#primaryimage"},"thumbnailUrl":"http:\/\/www.lospoliticosveracruz.com.mx\/wp-content\/uploads\/2015\/12\/Pensionados2-300x171.jpg","datePublished":"2015-12-29T19:34:01+00:00","dateModified":"2015-12-29T20:51:16+00:00","breadcrumb":{"@id":"https:\/\/lospoliticosveracruz.com\/?p=19999#breadcrumb"},"inLanguage":"es","potentialAction":[{"@type":"ReadAction","target":["https:\/\/lospoliticosveracruz.com\/?p=19999"]}]},{"@type":"ImageObject","inLanguage":"es","@id":"https:\/\/lospoliticosveracruz.com\/?p=19999#primaryimage","url":"http:\/\/www.lospoliticosveracruz.com.mx\/wp-content\/uploads\/2015\/12\/Pensionados2-300x171.jpg","contentUrl":"http:\/\/www.lospoliticosveracruz.com.mx\/wp-content\/uploads\/2015\/12\/Pensionados2-300x171.jpg"},{"@type":"BreadcrumbList","@id":"https:\/\/lospoliticosveracruz.com\/?p=19999#breadcrumb","itemListElement":[{"@type":"ListItem","position":1,"name":"Portada","item":"https:\/\/lospoliticosveracruz.com\/"},{"@type":"ListItem","position":2,"name":"Como me ves, te ver\u00e1s\u00a0"}]},{"@type":"WebSite","@id":"https:\/\/lospoliticosveracruz.com\/#website","url":"https:\/\/lospoliticosveracruz.com\/","name":"Los pol\u00edticos Veracruz","description":"","publisher":{"@id":"https:\/\/lospoliticosveracruz.com\/#organization"},"potentialAction":[{"@type":"SearchAction","target":{"@type":"EntryPoint","urlTemplate":"https:\/\/lospoliticosveracruz.com\/?s={search_term_string}"},"query-input":{"@type":"PropertyValueSpecification","valueRequired":true,"valueName":"search_term_string"}}],"inLanguage":"es"},{"@type":"Organization","@id":"https:\/\/lospoliticosveracruz.com\/#organization","name":"Los pol\u00edticos Veracruz","url":"https:\/\/lospoliticosveracruz.com\/","logo":{"@type":"ImageObject","inLanguage":"es","@id":"https:\/\/lospoliticosveracruz.com\/#\/schema\/logo\/image\/","url":"https:\/\/lospoliticosveracruz.com\/wp-content\/uploads\/2025\/12\/Logo-Nuevo-LOS-POLITICOS-1.jpg","contentUrl":"https:\/\/lospoliticosveracruz.com\/wp-content\/uploads\/2025\/12\/Logo-Nuevo-LOS-POLITICOS-1.jpg","width":260,"height":70,"caption":"Los pol\u00edticos Veracruz"},"image":{"@id":"https:\/\/lospoliticosveracruz.com\/#\/schema\/logo\/image\/"},"sameAs":["https:\/\/www.facebook.com\/people\/Notimemes-de-los-Polticos\/61565672886568\/","https:\/\/x.com\/LosPoliticosVer"]},{"@type":"Person","@id":"https:\/\/lospoliticosveracruz.com\/#\/schema\/person\/b8702bb0e538456e6efd07080bf2a4a2","name":"Lo viste en Los Pol\u00edticos","image":{"@type":"ImageObject","inLanguage":"es","@id":"https:\/\/secure.gravatar.com\/avatar\/3a8de04a2656d44082be478bd6c086daa447c4651605818287b9532d3d0bd435?s=96&d=mm&r=g","url":"https:\/\/secure.gravatar.com\/avatar\/3a8de04a2656d44082be478bd6c086daa447c4651605818287b9532d3d0bd435?s=96&d=mm&r=g","contentUrl":"https:\/\/secure.gravatar.com\/avatar\/3a8de04a2656d44082be478bd6c086daa447c4651605818287b9532d3d0bd435?s=96&d=mm&r=g","caption":"Lo viste en Los Pol\u00edticos"},"url":"https:\/\/lospoliticosveracruz.com\/?author=2"}]}},"_links":{"self":[{"href":"https:\/\/lospoliticosveracruz.com\/index.php?rest_route=\/wp\/v2\/posts\/19999","targetHints":{"allow":["GET"]}}],"collection":[{"href":"https:\/\/lospoliticosveracruz.com\/index.php?rest_route=\/wp\/v2\/posts"}],"about":[{"href":"https:\/\/lospoliticosveracruz.com\/index.php?rest_route=\/wp\/v2\/types\/post"}],"author":[{"embeddable":true,"href":"https:\/\/lospoliticosveracruz.com\/index.php?rest_route=\/wp\/v2\/users\/2"}],"replies":[{"embeddable":true,"href":"https:\/\/lospoliticosveracruz.com\/index.php?rest_route=%2Fwp%2Fv2%2Fcomments&post=19999"}],"version-history":[{"count":3,"href":"https:\/\/lospoliticosveracruz.com\/index.php?rest_route=\/wp\/v2\/posts\/19999\/revisions"}],"predecessor-version":[{"id":20005,"href":"https:\/\/lospoliticosveracruz.com\/index.php?rest_route=\/wp\/v2\/posts\/19999\/revisions\/20005"}],"wp:attachment":[{"href":"https:\/\/lospoliticosveracruz.com\/index.php?rest_route=%2Fwp%2Fv2%2Fmedia&parent=19999"}],"wp:term":[{"taxonomy":"category","embeddable":true,"href":"https:\/\/lospoliticosveracruz.com\/index.php?rest_route=%2Fwp%2Fv2%2Fcategories&post=19999"},{"taxonomy":"post_tag","embeddable":true,"href":"https:\/\/lospoliticosveracruz.com\/index.php?rest_route=%2Fwp%2Fv2%2Ftags&post=19999"}],"curies":[{"name":"wp","href":"https:\/\/api.w.org\/{rel}","templated":true}]}}