{"id":2001,"date":"2014-10-02T16:07:00","date_gmt":"2014-10-02T16:07:00","guid":{"rendered":"http:\/\/www.lospoliticosveracruz.com.mx\/?p=2001"},"modified":"2014-10-10T17:37:04","modified_gmt":"2014-10-10T17:37:04","slug":"hay-festival-en-xalapa-2014","status":"publish","type":"post","link":"https:\/\/lospoliticosveracruz.com\/?p=2001","title":{"rendered":"Hay Festival en Xalapa 2014"},"content":{"rendered":"<p><a href=\"http:\/\/www.lospoliticosveracruz.com.mx\/wp-content\/uploads\/2014\/10\/Daniel-Mordzinski.jpg\"><img loading=\"lazy\" decoding=\"async\" class=\"alignnone size-medium wp-image-12494\" src=\"http:\/\/www.lospoliticosveracruz.com.mx\/wp-content\/uploads\/2014\/10\/Daniel-Mordzinski-300x168.jpg\" alt=\"Daniel Mordzinski\" width=\"300\" height=\"168\" \/><\/a><br \/>\n<b><br \/>\n<\/b><\/p>\n<div><b>Miguel Angel Cristiani Gonz\u00e1lez<\/b><\/p>\n<div><i>Bit\u00e1cora Veracruz<\/i><\/div>\n<div>Desde tiempos inmemoriales, en el estado de Veracruz, los pueblos prehisp\u00e1nicos realizaban concentraciones en determinados lugares, que hoy son considerados como centros culturales, como lo es la zona arqueol\u00f3gica de El Taj\u00edn, en donde seg\u00fan los arque\u00f3logos, se reun\u00edan para celebrar eventos y luego volv\u00edan a sus lugares de origen.<br \/>\nA partir de este jueves, ocurrir\u00e1 ese mismo fen\u00f3meno cultural, pero ahora se trata de una reuni\u00f3n que convoca y congrega a artistas internacionales, que del 02 al 05 de octubre, habr\u00e1n de compartir su obra y sus experiencias con los habitantes de la capital del estado de Veracruz y los viajeros de otras parte del pa\u00eds y del mundo, que asisten al Hay Festival Xalapa 2014.<br \/>\n<a name=\"more\"><\/a><br \/>\nPara iniciar, el El Hay Festival Xalapa, tendr\u00e1 entre sus atractivos la exhibici\u00f3n de cuatro muestras de arte en los recintos del Instituto Veracruzano de la Cultura (IVEC): Galer\u00eda de Arte Contempor\u00e1neo de Xalapa (GACX), Pinacoteca Diego Rivera, \u00c1gora de la Ciudad y la Casa del Lago de la Universidad Veracruzana (UV), seg\u00fan dio a conocer Luis Josu\u00e9 Mart\u00ednez Rodr\u00edguez, quien coment\u00f3 que las exposiciones estar\u00e1n abiertas al p\u00fablico con entrada gratuita.<br \/>\nPersonalmente, me llama la atenci\u00f3n y ah\u00ed estar\u00e9 en la exposici\u00f3n de fotograf\u00edas \u201cDe ida y vuelta\u201d que estar\u00e1 en el \u00c1gora de la Ciudad. Se compone de fotograf\u00edas tomadas por Daniel Mordzinski a manera de homenaje a Gabriel Garc\u00eda M\u00e1rquez y \u00c1lvaro Mutis. \u201cEs una galer\u00eda que intenta entrar a la intimidad de estos escritores, pero en un momento de sus vidas ya afianzados como universales. Son dos muestras bastante intimistas y representativas de la vida cotidiana. El fot\u00f3grafo trat\u00f3 de construir una imagen mucho m\u00e1s personal de ambos\u201d.<br \/>\nLa siguiente actividad es \u201cPaseos de Nobel\u201d, que estar\u00e1 en la Pinacoteca Diego Rivera. El fot\u00f3grafo documentalista Kim Manresa se ha interesado toda su vida en temas pol\u00edticos y sociales. Junto con el escritor Xavi Ay\u00e9n emprendi\u00f3 la tarea de visitar a 20 premios Nobel de Literatura para retratarlos y platicar con ellos.<br \/>\nComo resultado del viaje de ambos artistas, se exhibir\u00e1n 111 fotograf\u00edas en blanco y negro, acompa\u00f1adas de relatos que abren un panorama distinto de los literatos y reflejan sus inquietudes pol\u00edticas y sociales.<br \/>\nPero esto es solamente un inicio de lo que se presentar\u00e1 en el Hay Festival Xalapa, que como se hac\u00eda ya en tiempos de nuestros antepasados, habr\u00e1 de servir de escenario para conocer a destacadas personalidades del arte, la literatura y la cultura universal de nuestros d\u00edas.<\/div>\n<\/div>\n","protected":false},"excerpt":{"rendered":"<p>Miguel Angel Cristiani Gonz\u00e1lez Bit\u00e1cora Veracruz Desde tiempos inmemoriales, en el estado de Veracruz, los pueblos prehisp\u00e1nicos realizaban concentraciones en determinados lugares, que hoy son considerados como centros culturales, como lo es la zona arqueol\u00f3gica de El Taj\u00edn, en donde seg\u00fan los arque\u00f3logos, se reun\u00edan para celebrar eventos y luego volv\u00edan a sus lugares de [&hellip;]<\/p>\n","protected":false},"author":1,"featured_media":0,"comment_status":"open","ping_status":"open","sticky":false,"template":"","format":"standard","meta":{"tdm_status":"","tdm_grid_status":"","footnotes":""},"categories":[75],"tags":[169,168,170,167,172],"class_list":{"0":"post-2001","1":"post","2":"type-post","3":"status-publish","4":"format-standard","6":"category-cine-libros-y-mas","7":"tag-daniel-mordzinski","8":"tag-diego-rivera","9":"tag-garcia-marquez","10":"tag-pinacoteca","11":"tag-uv"},"yoast_head":"<!-- This site is optimized with the Yoast SEO plugin v27.4 - https:\/\/yoast.com\/product\/yoast-seo-wordpress\/ -->\n<title>Hay Festival en Xalapa 2014 - Los pol\u00edticos Veracruz<\/title>\n<meta name=\"robots\" content=\"index, follow, max-snippet:-1, max-image-preview:large, max-video-preview:-1\" \/>\n<link rel=\"canonical\" href=\"https:\/\/lospoliticosveracruz.com\/?p=2001\" \/>\n<meta property=\"og:locale\" content=\"es_ES\" \/>\n<meta property=\"og:type\" content=\"article\" \/>\n<meta property=\"og:title\" content=\"Hay Festival en Xalapa 2014 - Los pol\u00edticos Veracruz\" \/>\n<meta property=\"og:description\" content=\"Miguel Angel Cristiani Gonz\u00e1lez Bit\u00e1cora Veracruz Desde tiempos inmemoriales, en el estado de Veracruz, los pueblos prehisp\u00e1nicos realizaban concentraciones en determinados lugares, que hoy son considerados como centros culturales, como lo es la zona arqueol\u00f3gica de El Taj\u00edn, en donde seg\u00fan los arque\u00f3logos, se reun\u00edan para celebrar eventos y luego volv\u00edan a sus lugares de [&hellip;]\" \/>\n<meta property=\"og:url\" content=\"https:\/\/lospoliticosveracruz.com\/?p=2001\" \/>\n<meta property=\"og:site_name\" content=\"Los pol\u00edticos Veracruz\" \/>\n<meta property=\"article:publisher\" content=\"https:\/\/www.facebook.com\/people\/Notimemes-de-los-Polticos\/61565672886568\/\" \/>\n<meta property=\"article:published_time\" content=\"2014-10-02T16:07:00+00:00\" \/>\n<meta property=\"article:modified_time\" content=\"2014-10-10T17:37:04+00:00\" \/>\n<meta property=\"og:image\" content=\"http:\/\/www.lospoliticosveracruz.com.mx\/wp-content\/uploads\/2014\/10\/Daniel-Mordzinski-300x168.jpg\" \/>\n<meta name=\"author\" content=\"lospoladmin\" \/>\n<meta name=\"twitter:card\" content=\"summary_large_image\" \/>\n<meta name=\"twitter:creator\" content=\"@LosPoliticosVer\" \/>\n<meta name=\"twitter:site\" content=\"@LosPoliticosVer\" \/>\n<meta name=\"twitter:label1\" content=\"Escrito por\" \/>\n\t<meta name=\"twitter:data1\" content=\"lospoladmin\" \/>\n\t<meta name=\"twitter:label2\" content=\"Tiempo de lectura\" \/>\n\t<meta name=\"twitter:data2\" content=\"2 minutos\" \/>\n<script type=\"application\/ld+json\" class=\"yoast-schema-graph\">{\"@context\":\"https:\\\/\\\/schema.org\",\"@graph\":[{\"@type\":\"Article\",\"@id\":\"https:\\\/\\\/lospoliticosveracruz.com\\\/?p=2001#article\",\"isPartOf\":{\"@id\":\"https:\\\/\\\/lospoliticosveracruz.com\\\/?p=2001\"},\"author\":{\"name\":\"lospoladmin\",\"@id\":\"https:\\\/\\\/lospoliticosveracruz.com\\\/#\\\/schema\\\/person\\\/c5fee8df75ee4700bd7f8e92859bd696\"},\"headline\":\"Hay Festival en Xalapa 2014\",\"datePublished\":\"2014-10-02T16:07:00+00:00\",\"dateModified\":\"2014-10-10T17:37:04+00:00\",\"mainEntityOfPage\":{\"@id\":\"https:\\\/\\\/lospoliticosveracruz.com\\\/?p=2001\"},\"wordCount\":456,\"commentCount\":0,\"publisher\":{\"@id\":\"https:\\\/\\\/lospoliticosveracruz.com\\\/#organization\"},\"image\":{\"@id\":\"https:\\\/\\\/lospoliticosveracruz.com\\\/?p=2001#primaryimage\"},\"thumbnailUrl\":\"http:\\\/\\\/www.lospoliticosveracruz.com.mx\\\/wp-content\\\/uploads\\\/2014\\\/10\\\/Daniel-Mordzinski-300x168.jpg\",\"keywords\":[\"Daniel Mordzinski\",\"Diego Rivera\",\"Garc\u00eda M\u00e1rquez\",\"Pinacoteca\",\"UV\"],\"articleSection\":[\"Cine, Libros y m\u00e1s\"],\"inLanguage\":\"es\",\"potentialAction\":[{\"@type\":\"CommentAction\",\"name\":\"Comment\",\"target\":[\"https:\\\/\\\/lospoliticosveracruz.com\\\/?p=2001#respond\"]}]},{\"@type\":\"WebPage\",\"@id\":\"https:\\\/\\\/lospoliticosveracruz.com\\\/?p=2001\",\"url\":\"https:\\\/\\\/lospoliticosveracruz.com\\\/?p=2001\",\"name\":\"Hay Festival en Xalapa 2014 - Los pol\u00edticos Veracruz\",\"isPartOf\":{\"@id\":\"https:\\\/\\\/lospoliticosveracruz.com\\\/#website\"},\"primaryImageOfPage\":{\"@id\":\"https:\\\/\\\/lospoliticosveracruz.com\\\/?p=2001#primaryimage\"},\"image\":{\"@id\":\"https:\\\/\\\/lospoliticosveracruz.com\\\/?p=2001#primaryimage\"},\"thumbnailUrl\":\"http:\\\/\\\/www.lospoliticosveracruz.com.mx\\\/wp-content\\\/uploads\\\/2014\\\/10\\\/Daniel-Mordzinski-300x168.jpg\",\"datePublished\":\"2014-10-02T16:07:00+00:00\",\"dateModified\":\"2014-10-10T17:37:04+00:00\",\"breadcrumb\":{\"@id\":\"https:\\\/\\\/lospoliticosveracruz.com\\\/?p=2001#breadcrumb\"},\"inLanguage\":\"es\",\"potentialAction\":[{\"@type\":\"ReadAction\",\"target\":[\"https:\\\/\\\/lospoliticosveracruz.com\\\/?p=2001\"]}]},{\"@type\":\"ImageObject\",\"inLanguage\":\"es\",\"@id\":\"https:\\\/\\\/lospoliticosveracruz.com\\\/?p=2001#primaryimage\",\"url\":\"http:\\\/\\\/www.lospoliticosveracruz.com.mx\\\/wp-content\\\/uploads\\\/2014\\\/10\\\/Daniel-Mordzinski-300x168.jpg\",\"contentUrl\":\"http:\\\/\\\/www.lospoliticosveracruz.com.mx\\\/wp-content\\\/uploads\\\/2014\\\/10\\\/Daniel-Mordzinski-300x168.jpg\"},{\"@type\":\"BreadcrumbList\",\"@id\":\"https:\\\/\\\/lospoliticosveracruz.com\\\/?p=2001#breadcrumb\",\"itemListElement\":[{\"@type\":\"ListItem\",\"position\":1,\"name\":\"Portada\",\"item\":\"https:\\\/\\\/lospoliticosveracruz.com\\\/\"},{\"@type\":\"ListItem\",\"position\":2,\"name\":\"Hay Festival en Xalapa 2014\"}]},{\"@type\":\"WebSite\",\"@id\":\"https:\\\/\\\/lospoliticosveracruz.com\\\/#website\",\"url\":\"https:\\\/\\\/lospoliticosveracruz.com\\\/\",\"name\":\"Los pol\u00edticos Veracruz\",\"description\":\"\",\"publisher\":{\"@id\":\"https:\\\/\\\/lospoliticosveracruz.com\\\/#organization\"},\"potentialAction\":[{\"@type\":\"SearchAction\",\"target\":{\"@type\":\"EntryPoint\",\"urlTemplate\":\"https:\\\/\\\/lospoliticosveracruz.com\\\/?s={search_term_string}\"},\"query-input\":{\"@type\":\"PropertyValueSpecification\",\"valueRequired\":true,\"valueName\":\"search_term_string\"}}],\"inLanguage\":\"es\"},{\"@type\":\"Organization\",\"@id\":\"https:\\\/\\\/lospoliticosveracruz.com\\\/#organization\",\"name\":\"Los pol\u00edticos Veracruz\",\"url\":\"https:\\\/\\\/lospoliticosveracruz.com\\\/\",\"logo\":{\"@type\":\"ImageObject\",\"inLanguage\":\"es\",\"@id\":\"https:\\\/\\\/lospoliticosveracruz.com\\\/#\\\/schema\\\/logo\\\/image\\\/\",\"url\":\"https:\\\/\\\/lospoliticosveracruz.com\\\/wp-content\\\/uploads\\\/2025\\\/12\\\/Logo-Nuevo-LOS-POLITICOS-1.jpg\",\"contentUrl\":\"https:\\\/\\\/lospoliticosveracruz.com\\\/wp-content\\\/uploads\\\/2025\\\/12\\\/Logo-Nuevo-LOS-POLITICOS-1.jpg\",\"width\":260,\"height\":70,\"caption\":\"Los pol\u00edticos Veracruz\"},\"image\":{\"@id\":\"https:\\\/\\\/lospoliticosveracruz.com\\\/#\\\/schema\\\/logo\\\/image\\\/\"},\"sameAs\":[\"https:\\\/\\\/www.facebook.com\\\/people\\\/Notimemes-de-los-Polticos\\\/61565672886568\\\/\",\"https:\\\/\\\/x.com\\\/LosPoliticosVer\"]},{\"@type\":\"Person\",\"@id\":\"https:\\\/\\\/lospoliticosveracruz.com\\\/#\\\/schema\\\/person\\\/c5fee8df75ee4700bd7f8e92859bd696\",\"name\":\"lospoladmin\",\"image\":{\"@type\":\"ImageObject\",\"inLanguage\":\"es\",\"@id\":\"https:\\\/\\\/secure.gravatar.com\\\/avatar\\\/f4a468785695515895c4d618820f242e33d3d72a0284244a0fad6d19795cb724?s=96&d=mm&r=g\",\"url\":\"https:\\\/\\\/secure.gravatar.com\\\/avatar\\\/f4a468785695515895c4d618820f242e33d3d72a0284244a0fad6d19795cb724?s=96&d=mm&r=g\",\"contentUrl\":\"https:\\\/\\\/secure.gravatar.com\\\/avatar\\\/f4a468785695515895c4d618820f242e33d3d72a0284244a0fad6d19795cb724?s=96&d=mm&r=g\",\"caption\":\"lospoladmin\"},\"url\":\"https:\\\/\\\/lospoliticosveracruz.com\\\/?author=1\"}]}<\/script>\n<!-- \/ Yoast SEO plugin. -->","yoast_head_json":{"title":"Hay Festival en Xalapa 2014 - Los pol\u00edticos Veracruz","robots":{"index":"index","follow":"follow","max-snippet":"max-snippet:-1","max-image-preview":"max-image-preview:large","max-video-preview":"max-video-preview:-1"},"canonical":"https:\/\/lospoliticosveracruz.com\/?p=2001","og_locale":"es_ES","og_type":"article","og_title":"Hay Festival en Xalapa 2014 - Los pol\u00edticos Veracruz","og_description":"Miguel Angel Cristiani Gonz\u00e1lez Bit\u00e1cora Veracruz Desde tiempos inmemoriales, en el estado de Veracruz, los pueblos prehisp\u00e1nicos realizaban concentraciones en determinados lugares, que hoy son considerados como centros culturales, como lo es la zona arqueol\u00f3gica de El Taj\u00edn, en donde seg\u00fan los arque\u00f3logos, se reun\u00edan para celebrar eventos y luego volv\u00edan a sus lugares de [&hellip;]","og_url":"https:\/\/lospoliticosveracruz.com\/?p=2001","og_site_name":"Los pol\u00edticos Veracruz","article_publisher":"https:\/\/www.facebook.com\/people\/Notimemes-de-los-Polticos\/61565672886568\/","article_published_time":"2014-10-02T16:07:00+00:00","article_modified_time":"2014-10-10T17:37:04+00:00","og_image":[{"url":"http:\/\/www.lospoliticosveracruz.com.mx\/wp-content\/uploads\/2014\/10\/Daniel-Mordzinski-300x168.jpg","type":"","width":"","height":""}],"author":"lospoladmin","twitter_card":"summary_large_image","twitter_creator":"@LosPoliticosVer","twitter_site":"@LosPoliticosVer","twitter_misc":{"Escrito por":"lospoladmin","Tiempo de lectura":"2 minutos"},"schema":{"@context":"https:\/\/schema.org","@graph":[{"@type":"Article","@id":"https:\/\/lospoliticosveracruz.com\/?p=2001#article","isPartOf":{"@id":"https:\/\/lospoliticosveracruz.com\/?p=2001"},"author":{"name":"lospoladmin","@id":"https:\/\/lospoliticosveracruz.com\/#\/schema\/person\/c5fee8df75ee4700bd7f8e92859bd696"},"headline":"Hay Festival en Xalapa 2014","datePublished":"2014-10-02T16:07:00+00:00","dateModified":"2014-10-10T17:37:04+00:00","mainEntityOfPage":{"@id":"https:\/\/lospoliticosveracruz.com\/?p=2001"},"wordCount":456,"commentCount":0,"publisher":{"@id":"https:\/\/lospoliticosveracruz.com\/#organization"},"image":{"@id":"https:\/\/lospoliticosveracruz.com\/?p=2001#primaryimage"},"thumbnailUrl":"http:\/\/www.lospoliticosveracruz.com.mx\/wp-content\/uploads\/2014\/10\/Daniel-Mordzinski-300x168.jpg","keywords":["Daniel Mordzinski","Diego Rivera","Garc\u00eda M\u00e1rquez","Pinacoteca","UV"],"articleSection":["Cine, Libros y m\u00e1s"],"inLanguage":"es","potentialAction":[{"@type":"CommentAction","name":"Comment","target":["https:\/\/lospoliticosveracruz.com\/?p=2001#respond"]}]},{"@type":"WebPage","@id":"https:\/\/lospoliticosveracruz.com\/?p=2001","url":"https:\/\/lospoliticosveracruz.com\/?p=2001","name":"Hay Festival en Xalapa 2014 - Los pol\u00edticos Veracruz","isPartOf":{"@id":"https:\/\/lospoliticosveracruz.com\/#website"},"primaryImageOfPage":{"@id":"https:\/\/lospoliticosveracruz.com\/?p=2001#primaryimage"},"image":{"@id":"https:\/\/lospoliticosveracruz.com\/?p=2001#primaryimage"},"thumbnailUrl":"http:\/\/www.lospoliticosveracruz.com.mx\/wp-content\/uploads\/2014\/10\/Daniel-Mordzinski-300x168.jpg","datePublished":"2014-10-02T16:07:00+00:00","dateModified":"2014-10-10T17:37:04+00:00","breadcrumb":{"@id":"https:\/\/lospoliticosveracruz.com\/?p=2001#breadcrumb"},"inLanguage":"es","potentialAction":[{"@type":"ReadAction","target":["https:\/\/lospoliticosveracruz.com\/?p=2001"]}]},{"@type":"ImageObject","inLanguage":"es","@id":"https:\/\/lospoliticosveracruz.com\/?p=2001#primaryimage","url":"http:\/\/www.lospoliticosveracruz.com.mx\/wp-content\/uploads\/2014\/10\/Daniel-Mordzinski-300x168.jpg","contentUrl":"http:\/\/www.lospoliticosveracruz.com.mx\/wp-content\/uploads\/2014\/10\/Daniel-Mordzinski-300x168.jpg"},{"@type":"BreadcrumbList","@id":"https:\/\/lospoliticosveracruz.com\/?p=2001#breadcrumb","itemListElement":[{"@type":"ListItem","position":1,"name":"Portada","item":"https:\/\/lospoliticosveracruz.com\/"},{"@type":"ListItem","position":2,"name":"Hay Festival en Xalapa 2014"}]},{"@type":"WebSite","@id":"https:\/\/lospoliticosveracruz.com\/#website","url":"https:\/\/lospoliticosveracruz.com\/","name":"Los pol\u00edticos Veracruz","description":"","publisher":{"@id":"https:\/\/lospoliticosveracruz.com\/#organization"},"potentialAction":[{"@type":"SearchAction","target":{"@type":"EntryPoint","urlTemplate":"https:\/\/lospoliticosveracruz.com\/?s={search_term_string}"},"query-input":{"@type":"PropertyValueSpecification","valueRequired":true,"valueName":"search_term_string"}}],"inLanguage":"es"},{"@type":"Organization","@id":"https:\/\/lospoliticosveracruz.com\/#organization","name":"Los pol\u00edticos Veracruz","url":"https:\/\/lospoliticosveracruz.com\/","logo":{"@type":"ImageObject","inLanguage":"es","@id":"https:\/\/lospoliticosveracruz.com\/#\/schema\/logo\/image\/","url":"https:\/\/lospoliticosveracruz.com\/wp-content\/uploads\/2025\/12\/Logo-Nuevo-LOS-POLITICOS-1.jpg","contentUrl":"https:\/\/lospoliticosveracruz.com\/wp-content\/uploads\/2025\/12\/Logo-Nuevo-LOS-POLITICOS-1.jpg","width":260,"height":70,"caption":"Los pol\u00edticos Veracruz"},"image":{"@id":"https:\/\/lospoliticosveracruz.com\/#\/schema\/logo\/image\/"},"sameAs":["https:\/\/www.facebook.com\/people\/Notimemes-de-los-Polticos\/61565672886568\/","https:\/\/x.com\/LosPoliticosVer"]},{"@type":"Person","@id":"https:\/\/lospoliticosveracruz.com\/#\/schema\/person\/c5fee8df75ee4700bd7f8e92859bd696","name":"lospoladmin","image":{"@type":"ImageObject","inLanguage":"es","@id":"https:\/\/secure.gravatar.com\/avatar\/f4a468785695515895c4d618820f242e33d3d72a0284244a0fad6d19795cb724?s=96&d=mm&r=g","url":"https:\/\/secure.gravatar.com\/avatar\/f4a468785695515895c4d618820f242e33d3d72a0284244a0fad6d19795cb724?s=96&d=mm&r=g","contentUrl":"https:\/\/secure.gravatar.com\/avatar\/f4a468785695515895c4d618820f242e33d3d72a0284244a0fad6d19795cb724?s=96&d=mm&r=g","caption":"lospoladmin"},"url":"https:\/\/lospoliticosveracruz.com\/?author=1"}]}},"_links":{"self":[{"href":"https:\/\/lospoliticosveracruz.com\/index.php?rest_route=\/wp\/v2\/posts\/2001","targetHints":{"allow":["GET"]}}],"collection":[{"href":"https:\/\/lospoliticosveracruz.com\/index.php?rest_route=\/wp\/v2\/posts"}],"about":[{"href":"https:\/\/lospoliticosveracruz.com\/index.php?rest_route=\/wp\/v2\/types\/post"}],"author":[{"embeddable":true,"href":"https:\/\/lospoliticosveracruz.com\/index.php?rest_route=\/wp\/v2\/users\/1"}],"replies":[{"embeddable":true,"href":"https:\/\/lospoliticosveracruz.com\/index.php?rest_route=%2Fwp%2Fv2%2Fcomments&post=2001"}],"version-history":[{"count":3,"href":"https:\/\/lospoliticosveracruz.com\/index.php?rest_route=\/wp\/v2\/posts\/2001\/revisions"}],"predecessor-version":[{"id":12495,"href":"https:\/\/lospoliticosveracruz.com\/index.php?rest_route=\/wp\/v2\/posts\/2001\/revisions\/12495"}],"wp:attachment":[{"href":"https:\/\/lospoliticosveracruz.com\/index.php?rest_route=%2Fwp%2Fv2%2Fmedia&parent=2001"}],"wp:term":[{"taxonomy":"category","embeddable":true,"href":"https:\/\/lospoliticosveracruz.com\/index.php?rest_route=%2Fwp%2Fv2%2Fcategories&post=2001"},{"taxonomy":"post_tag","embeddable":true,"href":"https:\/\/lospoliticosveracruz.com\/index.php?rest_route=%2Fwp%2Fv2%2Ftags&post=2001"}],"curies":[{"name":"wp","href":"https:\/\/api.w.org\/{rel}","templated":true}]}}