{"id":2004,"date":"2014-10-02T03:17:00","date_gmt":"2014-10-02T03:17:00","guid":{"rendered":"http:\/\/www.lospoliticosveracruz.com.mx\/?p=2004"},"modified":"2014-10-10T18:08:59","modified_gmt":"2014-10-10T18:08:59","slug":"mostrando-el-musculo-gluteo","status":"publish","type":"post","link":"https:\/\/lospoliticosveracruz.com\/?p=2004","title":{"rendered":"Mostrando el m\u00fasculo, gl\u00fateo"},"content":{"rendered":"<table align=\"center\" cellpadding=\"0\" cellspacing=\"0\" style=\"margin-left: auto; margin-right: auto; text-align: center;\">\n<tbody>\n<tr>\n<td style=\"text-align: center;\"><a href=\"http:\/\/www.lospoliticosveracruz.com.mx\/wp-content\/uploads\/2014\/10\/Gluteo.jpg\" style=\"margin-left: auto; margin-right: auto;\"><img loading=\"lazy\" decoding=\"async\" border=\"0\" src=\"http:\/\/www.lospoliticosveracruz.com.mx\/wp-content\/uploads\/2014\/10\/Gluteo.jpg\" height=\"320\" width=\"320\" \/><\/a><\/td>\n<\/tr>\n<tr>\n<td style=\"text-align: center;\">Foto: V\u00edctor Hugo Moreno<\/td>\n<\/tr>\n<\/tbody>\n<\/table>\n<div><b><br \/><\/b><\/div>\n<p><b>Ricardo V\u00e1zquez Salazar<\/b><br \/><i>Esfera Pol\u00edtica<\/i><\/p>\n<p>Hoy en d\u00eda que la desgastada y descontinuada frase pol\u00edtica: \u201cmostrar el m\u00fasculo\u201d est\u00e1 en proceso de extinci\u00f3n; por m\u00e1s que todav\u00eda haya quienes pretenden utilizarla en aras de valorarse como pol\u00edtico que se cotiza en la Bolsa de Valores; siendo que en la realidad, varios de los llamados l\u00edderes, en las actividades pol\u00edticas y en los procesos electorales \u2013en particular en elecciones federales-, se muestran devaluados, con verdadera falta de liderazgo, habilidad y tacto.<a name='more'><\/a><br \/>Como frase coloquial: \u201cmostrar el m\u00fasculo\u201d, a diferencia de esta, en el sentido literal la misma frase cobra absoluta vigencia en la actualidad, cuando el m\u00fasculo al que se hace referencia de manera espec\u00edfica es el gl\u00fateo. En este caso se convierte en fuerza pol\u00edtica \u2013sin necesidad de poseer liderazgo ni preparaci\u00f3n- se expande con gran facilidad hasta llegar a transformarse en un prefabricado potencial actor pol\u00edtico.<br \/>El d\u00eda de ayer la escritora y periodista Guadalupe Loaeza, al referirse a la  reforma   que obliga a los partidos pol\u00edticos a postular el 50 por ciento de hombres y el 50 por ciento de mujeres a cargos de elecci\u00f3n popular, dijo que existe la posibilidad de que las amantes y queridas de pol\u00edticos puedan ser postuladas a cargos de elecci\u00f3n popular.<br \/>Previo a  la conferencia magistral: \u201cLa mujer detr\u00e1s del poder\u201d impartida en el Palacio Legislativo, Loaeza se\u00f1al\u00f3 que: ese 50\/50 en las candidaturas a cargos de elecci\u00f3n popular va a cambiar el chip de los hombres, de los j\u00f3venes y de las mujeres, pues es muy civilizada y saludable para el pa\u00eds. Es un proceso de cambio, este 50 y 50 los resultados se van a ver en unos a\u00f1os, no es inmediato porque vivimos en una sociedad machista, mis\u00f3gina.<br \/>Conocida por sus novelas sat\u00edricas sobre la clase alta mexicana, Loaeza   enfatiz\u00f3 que la reforma pol\u00edtica significa apertura al interior de los partidos pol\u00edticos, pero tambi\u00e9n una reeducaci\u00f3n en la sociedad mexicana. Indic\u00f3 que la situaci\u00f3n que viv\u00edan las denominadas \u201cJuanitas\u201d se dejar\u00e1 a un lado, que mujeres que encabezaban una candidatura y al obtener el triunfo declinaban en favor de su suplente var\u00f3n.<br \/>No hay duda que Guadalupe Loaeza posee una aguda inteligencia excepcional.<br \/>Pudiera ser el pre\u00e1mbulo de lo que est\u00e1 en ciernes para el proceso electoral del 2015. La fortaleza \u2013pol\u00edtica-  arrolladora de poseer m\u00fasculo, gl\u00fateo.<\/p>\n<p><a href=\"mailto:rvazquez002@Yahoo.com.mx\">rvazquez002@Yahoo.com.mx<\/a><\/p>\n","protected":false},"excerpt":{"rendered":"<p>Foto: V\u00edctor Hugo Moreno Ricardo V\u00e1zquez SalazarEsfera Pol\u00edtica Hoy en d\u00eda que la desgastada y descontinuada frase pol\u00edtica: \u201cmostrar el m\u00fasculo\u201d est\u00e1 en proceso de extinci\u00f3n; por m\u00e1s que todav\u00eda haya quienes pretenden utilizarla en aras de valorarse como pol\u00edtico que se cotiza en la Bolsa de Valores; siendo que en la realidad, varios de [&hellip;]<\/p>\n","protected":false},"author":1,"featured_media":0,"comment_status":"open","ping_status":"open","sticky":false,"template":"","format":"standard","meta":{"tdm_status":"","tdm_grid_status":"","footnotes":""},"categories":[70],"tags":[173],"class_list":{"0":"post-2004","1":"post","2":"type-post","3":"status-publish","4":"format-standard","6":"category-de-opinion","7":"tag-guadalupe-loaeza"},"yoast_head":"<!-- This site is optimized with the Yoast SEO plugin v27.4 - https:\/\/yoast.com\/product\/yoast-seo-wordpress\/ -->\n<title>Mostrando el m\u00fasculo, gl\u00fateo - Los pol\u00edticos Veracruz<\/title>\n<meta name=\"robots\" content=\"index, follow, max-snippet:-1, max-image-preview:large, max-video-preview:-1\" \/>\n<link rel=\"canonical\" href=\"https:\/\/lospoliticosveracruz.com\/?p=2004\" \/>\n<meta property=\"og:locale\" content=\"es_ES\" \/>\n<meta property=\"og:type\" content=\"article\" \/>\n<meta property=\"og:title\" content=\"Mostrando el m\u00fasculo, gl\u00fateo - Los pol\u00edticos Veracruz\" \/>\n<meta property=\"og:description\" content=\"Foto: V\u00edctor Hugo Moreno Ricardo V\u00e1zquez SalazarEsfera Pol\u00edtica Hoy en d\u00eda que la desgastada y descontinuada frase pol\u00edtica: \u201cmostrar el m\u00fasculo\u201d est\u00e1 en proceso de extinci\u00f3n; por m\u00e1s que todav\u00eda haya quienes pretenden utilizarla en aras de valorarse como pol\u00edtico que se cotiza en la Bolsa de Valores; siendo que en la realidad, varios de [&hellip;]\" \/>\n<meta property=\"og:url\" content=\"https:\/\/lospoliticosveracruz.com\/?p=2004\" \/>\n<meta property=\"og:site_name\" content=\"Los pol\u00edticos Veracruz\" \/>\n<meta property=\"article:publisher\" content=\"https:\/\/www.facebook.com\/people\/Notimemes-de-los-Polticos\/61565672886568\/\" \/>\n<meta property=\"article:published_time\" content=\"2014-10-02T03:17:00+00:00\" \/>\n<meta property=\"article:modified_time\" content=\"2014-10-10T18:08:59+00:00\" \/>\n<meta property=\"og:image\" content=\"http:\/\/www.lospoliticosveracruz.com.mx\/wp-content\/uploads\/2014\/10\/Gluteo.jpg\" \/>\n<meta name=\"author\" content=\"lospoladmin\" \/>\n<meta name=\"twitter:card\" content=\"summary_large_image\" \/>\n<meta name=\"twitter:creator\" content=\"@LosPoliticosVer\" \/>\n<meta name=\"twitter:site\" content=\"@LosPoliticosVer\" \/>\n<meta name=\"twitter:label1\" content=\"Escrito por\" \/>\n\t<meta name=\"twitter:data1\" content=\"lospoladmin\" \/>\n\t<meta name=\"twitter:label2\" content=\"Tiempo de lectura\" \/>\n\t<meta name=\"twitter:data2\" content=\"2 minutos\" \/>\n<script type=\"application\/ld+json\" class=\"yoast-schema-graph\">{\"@context\":\"https:\\\/\\\/schema.org\",\"@graph\":[{\"@type\":\"Article\",\"@id\":\"https:\\\/\\\/lospoliticosveracruz.com\\\/?p=2004#article\",\"isPartOf\":{\"@id\":\"https:\\\/\\\/lospoliticosveracruz.com\\\/?p=2004\"},\"author\":{\"name\":\"lospoladmin\",\"@id\":\"https:\\\/\\\/lospoliticosveracruz.com\\\/#\\\/schema\\\/person\\\/c5fee8df75ee4700bd7f8e92859bd696\"},\"headline\":\"Mostrando el m\u00fasculo, gl\u00fateo\",\"datePublished\":\"2014-10-02T03:17:00+00:00\",\"dateModified\":\"2014-10-10T18:08:59+00:00\",\"mainEntityOfPage\":{\"@id\":\"https:\\\/\\\/lospoliticosveracruz.com\\\/?p=2004\"},\"wordCount\":439,\"commentCount\":0,\"publisher\":{\"@id\":\"https:\\\/\\\/lospoliticosveracruz.com\\\/#organization\"},\"image\":{\"@id\":\"https:\\\/\\\/lospoliticosveracruz.com\\\/?p=2004#primaryimage\"},\"thumbnailUrl\":\"http:\\\/\\\/www.lospoliticosveracruz.com.mx\\\/wp-content\\\/uploads\\\/2014\\\/10\\\/Gluteo.jpg\",\"keywords\":[\"Guadalupe Loaeza\"],\"articleSection\":[\"De Opini\u00f3n\"],\"inLanguage\":\"es\",\"potentialAction\":[{\"@type\":\"CommentAction\",\"name\":\"Comment\",\"target\":[\"https:\\\/\\\/lospoliticosveracruz.com\\\/?p=2004#respond\"]}]},{\"@type\":\"WebPage\",\"@id\":\"https:\\\/\\\/lospoliticosveracruz.com\\\/?p=2004\",\"url\":\"https:\\\/\\\/lospoliticosveracruz.com\\\/?p=2004\",\"name\":\"Mostrando el m\u00fasculo, gl\u00fateo - Los pol\u00edticos Veracruz\",\"isPartOf\":{\"@id\":\"https:\\\/\\\/lospoliticosveracruz.com\\\/#website\"},\"primaryImageOfPage\":{\"@id\":\"https:\\\/\\\/lospoliticosveracruz.com\\\/?p=2004#primaryimage\"},\"image\":{\"@id\":\"https:\\\/\\\/lospoliticosveracruz.com\\\/?p=2004#primaryimage\"},\"thumbnailUrl\":\"http:\\\/\\\/www.lospoliticosveracruz.com.mx\\\/wp-content\\\/uploads\\\/2014\\\/10\\\/Gluteo.jpg\",\"datePublished\":\"2014-10-02T03:17:00+00:00\",\"dateModified\":\"2014-10-10T18:08:59+00:00\",\"breadcrumb\":{\"@id\":\"https:\\\/\\\/lospoliticosveracruz.com\\\/?p=2004#breadcrumb\"},\"inLanguage\":\"es\",\"potentialAction\":[{\"@type\":\"ReadAction\",\"target\":[\"https:\\\/\\\/lospoliticosveracruz.com\\\/?p=2004\"]}]},{\"@type\":\"ImageObject\",\"inLanguage\":\"es\",\"@id\":\"https:\\\/\\\/lospoliticosveracruz.com\\\/?p=2004#primaryimage\",\"url\":\"http:\\\/\\\/www.lospoliticosveracruz.com.mx\\\/wp-content\\\/uploads\\\/2014\\\/10\\\/Gluteo.jpg\",\"contentUrl\":\"http:\\\/\\\/www.lospoliticosveracruz.com.mx\\\/wp-content\\\/uploads\\\/2014\\\/10\\\/Gluteo.jpg\"},{\"@type\":\"BreadcrumbList\",\"@id\":\"https:\\\/\\\/lospoliticosveracruz.com\\\/?p=2004#breadcrumb\",\"itemListElement\":[{\"@type\":\"ListItem\",\"position\":1,\"name\":\"Portada\",\"item\":\"https:\\\/\\\/lospoliticosveracruz.com\\\/\"},{\"@type\":\"ListItem\",\"position\":2,\"name\":\"Mostrando el m\u00fasculo, gl\u00fateo\"}]},{\"@type\":\"WebSite\",\"@id\":\"https:\\\/\\\/lospoliticosveracruz.com\\\/#website\",\"url\":\"https:\\\/\\\/lospoliticosveracruz.com\\\/\",\"name\":\"Los pol\u00edticos Veracruz\",\"description\":\"\",\"publisher\":{\"@id\":\"https:\\\/\\\/lospoliticosveracruz.com\\\/#organization\"},\"potentialAction\":[{\"@type\":\"SearchAction\",\"target\":{\"@type\":\"EntryPoint\",\"urlTemplate\":\"https:\\\/\\\/lospoliticosveracruz.com\\\/?s={search_term_string}\"},\"query-input\":{\"@type\":\"PropertyValueSpecification\",\"valueRequired\":true,\"valueName\":\"search_term_string\"}}],\"inLanguage\":\"es\"},{\"@type\":\"Organization\",\"@id\":\"https:\\\/\\\/lospoliticosveracruz.com\\\/#organization\",\"name\":\"Los pol\u00edticos Veracruz\",\"url\":\"https:\\\/\\\/lospoliticosveracruz.com\\\/\",\"logo\":{\"@type\":\"ImageObject\",\"inLanguage\":\"es\",\"@id\":\"https:\\\/\\\/lospoliticosveracruz.com\\\/#\\\/schema\\\/logo\\\/image\\\/\",\"url\":\"https:\\\/\\\/lospoliticosveracruz.com\\\/wp-content\\\/uploads\\\/2025\\\/12\\\/Logo-Nuevo-LOS-POLITICOS-1.jpg\",\"contentUrl\":\"https:\\\/\\\/lospoliticosveracruz.com\\\/wp-content\\\/uploads\\\/2025\\\/12\\\/Logo-Nuevo-LOS-POLITICOS-1.jpg\",\"width\":260,\"height\":70,\"caption\":\"Los pol\u00edticos Veracruz\"},\"image\":{\"@id\":\"https:\\\/\\\/lospoliticosveracruz.com\\\/#\\\/schema\\\/logo\\\/image\\\/\"},\"sameAs\":[\"https:\\\/\\\/www.facebook.com\\\/people\\\/Notimemes-de-los-Polticos\\\/61565672886568\\\/\",\"https:\\\/\\\/x.com\\\/LosPoliticosVer\"]},{\"@type\":\"Person\",\"@id\":\"https:\\\/\\\/lospoliticosveracruz.com\\\/#\\\/schema\\\/person\\\/c5fee8df75ee4700bd7f8e92859bd696\",\"name\":\"lospoladmin\",\"image\":{\"@type\":\"ImageObject\",\"inLanguage\":\"es\",\"@id\":\"https:\\\/\\\/secure.gravatar.com\\\/avatar\\\/f4a468785695515895c4d618820f242e33d3d72a0284244a0fad6d19795cb724?s=96&d=mm&r=g\",\"url\":\"https:\\\/\\\/secure.gravatar.com\\\/avatar\\\/f4a468785695515895c4d618820f242e33d3d72a0284244a0fad6d19795cb724?s=96&d=mm&r=g\",\"contentUrl\":\"https:\\\/\\\/secure.gravatar.com\\\/avatar\\\/f4a468785695515895c4d618820f242e33d3d72a0284244a0fad6d19795cb724?s=96&d=mm&r=g\",\"caption\":\"lospoladmin\"},\"url\":\"https:\\\/\\\/lospoliticosveracruz.com\\\/?author=1\"}]}<\/script>\n<!-- \/ Yoast SEO plugin. -->","yoast_head_json":{"title":"Mostrando el m\u00fasculo, gl\u00fateo - Los pol\u00edticos Veracruz","robots":{"index":"index","follow":"follow","max-snippet":"max-snippet:-1","max-image-preview":"max-image-preview:large","max-video-preview":"max-video-preview:-1"},"canonical":"https:\/\/lospoliticosveracruz.com\/?p=2004","og_locale":"es_ES","og_type":"article","og_title":"Mostrando el m\u00fasculo, gl\u00fateo - Los pol\u00edticos Veracruz","og_description":"Foto: V\u00edctor Hugo Moreno Ricardo V\u00e1zquez SalazarEsfera Pol\u00edtica Hoy en d\u00eda que la desgastada y descontinuada frase pol\u00edtica: \u201cmostrar el m\u00fasculo\u201d est\u00e1 en proceso de extinci\u00f3n; por m\u00e1s que todav\u00eda haya quienes pretenden utilizarla en aras de valorarse como pol\u00edtico que se cotiza en la Bolsa de Valores; siendo que en la realidad, varios de [&hellip;]","og_url":"https:\/\/lospoliticosveracruz.com\/?p=2004","og_site_name":"Los pol\u00edticos Veracruz","article_publisher":"https:\/\/www.facebook.com\/people\/Notimemes-de-los-Polticos\/61565672886568\/","article_published_time":"2014-10-02T03:17:00+00:00","article_modified_time":"2014-10-10T18:08:59+00:00","og_image":[{"url":"http:\/\/www.lospoliticosveracruz.com.mx\/wp-content\/uploads\/2014\/10\/Gluteo.jpg","type":"","width":"","height":""}],"author":"lospoladmin","twitter_card":"summary_large_image","twitter_creator":"@LosPoliticosVer","twitter_site":"@LosPoliticosVer","twitter_misc":{"Escrito por":"lospoladmin","Tiempo de lectura":"2 minutos"},"schema":{"@context":"https:\/\/schema.org","@graph":[{"@type":"Article","@id":"https:\/\/lospoliticosveracruz.com\/?p=2004#article","isPartOf":{"@id":"https:\/\/lospoliticosveracruz.com\/?p=2004"},"author":{"name":"lospoladmin","@id":"https:\/\/lospoliticosveracruz.com\/#\/schema\/person\/c5fee8df75ee4700bd7f8e92859bd696"},"headline":"Mostrando el m\u00fasculo, gl\u00fateo","datePublished":"2014-10-02T03:17:00+00:00","dateModified":"2014-10-10T18:08:59+00:00","mainEntityOfPage":{"@id":"https:\/\/lospoliticosveracruz.com\/?p=2004"},"wordCount":439,"commentCount":0,"publisher":{"@id":"https:\/\/lospoliticosveracruz.com\/#organization"},"image":{"@id":"https:\/\/lospoliticosveracruz.com\/?p=2004#primaryimage"},"thumbnailUrl":"http:\/\/www.lospoliticosveracruz.com.mx\/wp-content\/uploads\/2014\/10\/Gluteo.jpg","keywords":["Guadalupe Loaeza"],"articleSection":["De Opini\u00f3n"],"inLanguage":"es","potentialAction":[{"@type":"CommentAction","name":"Comment","target":["https:\/\/lospoliticosveracruz.com\/?p=2004#respond"]}]},{"@type":"WebPage","@id":"https:\/\/lospoliticosveracruz.com\/?p=2004","url":"https:\/\/lospoliticosveracruz.com\/?p=2004","name":"Mostrando el m\u00fasculo, gl\u00fateo - Los pol\u00edticos Veracruz","isPartOf":{"@id":"https:\/\/lospoliticosveracruz.com\/#website"},"primaryImageOfPage":{"@id":"https:\/\/lospoliticosveracruz.com\/?p=2004#primaryimage"},"image":{"@id":"https:\/\/lospoliticosveracruz.com\/?p=2004#primaryimage"},"thumbnailUrl":"http:\/\/www.lospoliticosveracruz.com.mx\/wp-content\/uploads\/2014\/10\/Gluteo.jpg","datePublished":"2014-10-02T03:17:00+00:00","dateModified":"2014-10-10T18:08:59+00:00","breadcrumb":{"@id":"https:\/\/lospoliticosveracruz.com\/?p=2004#breadcrumb"},"inLanguage":"es","potentialAction":[{"@type":"ReadAction","target":["https:\/\/lospoliticosveracruz.com\/?p=2004"]}]},{"@type":"ImageObject","inLanguage":"es","@id":"https:\/\/lospoliticosveracruz.com\/?p=2004#primaryimage","url":"http:\/\/www.lospoliticosveracruz.com.mx\/wp-content\/uploads\/2014\/10\/Gluteo.jpg","contentUrl":"http:\/\/www.lospoliticosveracruz.com.mx\/wp-content\/uploads\/2014\/10\/Gluteo.jpg"},{"@type":"BreadcrumbList","@id":"https:\/\/lospoliticosveracruz.com\/?p=2004#breadcrumb","itemListElement":[{"@type":"ListItem","position":1,"name":"Portada","item":"https:\/\/lospoliticosveracruz.com\/"},{"@type":"ListItem","position":2,"name":"Mostrando el m\u00fasculo, gl\u00fateo"}]},{"@type":"WebSite","@id":"https:\/\/lospoliticosveracruz.com\/#website","url":"https:\/\/lospoliticosveracruz.com\/","name":"Los pol\u00edticos Veracruz","description":"","publisher":{"@id":"https:\/\/lospoliticosveracruz.com\/#organization"},"potentialAction":[{"@type":"SearchAction","target":{"@type":"EntryPoint","urlTemplate":"https:\/\/lospoliticosveracruz.com\/?s={search_term_string}"},"query-input":{"@type":"PropertyValueSpecification","valueRequired":true,"valueName":"search_term_string"}}],"inLanguage":"es"},{"@type":"Organization","@id":"https:\/\/lospoliticosveracruz.com\/#organization","name":"Los pol\u00edticos Veracruz","url":"https:\/\/lospoliticosveracruz.com\/","logo":{"@type":"ImageObject","inLanguage":"es","@id":"https:\/\/lospoliticosveracruz.com\/#\/schema\/logo\/image\/","url":"https:\/\/lospoliticosveracruz.com\/wp-content\/uploads\/2025\/12\/Logo-Nuevo-LOS-POLITICOS-1.jpg","contentUrl":"https:\/\/lospoliticosveracruz.com\/wp-content\/uploads\/2025\/12\/Logo-Nuevo-LOS-POLITICOS-1.jpg","width":260,"height":70,"caption":"Los pol\u00edticos Veracruz"},"image":{"@id":"https:\/\/lospoliticosveracruz.com\/#\/schema\/logo\/image\/"},"sameAs":["https:\/\/www.facebook.com\/people\/Notimemes-de-los-Polticos\/61565672886568\/","https:\/\/x.com\/LosPoliticosVer"]},{"@type":"Person","@id":"https:\/\/lospoliticosveracruz.com\/#\/schema\/person\/c5fee8df75ee4700bd7f8e92859bd696","name":"lospoladmin","image":{"@type":"ImageObject","inLanguage":"es","@id":"https:\/\/secure.gravatar.com\/avatar\/f4a468785695515895c4d618820f242e33d3d72a0284244a0fad6d19795cb724?s=96&d=mm&r=g","url":"https:\/\/secure.gravatar.com\/avatar\/f4a468785695515895c4d618820f242e33d3d72a0284244a0fad6d19795cb724?s=96&d=mm&r=g","contentUrl":"https:\/\/secure.gravatar.com\/avatar\/f4a468785695515895c4d618820f242e33d3d72a0284244a0fad6d19795cb724?s=96&d=mm&r=g","caption":"lospoladmin"},"url":"https:\/\/lospoliticosveracruz.com\/?author=1"}]}},"_links":{"self":[{"href":"https:\/\/lospoliticosveracruz.com\/index.php?rest_route=\/wp\/v2\/posts\/2004","targetHints":{"allow":["GET"]}}],"collection":[{"href":"https:\/\/lospoliticosveracruz.com\/index.php?rest_route=\/wp\/v2\/posts"}],"about":[{"href":"https:\/\/lospoliticosveracruz.com\/index.php?rest_route=\/wp\/v2\/types\/post"}],"author":[{"embeddable":true,"href":"https:\/\/lospoliticosveracruz.com\/index.php?rest_route=\/wp\/v2\/users\/1"}],"replies":[{"embeddable":true,"href":"https:\/\/lospoliticosveracruz.com\/index.php?rest_route=%2Fwp%2Fv2%2Fcomments&post=2004"}],"version-history":[{"count":1,"href":"https:\/\/lospoliticosveracruz.com\/index.php?rest_route=\/wp\/v2\/posts\/2004\/revisions"}],"predecessor-version":[{"id":12498,"href":"https:\/\/lospoliticosveracruz.com\/index.php?rest_route=\/wp\/v2\/posts\/2004\/revisions\/12498"}],"wp:attachment":[{"href":"https:\/\/lospoliticosveracruz.com\/index.php?rest_route=%2Fwp%2Fv2%2Fmedia&parent=2004"}],"wp:term":[{"taxonomy":"category","embeddable":true,"href":"https:\/\/lospoliticosveracruz.com\/index.php?rest_route=%2Fwp%2Fv2%2Fcategories&post=2004"},{"taxonomy":"post_tag","embeddable":true,"href":"https:\/\/lospoliticosveracruz.com\/index.php?rest_route=%2Fwp%2Fv2%2Ftags&post=2004"}],"curies":[{"name":"wp","href":"https:\/\/api.w.org\/{rel}","templated":true}]}}