{"id":2011,"date":"2014-09-30T15:47:00","date_gmt":"2014-09-30T15:47:00","guid":{"rendered":"http:\/\/www.lospoliticosveracruz.com.mx\/?p=2011"},"modified":"2014-10-10T18:39:11","modified_gmt":"2014-10-10T18:39:11","slug":"el-chisme-en-pueblo-viejo","status":"publish","type":"post","link":"https:\/\/lospoliticosveracruz.com\/?p=2011","title":{"rendered":"El Chisme en Pueblo Viejo"},"content":{"rendered":"<p><a href=\"http:\/\/www.lospoliticosveracruz.com.mx\/wp-content\/uploads\/2014\/10\/Misantla.jpg\"><img loading=\"lazy\" decoding=\"async\" class=\"alignnone size-medium wp-image-12505\" src=\"http:\/\/www.lospoliticosveracruz.com.mx\/wp-content\/uploads\/2014\/10\/Misantla-300x225.jpg\" alt=\"Misantla\" width=\"300\" height=\"225\" \/><\/a><\/p>\n<p><b>Miguel Angel Cristiani Gonz\u00e1lez<\/b><\/p>\n<div><i>Bit\u00e1cora Veracruz<\/i><\/div>\n<div>No solo cumpli\u00f3 lo prometido, Sergio Gonz\u00e1lez Levet de que la presentaci\u00f3n de su libro Pueblo Viejo estar\u00eda divertida, sino que gracias a su poder de convocatoria, tuvimos el gusto de saludar a amigos de la vieja guardia, con quienes estuvimos comentando y haciendo a\u00f1oranzas que bien podr\u00edan servir para un nuevo cap\u00edtulo o un libro entero.<br \/>\nEl auditorio Fernando Finck estaba lleno hasta la galer\u00eda, desde las 13:30 horas del viernes, cuando dio inicio la presentaci\u00f3n de Pueblo Viejo, que como bien dice Sergio, \u201ces un manojo de historias de mi pueblo rescatadas de entre el recuerdo y el homenaje al ingenio de quienes han hecho su historia y su fama\u201d.<a name=\"more\"><\/a><br \/>\nPeriodistas, literatos, pol\u00edticos, escritores, acad\u00e9micos, llenaban hasta los pasillos de la casa ubicada en la calle de Bravo, enfrene del estacionamiento del Hospital Civil.<br \/>\nEn el corredor del Colegio de Notarios de Veracruz, empiezo saludando a Claudia Guerrero y a Virginia Dur\u00e1n Campollo, Angeles S\u00e1nchez, a un costado me encuentro con Cecilio Garc\u00eda y su hijo, luego llegan Manuel Rosete Ch\u00e1vez, Sa\u00fal Contreras, Uriel Rosas, Joaqu\u00edn Rosas Garc\u00e9s, Alberto Morales el Cat, pasan por ah\u00ed, Roberto Cacala Blanco, el Chicles Villanueva, entre otros que se asoman al sal\u00f3n en donde ya comenz\u00f3 la presentaci\u00f3n a cargo del tambi\u00e9n literato y periodista Armando Ortiz, a quien acompa\u00f1an en el estrado el propio Sergio Gonz\u00e1lez Levet, Efren Ortiz Dom\u00ednguez y Guadalupe Flores Grajales.<br \/>\nEn el sal\u00f3n se encuentran sentados Guillermo Z\u00fa\u00f1iga Mart\u00ednez, Carlos Luna Escudero, Manuel Rosendo Pelayo, Miguel L\u00f3pez Azuara, Martha Meza, Jos\u00e9 Valencia S\u00e1nchez, Salvador Mu\u00f1oz, Melit\u00f3n Morales, Eleaney Sesma, Carolina Viveros Garc\u00eda, Francisco Saucedo Ram\u00edrez, Leonor de la Miyar Huerdo, Cecilia Coronel Brizio, Jos\u00e9 Luis Santiago L\u00f3pez, Carlos Brito G\u00f3mez, Edda Arrez Rebolledo, Gonzalo Morgado Huesca, Omar Z\u00fa\u00f1iga Ad\u00e1n, Gustavo Cadena Mathey, su esposa Elsa de Le\u00f3n y sus hijos Mariana y Camilo entre otros, porque el perro pastor Alem\u00e1n que me pela los dientes, ya no me dej\u00f3 anotar en la memoria a m\u00e1s.<br \/>\nPero tal y como lo hab\u00eda anunciado en la invitaci\u00f3n, la presentaci\u00f3n de Pueblo Viejo, que en la realidad es Misantla, result\u00f3 ser una amena narraci\u00f3n de personajes y an\u00e9cdotas, que son presentadas en un ameno estilo literario.<br \/>\nPara quienes no pudieron llegar a la presentaci\u00f3n de Pueblo Viejo, les compartimos los primeros p\u00e1rrafos del inicio del libro: \u201cEl chisme es el deporte nacional de Pueblo Viejo. Todos lo ejercen y todos lo cultivan como una flor preciada. No hay honra que pueda permanecer sin mancilla ni secreto que se pueda guardar, por m\u00e1s que se esconda entre paredes o bajo siete llaves.<br \/>\nTodo se sabe; todos lo saben.<br \/>\nY est\u00e1 tan extendido que, parad\u00f3jicamente, ha perdido la fuerza maligna que en otros lados suelen tener los infundios, las mentiras, los embustes, las maledicencias. Ac\u00e1 se puede decir lo que sea, y en verdad que no se acaban ni amores ni se pelean hermanos ni se terminan amistades.<br \/>\nLos pleitos, que los hay y muchos, son por otra cosa.<br \/>\nEl chisme se cultiva en todos lados, pero tiene un sabor especial cuando se cuenta o se escucha en la tienda de Togillo, el abarrotero del pueblo, toda una instituci\u00f3n. ..<br \/>\nM\u00e1s de hora y media dur\u00f3 la presentaci\u00f3n que termin\u00f3 a las 15:00 Horas, pero todav\u00eda hubo quienes se quedaron a disfrutar del brindis y seguir platicando sobre las semajandas, personajes y an\u00e9cdotas del Pueblo Viejo.<br \/>\nDos chismes que se contaron en los pasillos y que no vienen en el libro, es que el doctor Camilo Gonzalez, cuyo nombre lleva la calle principal del Pueblo Viejo, es el padre de Sergio Gonzalez Levet y el otro&#8230;.no se los puedo contar, porque yo no soy de ese lugar.<br \/>\nVisita nuestro portal de noticias de Veracruz: <a href=\"http:\/\/bitacoraveracruz.blogspot.mx\/\">http:\/\/bitacoraveracruz.blogspot.mx<\/a><\/div>\n","protected":false},"excerpt":{"rendered":"<p>Miguel Angel Cristiani Gonz\u00e1lez Bit\u00e1cora Veracruz No solo cumpli\u00f3 lo prometido, Sergio Gonz\u00e1lez Levet de que la presentaci\u00f3n de su libro Pueblo Viejo estar\u00eda divertida, sino que gracias a su poder de convocatoria, tuvimos el gusto de saludar a amigos de la vieja guardia, con quienes estuvimos comentando y haciendo a\u00f1oranzas que bien podr\u00edan servir [&hellip;]<\/p>\n","protected":false},"author":1,"featured_media":0,"comment_status":"open","ping_status":"open","sticky":false,"template":"","format":"standard","meta":{"tdm_status":"","tdm_grid_status":"","footnotes":""},"categories":[75],"tags":[202,201,185],"class_list":{"0":"post-2011","1":"post","2":"type-post","3":"status-publish","4":"format-standard","6":"category-cine-libros-y-mas","7":"tag-gonzalez-levet","8":"tag-misantla","9":"tag-pueblo-viejo"},"yoast_head":"<!-- This site is optimized with the Yoast SEO plugin v27.4 - https:\/\/yoast.com\/product\/yoast-seo-wordpress\/ -->\n<title>El Chisme en Pueblo Viejo - Los pol\u00edticos Veracruz<\/title>\n<meta name=\"robots\" content=\"index, follow, max-snippet:-1, max-image-preview:large, max-video-preview:-1\" \/>\n<link rel=\"canonical\" href=\"https:\/\/lospoliticosveracruz.com\/?p=2011\" \/>\n<meta property=\"og:locale\" content=\"es_ES\" \/>\n<meta property=\"og:type\" content=\"article\" \/>\n<meta property=\"og:title\" content=\"El Chisme en Pueblo Viejo - Los pol\u00edticos Veracruz\" \/>\n<meta property=\"og:description\" content=\"Miguel Angel Cristiani Gonz\u00e1lez Bit\u00e1cora Veracruz No solo cumpli\u00f3 lo prometido, Sergio Gonz\u00e1lez Levet de que la presentaci\u00f3n de su libro Pueblo Viejo estar\u00eda divertida, sino que gracias a su poder de convocatoria, tuvimos el gusto de saludar a amigos de la vieja guardia, con quienes estuvimos comentando y haciendo a\u00f1oranzas que bien podr\u00edan servir [&hellip;]\" \/>\n<meta property=\"og:url\" content=\"https:\/\/lospoliticosveracruz.com\/?p=2011\" \/>\n<meta property=\"og:site_name\" content=\"Los pol\u00edticos Veracruz\" \/>\n<meta property=\"article:publisher\" content=\"https:\/\/www.facebook.com\/people\/Notimemes-de-los-Polticos\/61565672886568\/\" \/>\n<meta property=\"article:published_time\" content=\"2014-09-30T15:47:00+00:00\" \/>\n<meta property=\"article:modified_time\" content=\"2014-10-10T18:39:11+00:00\" \/>\n<meta property=\"og:image\" content=\"http:\/\/www.lospoliticosveracruz.com.mx\/wp-content\/uploads\/2014\/10\/Misantla-300x225.jpg\" \/>\n<meta name=\"author\" content=\"lospoladmin\" \/>\n<meta name=\"twitter:card\" content=\"summary_large_image\" \/>\n<meta name=\"twitter:creator\" content=\"@LosPoliticosVer\" \/>\n<meta name=\"twitter:site\" content=\"@LosPoliticosVer\" \/>\n<meta name=\"twitter:label1\" content=\"Escrito por\" \/>\n\t<meta name=\"twitter:data1\" content=\"lospoladmin\" \/>\n\t<meta name=\"twitter:label2\" content=\"Tiempo de lectura\" \/>\n\t<meta name=\"twitter:data2\" content=\"3 minutos\" \/>\n<script type=\"application\/ld+json\" class=\"yoast-schema-graph\">{\"@context\":\"https:\\\/\\\/schema.org\",\"@graph\":[{\"@type\":\"Article\",\"@id\":\"https:\\\/\\\/lospoliticosveracruz.com\\\/?p=2011#article\",\"isPartOf\":{\"@id\":\"https:\\\/\\\/lospoliticosveracruz.com\\\/?p=2011\"},\"author\":{\"name\":\"lospoladmin\",\"@id\":\"https:\\\/\\\/lospoliticosveracruz.com\\\/#\\\/schema\\\/person\\\/c5fee8df75ee4700bd7f8e92859bd696\"},\"headline\":\"El Chisme en Pueblo Viejo\",\"datePublished\":\"2014-09-30T15:47:00+00:00\",\"dateModified\":\"2014-10-10T18:39:11+00:00\",\"mainEntityOfPage\":{\"@id\":\"https:\\\/\\\/lospoliticosveracruz.com\\\/?p=2011\"},\"wordCount\":690,\"commentCount\":0,\"publisher\":{\"@id\":\"https:\\\/\\\/lospoliticosveracruz.com\\\/#organization\"},\"image\":{\"@id\":\"https:\\\/\\\/lospoliticosveracruz.com\\\/?p=2011#primaryimage\"},\"thumbnailUrl\":\"http:\\\/\\\/www.lospoliticosveracruz.com.mx\\\/wp-content\\\/uploads\\\/2014\\\/10\\\/Misantla-300x225.jpg\",\"keywords\":[\"Gonz\u00e1lez Levet\",\"Misantla\",\"Pueblo Viejo\"],\"articleSection\":[\"Cine, Libros y m\u00e1s\"],\"inLanguage\":\"es\",\"potentialAction\":[{\"@type\":\"CommentAction\",\"name\":\"Comment\",\"target\":[\"https:\\\/\\\/lospoliticosveracruz.com\\\/?p=2011#respond\"]}]},{\"@type\":\"WebPage\",\"@id\":\"https:\\\/\\\/lospoliticosveracruz.com\\\/?p=2011\",\"url\":\"https:\\\/\\\/lospoliticosveracruz.com\\\/?p=2011\",\"name\":\"El Chisme en Pueblo Viejo - Los pol\u00edticos Veracruz\",\"isPartOf\":{\"@id\":\"https:\\\/\\\/lospoliticosveracruz.com\\\/#website\"},\"primaryImageOfPage\":{\"@id\":\"https:\\\/\\\/lospoliticosveracruz.com\\\/?p=2011#primaryimage\"},\"image\":{\"@id\":\"https:\\\/\\\/lospoliticosveracruz.com\\\/?p=2011#primaryimage\"},\"thumbnailUrl\":\"http:\\\/\\\/www.lospoliticosveracruz.com.mx\\\/wp-content\\\/uploads\\\/2014\\\/10\\\/Misantla-300x225.jpg\",\"datePublished\":\"2014-09-30T15:47:00+00:00\",\"dateModified\":\"2014-10-10T18:39:11+00:00\",\"breadcrumb\":{\"@id\":\"https:\\\/\\\/lospoliticosveracruz.com\\\/?p=2011#breadcrumb\"},\"inLanguage\":\"es\",\"potentialAction\":[{\"@type\":\"ReadAction\",\"target\":[\"https:\\\/\\\/lospoliticosveracruz.com\\\/?p=2011\"]}]},{\"@type\":\"ImageObject\",\"inLanguage\":\"es\",\"@id\":\"https:\\\/\\\/lospoliticosveracruz.com\\\/?p=2011#primaryimage\",\"url\":\"http:\\\/\\\/www.lospoliticosveracruz.com.mx\\\/wp-content\\\/uploads\\\/2014\\\/10\\\/Misantla-300x225.jpg\",\"contentUrl\":\"http:\\\/\\\/www.lospoliticosveracruz.com.mx\\\/wp-content\\\/uploads\\\/2014\\\/10\\\/Misantla-300x225.jpg\"},{\"@type\":\"BreadcrumbList\",\"@id\":\"https:\\\/\\\/lospoliticosveracruz.com\\\/?p=2011#breadcrumb\",\"itemListElement\":[{\"@type\":\"ListItem\",\"position\":1,\"name\":\"Portada\",\"item\":\"https:\\\/\\\/lospoliticosveracruz.com\\\/\"},{\"@type\":\"ListItem\",\"position\":2,\"name\":\"El Chisme en Pueblo Viejo\"}]},{\"@type\":\"WebSite\",\"@id\":\"https:\\\/\\\/lospoliticosveracruz.com\\\/#website\",\"url\":\"https:\\\/\\\/lospoliticosveracruz.com\\\/\",\"name\":\"Los pol\u00edticos Veracruz\",\"description\":\"\",\"publisher\":{\"@id\":\"https:\\\/\\\/lospoliticosveracruz.com\\\/#organization\"},\"potentialAction\":[{\"@type\":\"SearchAction\",\"target\":{\"@type\":\"EntryPoint\",\"urlTemplate\":\"https:\\\/\\\/lospoliticosveracruz.com\\\/?s={search_term_string}\"},\"query-input\":{\"@type\":\"PropertyValueSpecification\",\"valueRequired\":true,\"valueName\":\"search_term_string\"}}],\"inLanguage\":\"es\"},{\"@type\":\"Organization\",\"@id\":\"https:\\\/\\\/lospoliticosveracruz.com\\\/#organization\",\"name\":\"Los pol\u00edticos Veracruz\",\"url\":\"https:\\\/\\\/lospoliticosveracruz.com\\\/\",\"logo\":{\"@type\":\"ImageObject\",\"inLanguage\":\"es\",\"@id\":\"https:\\\/\\\/lospoliticosveracruz.com\\\/#\\\/schema\\\/logo\\\/image\\\/\",\"url\":\"https:\\\/\\\/lospoliticosveracruz.com\\\/wp-content\\\/uploads\\\/2025\\\/12\\\/Logo-Nuevo-LOS-POLITICOS-1.jpg\",\"contentUrl\":\"https:\\\/\\\/lospoliticosveracruz.com\\\/wp-content\\\/uploads\\\/2025\\\/12\\\/Logo-Nuevo-LOS-POLITICOS-1.jpg\",\"width\":260,\"height\":70,\"caption\":\"Los pol\u00edticos Veracruz\"},\"image\":{\"@id\":\"https:\\\/\\\/lospoliticosveracruz.com\\\/#\\\/schema\\\/logo\\\/image\\\/\"},\"sameAs\":[\"https:\\\/\\\/www.facebook.com\\\/people\\\/Notimemes-de-los-Polticos\\\/61565672886568\\\/\",\"https:\\\/\\\/x.com\\\/LosPoliticosVer\"]},{\"@type\":\"Person\",\"@id\":\"https:\\\/\\\/lospoliticosveracruz.com\\\/#\\\/schema\\\/person\\\/c5fee8df75ee4700bd7f8e92859bd696\",\"name\":\"lospoladmin\",\"image\":{\"@type\":\"ImageObject\",\"inLanguage\":\"es\",\"@id\":\"https:\\\/\\\/secure.gravatar.com\\\/avatar\\\/f4a468785695515895c4d618820f242e33d3d72a0284244a0fad6d19795cb724?s=96&d=mm&r=g\",\"url\":\"https:\\\/\\\/secure.gravatar.com\\\/avatar\\\/f4a468785695515895c4d618820f242e33d3d72a0284244a0fad6d19795cb724?s=96&d=mm&r=g\",\"contentUrl\":\"https:\\\/\\\/secure.gravatar.com\\\/avatar\\\/f4a468785695515895c4d618820f242e33d3d72a0284244a0fad6d19795cb724?s=96&d=mm&r=g\",\"caption\":\"lospoladmin\"},\"url\":\"https:\\\/\\\/lospoliticosveracruz.com\\\/?author=1\"}]}<\/script>\n<!-- \/ Yoast SEO plugin. -->","yoast_head_json":{"title":"El Chisme en Pueblo Viejo - Los pol\u00edticos Veracruz","robots":{"index":"index","follow":"follow","max-snippet":"max-snippet:-1","max-image-preview":"max-image-preview:large","max-video-preview":"max-video-preview:-1"},"canonical":"https:\/\/lospoliticosveracruz.com\/?p=2011","og_locale":"es_ES","og_type":"article","og_title":"El Chisme en Pueblo Viejo - Los pol\u00edticos Veracruz","og_description":"Miguel Angel Cristiani Gonz\u00e1lez Bit\u00e1cora Veracruz No solo cumpli\u00f3 lo prometido, Sergio Gonz\u00e1lez Levet de que la presentaci\u00f3n de su libro Pueblo Viejo estar\u00eda divertida, sino que gracias a su poder de convocatoria, tuvimos el gusto de saludar a amigos de la vieja guardia, con quienes estuvimos comentando y haciendo a\u00f1oranzas que bien podr\u00edan servir [&hellip;]","og_url":"https:\/\/lospoliticosveracruz.com\/?p=2011","og_site_name":"Los pol\u00edticos Veracruz","article_publisher":"https:\/\/www.facebook.com\/people\/Notimemes-de-los-Polticos\/61565672886568\/","article_published_time":"2014-09-30T15:47:00+00:00","article_modified_time":"2014-10-10T18:39:11+00:00","og_image":[{"url":"http:\/\/www.lospoliticosveracruz.com.mx\/wp-content\/uploads\/2014\/10\/Misantla-300x225.jpg","type":"","width":"","height":""}],"author":"lospoladmin","twitter_card":"summary_large_image","twitter_creator":"@LosPoliticosVer","twitter_site":"@LosPoliticosVer","twitter_misc":{"Escrito por":"lospoladmin","Tiempo de lectura":"3 minutos"},"schema":{"@context":"https:\/\/schema.org","@graph":[{"@type":"Article","@id":"https:\/\/lospoliticosveracruz.com\/?p=2011#article","isPartOf":{"@id":"https:\/\/lospoliticosveracruz.com\/?p=2011"},"author":{"name":"lospoladmin","@id":"https:\/\/lospoliticosveracruz.com\/#\/schema\/person\/c5fee8df75ee4700bd7f8e92859bd696"},"headline":"El Chisme en Pueblo Viejo","datePublished":"2014-09-30T15:47:00+00:00","dateModified":"2014-10-10T18:39:11+00:00","mainEntityOfPage":{"@id":"https:\/\/lospoliticosveracruz.com\/?p=2011"},"wordCount":690,"commentCount":0,"publisher":{"@id":"https:\/\/lospoliticosveracruz.com\/#organization"},"image":{"@id":"https:\/\/lospoliticosveracruz.com\/?p=2011#primaryimage"},"thumbnailUrl":"http:\/\/www.lospoliticosveracruz.com.mx\/wp-content\/uploads\/2014\/10\/Misantla-300x225.jpg","keywords":["Gonz\u00e1lez Levet","Misantla","Pueblo Viejo"],"articleSection":["Cine, Libros y m\u00e1s"],"inLanguage":"es","potentialAction":[{"@type":"CommentAction","name":"Comment","target":["https:\/\/lospoliticosveracruz.com\/?p=2011#respond"]}]},{"@type":"WebPage","@id":"https:\/\/lospoliticosveracruz.com\/?p=2011","url":"https:\/\/lospoliticosveracruz.com\/?p=2011","name":"El Chisme en Pueblo Viejo - Los pol\u00edticos Veracruz","isPartOf":{"@id":"https:\/\/lospoliticosveracruz.com\/#website"},"primaryImageOfPage":{"@id":"https:\/\/lospoliticosveracruz.com\/?p=2011#primaryimage"},"image":{"@id":"https:\/\/lospoliticosveracruz.com\/?p=2011#primaryimage"},"thumbnailUrl":"http:\/\/www.lospoliticosveracruz.com.mx\/wp-content\/uploads\/2014\/10\/Misantla-300x225.jpg","datePublished":"2014-09-30T15:47:00+00:00","dateModified":"2014-10-10T18:39:11+00:00","breadcrumb":{"@id":"https:\/\/lospoliticosveracruz.com\/?p=2011#breadcrumb"},"inLanguage":"es","potentialAction":[{"@type":"ReadAction","target":["https:\/\/lospoliticosveracruz.com\/?p=2011"]}]},{"@type":"ImageObject","inLanguage":"es","@id":"https:\/\/lospoliticosveracruz.com\/?p=2011#primaryimage","url":"http:\/\/www.lospoliticosveracruz.com.mx\/wp-content\/uploads\/2014\/10\/Misantla-300x225.jpg","contentUrl":"http:\/\/www.lospoliticosveracruz.com.mx\/wp-content\/uploads\/2014\/10\/Misantla-300x225.jpg"},{"@type":"BreadcrumbList","@id":"https:\/\/lospoliticosveracruz.com\/?p=2011#breadcrumb","itemListElement":[{"@type":"ListItem","position":1,"name":"Portada","item":"https:\/\/lospoliticosveracruz.com\/"},{"@type":"ListItem","position":2,"name":"El Chisme en Pueblo Viejo"}]},{"@type":"WebSite","@id":"https:\/\/lospoliticosveracruz.com\/#website","url":"https:\/\/lospoliticosveracruz.com\/","name":"Los pol\u00edticos Veracruz","description":"","publisher":{"@id":"https:\/\/lospoliticosveracruz.com\/#organization"},"potentialAction":[{"@type":"SearchAction","target":{"@type":"EntryPoint","urlTemplate":"https:\/\/lospoliticosveracruz.com\/?s={search_term_string}"},"query-input":{"@type":"PropertyValueSpecification","valueRequired":true,"valueName":"search_term_string"}}],"inLanguage":"es"},{"@type":"Organization","@id":"https:\/\/lospoliticosveracruz.com\/#organization","name":"Los pol\u00edticos Veracruz","url":"https:\/\/lospoliticosveracruz.com\/","logo":{"@type":"ImageObject","inLanguage":"es","@id":"https:\/\/lospoliticosveracruz.com\/#\/schema\/logo\/image\/","url":"https:\/\/lospoliticosveracruz.com\/wp-content\/uploads\/2025\/12\/Logo-Nuevo-LOS-POLITICOS-1.jpg","contentUrl":"https:\/\/lospoliticosveracruz.com\/wp-content\/uploads\/2025\/12\/Logo-Nuevo-LOS-POLITICOS-1.jpg","width":260,"height":70,"caption":"Los pol\u00edticos Veracruz"},"image":{"@id":"https:\/\/lospoliticosveracruz.com\/#\/schema\/logo\/image\/"},"sameAs":["https:\/\/www.facebook.com\/people\/Notimemes-de-los-Polticos\/61565672886568\/","https:\/\/x.com\/LosPoliticosVer"]},{"@type":"Person","@id":"https:\/\/lospoliticosveracruz.com\/#\/schema\/person\/c5fee8df75ee4700bd7f8e92859bd696","name":"lospoladmin","image":{"@type":"ImageObject","inLanguage":"es","@id":"https:\/\/secure.gravatar.com\/avatar\/f4a468785695515895c4d618820f242e33d3d72a0284244a0fad6d19795cb724?s=96&d=mm&r=g","url":"https:\/\/secure.gravatar.com\/avatar\/f4a468785695515895c4d618820f242e33d3d72a0284244a0fad6d19795cb724?s=96&d=mm&r=g","contentUrl":"https:\/\/secure.gravatar.com\/avatar\/f4a468785695515895c4d618820f242e33d3d72a0284244a0fad6d19795cb724?s=96&d=mm&r=g","caption":"lospoladmin"},"url":"https:\/\/lospoliticosveracruz.com\/?author=1"}]}},"_links":{"self":[{"href":"https:\/\/lospoliticosveracruz.com\/index.php?rest_route=\/wp\/v2\/posts\/2011","targetHints":{"allow":["GET"]}}],"collection":[{"href":"https:\/\/lospoliticosveracruz.com\/index.php?rest_route=\/wp\/v2\/posts"}],"about":[{"href":"https:\/\/lospoliticosveracruz.com\/index.php?rest_route=\/wp\/v2\/types\/post"}],"author":[{"embeddable":true,"href":"https:\/\/lospoliticosveracruz.com\/index.php?rest_route=\/wp\/v2\/users\/1"}],"replies":[{"embeddable":true,"href":"https:\/\/lospoliticosveracruz.com\/index.php?rest_route=%2Fwp%2Fv2%2Fcomments&post=2011"}],"version-history":[{"count":2,"href":"https:\/\/lospoliticosveracruz.com\/index.php?rest_route=\/wp\/v2\/posts\/2011\/revisions"}],"predecessor-version":[{"id":12507,"href":"https:\/\/lospoliticosveracruz.com\/index.php?rest_route=\/wp\/v2\/posts\/2011\/revisions\/12507"}],"wp:attachment":[{"href":"https:\/\/lospoliticosveracruz.com\/index.php?rest_route=%2Fwp%2Fv2%2Fmedia&parent=2011"}],"wp:term":[{"taxonomy":"category","embeddable":true,"href":"https:\/\/lospoliticosveracruz.com\/index.php?rest_route=%2Fwp%2Fv2%2Fcategories&post=2011"},{"taxonomy":"post_tag","embeddable":true,"href":"https:\/\/lospoliticosveracruz.com\/index.php?rest_route=%2Fwp%2Fv2%2Ftags&post=2011"}],"curies":[{"name":"wp","href":"https:\/\/api.w.org\/{rel}","templated":true}]}}