{"id":20114,"date":"2016-01-05T20:25:16","date_gmt":"2016-01-06T02:25:16","guid":{"rendered":"http:\/\/www.lospoliticosveracruz.com.mx\/el-pri-teme-a-la-alianza-en-veracruz-afirma-prd\/"},"modified":"2016-01-05T20:25:16","modified_gmt":"2016-01-06T02:25:16","slug":"el-pri-teme-a-la-alianza-en-veracruz-afirma-prd","status":"publish","type":"post","link":"https:\/\/lospoliticosveracruz.com\/?p=20114","title":{"rendered":"El PRI teme a la alianza en Veracruz, afirma PRD"},"content":{"rendered":"<p><a href=\"http:\/\/www.lospoliticosveracruz.com.mx\/wp-content\/uploads\/2015\/10\/Yunes-Linares-Rogelio-Franco.jpg\"><img loading=\"lazy\" decoding=\"async\" class=\"alignnone size-medium wp-image-18476\" src=\"http:\/\/www.lospoliticosveracruz.com.mx\/wp-content\/uploads\/2015\/10\/Yunes-Linares-Rogelio-Franco-300x216.jpg\" alt=\"Yunes Linares Rogelio Franco\" width=\"300\" height=\"216\" \/><\/a><\/p>\n<p><strong>Luis Alberto Romero<\/strong><\/p>\n<p><em>Hora Cero<\/em><\/p>\n<p>Todav\u00eda no se formaliza la alianza con Acci\u00f3n Nacional y el dirigente estatal del Partido de la Revoluci\u00f3n Democr\u00e1tica, Rogelio Franco Cast\u00e1n, ya anunci\u00f3 lo que desde el mes pasado era un dato del dominio p\u00fablico: el candidato de esos institutos pol\u00edticos al gobierno del estado ser\u00e1 el diputado federal Miguel \u00c1ngel Yunes Linares.<br \/>\nRogelio Franco revel\u00f3 que este jueves 7, las dirigencias nacionales de PAN y PRD confirmar\u00e1n que en Veracruz, al igual que en Durango y Zacatecas, habr\u00e1 alianza para presentar un frente com\u00fan contra el PRI en las elecciones del 5 de junio.<br \/>\nSer\u00e1 s\u00f3lo un formulismo, luego de que en diciembre los diferentes partidos determinaron sus respectivos m\u00e9todos de selecci\u00f3n de candidatos, en cuesti\u00f3n de d\u00edas emitir\u00e1n sus convocatorias para los aspirantes a las candidaturas a gobernador y diputados locales. Acci\u00f3n Nacional \u2013y el Sol Azteca, en caso de ir juntos\u2013 \u00fanicamente proceder\u00e1 al registro; esto es, al cumplimiento de los t\u00e9rminos establecidos en las leyes.<br \/>\nEn el PAN no hay m\u00e1s que un aspirante a la candidatura, toda vez que la otra carta, Juan Bueno Torio, opt\u00f3 por dar un paso de costado; ir\u00e1 por la v\u00eda independiente y no falta quien opine que esa fue una decisi\u00f3n con motivaciones distintas a la aspiraci\u00f3n por gobernar la entidad. Al interior del PAN comentan que el ex senador vendi\u00f3 sus afectos; en todo caso, todo pasa por el terreno de la sospecha y la conjetura f\u00e1cil; s\u00f3lo \u00e9l sabe el fondo del asunto.<br \/>\nLos tiempos del presente proceso electoral establecen que las precampa\u00f1as arrancar\u00e1n dentro de un mes y concluir\u00e1n el \u00faltimo domingo de marzo. Despu\u00e9s de eso comenzar\u00e1n los registros de candidatos a gobernador, del 18 al 27 de marzo; y a diputados locales, del 17 al 26 de abril, en el caso de los de mayor\u00eda relativa, y del 4 al 13 de mayo, para los de representaci\u00f3n proporcional.<\/p>\n<p><strong>Alianza, a unos d\u00edas de concretarse<\/strong><br \/>\nLa alianza PAN-PRD ya revent\u00f3 en el caso de Tlaxcala; antes se hab\u00eda concretado en Durango y Zacatecas y se espera que se oficialice en Veracruz y Puebla; muy probablemente, tambi\u00e9n en Aguascalientes e Hidalgo.<br \/>\nAl igual que en Tlaxcala, en los estados de Chihuahua, Tamaulipas, Quintana Roo, Sonora y probablemente Oaxaca, no existe posibilidad alguna de que esa suma de partidos se cristalice.<br \/>\nSe trata de una suma que ha sido criticada hasta el cansancio por la dirigencia del Partido Revolucionario Institucional; Manlio Fabio Beltrones, presidente del Comit\u00e9 Ejecutivo Nacional del tricolor, ya se ha pronunciado por las alianzas, siempre y cuando \u00e9stas sean promovidas por su partido.<br \/>\nEl pasado 4 de enero, Beltrones Rivera, por ejemplo, se\u00f1al\u00f3 que esa suma de fuerzas resulta perniciosa para el sistema pol\u00edtico mexicano, debido a que provocan incertidumbre e inestabilidad. Apunt\u00f3, de igual manera, que esos dos partidos opositores tratan a sus militantes como si fueran moneda de cambio.<br \/>\nSin embargo, en Veracruz no s\u00f3lo se teje una coalici\u00f3n, la del PAN con el PRD; es altamente probable que el candidato que presente el PRI abandere al Partido Verde, a Panal y al local Alternativa Veracruzana.<\/p>\n<p><strong>PRD denuncia bloqueo<\/strong><br \/>\nAcorde con las declaraciones del l\u00edder nacional perredista, el dirigente del Sol Azteca en la entidad, Rogelio Franco, ha denunciado supuestas hostilidades del PRI y del grupo en el gobierno, para que la alianza con el PAN aborte.<br \/>\nAgust\u00edn Basave Ben\u00edtez, el ex embajador de M\u00e9xico en Irlanda que hoy lleva las riendas del PRD, se ha referido a un intento de bloqueo desde el poder estatal.<br \/>\nEste martes, el dirigente del partido fundado por Cuauht\u00e9moc C\u00e1rdenas se\u00f1al\u00f3 que el PRI busca \u201creventar\u201d todas las alianzas entre panistas y perredistas, pero particularmente la de Veracruz, en virtud de que \u201cles genera temor\u201d por su tama\u00f1o. Dijo que la entidad es la \u201cjoya de la corona\u201d por el n\u00famero de habitantes, m\u00e1s de 7 millones 643 mil para ubicarse como la tercera m\u00e1s poblada del pa\u00eds, tras el Estado de M\u00e9xico y el Distrito Federal.<br \/>\nDe acuerdo con las versiones que circulan al interior del PRD veracruzano, a esos intentos de bloqueo desde el poder se deber\u00edan las voces de algunos militantes y consejeros que se han manifestado en contra de la suma con Acci\u00f3n Nacional.<br \/>\nLo cierto es que en cuesti\u00f3n de horas, el tema quedar\u00e1 finalmente resuelto, cuando las dirigencias de esos dos partidos pacten y formalicen una coalici\u00f3n que incluir\u00e1 a los 30 distritos de Veracruz.<\/p>\n<p><strong>Los otros carriles<\/strong><br \/>\nTambi\u00e9n en el arrancadero, pero en otros carriles, se ubican tres aspirantes independientes al gobierno estatal, en orden de aparici\u00f3n, Gerardo Buganza Salmer\u00f3n, El\u00edas Miguel Moreno Brizuela y Juan Bueno Torio; el virtual abanderado del Movimiento de Regeneraci\u00f3n Nacional, Cuitl\u00e1huac Garc\u00eda Jim\u00e9nez; y el aspirante del Movimiento Ciudadano, Armando M\u00e9ndez de la Luz; m\u00e1s el que designe el Partido Encuentro Social, que sufrir\u00e1 por alcanzar el 3 por ciento de la votaci\u00f3n total. Es casi un hecho que el PT no ir\u00e1 con candidato propio y podr\u00eda sumarse a Morena o al MC. @luisromero85<\/p>\n","protected":false},"excerpt":{"rendered":"<p>Luis Alberto Romero Hora Cero Todav\u00eda no se formaliza la alianza con Acci\u00f3n Nacional y el dirigente estatal del Partido de la Revoluci\u00f3n Democr\u00e1tica, Rogelio Franco Cast\u00e1n, ya anunci\u00f3 lo que desde el mes pasado era un dato del dominio p\u00fablico: el candidato de esos institutos pol\u00edticos al gobierno del estado ser\u00e1 el diputado federal [&hellip;]<\/p>\n","protected":false},"author":2,"featured_media":0,"comment_status":"open","ping_status":"open","sticky":false,"template":"","format":"standard","meta":{"tdm_status":"","tdm_grid_status":"","footnotes":""},"categories":[70],"tags":[1305,617,428,266,107,808],"class_list":{"0":"post-20114","1":"post","2":"type-post","3":"status-publish","4":"format-standard","6":"category-de-opinion","7":"tag-juan-bueno-torio","8":"tag-manlio-fabio-beltrones","9":"tag-miguel-angel-yunes-linares","10":"tag-pan","11":"tag-prd","12":"tag-rogelio-franco-castan"},"yoast_head":"<!-- This site is optimized with the Yoast SEO plugin v27.4 - https:\/\/yoast.com\/product\/yoast-seo-wordpress\/ -->\n<title>El PRI teme a la alianza en Veracruz, afirma PRD - Los pol\u00edticos Veracruz<\/title>\n<meta name=\"robots\" content=\"index, follow, max-snippet:-1, max-image-preview:large, max-video-preview:-1\" \/>\n<link rel=\"canonical\" href=\"https:\/\/lospoliticosveracruz.com\/?p=20114\" \/>\n<meta property=\"og:locale\" content=\"es_ES\" \/>\n<meta property=\"og:type\" content=\"article\" \/>\n<meta property=\"og:title\" content=\"El PRI teme a la alianza en Veracruz, afirma PRD - Los pol\u00edticos Veracruz\" \/>\n<meta property=\"og:description\" content=\"Luis Alberto Romero Hora Cero Todav\u00eda no se formaliza la alianza con Acci\u00f3n Nacional y el dirigente estatal del Partido de la Revoluci\u00f3n Democr\u00e1tica, Rogelio Franco Cast\u00e1n, ya anunci\u00f3 lo que desde el mes pasado era un dato del dominio p\u00fablico: el candidato de esos institutos pol\u00edticos al gobierno del estado ser\u00e1 el diputado federal [&hellip;]\" \/>\n<meta property=\"og:url\" content=\"https:\/\/lospoliticosveracruz.com\/?p=20114\" \/>\n<meta property=\"og:site_name\" content=\"Los pol\u00edticos Veracruz\" \/>\n<meta property=\"article:publisher\" content=\"https:\/\/www.facebook.com\/people\/Notimemes-de-los-Polticos\/61565672886568\/\" \/>\n<meta property=\"article:published_time\" content=\"2016-01-06T02:25:16+00:00\" \/>\n<meta property=\"og:image\" content=\"http:\/\/www.lospoliticosveracruz.com.mx\/wp-content\/uploads\/2015\/10\/Yunes-Linares-Rogelio-Franco-300x216.jpg\" \/>\n<meta name=\"author\" content=\"Lo viste en Los Pol\u00edticos\" \/>\n<meta name=\"twitter:card\" content=\"summary_large_image\" \/>\n<meta name=\"twitter:creator\" content=\"@LosPoliticosVer\" \/>\n<meta name=\"twitter:site\" content=\"@LosPoliticosVer\" \/>\n<meta name=\"twitter:label1\" content=\"Escrito por\" \/>\n\t<meta name=\"twitter:data1\" content=\"Lo viste en Los Pol\u00edticos\" \/>\n\t<meta name=\"twitter:label2\" content=\"Tiempo de lectura\" \/>\n\t<meta name=\"twitter:data2\" content=\"4 minutos\" \/>\n<script type=\"application\/ld+json\" class=\"yoast-schema-graph\">{\"@context\":\"https:\\\/\\\/schema.org\",\"@graph\":[{\"@type\":\"Article\",\"@id\":\"https:\\\/\\\/lospoliticosveracruz.com\\\/?p=20114#article\",\"isPartOf\":{\"@id\":\"https:\\\/\\\/lospoliticosveracruz.com\\\/?p=20114\"},\"author\":{\"name\":\"Lo viste en Los Pol\u00edticos\",\"@id\":\"https:\\\/\\\/lospoliticosveracruz.com\\\/#\\\/schema\\\/person\\\/b8702bb0e538456e6efd07080bf2a4a2\"},\"headline\":\"El PRI teme a la alianza en Veracruz, afirma PRD\",\"datePublished\":\"2016-01-06T02:25:16+00:00\",\"mainEntityOfPage\":{\"@id\":\"https:\\\/\\\/lospoliticosveracruz.com\\\/?p=20114\"},\"wordCount\":901,\"commentCount\":0,\"publisher\":{\"@id\":\"https:\\\/\\\/lospoliticosveracruz.com\\\/#organization\"},\"image\":{\"@id\":\"https:\\\/\\\/lospoliticosveracruz.com\\\/?p=20114#primaryimage\"},\"thumbnailUrl\":\"http:\\\/\\\/www.lospoliticosveracruz.com.mx\\\/wp-content\\\/uploads\\\/2015\\\/10\\\/Yunes-Linares-Rogelio-Franco-300x216.jpg\",\"keywords\":[\"Juan Bueno Torio\",\"Manlio Fabio Beltrones\",\"Miguel Angel Yunes Linares\",\"PAN\",\"PRD\",\"Rogelio Franco Cast\u00e1n\"],\"articleSection\":[\"De Opini\u00f3n\"],\"inLanguage\":\"es\",\"potentialAction\":[{\"@type\":\"CommentAction\",\"name\":\"Comment\",\"target\":[\"https:\\\/\\\/lospoliticosveracruz.com\\\/?p=20114#respond\"]}]},{\"@type\":\"WebPage\",\"@id\":\"https:\\\/\\\/lospoliticosveracruz.com\\\/?p=20114\",\"url\":\"https:\\\/\\\/lospoliticosveracruz.com\\\/?p=20114\",\"name\":\"El PRI teme a la alianza en Veracruz, afirma PRD - Los pol\u00edticos Veracruz\",\"isPartOf\":{\"@id\":\"https:\\\/\\\/lospoliticosveracruz.com\\\/#website\"},\"primaryImageOfPage\":{\"@id\":\"https:\\\/\\\/lospoliticosveracruz.com\\\/?p=20114#primaryimage\"},\"image\":{\"@id\":\"https:\\\/\\\/lospoliticosveracruz.com\\\/?p=20114#primaryimage\"},\"thumbnailUrl\":\"http:\\\/\\\/www.lospoliticosveracruz.com.mx\\\/wp-content\\\/uploads\\\/2015\\\/10\\\/Yunes-Linares-Rogelio-Franco-300x216.jpg\",\"datePublished\":\"2016-01-06T02:25:16+00:00\",\"breadcrumb\":{\"@id\":\"https:\\\/\\\/lospoliticosveracruz.com\\\/?p=20114#breadcrumb\"},\"inLanguage\":\"es\",\"potentialAction\":[{\"@type\":\"ReadAction\",\"target\":[\"https:\\\/\\\/lospoliticosveracruz.com\\\/?p=20114\"]}]},{\"@type\":\"ImageObject\",\"inLanguage\":\"es\",\"@id\":\"https:\\\/\\\/lospoliticosveracruz.com\\\/?p=20114#primaryimage\",\"url\":\"http:\\\/\\\/www.lospoliticosveracruz.com.mx\\\/wp-content\\\/uploads\\\/2015\\\/10\\\/Yunes-Linares-Rogelio-Franco-300x216.jpg\",\"contentUrl\":\"http:\\\/\\\/www.lospoliticosveracruz.com.mx\\\/wp-content\\\/uploads\\\/2015\\\/10\\\/Yunes-Linares-Rogelio-Franco-300x216.jpg\"},{\"@type\":\"BreadcrumbList\",\"@id\":\"https:\\\/\\\/lospoliticosveracruz.com\\\/?p=20114#breadcrumb\",\"itemListElement\":[{\"@type\":\"ListItem\",\"position\":1,\"name\":\"Portada\",\"item\":\"https:\\\/\\\/lospoliticosveracruz.com\\\/\"},{\"@type\":\"ListItem\",\"position\":2,\"name\":\"El PRI teme a la alianza en Veracruz, afirma PRD\"}]},{\"@type\":\"WebSite\",\"@id\":\"https:\\\/\\\/lospoliticosveracruz.com\\\/#website\",\"url\":\"https:\\\/\\\/lospoliticosveracruz.com\\\/\",\"name\":\"Los pol\u00edticos Veracruz\",\"description\":\"\",\"publisher\":{\"@id\":\"https:\\\/\\\/lospoliticosveracruz.com\\\/#organization\"},\"potentialAction\":[{\"@type\":\"SearchAction\",\"target\":{\"@type\":\"EntryPoint\",\"urlTemplate\":\"https:\\\/\\\/lospoliticosveracruz.com\\\/?s={search_term_string}\"},\"query-input\":{\"@type\":\"PropertyValueSpecification\",\"valueRequired\":true,\"valueName\":\"search_term_string\"}}],\"inLanguage\":\"es\"},{\"@type\":\"Organization\",\"@id\":\"https:\\\/\\\/lospoliticosveracruz.com\\\/#organization\",\"name\":\"Los pol\u00edticos Veracruz\",\"url\":\"https:\\\/\\\/lospoliticosveracruz.com\\\/\",\"logo\":{\"@type\":\"ImageObject\",\"inLanguage\":\"es\",\"@id\":\"https:\\\/\\\/lospoliticosveracruz.com\\\/#\\\/schema\\\/logo\\\/image\\\/\",\"url\":\"https:\\\/\\\/lospoliticosveracruz.com\\\/wp-content\\\/uploads\\\/2025\\\/12\\\/Logo-Nuevo-LOS-POLITICOS-1.jpg\",\"contentUrl\":\"https:\\\/\\\/lospoliticosveracruz.com\\\/wp-content\\\/uploads\\\/2025\\\/12\\\/Logo-Nuevo-LOS-POLITICOS-1.jpg\",\"width\":260,\"height\":70,\"caption\":\"Los pol\u00edticos Veracruz\"},\"image\":{\"@id\":\"https:\\\/\\\/lospoliticosveracruz.com\\\/#\\\/schema\\\/logo\\\/image\\\/\"},\"sameAs\":[\"https:\\\/\\\/www.facebook.com\\\/people\\\/Notimemes-de-los-Polticos\\\/61565672886568\\\/\",\"https:\\\/\\\/x.com\\\/LosPoliticosVer\"]},{\"@type\":\"Person\",\"@id\":\"https:\\\/\\\/lospoliticosveracruz.com\\\/#\\\/schema\\\/person\\\/b8702bb0e538456e6efd07080bf2a4a2\",\"name\":\"Lo viste en Los Pol\u00edticos\",\"image\":{\"@type\":\"ImageObject\",\"inLanguage\":\"es\",\"@id\":\"https:\\\/\\\/secure.gravatar.com\\\/avatar\\\/3a8de04a2656d44082be478bd6c086daa447c4651605818287b9532d3d0bd435?s=96&d=mm&r=g\",\"url\":\"https:\\\/\\\/secure.gravatar.com\\\/avatar\\\/3a8de04a2656d44082be478bd6c086daa447c4651605818287b9532d3d0bd435?s=96&d=mm&r=g\",\"contentUrl\":\"https:\\\/\\\/secure.gravatar.com\\\/avatar\\\/3a8de04a2656d44082be478bd6c086daa447c4651605818287b9532d3d0bd435?s=96&d=mm&r=g\",\"caption\":\"Lo viste en Los Pol\u00edticos\"},\"url\":\"https:\\\/\\\/lospoliticosveracruz.com\\\/?author=2\"}]}<\/script>\n<!-- \/ Yoast SEO plugin. -->","yoast_head_json":{"title":"El PRI teme a la alianza en Veracruz, afirma PRD - Los pol\u00edticos Veracruz","robots":{"index":"index","follow":"follow","max-snippet":"max-snippet:-1","max-image-preview":"max-image-preview:large","max-video-preview":"max-video-preview:-1"},"canonical":"https:\/\/lospoliticosveracruz.com\/?p=20114","og_locale":"es_ES","og_type":"article","og_title":"El PRI teme a la alianza en Veracruz, afirma PRD - Los pol\u00edticos Veracruz","og_description":"Luis Alberto Romero Hora Cero Todav\u00eda no se formaliza la alianza con Acci\u00f3n Nacional y el dirigente estatal del Partido de la Revoluci\u00f3n Democr\u00e1tica, Rogelio Franco Cast\u00e1n, ya anunci\u00f3 lo que desde el mes pasado era un dato del dominio p\u00fablico: el candidato de esos institutos pol\u00edticos al gobierno del estado ser\u00e1 el diputado federal [&hellip;]","og_url":"https:\/\/lospoliticosveracruz.com\/?p=20114","og_site_name":"Los pol\u00edticos Veracruz","article_publisher":"https:\/\/www.facebook.com\/people\/Notimemes-de-los-Polticos\/61565672886568\/","article_published_time":"2016-01-06T02:25:16+00:00","og_image":[{"url":"http:\/\/www.lospoliticosveracruz.com.mx\/wp-content\/uploads\/2015\/10\/Yunes-Linares-Rogelio-Franco-300x216.jpg","type":"","width":"","height":""}],"author":"Lo viste en Los Pol\u00edticos","twitter_card":"summary_large_image","twitter_creator":"@LosPoliticosVer","twitter_site":"@LosPoliticosVer","twitter_misc":{"Escrito por":"Lo viste en Los Pol\u00edticos","Tiempo de lectura":"4 minutos"},"schema":{"@context":"https:\/\/schema.org","@graph":[{"@type":"Article","@id":"https:\/\/lospoliticosveracruz.com\/?p=20114#article","isPartOf":{"@id":"https:\/\/lospoliticosveracruz.com\/?p=20114"},"author":{"name":"Lo viste en Los Pol\u00edticos","@id":"https:\/\/lospoliticosveracruz.com\/#\/schema\/person\/b8702bb0e538456e6efd07080bf2a4a2"},"headline":"El PRI teme a la alianza en Veracruz, afirma PRD","datePublished":"2016-01-06T02:25:16+00:00","mainEntityOfPage":{"@id":"https:\/\/lospoliticosveracruz.com\/?p=20114"},"wordCount":901,"commentCount":0,"publisher":{"@id":"https:\/\/lospoliticosveracruz.com\/#organization"},"image":{"@id":"https:\/\/lospoliticosveracruz.com\/?p=20114#primaryimage"},"thumbnailUrl":"http:\/\/www.lospoliticosveracruz.com.mx\/wp-content\/uploads\/2015\/10\/Yunes-Linares-Rogelio-Franco-300x216.jpg","keywords":["Juan Bueno Torio","Manlio Fabio Beltrones","Miguel Angel Yunes Linares","PAN","PRD","Rogelio Franco Cast\u00e1n"],"articleSection":["De Opini\u00f3n"],"inLanguage":"es","potentialAction":[{"@type":"CommentAction","name":"Comment","target":["https:\/\/lospoliticosveracruz.com\/?p=20114#respond"]}]},{"@type":"WebPage","@id":"https:\/\/lospoliticosveracruz.com\/?p=20114","url":"https:\/\/lospoliticosveracruz.com\/?p=20114","name":"El PRI teme a la alianza en Veracruz, afirma PRD - Los pol\u00edticos Veracruz","isPartOf":{"@id":"https:\/\/lospoliticosveracruz.com\/#website"},"primaryImageOfPage":{"@id":"https:\/\/lospoliticosveracruz.com\/?p=20114#primaryimage"},"image":{"@id":"https:\/\/lospoliticosveracruz.com\/?p=20114#primaryimage"},"thumbnailUrl":"http:\/\/www.lospoliticosveracruz.com.mx\/wp-content\/uploads\/2015\/10\/Yunes-Linares-Rogelio-Franco-300x216.jpg","datePublished":"2016-01-06T02:25:16+00:00","breadcrumb":{"@id":"https:\/\/lospoliticosveracruz.com\/?p=20114#breadcrumb"},"inLanguage":"es","potentialAction":[{"@type":"ReadAction","target":["https:\/\/lospoliticosveracruz.com\/?p=20114"]}]},{"@type":"ImageObject","inLanguage":"es","@id":"https:\/\/lospoliticosveracruz.com\/?p=20114#primaryimage","url":"http:\/\/www.lospoliticosveracruz.com.mx\/wp-content\/uploads\/2015\/10\/Yunes-Linares-Rogelio-Franco-300x216.jpg","contentUrl":"http:\/\/www.lospoliticosveracruz.com.mx\/wp-content\/uploads\/2015\/10\/Yunes-Linares-Rogelio-Franco-300x216.jpg"},{"@type":"BreadcrumbList","@id":"https:\/\/lospoliticosveracruz.com\/?p=20114#breadcrumb","itemListElement":[{"@type":"ListItem","position":1,"name":"Portada","item":"https:\/\/lospoliticosveracruz.com\/"},{"@type":"ListItem","position":2,"name":"El PRI teme a la alianza en Veracruz, afirma PRD"}]},{"@type":"WebSite","@id":"https:\/\/lospoliticosveracruz.com\/#website","url":"https:\/\/lospoliticosveracruz.com\/","name":"Los pol\u00edticos Veracruz","description":"","publisher":{"@id":"https:\/\/lospoliticosveracruz.com\/#organization"},"potentialAction":[{"@type":"SearchAction","target":{"@type":"EntryPoint","urlTemplate":"https:\/\/lospoliticosveracruz.com\/?s={search_term_string}"},"query-input":{"@type":"PropertyValueSpecification","valueRequired":true,"valueName":"search_term_string"}}],"inLanguage":"es"},{"@type":"Organization","@id":"https:\/\/lospoliticosveracruz.com\/#organization","name":"Los pol\u00edticos Veracruz","url":"https:\/\/lospoliticosveracruz.com\/","logo":{"@type":"ImageObject","inLanguage":"es","@id":"https:\/\/lospoliticosveracruz.com\/#\/schema\/logo\/image\/","url":"https:\/\/lospoliticosveracruz.com\/wp-content\/uploads\/2025\/12\/Logo-Nuevo-LOS-POLITICOS-1.jpg","contentUrl":"https:\/\/lospoliticosveracruz.com\/wp-content\/uploads\/2025\/12\/Logo-Nuevo-LOS-POLITICOS-1.jpg","width":260,"height":70,"caption":"Los pol\u00edticos Veracruz"},"image":{"@id":"https:\/\/lospoliticosveracruz.com\/#\/schema\/logo\/image\/"},"sameAs":["https:\/\/www.facebook.com\/people\/Notimemes-de-los-Polticos\/61565672886568\/","https:\/\/x.com\/LosPoliticosVer"]},{"@type":"Person","@id":"https:\/\/lospoliticosveracruz.com\/#\/schema\/person\/b8702bb0e538456e6efd07080bf2a4a2","name":"Lo viste en Los Pol\u00edticos","image":{"@type":"ImageObject","inLanguage":"es","@id":"https:\/\/secure.gravatar.com\/avatar\/3a8de04a2656d44082be478bd6c086daa447c4651605818287b9532d3d0bd435?s=96&d=mm&r=g","url":"https:\/\/secure.gravatar.com\/avatar\/3a8de04a2656d44082be478bd6c086daa447c4651605818287b9532d3d0bd435?s=96&d=mm&r=g","contentUrl":"https:\/\/secure.gravatar.com\/avatar\/3a8de04a2656d44082be478bd6c086daa447c4651605818287b9532d3d0bd435?s=96&d=mm&r=g","caption":"Lo viste en Los Pol\u00edticos"},"url":"https:\/\/lospoliticosveracruz.com\/?author=2"}]}},"_links":{"self":[{"href":"https:\/\/lospoliticosveracruz.com\/index.php?rest_route=\/wp\/v2\/posts\/20114","targetHints":{"allow":["GET"]}}],"collection":[{"href":"https:\/\/lospoliticosveracruz.com\/index.php?rest_route=\/wp\/v2\/posts"}],"about":[{"href":"https:\/\/lospoliticosveracruz.com\/index.php?rest_route=\/wp\/v2\/types\/post"}],"author":[{"embeddable":true,"href":"https:\/\/lospoliticosveracruz.com\/index.php?rest_route=\/wp\/v2\/users\/2"}],"replies":[{"embeddable":true,"href":"https:\/\/lospoliticosveracruz.com\/index.php?rest_route=%2Fwp%2Fv2%2Fcomments&post=20114"}],"version-history":[{"count":2,"href":"https:\/\/lospoliticosveracruz.com\/index.php?rest_route=\/wp\/v2\/posts\/20114\/revisions"}],"predecessor-version":[{"id":20116,"href":"https:\/\/lospoliticosveracruz.com\/index.php?rest_route=\/wp\/v2\/posts\/20114\/revisions\/20116"}],"wp:attachment":[{"href":"https:\/\/lospoliticosveracruz.com\/index.php?rest_route=%2Fwp%2Fv2%2Fmedia&parent=20114"}],"wp:term":[{"taxonomy":"category","embeddable":true,"href":"https:\/\/lospoliticosveracruz.com\/index.php?rest_route=%2Fwp%2Fv2%2Fcategories&post=20114"},{"taxonomy":"post_tag","embeddable":true,"href":"https:\/\/lospoliticosveracruz.com\/index.php?rest_route=%2Fwp%2Fv2%2Ftags&post=20114"}],"curies":[{"name":"wp","href":"https:\/\/api.w.org\/{rel}","templated":true}]}}