{"id":20117,"date":"2016-01-05T20:38:41","date_gmt":"2016-01-06T02:38:41","guid":{"rendered":"http:\/\/www.lospoliticosveracruz.com.mx\/?p=20117"},"modified":"2016-01-05T20:38:41","modified_gmt":"2016-01-06T02:38:41","slug":"pena-nieto-y-el-ajetreo-en-veracruz","status":"publish","type":"post","link":"https:\/\/lospoliticosveracruz.com\/?p=20117","title":{"rendered":"Pe\u00f1a Nieto y el ajetreo en Veracruz"},"content":{"rendered":"<p><a href=\"http:\/\/www.lospoliticosveracruz.com.mx\/wp-content\/uploads\/2014\/11\/Enrique-Pe\u00f1a-Nieto1.jpg\"><img loading=\"lazy\" decoding=\"async\" class=\"alignnone size-medium wp-image-13799\" src=\"http:\/\/www.lospoliticosveracruz.com.mx\/wp-content\/uploads\/2014\/11\/Enrique-Pe\u00f1a-Nieto1-300x172.jpg\" alt=\"Enrique Pe\u00f1a Nieto\" width=\"300\" height=\"172\" \/><\/a><br \/>\n<strong>Pablo Jair Ortega<\/strong><br \/>\n<em>Columna Sin Nombre<\/em><\/p>\n<p>El presidente Enrique Pe\u00f1a Nieto viene a un Veracruz donde se est\u00e1 desbordando la efervescencia pol\u00edtica y se est\u00e1n rompiendo c\u00f3digos que fueron establecidos como costumbre a lo largo de la historia del priato.<\/p>\n<p>Una de estas tradiciones es que el presidente es quien finalmente decide qui\u00e9n ser\u00e1 el candidato de su partido, el Revolucionario Institucional (PRI), a la gubernatura de Veracruz. Pensar que lo anterior est\u00e1 en manos del gobernante local en turno, ser\u00eda estar viviendo todav\u00eda en los 12 a\u00f1os del panismo que cohabit\u00f3 en Los Pinos.<\/p>\n<p>Aunque es claro que la presencia del \u201cL\u00edder\u201d no obedece a un acto de su partido, muchos de sus correligionarios est\u00e1n pendientes de qu\u00e9 se\u00f1ales pueda haber para saber, ya en definitiva, quien es el \u201cbueno\u201d. (Esta es otra de las pr\u00e1cticas m\u00e1s crueles del priato, donde el gobernante saliente va desapareciendo del panorama, abandonado por los que se dijeron sus amigos y distante de las glorias del poder; pues todos ahora dedicar\u00e1n su atenci\u00f3n al nuevo abanderado).<\/p>\n<p>Ante todo este escenario, el presidente Pe\u00f1a Nieto y el gobernador Duarte de Ochoa han hecho llamados a la institucionalidad. Saben que las pasiones est\u00e1n desbordadas, pero sus exhortos han sido en el sentido de que una cosa son las cuestiones electorales y otras las de gobierno.<\/p>\n<p>A ambos les interesa sobremanera realizar un buen papel, especialmente por una situaci\u00f3n de crisis global de la que no escapan ni M\u00e9xico ni Veracruz. Concentrar sus esfuerzos durante esta visita en el tema electoral, ser\u00eda desgastante, pues para eso tienen a sus presidentes de partido Manlio Fabio Beltrones Rivera y Alberto Silva Ramos, en el comit\u00e9 nacional y estatal, respectivamente.<\/p>\n<p>Hay quienes ya se encuentran tranquilos, sabedores de su destino pol\u00edtico por esos acuerdos cupulares que no trascienden a la plebe; hay quienes desde este momento aceptan la realidad como viene y se adaptan a los nuevos tiempos y realidades. Se augura que en los pr\u00f3ximos d\u00edas habr\u00e1 cambios que, efectivamente, dar\u00e1n la nota.<\/p>\n<p>Si bien Pe\u00f1a y Duarte se han mantenido al margen del folklor y las pasiones locales, lo que es innegable es que el presidente llega a un Veracruz dividido, con protestas por pagos retrasados de jubilados y acciones represivas en su contra, pleitos con empresarios, con medios de comunicaci\u00f3n, con la Universidad Veracruzana; catalogado como el peor estado para los periodistas, etc., entre algunos de los principales problemas derivados todos de la insolvencia econ\u00f3mica de la administraci\u00f3n y que han motivado los llamados de algunos sectores para pedir la intervenci\u00f3n cuasi divina del titular del Ejecutivo Federal para resolver los pendientes que le han tocado a la administraci\u00f3n de Javier Duarte.<\/p>\n<p>Dentro de esa amplia problem\u00e1tica que aqueja a Veracruz, la responsabilidad no es toda del gobernador Duarte de Ochoa, pues tuvo desde el principio que soportar toda la herencia que le dej\u00f3 Fidel Herrera Beltr\u00e1n no s\u00f3lo en lo administrativo, sino principalmente en lo humano, al haberle dejado a casi todas sus gentes de confianza dentro del gabinete y el Congreso Local.<\/p>\n<p>Y es que as\u00ed lo ha expresado el mandatario estatal ante los medios: desde un inicio le toc\u00f3 bailar con la m\u00e1s fea.<\/p>\n<p>Tal situaci\u00f3n se agrava cuando el grupo conocido de los Fidelistas anda acelerado y desesperado, que pierden gravemente las formas y se olvidan del cargo p\u00fablico que tienen; se desatan por hacer acto de presencia y protagonismo para reaparecer en el escenario p\u00fablico.<\/p>\n<p>Para muestra, la llegada del ex gobernador Fidel Herrera Beltr\u00e1n en estos d\u00edas para placearse por la capital del pa\u00eds con el pretexto de que anda promoviendo a M\u00e9xico y haci\u00e9ndola de gu\u00eda de turistas VIP, pidiendo tambi\u00e9n se maneje que se re\u00fane con actores pol\u00edticos veracruzanos afines a su sue\u00f1o de un Fidelato que rebase los 12 a\u00f1os.<\/p>\n<p>Entre ellos se sabe que est\u00e1n Alberto Silva Ramos, Adolfo Mota Hern\u00e1ndez, \u00c9dgar Spinoso Carrera, y los infaltables Erick Lagos Hern\u00e1ndez y Jorge Carvallo Delf\u00edn, todos hijos putativos de Fidel, todos diputados federales, todos cercanos en su sexenio y recomendados al de Javier Duarte, quien ha estado ausente en tales c\u00f3nclaves.<\/p>\n<p>El cuenque\u00f1o, experto en temas electorales, tir\u00f3 l\u00ednea para que el proyecto se cristalizara, pero le gan\u00f3 el tiempo y aparte lo mandaron de c\u00f3nsul a Barcelona.<\/p>\n<p>Por eso no es gratis que quienes saben de estas reuniones (empezando por el secretario de Gobernaci\u00f3n, Miguel \u00c1ngel Osorio Chong) observen los errores, el nerviosismo y la desesperaci\u00f3n que muestra Fidel Herrera Beltr\u00e1n y su grupo, que les llevan a cometer actos burdos como el destape pedorro del diputado federal por los Tuxtlas, primero por un defraudador y timador profesional de la zona de Catemaco que dice ser dirigente del PVEM y este martes por una dirigente a quien en la plenitud del \u201cpinche poder\u201d el propio ex gobernador impuso un apodo muy ofensivo. Francamente, el apoyo s\u00f3lo desat\u00f3 la carcajada en las redacciones.<\/p>\n<p>Ante esto, que motiva a risa, no es por nada que los propios priistas piden la intervenci\u00f3n de Pe\u00f1a Nieto en Veracruz, porque el ambiente pol\u00edtico est\u00e1 tenso y los Fidelistas est\u00e1n empe\u00f1ados en ensuciar el proceso electoral, traicionando entre ellos mismos sus pactos decembrinos, ya que hasta el domingo 3 de enero todav\u00eda era Alberto Silva su candidato, pero ante la falta de impulso obtenido, el maestro y gur\u00fa del grupo decide cambiar de caballo e impulsar a Jorge Carvallo Delf\u00edn.<\/p>\n<p>Pe\u00f1a Nieto ha demostrado tener la cabeza muy fr\u00eda en estas cuestiones y no le han ganado las ganas de dar el manotazo para meter orden en Veracruz. Como ejemplo: cuando fue gobernador del Estado de M\u00e9xico, donde a pesar de que se hablaba que su primo Alfredo del Mazo ser\u00eda el sucesor, opt\u00f3 por Eruviel \u00c1vila para que no se rompiera la unidad al interior del partido.<\/p>\n<p>Por eso la llegada del presidente a Veracruz este 6 de enero, debe tomarse como lo que es: un acto meramente oficial, donde se conmemora la promulgaci\u00f3n de la Ley Agraria. Lo dem\u00e1s son calenturas de un grup\u00fasculo de d\u00e9spotas aferrados a mantener sus ambiciones personales, dispuestos a lo que sea para no perder, seg\u00fan ellos, el \u201ccontrol\u201d en Veracruz.<\/p>\n","protected":false},"excerpt":{"rendered":"<p>Pablo Jair Ortega Columna Sin Nombre El presidente Enrique Pe\u00f1a Nieto viene a un Veracruz donde se est\u00e1 desbordando la efervescencia pol\u00edtica y se est\u00e1n rompiendo c\u00f3digos que fueron establecidos como costumbre a lo largo de la historia del priato. Una de estas tradiciones es que el presidente es quien finalmente decide qui\u00e9n ser\u00e1 el [&hellip;]<\/p>\n","protected":false},"author":2,"featured_media":0,"comment_status":"open","ping_status":"open","sticky":false,"template":"","format":"standard","meta":{"tdm_status":"","tdm_grid_status":"","footnotes":""},"categories":[70],"tags":[281,260,4011,251,195],"class_list":{"0":"post-20117","1":"post","2":"type-post","3":"status-publish","4":"format-standard","6":"category-de-opinion","7":"tag-enrique-pena-nieto","8":"tag-javier-duarte-de-ochoa","9":"tag-manlio-fabio-beltrones-rivera","10":"tag-pri","11":"tag-veracruz"},"yoast_head":"<!-- This site is optimized with the Yoast SEO plugin v27.4 - https:\/\/yoast.com\/product\/yoast-seo-wordpress\/ -->\n<title>Pe\u00f1a Nieto y el ajetreo en Veracruz - Los pol\u00edticos Veracruz<\/title>\n<meta name=\"robots\" content=\"index, follow, max-snippet:-1, max-image-preview:large, max-video-preview:-1\" \/>\n<link rel=\"canonical\" href=\"https:\/\/lospoliticosveracruz.com\/?p=20117\" \/>\n<meta property=\"og:locale\" content=\"es_ES\" \/>\n<meta property=\"og:type\" content=\"article\" \/>\n<meta property=\"og:title\" content=\"Pe\u00f1a Nieto y el ajetreo en Veracruz - Los pol\u00edticos Veracruz\" \/>\n<meta property=\"og:description\" content=\"Pablo Jair Ortega Columna Sin Nombre El presidente Enrique Pe\u00f1a Nieto viene a un Veracruz donde se est\u00e1 desbordando la efervescencia pol\u00edtica y se est\u00e1n rompiendo c\u00f3digos que fueron establecidos como costumbre a lo largo de la historia del priato. Una de estas tradiciones es que el presidente es quien finalmente decide qui\u00e9n ser\u00e1 el [&hellip;]\" \/>\n<meta property=\"og:url\" content=\"https:\/\/lospoliticosveracruz.com\/?p=20117\" \/>\n<meta property=\"og:site_name\" content=\"Los pol\u00edticos Veracruz\" \/>\n<meta property=\"article:publisher\" content=\"https:\/\/www.facebook.com\/people\/Notimemes-de-los-Polticos\/61565672886568\/\" \/>\n<meta property=\"article:published_time\" content=\"2016-01-06T02:38:41+00:00\" \/>\n<meta property=\"og:image\" content=\"https:\/\/lospoliticosveracruz.com\/wp-content\/uploads\/2016\/07\/Logo-Dor.jpg\" \/>\n\t<meta property=\"og:image:width\" content=\"200\" \/>\n\t<meta property=\"og:image:height\" content=\"200\" \/>\n\t<meta property=\"og:image:type\" content=\"image\/jpeg\" \/>\n<meta name=\"author\" content=\"Lo viste en Los Pol\u00edticos\" \/>\n<meta name=\"twitter:card\" content=\"summary_large_image\" \/>\n<meta name=\"twitter:creator\" content=\"@LosPoliticosVer\" \/>\n<meta name=\"twitter:site\" content=\"@LosPoliticosVer\" \/>\n<meta name=\"twitter:label1\" content=\"Escrito por\" \/>\n\t<meta name=\"twitter:data1\" content=\"Lo viste en Los Pol\u00edticos\" \/>\n\t<meta name=\"twitter:label2\" content=\"Tiempo de lectura\" \/>\n\t<meta name=\"twitter:data2\" content=\"5 minutos\" \/>\n<script type=\"application\/ld+json\" class=\"yoast-schema-graph\">{\"@context\":\"https:\\\/\\\/schema.org\",\"@graph\":[{\"@type\":\"Article\",\"@id\":\"https:\\\/\\\/lospoliticosveracruz.com\\\/?p=20117#article\",\"isPartOf\":{\"@id\":\"https:\\\/\\\/lospoliticosveracruz.com\\\/?p=20117\"},\"author\":{\"name\":\"Lo viste en Los Pol\u00edticos\",\"@id\":\"https:\\\/\\\/lospoliticosveracruz.com\\\/#\\\/schema\\\/person\\\/b8702bb0e538456e6efd07080bf2a4a2\"},\"headline\":\"Pe\u00f1a Nieto y el ajetreo en Veracruz\",\"datePublished\":\"2016-01-06T02:38:41+00:00\",\"mainEntityOfPage\":{\"@id\":\"https:\\\/\\\/lospoliticosveracruz.com\\\/?p=20117\"},\"wordCount\":1106,\"commentCount\":0,\"publisher\":{\"@id\":\"https:\\\/\\\/lospoliticosveracruz.com\\\/#organization\"},\"keywords\":[\"Enrique Pe\u00f1a Nieto\",\"Javier Duarte de Ochoa\",\"Manlio Fabio Beltrones Rivera\",\"PRI\",\"Veracruz\"],\"articleSection\":[\"De Opini\u00f3n\"],\"inLanguage\":\"es\",\"potentialAction\":[{\"@type\":\"CommentAction\",\"name\":\"Comment\",\"target\":[\"https:\\\/\\\/lospoliticosveracruz.com\\\/?p=20117#respond\"]}]},{\"@type\":\"WebPage\",\"@id\":\"https:\\\/\\\/lospoliticosveracruz.com\\\/?p=20117\",\"url\":\"https:\\\/\\\/lospoliticosveracruz.com\\\/?p=20117\",\"name\":\"Pe\u00f1a Nieto y el ajetreo en Veracruz - Los pol\u00edticos Veracruz\",\"isPartOf\":{\"@id\":\"https:\\\/\\\/lospoliticosveracruz.com\\\/#website\"},\"datePublished\":\"2016-01-06T02:38:41+00:00\",\"breadcrumb\":{\"@id\":\"https:\\\/\\\/lospoliticosveracruz.com\\\/?p=20117#breadcrumb\"},\"inLanguage\":\"es\",\"potentialAction\":[{\"@type\":\"ReadAction\",\"target\":[\"https:\\\/\\\/lospoliticosveracruz.com\\\/?p=20117\"]}]},{\"@type\":\"BreadcrumbList\",\"@id\":\"https:\\\/\\\/lospoliticosveracruz.com\\\/?p=20117#breadcrumb\",\"itemListElement\":[{\"@type\":\"ListItem\",\"position\":1,\"name\":\"Portada\",\"item\":\"https:\\\/\\\/lospoliticosveracruz.com\\\/\"},{\"@type\":\"ListItem\",\"position\":2,\"name\":\"Pe\u00f1a Nieto y el ajetreo en Veracruz\"}]},{\"@type\":\"WebSite\",\"@id\":\"https:\\\/\\\/lospoliticosveracruz.com\\\/#website\",\"url\":\"https:\\\/\\\/lospoliticosveracruz.com\\\/\",\"name\":\"Los pol\u00edticos Veracruz\",\"description\":\"\",\"publisher\":{\"@id\":\"https:\\\/\\\/lospoliticosveracruz.com\\\/#organization\"},\"potentialAction\":[{\"@type\":\"SearchAction\",\"target\":{\"@type\":\"EntryPoint\",\"urlTemplate\":\"https:\\\/\\\/lospoliticosveracruz.com\\\/?s={search_term_string}\"},\"query-input\":{\"@type\":\"PropertyValueSpecification\",\"valueRequired\":true,\"valueName\":\"search_term_string\"}}],\"inLanguage\":\"es\"},{\"@type\":\"Organization\",\"@id\":\"https:\\\/\\\/lospoliticosveracruz.com\\\/#organization\",\"name\":\"Los pol\u00edticos Veracruz\",\"url\":\"https:\\\/\\\/lospoliticosveracruz.com\\\/\",\"logo\":{\"@type\":\"ImageObject\",\"inLanguage\":\"es\",\"@id\":\"https:\\\/\\\/lospoliticosveracruz.com\\\/#\\\/schema\\\/logo\\\/image\\\/\",\"url\":\"https:\\\/\\\/lospoliticosveracruz.com\\\/wp-content\\\/uploads\\\/2025\\\/12\\\/Logo-Nuevo-LOS-POLITICOS-1.jpg\",\"contentUrl\":\"https:\\\/\\\/lospoliticosveracruz.com\\\/wp-content\\\/uploads\\\/2025\\\/12\\\/Logo-Nuevo-LOS-POLITICOS-1.jpg\",\"width\":260,\"height\":70,\"caption\":\"Los pol\u00edticos Veracruz\"},\"image\":{\"@id\":\"https:\\\/\\\/lospoliticosveracruz.com\\\/#\\\/schema\\\/logo\\\/image\\\/\"},\"sameAs\":[\"https:\\\/\\\/www.facebook.com\\\/people\\\/Notimemes-de-los-Polticos\\\/61565672886568\\\/\",\"https:\\\/\\\/x.com\\\/LosPoliticosVer\"]},{\"@type\":\"Person\",\"@id\":\"https:\\\/\\\/lospoliticosveracruz.com\\\/#\\\/schema\\\/person\\\/b8702bb0e538456e6efd07080bf2a4a2\",\"name\":\"Lo viste en Los Pol\u00edticos\",\"image\":{\"@type\":\"ImageObject\",\"inLanguage\":\"es\",\"@id\":\"https:\\\/\\\/secure.gravatar.com\\\/avatar\\\/3a8de04a2656d44082be478bd6c086daa447c4651605818287b9532d3d0bd435?s=96&d=mm&r=g\",\"url\":\"https:\\\/\\\/secure.gravatar.com\\\/avatar\\\/3a8de04a2656d44082be478bd6c086daa447c4651605818287b9532d3d0bd435?s=96&d=mm&r=g\",\"contentUrl\":\"https:\\\/\\\/secure.gravatar.com\\\/avatar\\\/3a8de04a2656d44082be478bd6c086daa447c4651605818287b9532d3d0bd435?s=96&d=mm&r=g\",\"caption\":\"Lo viste en Los Pol\u00edticos\"},\"url\":\"https:\\\/\\\/lospoliticosveracruz.com\\\/?author=2\"}]}<\/script>\n<!-- \/ Yoast SEO plugin. -->","yoast_head_json":{"title":"Pe\u00f1a Nieto y el ajetreo en Veracruz - Los pol\u00edticos Veracruz","robots":{"index":"index","follow":"follow","max-snippet":"max-snippet:-1","max-image-preview":"max-image-preview:large","max-video-preview":"max-video-preview:-1"},"canonical":"https:\/\/lospoliticosveracruz.com\/?p=20117","og_locale":"es_ES","og_type":"article","og_title":"Pe\u00f1a Nieto y el ajetreo en Veracruz - Los pol\u00edticos Veracruz","og_description":"Pablo Jair Ortega Columna Sin Nombre El presidente Enrique Pe\u00f1a Nieto viene a un Veracruz donde se est\u00e1 desbordando la efervescencia pol\u00edtica y se est\u00e1n rompiendo c\u00f3digos que fueron establecidos como costumbre a lo largo de la historia del priato. Una de estas tradiciones es que el presidente es quien finalmente decide qui\u00e9n ser\u00e1 el [&hellip;]","og_url":"https:\/\/lospoliticosveracruz.com\/?p=20117","og_site_name":"Los pol\u00edticos Veracruz","article_publisher":"https:\/\/www.facebook.com\/people\/Notimemes-de-los-Polticos\/61565672886568\/","article_published_time":"2016-01-06T02:38:41+00:00","og_image":[{"width":200,"height":200,"url":"https:\/\/lospoliticosveracruz.com\/wp-content\/uploads\/2016\/07\/Logo-Dor.jpg","type":"image\/jpeg"}],"author":"Lo viste en Los Pol\u00edticos","twitter_card":"summary_large_image","twitter_creator":"@LosPoliticosVer","twitter_site":"@LosPoliticosVer","twitter_misc":{"Escrito por":"Lo viste en Los Pol\u00edticos","Tiempo de lectura":"5 minutos"},"schema":{"@context":"https:\/\/schema.org","@graph":[{"@type":"Article","@id":"https:\/\/lospoliticosveracruz.com\/?p=20117#article","isPartOf":{"@id":"https:\/\/lospoliticosveracruz.com\/?p=20117"},"author":{"name":"Lo viste en Los Pol\u00edticos","@id":"https:\/\/lospoliticosveracruz.com\/#\/schema\/person\/b8702bb0e538456e6efd07080bf2a4a2"},"headline":"Pe\u00f1a Nieto y el ajetreo en Veracruz","datePublished":"2016-01-06T02:38:41+00:00","mainEntityOfPage":{"@id":"https:\/\/lospoliticosveracruz.com\/?p=20117"},"wordCount":1106,"commentCount":0,"publisher":{"@id":"https:\/\/lospoliticosveracruz.com\/#organization"},"keywords":["Enrique Pe\u00f1a Nieto","Javier Duarte de Ochoa","Manlio Fabio Beltrones Rivera","PRI","Veracruz"],"articleSection":["De Opini\u00f3n"],"inLanguage":"es","potentialAction":[{"@type":"CommentAction","name":"Comment","target":["https:\/\/lospoliticosveracruz.com\/?p=20117#respond"]}]},{"@type":"WebPage","@id":"https:\/\/lospoliticosveracruz.com\/?p=20117","url":"https:\/\/lospoliticosveracruz.com\/?p=20117","name":"Pe\u00f1a Nieto y el ajetreo en Veracruz - Los pol\u00edticos Veracruz","isPartOf":{"@id":"https:\/\/lospoliticosveracruz.com\/#website"},"datePublished":"2016-01-06T02:38:41+00:00","breadcrumb":{"@id":"https:\/\/lospoliticosveracruz.com\/?p=20117#breadcrumb"},"inLanguage":"es","potentialAction":[{"@type":"ReadAction","target":["https:\/\/lospoliticosveracruz.com\/?p=20117"]}]},{"@type":"BreadcrumbList","@id":"https:\/\/lospoliticosveracruz.com\/?p=20117#breadcrumb","itemListElement":[{"@type":"ListItem","position":1,"name":"Portada","item":"https:\/\/lospoliticosveracruz.com\/"},{"@type":"ListItem","position":2,"name":"Pe\u00f1a Nieto y el ajetreo en Veracruz"}]},{"@type":"WebSite","@id":"https:\/\/lospoliticosveracruz.com\/#website","url":"https:\/\/lospoliticosveracruz.com\/","name":"Los pol\u00edticos Veracruz","description":"","publisher":{"@id":"https:\/\/lospoliticosveracruz.com\/#organization"},"potentialAction":[{"@type":"SearchAction","target":{"@type":"EntryPoint","urlTemplate":"https:\/\/lospoliticosveracruz.com\/?s={search_term_string}"},"query-input":{"@type":"PropertyValueSpecification","valueRequired":true,"valueName":"search_term_string"}}],"inLanguage":"es"},{"@type":"Organization","@id":"https:\/\/lospoliticosveracruz.com\/#organization","name":"Los pol\u00edticos Veracruz","url":"https:\/\/lospoliticosveracruz.com\/","logo":{"@type":"ImageObject","inLanguage":"es","@id":"https:\/\/lospoliticosveracruz.com\/#\/schema\/logo\/image\/","url":"https:\/\/lospoliticosveracruz.com\/wp-content\/uploads\/2025\/12\/Logo-Nuevo-LOS-POLITICOS-1.jpg","contentUrl":"https:\/\/lospoliticosveracruz.com\/wp-content\/uploads\/2025\/12\/Logo-Nuevo-LOS-POLITICOS-1.jpg","width":260,"height":70,"caption":"Los pol\u00edticos Veracruz"},"image":{"@id":"https:\/\/lospoliticosveracruz.com\/#\/schema\/logo\/image\/"},"sameAs":["https:\/\/www.facebook.com\/people\/Notimemes-de-los-Polticos\/61565672886568\/","https:\/\/x.com\/LosPoliticosVer"]},{"@type":"Person","@id":"https:\/\/lospoliticosveracruz.com\/#\/schema\/person\/b8702bb0e538456e6efd07080bf2a4a2","name":"Lo viste en Los Pol\u00edticos","image":{"@type":"ImageObject","inLanguage":"es","@id":"https:\/\/secure.gravatar.com\/avatar\/3a8de04a2656d44082be478bd6c086daa447c4651605818287b9532d3d0bd435?s=96&d=mm&r=g","url":"https:\/\/secure.gravatar.com\/avatar\/3a8de04a2656d44082be478bd6c086daa447c4651605818287b9532d3d0bd435?s=96&d=mm&r=g","contentUrl":"https:\/\/secure.gravatar.com\/avatar\/3a8de04a2656d44082be478bd6c086daa447c4651605818287b9532d3d0bd435?s=96&d=mm&r=g","caption":"Lo viste en Los Pol\u00edticos"},"url":"https:\/\/lospoliticosveracruz.com\/?author=2"}]}},"_links":{"self":[{"href":"https:\/\/lospoliticosveracruz.com\/index.php?rest_route=\/wp\/v2\/posts\/20117","targetHints":{"allow":["GET"]}}],"collection":[{"href":"https:\/\/lospoliticosveracruz.com\/index.php?rest_route=\/wp\/v2\/posts"}],"about":[{"href":"https:\/\/lospoliticosveracruz.com\/index.php?rest_route=\/wp\/v2\/types\/post"}],"author":[{"embeddable":true,"href":"https:\/\/lospoliticosveracruz.com\/index.php?rest_route=\/wp\/v2\/users\/2"}],"replies":[{"embeddable":true,"href":"https:\/\/lospoliticosveracruz.com\/index.php?rest_route=%2Fwp%2Fv2%2Fcomments&post=20117"}],"version-history":[{"count":1,"href":"https:\/\/lospoliticosveracruz.com\/index.php?rest_route=\/wp\/v2\/posts\/20117\/revisions"}],"predecessor-version":[{"id":20118,"href":"https:\/\/lospoliticosveracruz.com\/index.php?rest_route=\/wp\/v2\/posts\/20117\/revisions\/20118"}],"wp:attachment":[{"href":"https:\/\/lospoliticosveracruz.com\/index.php?rest_route=%2Fwp%2Fv2%2Fmedia&parent=20117"}],"wp:term":[{"taxonomy":"category","embeddable":true,"href":"https:\/\/lospoliticosveracruz.com\/index.php?rest_route=%2Fwp%2Fv2%2Fcategories&post=20117"},{"taxonomy":"post_tag","embeddable":true,"href":"https:\/\/lospoliticosveracruz.com\/index.php?rest_route=%2Fwp%2Fv2%2Ftags&post=20117"}],"curies":[{"name":"wp","href":"https:\/\/api.w.org\/{rel}","templated":true}]}}