{"id":2012,"date":"2014-09-30T15:31:00","date_gmt":"2014-09-30T15:31:00","guid":{"rendered":"http:\/\/www.lospoliticosveracruz.com.mx\/?p=2012"},"modified":"2014-10-10T18:41:09","modified_gmt":"2014-10-10T18:41:09","slug":"tuxpan-con-autopista-pero-inundada","status":"publish","type":"post","link":"https:\/\/lospoliticosveracruz.com\/?p=2012","title":{"rendered":"Tuxpan, con autopista pero inundada"},"content":{"rendered":"<p><b><\/b><\/p>\n<div style=\"clear: both; text-align: center;\"><b><\/b><\/div>\n<p><b><\/p>\n<div>\n<div style=\"clear: both; text-align: center;\"><a href=\"http:\/\/www.lospoliticosveracruz.com.mx\/wp-content\/uploads\/2014\/09\/Tuxpan-2Bcopia.jpg\" style=\"margin-left: 1em; margin-right: 1em;\"><img loading=\"lazy\" decoding=\"async\" border=\"0\" src=\"http:\/\/www.lospoliticosveracruz.com.mx\/wp-content\/uploads\/2014\/09\/Tuxpan-2Bcopia.jpg\" height=\"240\" width=\"320\" \/><\/a><\/div>\n<p><b><br \/><\/b><\/div>\n<p>M\u00f3nica Camarena Crespo<\/b><br \/><i>Parque Ju\u00e1rez<\/i><\/p>\n<div>Cuando acaba de pasar con bombo y platillo la apertura de la autopista M\u00e9xico-Tuxpan, considerada una obra fundamental en la historia de las comunicaciones, fen\u00f3menos meteorol\u00f3gicos dejan al descubierto que tan vulnerable puede ser una poblaci\u00f3n ante el embate de la naturaleza.<br \/>Las lluvias se preve\u00edan fuertes, as\u00ed fueron anunciadas por las autoridades encargadas, hasta se suspendieron clases en Tuxpan, con tal de que no poner en riesgo a la poblaci\u00f3n, que inici\u00f3 una semana, literalmente con el agua hasta el cuello como reza el dicho.<br \/><a name='more'><\/a><br \/>Fueron muchas las calles y avenidas inundadas en el puerto del norte del estado, as\u00ed como comunidades cercanas a esa zona.<br \/>Aunque las lluvias se han intensificado en casi todo el estado, la inundaci\u00f3n en Tuxpan dej\u00f3 desprovistos a muchos prestadores de servicios que ahora buscan atender bien a quienes aprovechan el corto tiempo de viaje entre el valle de M\u00e9xico y esta zona.<br \/>Ya se han manifestado por mayores apoyos, facilidad de cr\u00e9ditos, capacitaci\u00f3n y programas que incentiven esta regi\u00f3n, que hoy en d\u00eda, se perfila como un verdadero polo tur\u00edstico por la apertura de la autopista M\u00e9xico-Tuxpan, la cual ya ha logrado una mayor afluencia de visitantes.<br \/>Sin embargo, cuando todos empezaban a registrar la llegada de turistas, por la novedad que gener\u00f3 la inauguraci\u00f3n de la autopista por parte del Presidente Enrique Pe\u00f1a Nieto apenas hace pocos d\u00edas, las lluvias inundan Tuxpan y con ello se hace patente la necesidad de realizar algunas obras que puedan evitar la anegaci\u00f3n tan grande de agua que se registro apenas este inicio de semana.<br \/>Y es que, para que un lugar pueda tener la preferencia del turismo nacional y extranjero, debe contar con m\u00e1s y mejores obras. Accesos seguros y la inversi\u00f3n extraordinaria de los 3 niveles de gobierno.<br \/>En Tuxpan, una fuerte lluvia dejo en evidencia, que todav\u00eda hace falta mucho por hacer para que se convierta en el polo tur\u00edstico, econ\u00f3mico y de desarrollo para el que ha sido planeado.<br \/>Por lo pronto, hay que reforzar precauciones, pues&nbsp;la Secretar\u00eda de Protecci\u00f3n Civil (PC) emiti\u00f3 un aviso por la continuaci\u00f3n de lluvias fuertes con actividad el\u00e9ctrica.<\/p>\n<p><b>\u00c1gora<\/b><br \/>Se sabe que vendr\u00e1 un apret\u00f3n a todas las delegaciones de la CONAGUA en el pa\u00eds; no quieren que pase lo que en el estado de Sonora, en el riesgoso tema de la contaminaci\u00f3n por parte de irresponsables empresas.<br \/>En cada entidad se va a exigir que entreguen resultados pronto en zonas riesgosas por el asentamiento de industrias que puedan generar contaminaci\u00f3n a las aguas naturales. La instrucci\u00f3n es que no importa quien caiga.<\/p>\n<p><b>\u00c1gora II<\/b><br \/>En Xalapa y sus principales arterias, las palabras marchas y manifestaciones fueron tal vez algunas de las m\u00e1s pronunciadas en tono molesto por los habitantes que ya est\u00e1n desesperados por los inconvenientes que este tipo de protestas provocan en la capital del estado.<br \/>Caos, molestia y el bloqueo de diversas actividades econ\u00f3micas sin duda. Y lo peor, no se ve posible soluci\u00f3n a corto plazo.<\/p>\n<p>@monicamarena<\/p><\/div>\n","protected":false},"excerpt":{"rendered":"<p>M\u00f3nica Camarena CrespoParque Ju\u00e1rez Cuando acaba de pasar con bombo y platillo la apertura de la autopista M\u00e9xico-Tuxpan, considerada una obra fundamental en la historia de las comunicaciones, fen\u00f3menos meteorol\u00f3gicos dejan al descubierto que tan vulnerable puede ser una poblaci\u00f3n ante el embate de la naturaleza.Las lluvias se preve\u00edan fuertes, as\u00ed fueron anunciadas por las [&hellip;]<\/p>\n","protected":false},"author":1,"featured_media":0,"comment_status":"open","ping_status":"open","sticky":false,"template":"","format":"standard","meta":{"tdm_status":"","tdm_grid_status":"","footnotes":""},"categories":[70],"tags":[205,94,206,203],"class_list":{"0":"post-2012","1":"post","2":"type-post","3":"status-publish","4":"format-standard","6":"category-de-opinion","7":"tag-conagua","8":"tag-pena-nieto","9":"tag-proteccion-civil","10":"tag-tuxpan"},"yoast_head":"<!-- This site is optimized with the Yoast SEO plugin v27.4 - https:\/\/yoast.com\/product\/yoast-seo-wordpress\/ -->\n<title>Tuxpan, con autopista pero inundada - Los pol\u00edticos Veracruz<\/title>\n<meta name=\"robots\" content=\"index, follow, max-snippet:-1, max-image-preview:large, max-video-preview:-1\" \/>\n<link rel=\"canonical\" href=\"https:\/\/lospoliticosveracruz.com\/?p=2012\" \/>\n<meta property=\"og:locale\" content=\"es_ES\" \/>\n<meta property=\"og:type\" content=\"article\" \/>\n<meta property=\"og:title\" content=\"Tuxpan, con autopista pero inundada - Los pol\u00edticos Veracruz\" \/>\n<meta property=\"og:description\" content=\"M\u00f3nica Camarena CrespoParque Ju\u00e1rez Cuando acaba de pasar con bombo y platillo la apertura de la autopista M\u00e9xico-Tuxpan, considerada una obra fundamental en la historia de las comunicaciones, fen\u00f3menos meteorol\u00f3gicos dejan al descubierto que tan vulnerable puede ser una poblaci\u00f3n ante el embate de la naturaleza.Las lluvias se preve\u00edan fuertes, as\u00ed fueron anunciadas por las [&hellip;]\" \/>\n<meta property=\"og:url\" content=\"https:\/\/lospoliticosveracruz.com\/?p=2012\" \/>\n<meta property=\"og:site_name\" content=\"Los pol\u00edticos Veracruz\" \/>\n<meta property=\"article:publisher\" content=\"https:\/\/www.facebook.com\/people\/Notimemes-de-los-Polticos\/61565672886568\/\" \/>\n<meta property=\"article:published_time\" content=\"2014-09-30T15:31:00+00:00\" \/>\n<meta property=\"article:modified_time\" content=\"2014-10-10T18:41:09+00:00\" \/>\n<meta property=\"og:image\" content=\"http:\/\/www.lospoliticosveracruz.com.mx\/wp-content\/uploads\/2014\/09\/Tuxpan-2Bcopia.jpg\" \/>\n<meta name=\"author\" content=\"lospoladmin\" \/>\n<meta name=\"twitter:card\" content=\"summary_large_image\" \/>\n<meta name=\"twitter:creator\" content=\"@LosPoliticosVer\" \/>\n<meta name=\"twitter:site\" content=\"@LosPoliticosVer\" \/>\n<meta name=\"twitter:label1\" content=\"Escrito por\" \/>\n\t<meta name=\"twitter:data1\" content=\"lospoladmin\" \/>\n\t<meta name=\"twitter:label2\" content=\"Tiempo de lectura\" \/>\n\t<meta name=\"twitter:data2\" content=\"3 minutos\" \/>\n<script type=\"application\/ld+json\" class=\"yoast-schema-graph\">{\"@context\":\"https:\\\/\\\/schema.org\",\"@graph\":[{\"@type\":\"Article\",\"@id\":\"https:\\\/\\\/lospoliticosveracruz.com\\\/?p=2012#article\",\"isPartOf\":{\"@id\":\"https:\\\/\\\/lospoliticosveracruz.com\\\/?p=2012\"},\"author\":{\"name\":\"lospoladmin\",\"@id\":\"https:\\\/\\\/lospoliticosveracruz.com\\\/#\\\/schema\\\/person\\\/c5fee8df75ee4700bd7f8e92859bd696\"},\"headline\":\"Tuxpan, con autopista pero inundada\",\"datePublished\":\"2014-09-30T15:31:00+00:00\",\"dateModified\":\"2014-10-10T18:41:09+00:00\",\"mainEntityOfPage\":{\"@id\":\"https:\\\/\\\/lospoliticosveracruz.com\\\/?p=2012\"},\"wordCount\":545,\"commentCount\":0,\"publisher\":{\"@id\":\"https:\\\/\\\/lospoliticosveracruz.com\\\/#organization\"},\"image\":{\"@id\":\"https:\\\/\\\/lospoliticosveracruz.com\\\/?p=2012#primaryimage\"},\"thumbnailUrl\":\"http:\\\/\\\/www.lospoliticosveracruz.com.mx\\\/wp-content\\\/uploads\\\/2014\\\/09\\\/Tuxpan-2Bcopia.jpg\",\"keywords\":[\"Conagua\",\"Pe\u00f1a Nieto\",\"Protecci\u00f3n Civil\",\"Tuxpan\"],\"articleSection\":[\"De Opini\u00f3n\"],\"inLanguage\":\"es\",\"potentialAction\":[{\"@type\":\"CommentAction\",\"name\":\"Comment\",\"target\":[\"https:\\\/\\\/lospoliticosveracruz.com\\\/?p=2012#respond\"]}]},{\"@type\":\"WebPage\",\"@id\":\"https:\\\/\\\/lospoliticosveracruz.com\\\/?p=2012\",\"url\":\"https:\\\/\\\/lospoliticosveracruz.com\\\/?p=2012\",\"name\":\"Tuxpan, con autopista pero inundada - Los pol\u00edticos Veracruz\",\"isPartOf\":{\"@id\":\"https:\\\/\\\/lospoliticosveracruz.com\\\/#website\"},\"primaryImageOfPage\":{\"@id\":\"https:\\\/\\\/lospoliticosveracruz.com\\\/?p=2012#primaryimage\"},\"image\":{\"@id\":\"https:\\\/\\\/lospoliticosveracruz.com\\\/?p=2012#primaryimage\"},\"thumbnailUrl\":\"http:\\\/\\\/www.lospoliticosveracruz.com.mx\\\/wp-content\\\/uploads\\\/2014\\\/09\\\/Tuxpan-2Bcopia.jpg\",\"datePublished\":\"2014-09-30T15:31:00+00:00\",\"dateModified\":\"2014-10-10T18:41:09+00:00\",\"breadcrumb\":{\"@id\":\"https:\\\/\\\/lospoliticosveracruz.com\\\/?p=2012#breadcrumb\"},\"inLanguage\":\"es\",\"potentialAction\":[{\"@type\":\"ReadAction\",\"target\":[\"https:\\\/\\\/lospoliticosveracruz.com\\\/?p=2012\"]}]},{\"@type\":\"ImageObject\",\"inLanguage\":\"es\",\"@id\":\"https:\\\/\\\/lospoliticosveracruz.com\\\/?p=2012#primaryimage\",\"url\":\"http:\\\/\\\/www.lospoliticosveracruz.com.mx\\\/wp-content\\\/uploads\\\/2014\\\/09\\\/Tuxpan-2Bcopia.jpg\",\"contentUrl\":\"http:\\\/\\\/www.lospoliticosveracruz.com.mx\\\/wp-content\\\/uploads\\\/2014\\\/09\\\/Tuxpan-2Bcopia.jpg\"},{\"@type\":\"BreadcrumbList\",\"@id\":\"https:\\\/\\\/lospoliticosveracruz.com\\\/?p=2012#breadcrumb\",\"itemListElement\":[{\"@type\":\"ListItem\",\"position\":1,\"name\":\"Portada\",\"item\":\"https:\\\/\\\/lospoliticosveracruz.com\\\/\"},{\"@type\":\"ListItem\",\"position\":2,\"name\":\"Tuxpan, con autopista pero inundada\"}]},{\"@type\":\"WebSite\",\"@id\":\"https:\\\/\\\/lospoliticosveracruz.com\\\/#website\",\"url\":\"https:\\\/\\\/lospoliticosveracruz.com\\\/\",\"name\":\"Los pol\u00edticos Veracruz\",\"description\":\"\",\"publisher\":{\"@id\":\"https:\\\/\\\/lospoliticosveracruz.com\\\/#organization\"},\"potentialAction\":[{\"@type\":\"SearchAction\",\"target\":{\"@type\":\"EntryPoint\",\"urlTemplate\":\"https:\\\/\\\/lospoliticosveracruz.com\\\/?s={search_term_string}\"},\"query-input\":{\"@type\":\"PropertyValueSpecification\",\"valueRequired\":true,\"valueName\":\"search_term_string\"}}],\"inLanguage\":\"es\"},{\"@type\":\"Organization\",\"@id\":\"https:\\\/\\\/lospoliticosveracruz.com\\\/#organization\",\"name\":\"Los pol\u00edticos Veracruz\",\"url\":\"https:\\\/\\\/lospoliticosveracruz.com\\\/\",\"logo\":{\"@type\":\"ImageObject\",\"inLanguage\":\"es\",\"@id\":\"https:\\\/\\\/lospoliticosveracruz.com\\\/#\\\/schema\\\/logo\\\/image\\\/\",\"url\":\"https:\\\/\\\/lospoliticosveracruz.com\\\/wp-content\\\/uploads\\\/2025\\\/12\\\/Logo-Nuevo-LOS-POLITICOS-1.jpg\",\"contentUrl\":\"https:\\\/\\\/lospoliticosveracruz.com\\\/wp-content\\\/uploads\\\/2025\\\/12\\\/Logo-Nuevo-LOS-POLITICOS-1.jpg\",\"width\":260,\"height\":70,\"caption\":\"Los pol\u00edticos Veracruz\"},\"image\":{\"@id\":\"https:\\\/\\\/lospoliticosveracruz.com\\\/#\\\/schema\\\/logo\\\/image\\\/\"},\"sameAs\":[\"https:\\\/\\\/www.facebook.com\\\/people\\\/Notimemes-de-los-Polticos\\\/61565672886568\\\/\",\"https:\\\/\\\/x.com\\\/LosPoliticosVer\"]},{\"@type\":\"Person\",\"@id\":\"https:\\\/\\\/lospoliticosveracruz.com\\\/#\\\/schema\\\/person\\\/c5fee8df75ee4700bd7f8e92859bd696\",\"name\":\"lospoladmin\",\"image\":{\"@type\":\"ImageObject\",\"inLanguage\":\"es\",\"@id\":\"https:\\\/\\\/secure.gravatar.com\\\/avatar\\\/f4a468785695515895c4d618820f242e33d3d72a0284244a0fad6d19795cb724?s=96&d=mm&r=g\",\"url\":\"https:\\\/\\\/secure.gravatar.com\\\/avatar\\\/f4a468785695515895c4d618820f242e33d3d72a0284244a0fad6d19795cb724?s=96&d=mm&r=g\",\"contentUrl\":\"https:\\\/\\\/secure.gravatar.com\\\/avatar\\\/f4a468785695515895c4d618820f242e33d3d72a0284244a0fad6d19795cb724?s=96&d=mm&r=g\",\"caption\":\"lospoladmin\"},\"url\":\"https:\\\/\\\/lospoliticosveracruz.com\\\/?author=1\"}]}<\/script>\n<!-- \/ Yoast SEO plugin. -->","yoast_head_json":{"title":"Tuxpan, con autopista pero inundada - Los pol\u00edticos Veracruz","robots":{"index":"index","follow":"follow","max-snippet":"max-snippet:-1","max-image-preview":"max-image-preview:large","max-video-preview":"max-video-preview:-1"},"canonical":"https:\/\/lospoliticosveracruz.com\/?p=2012","og_locale":"es_ES","og_type":"article","og_title":"Tuxpan, con autopista pero inundada - Los pol\u00edticos Veracruz","og_description":"M\u00f3nica Camarena CrespoParque Ju\u00e1rez Cuando acaba de pasar con bombo y platillo la apertura de la autopista M\u00e9xico-Tuxpan, considerada una obra fundamental en la historia de las comunicaciones, fen\u00f3menos meteorol\u00f3gicos dejan al descubierto que tan vulnerable puede ser una poblaci\u00f3n ante el embate de la naturaleza.Las lluvias se preve\u00edan fuertes, as\u00ed fueron anunciadas por las [&hellip;]","og_url":"https:\/\/lospoliticosveracruz.com\/?p=2012","og_site_name":"Los pol\u00edticos Veracruz","article_publisher":"https:\/\/www.facebook.com\/people\/Notimemes-de-los-Polticos\/61565672886568\/","article_published_time":"2014-09-30T15:31:00+00:00","article_modified_time":"2014-10-10T18:41:09+00:00","og_image":[{"url":"http:\/\/www.lospoliticosveracruz.com.mx\/wp-content\/uploads\/2014\/09\/Tuxpan-2Bcopia.jpg","type":"","width":"","height":""}],"author":"lospoladmin","twitter_card":"summary_large_image","twitter_creator":"@LosPoliticosVer","twitter_site":"@LosPoliticosVer","twitter_misc":{"Escrito por":"lospoladmin","Tiempo de lectura":"3 minutos"},"schema":{"@context":"https:\/\/schema.org","@graph":[{"@type":"Article","@id":"https:\/\/lospoliticosveracruz.com\/?p=2012#article","isPartOf":{"@id":"https:\/\/lospoliticosveracruz.com\/?p=2012"},"author":{"name":"lospoladmin","@id":"https:\/\/lospoliticosveracruz.com\/#\/schema\/person\/c5fee8df75ee4700bd7f8e92859bd696"},"headline":"Tuxpan, con autopista pero inundada","datePublished":"2014-09-30T15:31:00+00:00","dateModified":"2014-10-10T18:41:09+00:00","mainEntityOfPage":{"@id":"https:\/\/lospoliticosveracruz.com\/?p=2012"},"wordCount":545,"commentCount":0,"publisher":{"@id":"https:\/\/lospoliticosveracruz.com\/#organization"},"image":{"@id":"https:\/\/lospoliticosveracruz.com\/?p=2012#primaryimage"},"thumbnailUrl":"http:\/\/www.lospoliticosveracruz.com.mx\/wp-content\/uploads\/2014\/09\/Tuxpan-2Bcopia.jpg","keywords":["Conagua","Pe\u00f1a Nieto","Protecci\u00f3n Civil","Tuxpan"],"articleSection":["De Opini\u00f3n"],"inLanguage":"es","potentialAction":[{"@type":"CommentAction","name":"Comment","target":["https:\/\/lospoliticosveracruz.com\/?p=2012#respond"]}]},{"@type":"WebPage","@id":"https:\/\/lospoliticosveracruz.com\/?p=2012","url":"https:\/\/lospoliticosveracruz.com\/?p=2012","name":"Tuxpan, con autopista pero inundada - Los pol\u00edticos Veracruz","isPartOf":{"@id":"https:\/\/lospoliticosveracruz.com\/#website"},"primaryImageOfPage":{"@id":"https:\/\/lospoliticosveracruz.com\/?p=2012#primaryimage"},"image":{"@id":"https:\/\/lospoliticosveracruz.com\/?p=2012#primaryimage"},"thumbnailUrl":"http:\/\/www.lospoliticosveracruz.com.mx\/wp-content\/uploads\/2014\/09\/Tuxpan-2Bcopia.jpg","datePublished":"2014-09-30T15:31:00+00:00","dateModified":"2014-10-10T18:41:09+00:00","breadcrumb":{"@id":"https:\/\/lospoliticosveracruz.com\/?p=2012#breadcrumb"},"inLanguage":"es","potentialAction":[{"@type":"ReadAction","target":["https:\/\/lospoliticosveracruz.com\/?p=2012"]}]},{"@type":"ImageObject","inLanguage":"es","@id":"https:\/\/lospoliticosveracruz.com\/?p=2012#primaryimage","url":"http:\/\/www.lospoliticosveracruz.com.mx\/wp-content\/uploads\/2014\/09\/Tuxpan-2Bcopia.jpg","contentUrl":"http:\/\/www.lospoliticosveracruz.com.mx\/wp-content\/uploads\/2014\/09\/Tuxpan-2Bcopia.jpg"},{"@type":"BreadcrumbList","@id":"https:\/\/lospoliticosveracruz.com\/?p=2012#breadcrumb","itemListElement":[{"@type":"ListItem","position":1,"name":"Portada","item":"https:\/\/lospoliticosveracruz.com\/"},{"@type":"ListItem","position":2,"name":"Tuxpan, con autopista pero inundada"}]},{"@type":"WebSite","@id":"https:\/\/lospoliticosveracruz.com\/#website","url":"https:\/\/lospoliticosveracruz.com\/","name":"Los pol\u00edticos Veracruz","description":"","publisher":{"@id":"https:\/\/lospoliticosveracruz.com\/#organization"},"potentialAction":[{"@type":"SearchAction","target":{"@type":"EntryPoint","urlTemplate":"https:\/\/lospoliticosveracruz.com\/?s={search_term_string}"},"query-input":{"@type":"PropertyValueSpecification","valueRequired":true,"valueName":"search_term_string"}}],"inLanguage":"es"},{"@type":"Organization","@id":"https:\/\/lospoliticosveracruz.com\/#organization","name":"Los pol\u00edticos Veracruz","url":"https:\/\/lospoliticosveracruz.com\/","logo":{"@type":"ImageObject","inLanguage":"es","@id":"https:\/\/lospoliticosveracruz.com\/#\/schema\/logo\/image\/","url":"https:\/\/lospoliticosveracruz.com\/wp-content\/uploads\/2025\/12\/Logo-Nuevo-LOS-POLITICOS-1.jpg","contentUrl":"https:\/\/lospoliticosveracruz.com\/wp-content\/uploads\/2025\/12\/Logo-Nuevo-LOS-POLITICOS-1.jpg","width":260,"height":70,"caption":"Los pol\u00edticos Veracruz"},"image":{"@id":"https:\/\/lospoliticosveracruz.com\/#\/schema\/logo\/image\/"},"sameAs":["https:\/\/www.facebook.com\/people\/Notimemes-de-los-Polticos\/61565672886568\/","https:\/\/x.com\/LosPoliticosVer"]},{"@type":"Person","@id":"https:\/\/lospoliticosveracruz.com\/#\/schema\/person\/c5fee8df75ee4700bd7f8e92859bd696","name":"lospoladmin","image":{"@type":"ImageObject","inLanguage":"es","@id":"https:\/\/secure.gravatar.com\/avatar\/f4a468785695515895c4d618820f242e33d3d72a0284244a0fad6d19795cb724?s=96&d=mm&r=g","url":"https:\/\/secure.gravatar.com\/avatar\/f4a468785695515895c4d618820f242e33d3d72a0284244a0fad6d19795cb724?s=96&d=mm&r=g","contentUrl":"https:\/\/secure.gravatar.com\/avatar\/f4a468785695515895c4d618820f242e33d3d72a0284244a0fad6d19795cb724?s=96&d=mm&r=g","caption":"lospoladmin"},"url":"https:\/\/lospoliticosveracruz.com\/?author=1"}]}},"_links":{"self":[{"href":"https:\/\/lospoliticosveracruz.com\/index.php?rest_route=\/wp\/v2\/posts\/2012","targetHints":{"allow":["GET"]}}],"collection":[{"href":"https:\/\/lospoliticosveracruz.com\/index.php?rest_route=\/wp\/v2\/posts"}],"about":[{"href":"https:\/\/lospoliticosveracruz.com\/index.php?rest_route=\/wp\/v2\/types\/post"}],"author":[{"embeddable":true,"href":"https:\/\/lospoliticosveracruz.com\/index.php?rest_route=\/wp\/v2\/users\/1"}],"replies":[{"embeddable":true,"href":"https:\/\/lospoliticosveracruz.com\/index.php?rest_route=%2Fwp%2Fv2%2Fcomments&post=2012"}],"version-history":[{"count":1,"href":"https:\/\/lospoliticosveracruz.com\/index.php?rest_route=\/wp\/v2\/posts\/2012\/revisions"}],"predecessor-version":[{"id":12508,"href":"https:\/\/lospoliticosveracruz.com\/index.php?rest_route=\/wp\/v2\/posts\/2012\/revisions\/12508"}],"wp:attachment":[{"href":"https:\/\/lospoliticosveracruz.com\/index.php?rest_route=%2Fwp%2Fv2%2Fmedia&parent=2012"}],"wp:term":[{"taxonomy":"category","embeddable":true,"href":"https:\/\/lospoliticosveracruz.com\/index.php?rest_route=%2Fwp%2Fv2%2Fcategories&post=2012"},{"taxonomy":"post_tag","embeddable":true,"href":"https:\/\/lospoliticosveracruz.com\/index.php?rest_route=%2Fwp%2Fv2%2Ftags&post=2012"}],"curies":[{"name":"wp","href":"https:\/\/api.w.org\/{rel}","templated":true}]}}