{"id":2014,"date":"2014-09-30T02:35:00","date_gmt":"2014-09-30T02:35:00","guid":{"rendered":"http:\/\/www.lospoliticosveracruz.com.mx\/?p=2014"},"modified":"2014-10-10T18:46:13","modified_gmt":"2014-10-10T18:46:13","slug":"nueva-telenovela-politica","status":"publish","type":"post","link":"https:\/\/lospoliticosveracruz.com\/?p=2014","title":{"rendered":"\u00bfNueva telenovela pol\u00edtica?"},"content":{"rendered":"<div style=\"clear: both; text-align: center;\"><a href=\"http:\/\/www.lospoliticosveracruz.com.mx\/wp-content\/uploads\/2014\/09\/Bodas.jpg\" style=\"margin-left: 1em; margin-right: 1em;\"><img loading=\"lazy\" decoding=\"async\" border=\"0\" src=\"http:\/\/www.lospoliticosveracruz.com.mx\/wp-content\/uploads\/2014\/09\/Bodas.jpg\" height=\"131\" width=\"320\" \/><\/a><\/div>\n<div><b><br \/><\/b><\/div>\n<p><b>Salvador Mu\u00f1oz<\/b><br \/><i>Los Pol\u00edticos<\/i><\/p>\n<p>La f\u00f3rmula es muy simple: Combinar far\u00e1ndula y pol\u00edtica \u00bfy qu\u00e9 te da? Popularidad. \u00bfA qu\u00e9 grado? Pues la \u00faltima vez que se hizo tal experimento, dio como resultado a un Presidente.<br \/>Luego entonces, \u00bfpor qu\u00e9 tendr\u00eda que sorprendernos que el G\u00fcero Velasco, gobernador de Chiapas, est\u00e9 siguiendo los pasos de George Clooney (es decir, dejado la solter\u00eda), y supuestamente haya dado anillo de compromiso a la ex RBD Anah\u00ed? No ser\u00e1 el primero ni el \u00faltimo en hacer esta combinaci\u00f3n en un pa\u00eds que el grueso de su poblaci\u00f3n vive esperando que \u201cLa Gata\u201d sea feliz o que \u201cLaura\u201d siga haciendo justicia y encontrando a parientes desaparecidos con mayor efectividad que la PGR o cualquier procuradur\u00eda estatal.<a name='more'><\/a><\/p>\n<p>II<br \/>No s\u00e9 si en M\u00e9xico, un veracruzano haya puesto esa moda de ligarse a las bellezas de la far\u00e1ndula como en su tiempo, cuenta la leyenda que Kennedy lo hizo con Marilyn Monroe, all\u00e1 en Estados Unidos. Bueno, siendo precisos, don Miguel Alem\u00e1n Velasco no era pol\u00edtico cuando se cas\u00f3 contra viento y marea con Christiane Magnani\u2026 simplemente era el hijo del presidente de la Rep\u00fablica. No obstante, es evidente que en este caso, Miguel Alem\u00e1n no necesit\u00f3 de su esposa para ganar una elecci\u00f3n o popularidad. Eso s\u00ed, a la fecha, es un matrimonio consolidado y m\u00e1s firme que aquello que les cont\u00e9\u2026 por cierto, otro matrimonio en iguales circunstancias, es el de Victoria Ruffo y Omar Fayad, no as\u00ed el de Silvia Pinal y Tulio Hern\u00e1ndez que tron\u00f3.<br \/>Aunque claro, hay pol\u00edticos que \u201caprovecharon\u201d su poder o hay actrices que \u201caprovecharon\u201d su belleza, para ligar\u2026 \u00bfo expl\u00edquenme c\u00f3mo es que el presidente Gustavo D\u00edaz Ordaz conquist\u00f3 a Irma Serrano? Y si fue cierto, \u00bfc\u00f3mo es que Salinas de Gortari anduvo con Adela \u201cLoniega\u201d? S\u00ed, hay damas que dir\u00e1n que Santiago Creel ten\u00eda lo suyo para poder amarrarse a Edith Gonz\u00e1lez pero qu\u00e9 me pueden decir de Roberto Madrazo Pintado con Mariana R\u00edos, justo cuando era candidato el priista a la presidencia de la Rep\u00fablica\u2026 \u00bfardid publicitario a sabiendas de que iba a la baja? Sasha Montenegro y Jolopo: \u00bfAmor a primera \u201cVisa\u201d?\u2026 De lo m\u00e1s destacado de Marcelo Ebrard y Mariagna Prats fue el supuesto audio donde se sospecha que  la actriz estaba \u201chasta atr\u00e1s\u201d, \u201chasta las manitas\u201d&#8230;<\/p>\n<p>III<br \/>Pero sin duda alguna, en la historia m\u00e1s reciente, no hay boda m\u00e1s espectacular que la de Enrique Pe\u00f1a Nieto y Ang\u00e9lica Rivera. A\u00fan hay muchos analistas que consideran que su matrimonio fue m\u00e1s un ardid pol\u00edtico en aras de que los mexicanos llev\u00e1ramos a Los Pinos a una pareja \u201cperfecta\u201d (\u00e9l, guapo y copet\u00f3n; ella, popular y hermosa; \u00e9l, pol\u00edtico exitoso; ella, actriz destacada, etc\u00e9tera) que pudiera reflejar tanto el sue\u00f1o de ellas como el de ellos\u2026 \u00a1exacto! similar a una telenovela.<br \/>Y hoy, con el rumor de que el G\u00fcero Velasco habr\u00eda entregado el anillo de compromiso a la cantante Anah\u00ed, uno no puede dejar de pensar en esa trillada frase que dicta: \u00bfLa historia tiende a repetirse? O simplemente estaremos viendo el inicio de una nueva novela pol\u00edtico-farandulesca\u2026<\/p>\n<p>smcainito@gmail.com<\/p>\n","protected":false},"excerpt":{"rendered":"<p>Salvador Mu\u00f1ozLos Pol\u00edticos La f\u00f3rmula es muy simple: Combinar far\u00e1ndula y pol\u00edtica \u00bfy qu\u00e9 te da? Popularidad. \u00bfA qu\u00e9 grado? Pues la \u00faltima vez que se hizo tal experimento, dio como resultado a un Presidente.Luego entonces, \u00bfpor qu\u00e9 tendr\u00eda que sorprendernos que el G\u00fcero Velasco, gobernador de Chiapas, est\u00e9 siguiendo los pasos de George Clooney [&hellip;]<\/p>\n","protected":false},"author":1,"featured_media":0,"comment_status":"open","ping_status":"open","sticky":false,"template":"","format":"standard","meta":{"tdm_status":"","tdm_grid_status":"","footnotes":""},"categories":[70],"tags":[212,214,217,94,215],"class_list":{"0":"post-2014","1":"post","2":"type-post","3":"status-publish","4":"format-standard","6":"category-de-opinion","7":"tag-angelica-rivera","8":"tag-christiane-magnani","9":"tag-guero-velasco","10":"tag-pena-nieto","11":"tag-sasha-montenegro"},"yoast_head":"<!-- This site is optimized with the Yoast SEO plugin v27.4 - https:\/\/yoast.com\/product\/yoast-seo-wordpress\/ -->\n<title>\u00bfNueva telenovela pol\u00edtica? - Los pol\u00edticos Veracruz<\/title>\n<meta name=\"robots\" content=\"index, follow, max-snippet:-1, max-image-preview:large, max-video-preview:-1\" \/>\n<link rel=\"canonical\" href=\"https:\/\/lospoliticosveracruz.com\/?p=2014\" \/>\n<meta property=\"og:locale\" content=\"es_ES\" \/>\n<meta property=\"og:type\" content=\"article\" \/>\n<meta property=\"og:title\" content=\"\u00bfNueva telenovela pol\u00edtica? - Los pol\u00edticos Veracruz\" \/>\n<meta property=\"og:description\" content=\"Salvador Mu\u00f1ozLos Pol\u00edticos La f\u00f3rmula es muy simple: Combinar far\u00e1ndula y pol\u00edtica \u00bfy qu\u00e9 te da? Popularidad. \u00bfA qu\u00e9 grado? Pues la \u00faltima vez que se hizo tal experimento, dio como resultado a un Presidente.Luego entonces, \u00bfpor qu\u00e9 tendr\u00eda que sorprendernos que el G\u00fcero Velasco, gobernador de Chiapas, est\u00e9 siguiendo los pasos de George Clooney [&hellip;]\" \/>\n<meta property=\"og:url\" content=\"https:\/\/lospoliticosveracruz.com\/?p=2014\" \/>\n<meta property=\"og:site_name\" content=\"Los pol\u00edticos Veracruz\" \/>\n<meta property=\"article:publisher\" content=\"https:\/\/www.facebook.com\/people\/Notimemes-de-los-Polticos\/61565672886568\/\" \/>\n<meta property=\"article:published_time\" content=\"2014-09-30T02:35:00+00:00\" \/>\n<meta property=\"article:modified_time\" content=\"2014-10-10T18:46:13+00:00\" \/>\n<meta property=\"og:image\" content=\"http:\/\/www.lospoliticosveracruz.com.mx\/wp-content\/uploads\/2014\/09\/Bodas.jpg\" \/>\n<meta name=\"author\" content=\"lospoladmin\" \/>\n<meta name=\"twitter:card\" content=\"summary_large_image\" \/>\n<meta name=\"twitter:creator\" content=\"@LosPoliticosVer\" \/>\n<meta name=\"twitter:site\" content=\"@LosPoliticosVer\" \/>\n<meta name=\"twitter:label1\" content=\"Escrito por\" \/>\n\t<meta name=\"twitter:data1\" content=\"lospoladmin\" \/>\n\t<meta name=\"twitter:label2\" content=\"Tiempo de lectura\" \/>\n\t<meta name=\"twitter:data2\" content=\"3 minutos\" \/>\n<script type=\"application\/ld+json\" class=\"yoast-schema-graph\">{\"@context\":\"https:\\\/\\\/schema.org\",\"@graph\":[{\"@type\":\"Article\",\"@id\":\"https:\\\/\\\/lospoliticosveracruz.com\\\/?p=2014#article\",\"isPartOf\":{\"@id\":\"https:\\\/\\\/lospoliticosveracruz.com\\\/?p=2014\"},\"author\":{\"name\":\"lospoladmin\",\"@id\":\"https:\\\/\\\/lospoliticosveracruz.com\\\/#\\\/schema\\\/person\\\/c5fee8df75ee4700bd7f8e92859bd696\"},\"headline\":\"\u00bfNueva telenovela pol\u00edtica?\",\"datePublished\":\"2014-09-30T02:35:00+00:00\",\"dateModified\":\"2014-10-10T18:46:13+00:00\",\"mainEntityOfPage\":{\"@id\":\"https:\\\/\\\/lospoliticosveracruz.com\\\/?p=2014\"},\"wordCount\":568,\"commentCount\":0,\"publisher\":{\"@id\":\"https:\\\/\\\/lospoliticosveracruz.com\\\/#organization\"},\"image\":{\"@id\":\"https:\\\/\\\/lospoliticosveracruz.com\\\/?p=2014#primaryimage\"},\"thumbnailUrl\":\"http:\\\/\\\/www.lospoliticosveracruz.com.mx\\\/wp-content\\\/uploads\\\/2014\\\/09\\\/Bodas.jpg\",\"keywords\":[\"Ang\u00e9lica Rivera\",\"Christiane Magnani\",\"G\u00fcero Velasco\",\"Pe\u00f1a Nieto\",\"Sasha Montenegro\"],\"articleSection\":[\"De Opini\u00f3n\"],\"inLanguage\":\"es\",\"potentialAction\":[{\"@type\":\"CommentAction\",\"name\":\"Comment\",\"target\":[\"https:\\\/\\\/lospoliticosveracruz.com\\\/?p=2014#respond\"]}]},{\"@type\":\"WebPage\",\"@id\":\"https:\\\/\\\/lospoliticosveracruz.com\\\/?p=2014\",\"url\":\"https:\\\/\\\/lospoliticosveracruz.com\\\/?p=2014\",\"name\":\"\u00bfNueva telenovela pol\u00edtica? - Los pol\u00edticos Veracruz\",\"isPartOf\":{\"@id\":\"https:\\\/\\\/lospoliticosveracruz.com\\\/#website\"},\"primaryImageOfPage\":{\"@id\":\"https:\\\/\\\/lospoliticosveracruz.com\\\/?p=2014#primaryimage\"},\"image\":{\"@id\":\"https:\\\/\\\/lospoliticosveracruz.com\\\/?p=2014#primaryimage\"},\"thumbnailUrl\":\"http:\\\/\\\/www.lospoliticosveracruz.com.mx\\\/wp-content\\\/uploads\\\/2014\\\/09\\\/Bodas.jpg\",\"datePublished\":\"2014-09-30T02:35:00+00:00\",\"dateModified\":\"2014-10-10T18:46:13+00:00\",\"breadcrumb\":{\"@id\":\"https:\\\/\\\/lospoliticosveracruz.com\\\/?p=2014#breadcrumb\"},\"inLanguage\":\"es\",\"potentialAction\":[{\"@type\":\"ReadAction\",\"target\":[\"https:\\\/\\\/lospoliticosveracruz.com\\\/?p=2014\"]}]},{\"@type\":\"ImageObject\",\"inLanguage\":\"es\",\"@id\":\"https:\\\/\\\/lospoliticosveracruz.com\\\/?p=2014#primaryimage\",\"url\":\"http:\\\/\\\/www.lospoliticosveracruz.com.mx\\\/wp-content\\\/uploads\\\/2014\\\/09\\\/Bodas.jpg\",\"contentUrl\":\"http:\\\/\\\/www.lospoliticosveracruz.com.mx\\\/wp-content\\\/uploads\\\/2014\\\/09\\\/Bodas.jpg\"},{\"@type\":\"BreadcrumbList\",\"@id\":\"https:\\\/\\\/lospoliticosveracruz.com\\\/?p=2014#breadcrumb\",\"itemListElement\":[{\"@type\":\"ListItem\",\"position\":1,\"name\":\"Portada\",\"item\":\"https:\\\/\\\/lospoliticosveracruz.com\\\/\"},{\"@type\":\"ListItem\",\"position\":2,\"name\":\"\u00bfNueva telenovela pol\u00edtica?\"}]},{\"@type\":\"WebSite\",\"@id\":\"https:\\\/\\\/lospoliticosveracruz.com\\\/#website\",\"url\":\"https:\\\/\\\/lospoliticosveracruz.com\\\/\",\"name\":\"Los pol\u00edticos Veracruz\",\"description\":\"\",\"publisher\":{\"@id\":\"https:\\\/\\\/lospoliticosveracruz.com\\\/#organization\"},\"potentialAction\":[{\"@type\":\"SearchAction\",\"target\":{\"@type\":\"EntryPoint\",\"urlTemplate\":\"https:\\\/\\\/lospoliticosveracruz.com\\\/?s={search_term_string}\"},\"query-input\":{\"@type\":\"PropertyValueSpecification\",\"valueRequired\":true,\"valueName\":\"search_term_string\"}}],\"inLanguage\":\"es\"},{\"@type\":\"Organization\",\"@id\":\"https:\\\/\\\/lospoliticosveracruz.com\\\/#organization\",\"name\":\"Los pol\u00edticos Veracruz\",\"url\":\"https:\\\/\\\/lospoliticosveracruz.com\\\/\",\"logo\":{\"@type\":\"ImageObject\",\"inLanguage\":\"es\",\"@id\":\"https:\\\/\\\/lospoliticosveracruz.com\\\/#\\\/schema\\\/logo\\\/image\\\/\",\"url\":\"https:\\\/\\\/lospoliticosveracruz.com\\\/wp-content\\\/uploads\\\/2025\\\/12\\\/Logo-Nuevo-LOS-POLITICOS-1.jpg\",\"contentUrl\":\"https:\\\/\\\/lospoliticosveracruz.com\\\/wp-content\\\/uploads\\\/2025\\\/12\\\/Logo-Nuevo-LOS-POLITICOS-1.jpg\",\"width\":260,\"height\":70,\"caption\":\"Los pol\u00edticos Veracruz\"},\"image\":{\"@id\":\"https:\\\/\\\/lospoliticosveracruz.com\\\/#\\\/schema\\\/logo\\\/image\\\/\"},\"sameAs\":[\"https:\\\/\\\/www.facebook.com\\\/people\\\/Notimemes-de-los-Polticos\\\/61565672886568\\\/\",\"https:\\\/\\\/x.com\\\/LosPoliticosVer\"]},{\"@type\":\"Person\",\"@id\":\"https:\\\/\\\/lospoliticosveracruz.com\\\/#\\\/schema\\\/person\\\/c5fee8df75ee4700bd7f8e92859bd696\",\"name\":\"lospoladmin\",\"image\":{\"@type\":\"ImageObject\",\"inLanguage\":\"es\",\"@id\":\"https:\\\/\\\/secure.gravatar.com\\\/avatar\\\/f4a468785695515895c4d618820f242e33d3d72a0284244a0fad6d19795cb724?s=96&d=mm&r=g\",\"url\":\"https:\\\/\\\/secure.gravatar.com\\\/avatar\\\/f4a468785695515895c4d618820f242e33d3d72a0284244a0fad6d19795cb724?s=96&d=mm&r=g\",\"contentUrl\":\"https:\\\/\\\/secure.gravatar.com\\\/avatar\\\/f4a468785695515895c4d618820f242e33d3d72a0284244a0fad6d19795cb724?s=96&d=mm&r=g\",\"caption\":\"lospoladmin\"},\"url\":\"https:\\\/\\\/lospoliticosveracruz.com\\\/?author=1\"}]}<\/script>\n<!-- \/ Yoast SEO plugin. -->","yoast_head_json":{"title":"\u00bfNueva telenovela pol\u00edtica? - Los pol\u00edticos Veracruz","robots":{"index":"index","follow":"follow","max-snippet":"max-snippet:-1","max-image-preview":"max-image-preview:large","max-video-preview":"max-video-preview:-1"},"canonical":"https:\/\/lospoliticosveracruz.com\/?p=2014","og_locale":"es_ES","og_type":"article","og_title":"\u00bfNueva telenovela pol\u00edtica? - Los pol\u00edticos Veracruz","og_description":"Salvador Mu\u00f1ozLos Pol\u00edticos La f\u00f3rmula es muy simple: Combinar far\u00e1ndula y pol\u00edtica \u00bfy qu\u00e9 te da? Popularidad. \u00bfA qu\u00e9 grado? Pues la \u00faltima vez que se hizo tal experimento, dio como resultado a un Presidente.Luego entonces, \u00bfpor qu\u00e9 tendr\u00eda que sorprendernos que el G\u00fcero Velasco, gobernador de Chiapas, est\u00e9 siguiendo los pasos de George Clooney [&hellip;]","og_url":"https:\/\/lospoliticosveracruz.com\/?p=2014","og_site_name":"Los pol\u00edticos Veracruz","article_publisher":"https:\/\/www.facebook.com\/people\/Notimemes-de-los-Polticos\/61565672886568\/","article_published_time":"2014-09-30T02:35:00+00:00","article_modified_time":"2014-10-10T18:46:13+00:00","og_image":[{"url":"http:\/\/www.lospoliticosveracruz.com.mx\/wp-content\/uploads\/2014\/09\/Bodas.jpg","type":"","width":"","height":""}],"author":"lospoladmin","twitter_card":"summary_large_image","twitter_creator":"@LosPoliticosVer","twitter_site":"@LosPoliticosVer","twitter_misc":{"Escrito por":"lospoladmin","Tiempo de lectura":"3 minutos"},"schema":{"@context":"https:\/\/schema.org","@graph":[{"@type":"Article","@id":"https:\/\/lospoliticosveracruz.com\/?p=2014#article","isPartOf":{"@id":"https:\/\/lospoliticosveracruz.com\/?p=2014"},"author":{"name":"lospoladmin","@id":"https:\/\/lospoliticosveracruz.com\/#\/schema\/person\/c5fee8df75ee4700bd7f8e92859bd696"},"headline":"\u00bfNueva telenovela pol\u00edtica?","datePublished":"2014-09-30T02:35:00+00:00","dateModified":"2014-10-10T18:46:13+00:00","mainEntityOfPage":{"@id":"https:\/\/lospoliticosveracruz.com\/?p=2014"},"wordCount":568,"commentCount":0,"publisher":{"@id":"https:\/\/lospoliticosveracruz.com\/#organization"},"image":{"@id":"https:\/\/lospoliticosveracruz.com\/?p=2014#primaryimage"},"thumbnailUrl":"http:\/\/www.lospoliticosveracruz.com.mx\/wp-content\/uploads\/2014\/09\/Bodas.jpg","keywords":["Ang\u00e9lica Rivera","Christiane Magnani","G\u00fcero Velasco","Pe\u00f1a Nieto","Sasha Montenegro"],"articleSection":["De Opini\u00f3n"],"inLanguage":"es","potentialAction":[{"@type":"CommentAction","name":"Comment","target":["https:\/\/lospoliticosveracruz.com\/?p=2014#respond"]}]},{"@type":"WebPage","@id":"https:\/\/lospoliticosveracruz.com\/?p=2014","url":"https:\/\/lospoliticosveracruz.com\/?p=2014","name":"\u00bfNueva telenovela pol\u00edtica? - Los pol\u00edticos Veracruz","isPartOf":{"@id":"https:\/\/lospoliticosveracruz.com\/#website"},"primaryImageOfPage":{"@id":"https:\/\/lospoliticosveracruz.com\/?p=2014#primaryimage"},"image":{"@id":"https:\/\/lospoliticosveracruz.com\/?p=2014#primaryimage"},"thumbnailUrl":"http:\/\/www.lospoliticosveracruz.com.mx\/wp-content\/uploads\/2014\/09\/Bodas.jpg","datePublished":"2014-09-30T02:35:00+00:00","dateModified":"2014-10-10T18:46:13+00:00","breadcrumb":{"@id":"https:\/\/lospoliticosveracruz.com\/?p=2014#breadcrumb"},"inLanguage":"es","potentialAction":[{"@type":"ReadAction","target":["https:\/\/lospoliticosveracruz.com\/?p=2014"]}]},{"@type":"ImageObject","inLanguage":"es","@id":"https:\/\/lospoliticosveracruz.com\/?p=2014#primaryimage","url":"http:\/\/www.lospoliticosveracruz.com.mx\/wp-content\/uploads\/2014\/09\/Bodas.jpg","contentUrl":"http:\/\/www.lospoliticosveracruz.com.mx\/wp-content\/uploads\/2014\/09\/Bodas.jpg"},{"@type":"BreadcrumbList","@id":"https:\/\/lospoliticosveracruz.com\/?p=2014#breadcrumb","itemListElement":[{"@type":"ListItem","position":1,"name":"Portada","item":"https:\/\/lospoliticosveracruz.com\/"},{"@type":"ListItem","position":2,"name":"\u00bfNueva telenovela pol\u00edtica?"}]},{"@type":"WebSite","@id":"https:\/\/lospoliticosveracruz.com\/#website","url":"https:\/\/lospoliticosveracruz.com\/","name":"Los pol\u00edticos Veracruz","description":"","publisher":{"@id":"https:\/\/lospoliticosveracruz.com\/#organization"},"potentialAction":[{"@type":"SearchAction","target":{"@type":"EntryPoint","urlTemplate":"https:\/\/lospoliticosveracruz.com\/?s={search_term_string}"},"query-input":{"@type":"PropertyValueSpecification","valueRequired":true,"valueName":"search_term_string"}}],"inLanguage":"es"},{"@type":"Organization","@id":"https:\/\/lospoliticosveracruz.com\/#organization","name":"Los pol\u00edticos Veracruz","url":"https:\/\/lospoliticosveracruz.com\/","logo":{"@type":"ImageObject","inLanguage":"es","@id":"https:\/\/lospoliticosveracruz.com\/#\/schema\/logo\/image\/","url":"https:\/\/lospoliticosveracruz.com\/wp-content\/uploads\/2025\/12\/Logo-Nuevo-LOS-POLITICOS-1.jpg","contentUrl":"https:\/\/lospoliticosveracruz.com\/wp-content\/uploads\/2025\/12\/Logo-Nuevo-LOS-POLITICOS-1.jpg","width":260,"height":70,"caption":"Los pol\u00edticos Veracruz"},"image":{"@id":"https:\/\/lospoliticosveracruz.com\/#\/schema\/logo\/image\/"},"sameAs":["https:\/\/www.facebook.com\/people\/Notimemes-de-los-Polticos\/61565672886568\/","https:\/\/x.com\/LosPoliticosVer"]},{"@type":"Person","@id":"https:\/\/lospoliticosveracruz.com\/#\/schema\/person\/c5fee8df75ee4700bd7f8e92859bd696","name":"lospoladmin","image":{"@type":"ImageObject","inLanguage":"es","@id":"https:\/\/secure.gravatar.com\/avatar\/f4a468785695515895c4d618820f242e33d3d72a0284244a0fad6d19795cb724?s=96&d=mm&r=g","url":"https:\/\/secure.gravatar.com\/avatar\/f4a468785695515895c4d618820f242e33d3d72a0284244a0fad6d19795cb724?s=96&d=mm&r=g","contentUrl":"https:\/\/secure.gravatar.com\/avatar\/f4a468785695515895c4d618820f242e33d3d72a0284244a0fad6d19795cb724?s=96&d=mm&r=g","caption":"lospoladmin"},"url":"https:\/\/lospoliticosveracruz.com\/?author=1"}]}},"_links":{"self":[{"href":"https:\/\/lospoliticosveracruz.com\/index.php?rest_route=\/wp\/v2\/posts\/2014","targetHints":{"allow":["GET"]}}],"collection":[{"href":"https:\/\/lospoliticosveracruz.com\/index.php?rest_route=\/wp\/v2\/posts"}],"about":[{"href":"https:\/\/lospoliticosveracruz.com\/index.php?rest_route=\/wp\/v2\/types\/post"}],"author":[{"embeddable":true,"href":"https:\/\/lospoliticosveracruz.com\/index.php?rest_route=\/wp\/v2\/users\/1"}],"replies":[{"embeddable":true,"href":"https:\/\/lospoliticosveracruz.com\/index.php?rest_route=%2Fwp%2Fv2%2Fcomments&post=2014"}],"version-history":[{"count":1,"href":"https:\/\/lospoliticosveracruz.com\/index.php?rest_route=\/wp\/v2\/posts\/2014\/revisions"}],"predecessor-version":[{"id":12510,"href":"https:\/\/lospoliticosveracruz.com\/index.php?rest_route=\/wp\/v2\/posts\/2014\/revisions\/12510"}],"wp:attachment":[{"href":"https:\/\/lospoliticosveracruz.com\/index.php?rest_route=%2Fwp%2Fv2%2Fmedia&parent=2014"}],"wp:term":[{"taxonomy":"category","embeddable":true,"href":"https:\/\/lospoliticosveracruz.com\/index.php?rest_route=%2Fwp%2Fv2%2Fcategories&post=2014"},{"taxonomy":"post_tag","embeddable":true,"href":"https:\/\/lospoliticosveracruz.com\/index.php?rest_route=%2Fwp%2Fv2%2Ftags&post=2014"}],"curies":[{"name":"wp","href":"https:\/\/api.w.org\/{rel}","templated":true}]}}