{"id":2017,"date":"2014-09-29T14:30:00","date_gmt":"2014-09-29T14:30:00","guid":{"rendered":"http:\/\/www.lospoliticosveracruz.com.mx\/?p=2017"},"modified":"2014-10-11T01:40:57","modified_gmt":"2014-10-11T01:40:57","slug":"del-discurso-al-hecho-del-pri-xalapeno","status":"publish","type":"post","link":"https:\/\/lospoliticosveracruz.com\/?p=2017","title":{"rendered":"Del discurso al hecho del PRI Xalape\u00f1o"},"content":{"rendered":"<div style=\"clear: both; text-align: center;\"><a href=\"http:\/\/www.lospoliticosveracruz.com.mx\/wp-content\/uploads\/2014\/09\/PRI-2BXalapa.jpg\" style=\"margin-left: 1em; margin-right: 1em;\"><img loading=\"lazy\" decoding=\"async\" border=\"0\" src=\"http:\/\/www.lospoliticosveracruz.com.mx\/wp-content\/uploads\/2014\/09\/PRI-2BXalapa.jpg\" height=\"214\" width=\"320\" \/><\/a><\/div>\n<div><b><br \/><\/b><\/div>\n<p><b>Rodrigo Montoya Rivera<\/b><br \/><i>Ideas<\/i><\/p>\n<div>Siendo casi las 12 del mediod\u00eda del 28 de septiembre del presente a\u00f1o, despu\u00e9s de casi un a\u00f1o de no tener titular, lleg\u00f3 la toma de protesta del Comit\u00e9 Directivo Municipal del Partido Revolucionario Institucional, la cual tuvo como escenario el Museo Interactivo de Xalapa y un p\u00fablico de m\u00e1s de 2000 militantes pertenecientes a las distintas organizaciones y sectores que congrega el tricolor entre sus filas.<br \/>Un evento abarrotado en el que la clase pol\u00edtica local, es decir, la capitalina, se dio cita para levantarle la mano como l\u00edder a Jos\u00e9 Luis Hern\u00e1ndez L\u00f3pez, l\u00edder de los trabajadores de la Comisi\u00f3n Municipal de Agua y Saneamiento, ex regidor y aliado de la administraci\u00f3n que conduce a buen puerto el Presidente Municipal Am\u00e9rico Z\u00fa\u00f1iga.<a name='more'><\/a><br \/>Dicen, los que gustan leer entre l\u00edneas los discursos, los ademanes y las salutaciones de la clase pol\u00edtica, que a esto siempre trae un mensaje oculto o subliminal, que los gobernantes generalmente siempre dicen m\u00e1s de lo que sale de sus bocas, por lo que fue interesante ver los discursos y el intercambio de gestos y miradas de quienes integraban este pres\u00eddium. Ah\u00ed en el pres\u00eddium seguramente habr\u00e1 alguien que en los comicios federales del 2015 resultar\u00e1 candidato ya sea para Xalapa Rural o para Xalapa Urbano \u00bfO ser\u00e1 candidata? Tambi\u00e9n se encontraba en calidad de Presidenta del PRI en Veracruz la ex alcaldesa y ahora en calidad de alcalde el ex diputado por Xalapa Urbano, el actual, no estuvo presente.<br \/><b>Los discursos\u2026<\/b><br \/>Jos\u00e9 Luis Hern\u00e1ndez L\u00f3pez, -en mi opini\u00f3n- creo que habla bien de el que antes de comenzar su mensaje entregara al alcalde y a la l\u00edder del tricolor en el estado, el cuadernillo de actividades programadas para el instituto pol\u00edtico que va a dirigir a partir de ahora. Saludo al presidente municipal y reconoci\u00f3 que el liderazgo del partido ser\u00e1 posible conducirlo con \u00e9xito gracias al buen trabajo de estos 9 meses que van de administraci\u00f3n local.<br \/>Igualmente Elizabeth Morales, en su discurso reconoci\u00f3 el trabajo atinado de su sucesor Am\u00e9rico Z\u00fa\u00f1iga Mart\u00ednez, la ex edil, resalt\u00f3 el desempe\u00f1o de Z\u00fa\u00f1iga en materia de infraestructura, sin duda alguna una administraci\u00f3n marcada por la entrega de calles que al finalizar ser\u00e1 un precedente hist\u00f3rico de la capital veracruzana. El que Elizabeth reconociera esto, habla de una pol\u00edtica inteligente y sensible, capaz de resaltar el gran trabajo que se est\u00e1 haciendo por parte de quien hoy encabeza el gobierno de esta ciudad.<br \/>Am\u00e9rico Z\u00fa\u00f1iga no se qued\u00f3 atr\u00e1s y felicit\u00f3 al nuevo l\u00edder priista y reconoci\u00f3 el trabajo de Elizabeth al frente del partido tricolor, tambi\u00e9n reconoci\u00f3 que el buen trabajo que hasta el d\u00eda de hoy se realiza, es un contagio natural del desempe\u00f1o que el jefe del ejecutivo estatal Javier Duarte de Ochoa imprime en su quehacer cotidiano, un gobernante cercano a Xalapa destac\u00f3 el mun\u00edcipe.<br \/>Ahora es momento de que el revolucionario institucional saque el trabajo que viene en el 2015, recordemos que en las pasadas elecciones federales, Xalapa se fue a un estrepitoso tercer lugar, ganando Montano la Diputaci\u00f3n Rural gracias al c\u00famulo de votantes del resto de los municipios que integraban su distrito. Para los priistas, es tiempo de sacarse la \u201cespinita\u201d y trabajar ahora si en unidad para sacar a sus representantes, ser\u00eda lamentable para los del tricolor que alg\u00fan candidato saliera raspado producto de los intereses de grupo y disputas personales como sucedi\u00f3 hace 2 a\u00f1os en la elecci\u00f3n presidencial.<\/p>\n<p>Nota 1. Las buenas noticias tambi\u00e9n hay que comentarlas y para Coatepec, es una distinci\u00f3n que su Presidente Municipal Roberto P\u00e9rez Moreno participara en el encuentro nacional de pueblos m\u00e1gicos en el marco del d\u00eda mundial del turismo donde estuvo presente el jefe del ejecutivo federal Enrique Pe\u00f1a Nieto. Bajita la mano pero en poco tiempo es la segunda vez que \u201cJuanelo\u201d convive de cerca e intercambia palabras con el ex gobernador mexiquense. Bien por el alcalde de este vecino municipio quien se sabe gestiona recursos con el coordinador nacional de pueblos m\u00e1gicos \u00c1ngel D\u00edaz Rebolledo para su terru\u00f1o.<\/p>\n<p>Comentarios: <a href=\"mailto:rodrigomontoya91@gmail.com\">rodrigomontoya91@gmail.com<\/a><\/div>\n","protected":false},"excerpt":{"rendered":"<p>Rodrigo Montoya RiveraIdeas Siendo casi las 12 del mediod\u00eda del 28 de septiembre del presente a\u00f1o, despu\u00e9s de casi un a\u00f1o de no tener titular, lleg\u00f3 la toma de protesta del Comit\u00e9 Directivo Municipal del Partido Revolucionario Institucional, la cual tuvo como escenario el Museo Interactivo de Xalapa y un p\u00fablico de m\u00e1s de 2000 [&hellip;]<\/p>\n","protected":false},"author":1,"featured_media":0,"comment_status":"open","ping_status":"open","sticky":false,"template":"","format":"standard","meta":{"tdm_status":"","tdm_grid_status":"","footnotes":""},"categories":[70],"tags":[133,252,251,96],"class_list":{"0":"post-2017","1":"post","2":"type-post","3":"status-publish","4":"format-standard","6":"category-de-opinion","7":"tag-elizabeth-morales","8":"tag-jose-luis-hernandez-lopez","9":"tag-pri","10":"tag-xalapa"},"yoast_head":"<!-- This site is optimized with the Yoast SEO plugin v27.4 - https:\/\/yoast.com\/product\/yoast-seo-wordpress\/ -->\n<title>Del discurso al hecho del PRI Xalape\u00f1o - Los pol\u00edticos Veracruz<\/title>\n<meta name=\"robots\" content=\"index, follow, max-snippet:-1, max-image-preview:large, max-video-preview:-1\" \/>\n<link rel=\"canonical\" href=\"https:\/\/lospoliticosveracruz.com\/?p=2017\" \/>\n<meta property=\"og:locale\" content=\"es_ES\" \/>\n<meta property=\"og:type\" content=\"article\" \/>\n<meta property=\"og:title\" content=\"Del discurso al hecho del PRI Xalape\u00f1o - Los pol\u00edticos Veracruz\" \/>\n<meta property=\"og:description\" content=\"Rodrigo Montoya RiveraIdeas Siendo casi las 12 del mediod\u00eda del 28 de septiembre del presente a\u00f1o, despu\u00e9s de casi un a\u00f1o de no tener titular, lleg\u00f3 la toma de protesta del Comit\u00e9 Directivo Municipal del Partido Revolucionario Institucional, la cual tuvo como escenario el Museo Interactivo de Xalapa y un p\u00fablico de m\u00e1s de 2000 [&hellip;]\" \/>\n<meta property=\"og:url\" content=\"https:\/\/lospoliticosveracruz.com\/?p=2017\" \/>\n<meta property=\"og:site_name\" content=\"Los pol\u00edticos Veracruz\" \/>\n<meta property=\"article:publisher\" content=\"https:\/\/www.facebook.com\/people\/Notimemes-de-los-Polticos\/61565672886568\/\" \/>\n<meta property=\"article:published_time\" content=\"2014-09-29T14:30:00+00:00\" \/>\n<meta property=\"article:modified_time\" content=\"2014-10-11T01:40:57+00:00\" \/>\n<meta property=\"og:image\" content=\"http:\/\/www.lospoliticosveracruz.com.mx\/wp-content\/uploads\/2014\/09\/PRI-2BXalapa.jpg\" \/>\n<meta name=\"author\" content=\"lospoladmin\" \/>\n<meta name=\"twitter:card\" content=\"summary_large_image\" \/>\n<meta name=\"twitter:creator\" content=\"@LosPoliticosVer\" \/>\n<meta name=\"twitter:site\" content=\"@LosPoliticosVer\" \/>\n<meta name=\"twitter:label1\" content=\"Escrito por\" \/>\n\t<meta name=\"twitter:data1\" content=\"lospoladmin\" \/>\n\t<meta name=\"twitter:label2\" content=\"Tiempo de lectura\" \/>\n\t<meta name=\"twitter:data2\" content=\"4 minutos\" \/>\n<script type=\"application\/ld+json\" class=\"yoast-schema-graph\">{\"@context\":\"https:\\\/\\\/schema.org\",\"@graph\":[{\"@type\":\"Article\",\"@id\":\"https:\\\/\\\/lospoliticosveracruz.com\\\/?p=2017#article\",\"isPartOf\":{\"@id\":\"https:\\\/\\\/lospoliticosveracruz.com\\\/?p=2017\"},\"author\":{\"name\":\"lospoladmin\",\"@id\":\"https:\\\/\\\/lospoliticosveracruz.com\\\/#\\\/schema\\\/person\\\/c5fee8df75ee4700bd7f8e92859bd696\"},\"headline\":\"Del discurso al hecho del PRI Xalape\u00f1o\",\"datePublished\":\"2014-09-29T14:30:00+00:00\",\"dateModified\":\"2014-10-11T01:40:57+00:00\",\"mainEntityOfPage\":{\"@id\":\"https:\\\/\\\/lospoliticosveracruz.com\\\/?p=2017\"},\"wordCount\":737,\"commentCount\":0,\"publisher\":{\"@id\":\"https:\\\/\\\/lospoliticosveracruz.com\\\/#organization\"},\"image\":{\"@id\":\"https:\\\/\\\/lospoliticosveracruz.com\\\/?p=2017#primaryimage\"},\"thumbnailUrl\":\"http:\\\/\\\/www.lospoliticosveracruz.com.mx\\\/wp-content\\\/uploads\\\/2014\\\/09\\\/PRI-2BXalapa.jpg\",\"keywords\":[\"Elizabeth Morales\",\"Jos\u00e9 Luis Hern\u00e1ndez L\u00f3pez\",\"PRI\",\"Xalapa\"],\"articleSection\":[\"De Opini\u00f3n\"],\"inLanguage\":\"es\",\"potentialAction\":[{\"@type\":\"CommentAction\",\"name\":\"Comment\",\"target\":[\"https:\\\/\\\/lospoliticosveracruz.com\\\/?p=2017#respond\"]}]},{\"@type\":\"WebPage\",\"@id\":\"https:\\\/\\\/lospoliticosveracruz.com\\\/?p=2017\",\"url\":\"https:\\\/\\\/lospoliticosveracruz.com\\\/?p=2017\",\"name\":\"Del discurso al hecho del PRI Xalape\u00f1o - Los pol\u00edticos Veracruz\",\"isPartOf\":{\"@id\":\"https:\\\/\\\/lospoliticosveracruz.com\\\/#website\"},\"primaryImageOfPage\":{\"@id\":\"https:\\\/\\\/lospoliticosveracruz.com\\\/?p=2017#primaryimage\"},\"image\":{\"@id\":\"https:\\\/\\\/lospoliticosveracruz.com\\\/?p=2017#primaryimage\"},\"thumbnailUrl\":\"http:\\\/\\\/www.lospoliticosveracruz.com.mx\\\/wp-content\\\/uploads\\\/2014\\\/09\\\/PRI-2BXalapa.jpg\",\"datePublished\":\"2014-09-29T14:30:00+00:00\",\"dateModified\":\"2014-10-11T01:40:57+00:00\",\"breadcrumb\":{\"@id\":\"https:\\\/\\\/lospoliticosveracruz.com\\\/?p=2017#breadcrumb\"},\"inLanguage\":\"es\",\"potentialAction\":[{\"@type\":\"ReadAction\",\"target\":[\"https:\\\/\\\/lospoliticosveracruz.com\\\/?p=2017\"]}]},{\"@type\":\"ImageObject\",\"inLanguage\":\"es\",\"@id\":\"https:\\\/\\\/lospoliticosveracruz.com\\\/?p=2017#primaryimage\",\"url\":\"http:\\\/\\\/www.lospoliticosveracruz.com.mx\\\/wp-content\\\/uploads\\\/2014\\\/09\\\/PRI-2BXalapa.jpg\",\"contentUrl\":\"http:\\\/\\\/www.lospoliticosveracruz.com.mx\\\/wp-content\\\/uploads\\\/2014\\\/09\\\/PRI-2BXalapa.jpg\"},{\"@type\":\"BreadcrumbList\",\"@id\":\"https:\\\/\\\/lospoliticosveracruz.com\\\/?p=2017#breadcrumb\",\"itemListElement\":[{\"@type\":\"ListItem\",\"position\":1,\"name\":\"Portada\",\"item\":\"https:\\\/\\\/lospoliticosveracruz.com\\\/\"},{\"@type\":\"ListItem\",\"position\":2,\"name\":\"Del discurso al hecho del PRI Xalape\u00f1o\"}]},{\"@type\":\"WebSite\",\"@id\":\"https:\\\/\\\/lospoliticosveracruz.com\\\/#website\",\"url\":\"https:\\\/\\\/lospoliticosveracruz.com\\\/\",\"name\":\"Los pol\u00edticos Veracruz\",\"description\":\"\",\"publisher\":{\"@id\":\"https:\\\/\\\/lospoliticosveracruz.com\\\/#organization\"},\"potentialAction\":[{\"@type\":\"SearchAction\",\"target\":{\"@type\":\"EntryPoint\",\"urlTemplate\":\"https:\\\/\\\/lospoliticosveracruz.com\\\/?s={search_term_string}\"},\"query-input\":{\"@type\":\"PropertyValueSpecification\",\"valueRequired\":true,\"valueName\":\"search_term_string\"}}],\"inLanguage\":\"es\"},{\"@type\":\"Organization\",\"@id\":\"https:\\\/\\\/lospoliticosveracruz.com\\\/#organization\",\"name\":\"Los pol\u00edticos Veracruz\",\"url\":\"https:\\\/\\\/lospoliticosveracruz.com\\\/\",\"logo\":{\"@type\":\"ImageObject\",\"inLanguage\":\"es\",\"@id\":\"https:\\\/\\\/lospoliticosveracruz.com\\\/#\\\/schema\\\/logo\\\/image\\\/\",\"url\":\"https:\\\/\\\/lospoliticosveracruz.com\\\/wp-content\\\/uploads\\\/2025\\\/12\\\/Logo-Nuevo-LOS-POLITICOS-1.jpg\",\"contentUrl\":\"https:\\\/\\\/lospoliticosveracruz.com\\\/wp-content\\\/uploads\\\/2025\\\/12\\\/Logo-Nuevo-LOS-POLITICOS-1.jpg\",\"width\":260,\"height\":70,\"caption\":\"Los pol\u00edticos Veracruz\"},\"image\":{\"@id\":\"https:\\\/\\\/lospoliticosveracruz.com\\\/#\\\/schema\\\/logo\\\/image\\\/\"},\"sameAs\":[\"https:\\\/\\\/www.facebook.com\\\/people\\\/Notimemes-de-los-Polticos\\\/61565672886568\\\/\",\"https:\\\/\\\/x.com\\\/LosPoliticosVer\"]},{\"@type\":\"Person\",\"@id\":\"https:\\\/\\\/lospoliticosveracruz.com\\\/#\\\/schema\\\/person\\\/c5fee8df75ee4700bd7f8e92859bd696\",\"name\":\"lospoladmin\",\"image\":{\"@type\":\"ImageObject\",\"inLanguage\":\"es\",\"@id\":\"https:\\\/\\\/secure.gravatar.com\\\/avatar\\\/f4a468785695515895c4d618820f242e33d3d72a0284244a0fad6d19795cb724?s=96&d=mm&r=g\",\"url\":\"https:\\\/\\\/secure.gravatar.com\\\/avatar\\\/f4a468785695515895c4d618820f242e33d3d72a0284244a0fad6d19795cb724?s=96&d=mm&r=g\",\"contentUrl\":\"https:\\\/\\\/secure.gravatar.com\\\/avatar\\\/f4a468785695515895c4d618820f242e33d3d72a0284244a0fad6d19795cb724?s=96&d=mm&r=g\",\"caption\":\"lospoladmin\"},\"url\":\"https:\\\/\\\/lospoliticosveracruz.com\\\/?author=1\"}]}<\/script>\n<!-- \/ Yoast SEO plugin. -->","yoast_head_json":{"title":"Del discurso al hecho del PRI Xalape\u00f1o - Los pol\u00edticos Veracruz","robots":{"index":"index","follow":"follow","max-snippet":"max-snippet:-1","max-image-preview":"max-image-preview:large","max-video-preview":"max-video-preview:-1"},"canonical":"https:\/\/lospoliticosveracruz.com\/?p=2017","og_locale":"es_ES","og_type":"article","og_title":"Del discurso al hecho del PRI Xalape\u00f1o - Los pol\u00edticos Veracruz","og_description":"Rodrigo Montoya RiveraIdeas Siendo casi las 12 del mediod\u00eda del 28 de septiembre del presente a\u00f1o, despu\u00e9s de casi un a\u00f1o de no tener titular, lleg\u00f3 la toma de protesta del Comit\u00e9 Directivo Municipal del Partido Revolucionario Institucional, la cual tuvo como escenario el Museo Interactivo de Xalapa y un p\u00fablico de m\u00e1s de 2000 [&hellip;]","og_url":"https:\/\/lospoliticosveracruz.com\/?p=2017","og_site_name":"Los pol\u00edticos Veracruz","article_publisher":"https:\/\/www.facebook.com\/people\/Notimemes-de-los-Polticos\/61565672886568\/","article_published_time":"2014-09-29T14:30:00+00:00","article_modified_time":"2014-10-11T01:40:57+00:00","og_image":[{"url":"http:\/\/www.lospoliticosveracruz.com.mx\/wp-content\/uploads\/2014\/09\/PRI-2BXalapa.jpg","type":"","width":"","height":""}],"author":"lospoladmin","twitter_card":"summary_large_image","twitter_creator":"@LosPoliticosVer","twitter_site":"@LosPoliticosVer","twitter_misc":{"Escrito por":"lospoladmin","Tiempo de lectura":"4 minutos"},"schema":{"@context":"https:\/\/schema.org","@graph":[{"@type":"Article","@id":"https:\/\/lospoliticosveracruz.com\/?p=2017#article","isPartOf":{"@id":"https:\/\/lospoliticosveracruz.com\/?p=2017"},"author":{"name":"lospoladmin","@id":"https:\/\/lospoliticosveracruz.com\/#\/schema\/person\/c5fee8df75ee4700bd7f8e92859bd696"},"headline":"Del discurso al hecho del PRI Xalape\u00f1o","datePublished":"2014-09-29T14:30:00+00:00","dateModified":"2014-10-11T01:40:57+00:00","mainEntityOfPage":{"@id":"https:\/\/lospoliticosveracruz.com\/?p=2017"},"wordCount":737,"commentCount":0,"publisher":{"@id":"https:\/\/lospoliticosveracruz.com\/#organization"},"image":{"@id":"https:\/\/lospoliticosveracruz.com\/?p=2017#primaryimage"},"thumbnailUrl":"http:\/\/www.lospoliticosveracruz.com.mx\/wp-content\/uploads\/2014\/09\/PRI-2BXalapa.jpg","keywords":["Elizabeth Morales","Jos\u00e9 Luis Hern\u00e1ndez L\u00f3pez","PRI","Xalapa"],"articleSection":["De Opini\u00f3n"],"inLanguage":"es","potentialAction":[{"@type":"CommentAction","name":"Comment","target":["https:\/\/lospoliticosveracruz.com\/?p=2017#respond"]}]},{"@type":"WebPage","@id":"https:\/\/lospoliticosveracruz.com\/?p=2017","url":"https:\/\/lospoliticosveracruz.com\/?p=2017","name":"Del discurso al hecho del PRI Xalape\u00f1o - Los pol\u00edticos Veracruz","isPartOf":{"@id":"https:\/\/lospoliticosveracruz.com\/#website"},"primaryImageOfPage":{"@id":"https:\/\/lospoliticosveracruz.com\/?p=2017#primaryimage"},"image":{"@id":"https:\/\/lospoliticosveracruz.com\/?p=2017#primaryimage"},"thumbnailUrl":"http:\/\/www.lospoliticosveracruz.com.mx\/wp-content\/uploads\/2014\/09\/PRI-2BXalapa.jpg","datePublished":"2014-09-29T14:30:00+00:00","dateModified":"2014-10-11T01:40:57+00:00","breadcrumb":{"@id":"https:\/\/lospoliticosveracruz.com\/?p=2017#breadcrumb"},"inLanguage":"es","potentialAction":[{"@type":"ReadAction","target":["https:\/\/lospoliticosveracruz.com\/?p=2017"]}]},{"@type":"ImageObject","inLanguage":"es","@id":"https:\/\/lospoliticosveracruz.com\/?p=2017#primaryimage","url":"http:\/\/www.lospoliticosveracruz.com.mx\/wp-content\/uploads\/2014\/09\/PRI-2BXalapa.jpg","contentUrl":"http:\/\/www.lospoliticosveracruz.com.mx\/wp-content\/uploads\/2014\/09\/PRI-2BXalapa.jpg"},{"@type":"BreadcrumbList","@id":"https:\/\/lospoliticosveracruz.com\/?p=2017#breadcrumb","itemListElement":[{"@type":"ListItem","position":1,"name":"Portada","item":"https:\/\/lospoliticosveracruz.com\/"},{"@type":"ListItem","position":2,"name":"Del discurso al hecho del PRI Xalape\u00f1o"}]},{"@type":"WebSite","@id":"https:\/\/lospoliticosveracruz.com\/#website","url":"https:\/\/lospoliticosveracruz.com\/","name":"Los pol\u00edticos Veracruz","description":"","publisher":{"@id":"https:\/\/lospoliticosveracruz.com\/#organization"},"potentialAction":[{"@type":"SearchAction","target":{"@type":"EntryPoint","urlTemplate":"https:\/\/lospoliticosveracruz.com\/?s={search_term_string}"},"query-input":{"@type":"PropertyValueSpecification","valueRequired":true,"valueName":"search_term_string"}}],"inLanguage":"es"},{"@type":"Organization","@id":"https:\/\/lospoliticosveracruz.com\/#organization","name":"Los pol\u00edticos Veracruz","url":"https:\/\/lospoliticosveracruz.com\/","logo":{"@type":"ImageObject","inLanguage":"es","@id":"https:\/\/lospoliticosveracruz.com\/#\/schema\/logo\/image\/","url":"https:\/\/lospoliticosveracruz.com\/wp-content\/uploads\/2025\/12\/Logo-Nuevo-LOS-POLITICOS-1.jpg","contentUrl":"https:\/\/lospoliticosveracruz.com\/wp-content\/uploads\/2025\/12\/Logo-Nuevo-LOS-POLITICOS-1.jpg","width":260,"height":70,"caption":"Los pol\u00edticos Veracruz"},"image":{"@id":"https:\/\/lospoliticosveracruz.com\/#\/schema\/logo\/image\/"},"sameAs":["https:\/\/www.facebook.com\/people\/Notimemes-de-los-Polticos\/61565672886568\/","https:\/\/x.com\/LosPoliticosVer"]},{"@type":"Person","@id":"https:\/\/lospoliticosveracruz.com\/#\/schema\/person\/c5fee8df75ee4700bd7f8e92859bd696","name":"lospoladmin","image":{"@type":"ImageObject","inLanguage":"es","@id":"https:\/\/secure.gravatar.com\/avatar\/f4a468785695515895c4d618820f242e33d3d72a0284244a0fad6d19795cb724?s=96&d=mm&r=g","url":"https:\/\/secure.gravatar.com\/avatar\/f4a468785695515895c4d618820f242e33d3d72a0284244a0fad6d19795cb724?s=96&d=mm&r=g","contentUrl":"https:\/\/secure.gravatar.com\/avatar\/f4a468785695515895c4d618820f242e33d3d72a0284244a0fad6d19795cb724?s=96&d=mm&r=g","caption":"lospoladmin"},"url":"https:\/\/lospoliticosveracruz.com\/?author=1"}]}},"_links":{"self":[{"href":"https:\/\/lospoliticosveracruz.com\/index.php?rest_route=\/wp\/v2\/posts\/2017","targetHints":{"allow":["GET"]}}],"collection":[{"href":"https:\/\/lospoliticosveracruz.com\/index.php?rest_route=\/wp\/v2\/posts"}],"about":[{"href":"https:\/\/lospoliticosveracruz.com\/index.php?rest_route=\/wp\/v2\/types\/post"}],"author":[{"embeddable":true,"href":"https:\/\/lospoliticosveracruz.com\/index.php?rest_route=\/wp\/v2\/users\/1"}],"replies":[{"embeddable":true,"href":"https:\/\/lospoliticosveracruz.com\/index.php?rest_route=%2Fwp%2Fv2%2Fcomments&post=2017"}],"version-history":[{"count":1,"href":"https:\/\/lospoliticosveracruz.com\/index.php?rest_route=\/wp\/v2\/posts\/2017\/revisions"}],"predecessor-version":[{"id":12541,"href":"https:\/\/lospoliticosveracruz.com\/index.php?rest_route=\/wp\/v2\/posts\/2017\/revisions\/12541"}],"wp:attachment":[{"href":"https:\/\/lospoliticosveracruz.com\/index.php?rest_route=%2Fwp%2Fv2%2Fmedia&parent=2017"}],"wp:term":[{"taxonomy":"category","embeddable":true,"href":"https:\/\/lospoliticosveracruz.com\/index.php?rest_route=%2Fwp%2Fv2%2Fcategories&post=2017"},{"taxonomy":"post_tag","embeddable":true,"href":"https:\/\/lospoliticosveracruz.com\/index.php?rest_route=%2Fwp%2Fv2%2Ftags&post=2017"}],"curies":[{"name":"wp","href":"https:\/\/api.w.org\/{rel}","templated":true}]}}