{"id":20170,"date":"2016-01-07T21:03:36","date_gmt":"2016-01-08T03:03:36","guid":{"rendered":"http:\/\/www.lospoliticosveracruz.com.mx\/?p=20170"},"modified":"2016-01-07T21:03:36","modified_gmt":"2016-01-08T03:03:36","slug":"visita-presidencial-las-senales","status":"publish","type":"post","link":"https:\/\/lospoliticosveracruz.com\/?p=20170","title":{"rendered":"Visita presidencial, las se\u00f1ales"},"content":{"rendered":"<p><a href=\"http:\/\/www.lospoliticosveracruz.com.mx\/wp-content\/uploads\/2016\/01\/Pe\u00f1a-Nieto1.jpg\"><img loading=\"lazy\" decoding=\"async\" class=\"alignnone size-medium wp-image-20173\" src=\"http:\/\/www.lospoliticosveracruz.com.mx\/wp-content\/uploads\/2016\/01\/Pe\u00f1a-Nieto1-300x217.jpg\" alt=\"Pe\u00f1a Nieto\" width=\"300\" height=\"217\" \/><\/a><\/p>\n<p><strong>Luis Alberto Romero<\/strong><\/p>\n<p><em>Hora Libre<\/em><\/p>\n<p>En pol\u00edtica, todo comunica: los qui\u00e9nes, los c\u00f3mo y los cu\u00e1ndos; en el evento conmemorativo de la promulgaci\u00f3n de la Ley Agraria que este 6 de enero encabez\u00f3 el presidente Enrique Pe\u00f1a Nieto, en el puerto jarocho, qued\u00f3 demostrado.<br \/>\nLos priistas que aspiran a la candidatura de su partido a la gubernatura estatal esperaban ansiosos una clara se\u00f1al presidencial que nunca lleg\u00f3.<br \/>\nLa mayor\u00eda de los asistentes al evento sali\u00f3 del Word Trade Center de Boca del R\u00edo con una cara larga.<br \/>\nEvidentemente, en este acalorado momento pol\u00edtico que vive Veracruz, muchos esperaban proyectarse cercanos \u2013cercan\u00edsimos\u2013, al primer priista del pa\u00eds, pero se llevaron un palmo.<br \/>\nPara empezar, en la guardia de honor que se mont\u00f3 por la ma\u00f1ana en el Faro Venustiano Carranza, el \u00fanico aspirante a la gubernatura que particip\u00f3 fue el senador H\u00e9ctor Yunes Landa.<br \/>\n\u00bfY sabe qui\u00e9n se sent\u00f3 en primera fila, con los secretarios federales, en el evento de la Confederaci\u00f3n Nacional Campesina, en el Word Trade Center? H\u00e9ctor Yunes.<br \/>\nTambi\u00e9n fue el que m\u00e1s apoyo del gabinete pe\u00f1ista tuvo: Rosario Robles de la Sedatu y Miguel \u00c1ngel Osorio Chong, de Gobernaci\u00f3n, sin mencionar al l\u00edder nacional del PRI, Manlio Fabio Beltrones.<br \/>\nA otro aspirante, el senador Jos\u00e9 Francisco Yunes Zorrilla, lo acompa\u00f1aron los secretarios de Hacienda, Luis Videgaray Caso, y de Agricultura y Ganader\u00eda, Jos\u00e9 Calzada Rovirosa. Y tambi\u00e9n ocup\u00f3 un lugar en primera fila durante el evento.<\/p>\n<p><strong>Al buen entendedor, pocas palabras<\/strong><br \/>\nLos dem\u00e1s estuvieron solos, dicen que arrinconados, ni qui\u00e9n les hiciera caso. Son se\u00f1ales que a muchos no les parecieron suficientemente contundentes y claras sobre c\u00f3mo pinta el proceso interno del PRI y c\u00f3mo son ponderados los grupos veracruzanos por la clase pol\u00edtica de la capital del pa\u00eds y de las esferas del poder.<br \/>\nComentan, de igual manera, que al gobernador Javier Duarte no le fue mal; estuvo junto al presidente y se le vio, como siempre en estos casos, una sonrisa de satisfacci\u00f3n; sin embargo, esa cercan\u00eda al ejecutivo federal fue m\u00e1s bien protocolaria, formalismos.<br \/>\nLos viejos lobos de la actividad pol\u00edtica sostienen que no ha dejado de tener vigencia la m\u00e1xima que dice que la forma es fondo.<br \/>\nLas formas, durante el evento agrario del Puerto, favorecieron a H\u00e9ctor y a Pepe Yunes, quienes, de mantener el llamado pacto de los ocho a\u00f1os, estar\u00edan cerca del primer escal\u00f3n, la candidatura del PRI al gobierno del Estado, rumbo a su objetivo, que es llegar este a\u00f1o a Palacio de Gobierno y no salir de ah\u00ed, sino hasta 2024.<br \/>\nPor supuesto, Miguel \u00c1ngel Yunes tiene otros planes, muy similares pero con otros nombres. Los propios panistas apuntan que, de llegar al cargo este a\u00f1o, Yunes Linares buscar\u00e1 la candidatura del blanquiazul en 2018 para uno de sus hijos, que podr\u00eda ser el senador Fernando Yunes M\u00e1rquez. Veremos, en todo caso, c\u00f3mo marchan las cosas en los pr\u00f3ximos meses en la selecci\u00f3n de candidatos, en las campa\u00f1as y en la elecci\u00f3n constitucional, para saber cu\u00e1l de esos dos proyectos se acerca m\u00e1s al objetivo com\u00fan.<\/p>\n<p><strong>Tuxpan, predial y empleos<\/strong><br \/>\nEn el puerto de Tuxpan, el Departamento de Ingresos del ayuntamiento que encabeza Ra\u00fal Ruiz D\u00edaz dio a conocer que durante todo el mes de enero, de lunes a viernes se brindar\u00e1 atenci\u00f3n a los contribuyentes del impuesto predial. El tema no tendr\u00eda nada de particular; todos los municipios veracruzanos hicieron lo propio y todos realizan en cobro con mayor o menor \u00e9xito. A fin de cuentas, en la recaudaci\u00f3n, en parte, se refleja la confianza en las autoridades.<br \/>\nLo que llama la atenci\u00f3n es que en ese ayuntamiento del norte veracruzano se dispuso una ventanilla exclusiva para los adultos mayores, que son beneficiados con un descuento especial. As\u00ed las cosas, las personas de la tercera edad no tendr\u00e1n que esperar para ser atendidas para este tr\u00e1mite.<br \/>\nEs una buena noticia para este sector poblacional, sobre todo cuando en muchos otros municipios, las autoridades locales no se preocupan por brindar un servicio de altura y tampoco muestran la m\u00ednima consideraci\u00f3n a las personas de la tercera edad.<br \/>\nEn otro tema, sin salir de Tuxpan, las autoridades municipales se muestran muy optimistas al arrancar 2016: el alcalde declar\u00f3 hace un par de d\u00edas que el a\u00f1o que comienza representar\u00e1 la consolidaci\u00f3n para ese puerto.<br \/>\nTuxpan \u2013dijo Ruiz D\u00edaz\u2013se est\u00e1 caracterizando por ser un puerto con m\u00faltiple vocaci\u00f3n, tanto tur\u00edstica como industrial, por lo que se augura un 2016 con grandes e importantes avances e inversiones.<br \/>\nEn ese contexto, el edil tuxpe\u00f1o opin\u00f3 que durante 2016, su municipio recibir\u00e1 m\u00e1s inversiones; generar\u00e1, por consiguiente, m\u00e1s empleos y se consolidar\u00e1 como un polo de desarrollo en el norte de la entidad.<br \/>\nPor cierto, ese ayuntamiento destinar\u00e1 este a\u00f1o m\u00e1s recursos para el rescate y dignificaci\u00f3n de los espacios p\u00fablicos, a fin de dar a los j\u00f3venes y a las familias tuxpe\u00f1as mejores \u00e1reas para la convivencia y el esparcimiento. @luisromero85<\/p>\n","protected":false},"excerpt":{"rendered":"<p>Luis Alberto Romero Hora Libre En pol\u00edtica, todo comunica: los qui\u00e9nes, los c\u00f3mo y los cu\u00e1ndos; en el evento conmemorativo de la promulgaci\u00f3n de la Ley Agraria que este 6 de enero encabez\u00f3 el presidente Enrique Pe\u00f1a Nieto, en el puerto jarocho, qued\u00f3 demostrado. Los priistas que aspiran a la candidatura de su partido a [&hellip;]<\/p>\n","protected":false},"author":2,"featured_media":0,"comment_status":"open","ping_status":"open","sticky":false,"template":"","format":"standard","meta":{"tdm_status":"","tdm_grid_status":"","footnotes":""},"categories":[70],"tags":[281,4465,195],"class_list":{"0":"post-20170","1":"post","2":"type-post","3":"status-publish","4":"format-standard","6":"category-de-opinion","7":"tag-enrique-pena-nieto","8":"tag-ley-agraria","9":"tag-veracruz"},"yoast_head":"<!-- This site is optimized with the Yoast SEO plugin v27.4 - https:\/\/yoast.com\/product\/yoast-seo-wordpress\/ -->\n<title>Visita presidencial, las se\u00f1ales - Los pol\u00edticos Veracruz<\/title>\n<meta name=\"robots\" content=\"index, follow, max-snippet:-1, max-image-preview:large, max-video-preview:-1\" \/>\n<link rel=\"canonical\" href=\"https:\/\/lospoliticosveracruz.com\/?p=20170\" \/>\n<meta property=\"og:locale\" content=\"es_ES\" \/>\n<meta property=\"og:type\" content=\"article\" \/>\n<meta property=\"og:title\" content=\"Visita presidencial, las se\u00f1ales - Los pol\u00edticos Veracruz\" \/>\n<meta property=\"og:description\" content=\"Luis Alberto Romero Hora Libre En pol\u00edtica, todo comunica: los qui\u00e9nes, los c\u00f3mo y los cu\u00e1ndos; en el evento conmemorativo de la promulgaci\u00f3n de la Ley Agraria que este 6 de enero encabez\u00f3 el presidente Enrique Pe\u00f1a Nieto, en el puerto jarocho, qued\u00f3 demostrado. Los priistas que aspiran a la candidatura de su partido a [&hellip;]\" \/>\n<meta property=\"og:url\" content=\"https:\/\/lospoliticosveracruz.com\/?p=20170\" \/>\n<meta property=\"og:site_name\" content=\"Los pol\u00edticos Veracruz\" \/>\n<meta property=\"article:publisher\" content=\"https:\/\/www.facebook.com\/people\/Notimemes-de-los-Polticos\/61565672886568\/\" \/>\n<meta property=\"article:published_time\" content=\"2016-01-08T03:03:36+00:00\" \/>\n<meta property=\"og:image\" content=\"https:\/\/lospoliticosveracruz.com\/wp-content\/uploads\/2016\/07\/Logo-Dor.jpg\" \/>\n\t<meta property=\"og:image:width\" content=\"200\" \/>\n\t<meta property=\"og:image:height\" content=\"200\" \/>\n\t<meta property=\"og:image:type\" content=\"image\/jpeg\" \/>\n<meta name=\"author\" content=\"Lo viste en Los Pol\u00edticos\" \/>\n<meta name=\"twitter:card\" content=\"summary_large_image\" \/>\n<meta name=\"twitter:creator\" content=\"@LosPoliticosVer\" \/>\n<meta name=\"twitter:site\" content=\"@LosPoliticosVer\" \/>\n<meta name=\"twitter:label1\" content=\"Escrito por\" \/>\n\t<meta name=\"twitter:data1\" content=\"Lo viste en Los Pol\u00edticos\" \/>\n\t<meta name=\"twitter:label2\" content=\"Tiempo de lectura\" \/>\n\t<meta name=\"twitter:data2\" content=\"4 minutos\" \/>\n<script type=\"application\/ld+json\" class=\"yoast-schema-graph\">{\"@context\":\"https:\\\/\\\/schema.org\",\"@graph\":[{\"@type\":\"Article\",\"@id\":\"https:\\\/\\\/lospoliticosveracruz.com\\\/?p=20170#article\",\"isPartOf\":{\"@id\":\"https:\\\/\\\/lospoliticosveracruz.com\\\/?p=20170\"},\"author\":{\"name\":\"Lo viste en Los Pol\u00edticos\",\"@id\":\"https:\\\/\\\/lospoliticosveracruz.com\\\/#\\\/schema\\\/person\\\/b8702bb0e538456e6efd07080bf2a4a2\"},\"headline\":\"Visita presidencial, las se\u00f1ales\",\"datePublished\":\"2016-01-08T03:03:36+00:00\",\"mainEntityOfPage\":{\"@id\":\"https:\\\/\\\/lospoliticosveracruz.com\\\/?p=20170\"},\"wordCount\":898,\"commentCount\":0,\"publisher\":{\"@id\":\"https:\\\/\\\/lospoliticosveracruz.com\\\/#organization\"},\"keywords\":[\"Enrique Pe\u00f1a Nieto\",\"Ley Agraria\",\"Veracruz\"],\"articleSection\":[\"De Opini\u00f3n\"],\"inLanguage\":\"es\",\"potentialAction\":[{\"@type\":\"CommentAction\",\"name\":\"Comment\",\"target\":[\"https:\\\/\\\/lospoliticosveracruz.com\\\/?p=20170#respond\"]}]},{\"@type\":\"WebPage\",\"@id\":\"https:\\\/\\\/lospoliticosveracruz.com\\\/?p=20170\",\"url\":\"https:\\\/\\\/lospoliticosveracruz.com\\\/?p=20170\",\"name\":\"Visita presidencial, las se\u00f1ales - Los pol\u00edticos Veracruz\",\"isPartOf\":{\"@id\":\"https:\\\/\\\/lospoliticosveracruz.com\\\/#website\"},\"datePublished\":\"2016-01-08T03:03:36+00:00\",\"breadcrumb\":{\"@id\":\"https:\\\/\\\/lospoliticosveracruz.com\\\/?p=20170#breadcrumb\"},\"inLanguage\":\"es\",\"potentialAction\":[{\"@type\":\"ReadAction\",\"target\":[\"https:\\\/\\\/lospoliticosveracruz.com\\\/?p=20170\"]}]},{\"@type\":\"BreadcrumbList\",\"@id\":\"https:\\\/\\\/lospoliticosveracruz.com\\\/?p=20170#breadcrumb\",\"itemListElement\":[{\"@type\":\"ListItem\",\"position\":1,\"name\":\"Portada\",\"item\":\"https:\\\/\\\/lospoliticosveracruz.com\\\/\"},{\"@type\":\"ListItem\",\"position\":2,\"name\":\"Visita presidencial, las se\u00f1ales\"}]},{\"@type\":\"WebSite\",\"@id\":\"https:\\\/\\\/lospoliticosveracruz.com\\\/#website\",\"url\":\"https:\\\/\\\/lospoliticosveracruz.com\\\/\",\"name\":\"Los pol\u00edticos Veracruz\",\"description\":\"\",\"publisher\":{\"@id\":\"https:\\\/\\\/lospoliticosveracruz.com\\\/#organization\"},\"potentialAction\":[{\"@type\":\"SearchAction\",\"target\":{\"@type\":\"EntryPoint\",\"urlTemplate\":\"https:\\\/\\\/lospoliticosveracruz.com\\\/?s={search_term_string}\"},\"query-input\":{\"@type\":\"PropertyValueSpecification\",\"valueRequired\":true,\"valueName\":\"search_term_string\"}}],\"inLanguage\":\"es\"},{\"@type\":\"Organization\",\"@id\":\"https:\\\/\\\/lospoliticosveracruz.com\\\/#organization\",\"name\":\"Los pol\u00edticos Veracruz\",\"url\":\"https:\\\/\\\/lospoliticosveracruz.com\\\/\",\"logo\":{\"@type\":\"ImageObject\",\"inLanguage\":\"es\",\"@id\":\"https:\\\/\\\/lospoliticosveracruz.com\\\/#\\\/schema\\\/logo\\\/image\\\/\",\"url\":\"https:\\\/\\\/lospoliticosveracruz.com\\\/wp-content\\\/uploads\\\/2025\\\/12\\\/Logo-Nuevo-LOS-POLITICOS-1.jpg\",\"contentUrl\":\"https:\\\/\\\/lospoliticosveracruz.com\\\/wp-content\\\/uploads\\\/2025\\\/12\\\/Logo-Nuevo-LOS-POLITICOS-1.jpg\",\"width\":260,\"height\":70,\"caption\":\"Los pol\u00edticos Veracruz\"},\"image\":{\"@id\":\"https:\\\/\\\/lospoliticosveracruz.com\\\/#\\\/schema\\\/logo\\\/image\\\/\"},\"sameAs\":[\"https:\\\/\\\/www.facebook.com\\\/people\\\/Notimemes-de-los-Polticos\\\/61565672886568\\\/\",\"https:\\\/\\\/x.com\\\/LosPoliticosVer\"]},{\"@type\":\"Person\",\"@id\":\"https:\\\/\\\/lospoliticosveracruz.com\\\/#\\\/schema\\\/person\\\/b8702bb0e538456e6efd07080bf2a4a2\",\"name\":\"Lo viste en Los Pol\u00edticos\",\"image\":{\"@type\":\"ImageObject\",\"inLanguage\":\"es\",\"@id\":\"https:\\\/\\\/secure.gravatar.com\\\/avatar\\\/3a8de04a2656d44082be478bd6c086daa447c4651605818287b9532d3d0bd435?s=96&d=mm&r=g\",\"url\":\"https:\\\/\\\/secure.gravatar.com\\\/avatar\\\/3a8de04a2656d44082be478bd6c086daa447c4651605818287b9532d3d0bd435?s=96&d=mm&r=g\",\"contentUrl\":\"https:\\\/\\\/secure.gravatar.com\\\/avatar\\\/3a8de04a2656d44082be478bd6c086daa447c4651605818287b9532d3d0bd435?s=96&d=mm&r=g\",\"caption\":\"Lo viste en Los Pol\u00edticos\"},\"url\":\"https:\\\/\\\/lospoliticosveracruz.com\\\/?author=2\"}]}<\/script>\n<!-- \/ Yoast SEO plugin. -->","yoast_head_json":{"title":"Visita presidencial, las se\u00f1ales - Los pol\u00edticos Veracruz","robots":{"index":"index","follow":"follow","max-snippet":"max-snippet:-1","max-image-preview":"max-image-preview:large","max-video-preview":"max-video-preview:-1"},"canonical":"https:\/\/lospoliticosveracruz.com\/?p=20170","og_locale":"es_ES","og_type":"article","og_title":"Visita presidencial, las se\u00f1ales - Los pol\u00edticos Veracruz","og_description":"Luis Alberto Romero Hora Libre En pol\u00edtica, todo comunica: los qui\u00e9nes, los c\u00f3mo y los cu\u00e1ndos; en el evento conmemorativo de la promulgaci\u00f3n de la Ley Agraria que este 6 de enero encabez\u00f3 el presidente Enrique Pe\u00f1a Nieto, en el puerto jarocho, qued\u00f3 demostrado. Los priistas que aspiran a la candidatura de su partido a [&hellip;]","og_url":"https:\/\/lospoliticosveracruz.com\/?p=20170","og_site_name":"Los pol\u00edticos Veracruz","article_publisher":"https:\/\/www.facebook.com\/people\/Notimemes-de-los-Polticos\/61565672886568\/","article_published_time":"2016-01-08T03:03:36+00:00","og_image":[{"width":200,"height":200,"url":"https:\/\/lospoliticosveracruz.com\/wp-content\/uploads\/2016\/07\/Logo-Dor.jpg","type":"image\/jpeg"}],"author":"Lo viste en Los Pol\u00edticos","twitter_card":"summary_large_image","twitter_creator":"@LosPoliticosVer","twitter_site":"@LosPoliticosVer","twitter_misc":{"Escrito por":"Lo viste en Los Pol\u00edticos","Tiempo de lectura":"4 minutos"},"schema":{"@context":"https:\/\/schema.org","@graph":[{"@type":"Article","@id":"https:\/\/lospoliticosveracruz.com\/?p=20170#article","isPartOf":{"@id":"https:\/\/lospoliticosveracruz.com\/?p=20170"},"author":{"name":"Lo viste en Los Pol\u00edticos","@id":"https:\/\/lospoliticosveracruz.com\/#\/schema\/person\/b8702bb0e538456e6efd07080bf2a4a2"},"headline":"Visita presidencial, las se\u00f1ales","datePublished":"2016-01-08T03:03:36+00:00","mainEntityOfPage":{"@id":"https:\/\/lospoliticosveracruz.com\/?p=20170"},"wordCount":898,"commentCount":0,"publisher":{"@id":"https:\/\/lospoliticosveracruz.com\/#organization"},"keywords":["Enrique Pe\u00f1a Nieto","Ley Agraria","Veracruz"],"articleSection":["De Opini\u00f3n"],"inLanguage":"es","potentialAction":[{"@type":"CommentAction","name":"Comment","target":["https:\/\/lospoliticosveracruz.com\/?p=20170#respond"]}]},{"@type":"WebPage","@id":"https:\/\/lospoliticosveracruz.com\/?p=20170","url":"https:\/\/lospoliticosveracruz.com\/?p=20170","name":"Visita presidencial, las se\u00f1ales - Los pol\u00edticos Veracruz","isPartOf":{"@id":"https:\/\/lospoliticosveracruz.com\/#website"},"datePublished":"2016-01-08T03:03:36+00:00","breadcrumb":{"@id":"https:\/\/lospoliticosveracruz.com\/?p=20170#breadcrumb"},"inLanguage":"es","potentialAction":[{"@type":"ReadAction","target":["https:\/\/lospoliticosveracruz.com\/?p=20170"]}]},{"@type":"BreadcrumbList","@id":"https:\/\/lospoliticosveracruz.com\/?p=20170#breadcrumb","itemListElement":[{"@type":"ListItem","position":1,"name":"Portada","item":"https:\/\/lospoliticosveracruz.com\/"},{"@type":"ListItem","position":2,"name":"Visita presidencial, las se\u00f1ales"}]},{"@type":"WebSite","@id":"https:\/\/lospoliticosveracruz.com\/#website","url":"https:\/\/lospoliticosveracruz.com\/","name":"Los pol\u00edticos Veracruz","description":"","publisher":{"@id":"https:\/\/lospoliticosveracruz.com\/#organization"},"potentialAction":[{"@type":"SearchAction","target":{"@type":"EntryPoint","urlTemplate":"https:\/\/lospoliticosveracruz.com\/?s={search_term_string}"},"query-input":{"@type":"PropertyValueSpecification","valueRequired":true,"valueName":"search_term_string"}}],"inLanguage":"es"},{"@type":"Organization","@id":"https:\/\/lospoliticosveracruz.com\/#organization","name":"Los pol\u00edticos Veracruz","url":"https:\/\/lospoliticosveracruz.com\/","logo":{"@type":"ImageObject","inLanguage":"es","@id":"https:\/\/lospoliticosveracruz.com\/#\/schema\/logo\/image\/","url":"https:\/\/lospoliticosveracruz.com\/wp-content\/uploads\/2025\/12\/Logo-Nuevo-LOS-POLITICOS-1.jpg","contentUrl":"https:\/\/lospoliticosveracruz.com\/wp-content\/uploads\/2025\/12\/Logo-Nuevo-LOS-POLITICOS-1.jpg","width":260,"height":70,"caption":"Los pol\u00edticos Veracruz"},"image":{"@id":"https:\/\/lospoliticosveracruz.com\/#\/schema\/logo\/image\/"},"sameAs":["https:\/\/www.facebook.com\/people\/Notimemes-de-los-Polticos\/61565672886568\/","https:\/\/x.com\/LosPoliticosVer"]},{"@type":"Person","@id":"https:\/\/lospoliticosveracruz.com\/#\/schema\/person\/b8702bb0e538456e6efd07080bf2a4a2","name":"Lo viste en Los Pol\u00edticos","image":{"@type":"ImageObject","inLanguage":"es","@id":"https:\/\/secure.gravatar.com\/avatar\/3a8de04a2656d44082be478bd6c086daa447c4651605818287b9532d3d0bd435?s=96&d=mm&r=g","url":"https:\/\/secure.gravatar.com\/avatar\/3a8de04a2656d44082be478bd6c086daa447c4651605818287b9532d3d0bd435?s=96&d=mm&r=g","contentUrl":"https:\/\/secure.gravatar.com\/avatar\/3a8de04a2656d44082be478bd6c086daa447c4651605818287b9532d3d0bd435?s=96&d=mm&r=g","caption":"Lo viste en Los Pol\u00edticos"},"url":"https:\/\/lospoliticosveracruz.com\/?author=2"}]}},"_links":{"self":[{"href":"https:\/\/lospoliticosveracruz.com\/index.php?rest_route=\/wp\/v2\/posts\/20170","targetHints":{"allow":["GET"]}}],"collection":[{"href":"https:\/\/lospoliticosveracruz.com\/index.php?rest_route=\/wp\/v2\/posts"}],"about":[{"href":"https:\/\/lospoliticosveracruz.com\/index.php?rest_route=\/wp\/v2\/types\/post"}],"author":[{"embeddable":true,"href":"https:\/\/lospoliticosveracruz.com\/index.php?rest_route=\/wp\/v2\/users\/2"}],"replies":[{"embeddable":true,"href":"https:\/\/lospoliticosveracruz.com\/index.php?rest_route=%2Fwp%2Fv2%2Fcomments&post=20170"}],"version-history":[{"count":1,"href":"https:\/\/lospoliticosveracruz.com\/index.php?rest_route=\/wp\/v2\/posts\/20170\/revisions"}],"predecessor-version":[{"id":20174,"href":"https:\/\/lospoliticosveracruz.com\/index.php?rest_route=\/wp\/v2\/posts\/20170\/revisions\/20174"}],"wp:attachment":[{"href":"https:\/\/lospoliticosveracruz.com\/index.php?rest_route=%2Fwp%2Fv2%2Fmedia&parent=20170"}],"wp:term":[{"taxonomy":"category","embeddable":true,"href":"https:\/\/lospoliticosveracruz.com\/index.php?rest_route=%2Fwp%2Fv2%2Fcategories&post=20170"},{"taxonomy":"post_tag","embeddable":true,"href":"https:\/\/lospoliticosveracruz.com\/index.php?rest_route=%2Fwp%2Fv2%2Ftags&post=20170"}],"curies":[{"name":"wp","href":"https:\/\/api.w.org\/{rel}","templated":true}]}}