{"id":2018,"date":"2014-09-29T14:25:00","date_gmt":"2014-09-29T14:25:00","guid":{"rendered":"http:\/\/www.lospoliticosveracruz.com.mx\/?p=2018"},"modified":"2014-10-10T23:00:21","modified_gmt":"2014-10-10T23:00:21","slug":"crimenes-sin-barreras","status":"publish","type":"post","link":"https:\/\/lospoliticosveracruz.com\/?p=2018","title":{"rendered":"Cr\u00edmenes sin barreras"},"content":{"rendered":"<div style=\"clear: both; text-align: center;\"><a href=\"http:\/\/www.lospoliticosveracruz.com.mx\/wp-content\/uploads\/2014\/09\/caso-2BTlatlayac-CC-A7.jpg\" style=\"margin-left: 1em; margin-right: 1em;\"><img loading=\"lazy\" decoding=\"async\" border=\"0\" src=\"http:\/\/www.lospoliticosveracruz.com.mx\/wp-content\/uploads\/2014\/09\/caso-2BTlatlayac-CC-A7.jpg\" height=\"180\" width=\"320\" \/><\/a><\/div>\n<div><b><br \/><\/b><\/div>\n<p><b>Ricardo V\u00e1zquez Salazar<\/b><br \/><i>Esfera Pol\u00edtica<\/i><\/p>\n<p>El lamentable crimen del diputado federal Gabriel G\u00f3mez Michel, del Distrito 18 con cabecera en Autl\u00e1n de Navarro, Jalisco, levantado el pasado lunes por la tarde por un comando armado en la zona metropolitana de Guadalajara cuando se dirig\u00eda al aeropuerto, su cuerpo apareci\u00f3 calcinado la madrugada del martes en Zacatecas; crimen que pudo haber evitado la polic\u00eda local como se exhibi\u00f3, pero no lo hicieron; la raz\u00f3n, s\u00f3lo la misma polic\u00eda lo sabe.<a name='more'><\/a><br \/>A los cr\u00edmenes de esta semana, se suma el de Braulio Zaragoza Maganda  secretario general del CDE del PAN en Guerrero, asesinado este domingo por al menos tres sujetos en un restaurante de Acapulco. Acontecimientos que indican que ya no hay barreras que detenga a los criminales para afectar a las esferas m\u00e1s altas de Poder en nuestro pa\u00eds.<br \/>Cuando anteriormente los cr\u00edmenes cometidos por la delincuencia contra el sector oficial, se reduc\u00edan a eliminar ediles o s\u00edndicos de alg\u00fan pueblo marginado; hoy han rebasado la  trinchera legislativa federal; tal y como le ha sucedido a decenas de miles de ciudadanos comunes, sin fuero ni poder, afectados por el crimen organizado.<br \/>Como lo hemos comentado este espacio, no puede ser posible que pase inadvertido que las fuerzas castrenses: Ej\u00e9rcito, Fuerza A\u00e9rea y Marina Armada de M\u00e9xico, son las instituciones que en primer t\u00e9rmino contin\u00faan inm\u00f3viles en el frente de batalla, en la guerra que se libra al interior de nuestro pa\u00eds contra el crimen organizado. Sin embargo, hoy tal parece que hay quienes pretenden quemar con le\u00f1a verde a las fuerzas armadas por el enfrentamiento del pasado 30 de junio en Tlatlaya, Estado de M\u00e9xico, entre militares y delincuentes, con saldo de 22 personas muertas.<br \/>Evidentemente que la acci\u00f3n de los militares en esta lucha, se limita a detener a los delincuentes para entregarlas a las autoridades \u00bfPero de qu\u00e9 otra manera detienen a criminales de alta peligrosidad dispuestos a todo? Lo que no se debe perder de vista que en el caso Tlatlaya fue un enfrentamiento contra el crimen organizado, no fue en contra de inocentes; que adem\u00e1s la supuesta testigo formaba parte del grupo delincuencial, lo que despierta sospechas, si sus argumentos son con el af\u00e1n de desacreditar a la milicia.<br \/>Ante esto, el general secretario de la Defensa Nacional, Salvador Cienfuegos Zepeda se\u00f1al\u00f3 que \u201cel compromiso de los soldados es el de proteger a la sociedad, respetando irrestrictamente sus derechos fundamentales, y que cualquier conducta que se aleje de ese precepto ser\u00e1 llevada a las instancias jur\u00eddicas correspondientes, para que \u00e9stas determinen lo conducente\u201d.<br \/>Hoy m\u00e1s que nunca es evidente que las Fuerzas Armadas son la columna que sostiene a los mexicanos y al Estado; aunque haya quienes no lo vean de esa manera. En un acto en fecha reciente, el presidente Pe\u00f1a Nieto expres\u00f3 su \u201cpermanente e invariable reconocimiento a nuestras Fuerzas Armadas por su entrega leal, patri\u00f3tica, de servicio y compromiso con la Naci\u00f3n\u201d.<br \/>No ha faltado quienes est\u00e1n ansiosos por estrenar  las reformas al C\u00f3digo de Justicia Militar, soslayando la labor que han venido realizando las fuerzas castrenses, que en la \u00faltima Audiencia P\u00fablica en Materia de Justicia Militar celebrada en el Senado de la Rep\u00fablica en febrero pasado, altos mandos castrenses encabezados por el procurador general de Justicia Militar, Jes\u00fas Gabriel L\u00f3pez Ben\u00edtez; Jaime Antonio L\u00f3pez Portillo Robles Gil, primer magistrado del Supremo Tribunal Militar, Alejandro Ramos Flores, jefe de asesores del Estado Mayor de la Defensa Nacional y Alejandro Miguel V\u00e1zquez Hern\u00e1ndez, jefe de la Unidad Jur\u00eddica de la Secretar\u00eda de Marina, Semar, expusieron los argumentos a favor de un dictamen ponderado que asegure certeza jur\u00eddica a las Fuerzas Armadas. En aquella ocasi\u00f3n, en resumen los oficiales castrenses expresaron: \u00abNos pidieron que limpi\u00e1ramos la casa y nos reprochan que los hayamos empolvado\u00bb.<\/p>\n<p>EN ESTRICTO CUMPLIMIENTO A SU RESPONSABILIDAD, el senador veracruzano Jos\u00e9 Yunes Zorrilla, ajeno a las discriminaciones como ha sido siempre su postura, asegur\u00f3 que no hay intereses pol\u00edticos ni partidistas en la entrega de apoyos a caficultores, por el orden de 400 millones de pesos, quien este viernes inform\u00f3 de manera oficial que a partir del lunes se abren las ventanillas de pago a productores veracruzanos que se encuentren inscritos en el Registro Nacional de Cafeticultores. Yunes Zorrilla indic\u00f3 que el recurso ser\u00e1 entregado primeramente por 110 millones, posteriormente por 140 millones; el resto estar\u00eda entreg\u00e1ndose una vez que se tomen acuerdos sobre la manera en que ser\u00e1n aplicados en el cultivo del arom\u00e1tico.<\/p>\n<p><a href=\"mailto:rvazquez002@yahoo.com.mx\">rvazquez002@yahoo.com.mx<\/a><\/p>\n","protected":false},"excerpt":{"rendered":"<p>Ricardo V\u00e1zquez SalazarEsfera Pol\u00edtica El lamentable crimen del diputado federal Gabriel G\u00f3mez Michel, del Distrito 18 con cabecera en Autl\u00e1n de Navarro, Jalisco, levantado el pasado lunes por la tarde por un comando armado en la zona metropolitana de Guadalajara cuando se dirig\u00eda al aeropuerto, su cuerpo apareci\u00f3 calcinado la madrugada del martes en Zacatecas; [&hellip;]<\/p>\n","protected":false},"author":1,"featured_media":0,"comment_status":"open","ping_status":"open","sticky":false,"template":"","format":"standard","meta":{"tdm_status":"","tdm_grid_status":"","footnotes":""},"categories":[70],"tags":[225,92,227,226],"class_list":{"0":"post-2018","1":"post","2":"type-post","3":"status-publish","4":"format-standard","6":"category-de-opinion","7":"tag-gabriel-gomez-michel","8":"tag-guerrero","9":"tag-jose-yunes-zorrilla","10":"tag-tlatlaya"},"yoast_head":"<!-- This site is optimized with the Yoast SEO plugin v27.4 - https:\/\/yoast.com\/product\/yoast-seo-wordpress\/ -->\n<title>Cr\u00edmenes sin barreras - Los pol\u00edticos Veracruz<\/title>\n<meta name=\"robots\" content=\"index, follow, max-snippet:-1, max-image-preview:large, max-video-preview:-1\" \/>\n<link rel=\"canonical\" href=\"https:\/\/lospoliticosveracruz.com\/?p=2018\" \/>\n<meta property=\"og:locale\" content=\"es_ES\" \/>\n<meta property=\"og:type\" content=\"article\" \/>\n<meta property=\"og:title\" content=\"Cr\u00edmenes sin barreras - Los pol\u00edticos Veracruz\" \/>\n<meta property=\"og:description\" content=\"Ricardo V\u00e1zquez SalazarEsfera Pol\u00edtica El lamentable crimen del diputado federal Gabriel G\u00f3mez Michel, del Distrito 18 con cabecera en Autl\u00e1n de Navarro, Jalisco, levantado el pasado lunes por la tarde por un comando armado en la zona metropolitana de Guadalajara cuando se dirig\u00eda al aeropuerto, su cuerpo apareci\u00f3 calcinado la madrugada del martes en Zacatecas; [&hellip;]\" \/>\n<meta property=\"og:url\" content=\"https:\/\/lospoliticosveracruz.com\/?p=2018\" \/>\n<meta property=\"og:site_name\" content=\"Los pol\u00edticos Veracruz\" \/>\n<meta property=\"article:publisher\" content=\"https:\/\/www.facebook.com\/people\/Notimemes-de-los-Polticos\/61565672886568\/\" \/>\n<meta property=\"article:published_time\" content=\"2014-09-29T14:25:00+00:00\" \/>\n<meta property=\"article:modified_time\" content=\"2014-10-10T23:00:21+00:00\" \/>\n<meta property=\"og:image\" content=\"http:\/\/www.lospoliticosveracruz.com.mx\/wp-content\/uploads\/2014\/09\/caso-2BTlatlayac-CC-A7.jpg\" \/>\n<meta name=\"author\" content=\"lospoladmin\" \/>\n<meta name=\"twitter:card\" content=\"summary_large_image\" \/>\n<meta name=\"twitter:creator\" content=\"@LosPoliticosVer\" \/>\n<meta name=\"twitter:site\" content=\"@LosPoliticosVer\" \/>\n<meta name=\"twitter:label1\" content=\"Escrito por\" \/>\n\t<meta name=\"twitter:data1\" content=\"lospoladmin\" \/>\n\t<meta name=\"twitter:label2\" content=\"Tiempo de lectura\" \/>\n\t<meta name=\"twitter:data2\" content=\"4 minutos\" \/>\n<script type=\"application\/ld+json\" class=\"yoast-schema-graph\">{\"@context\":\"https:\\\/\\\/schema.org\",\"@graph\":[{\"@type\":\"Article\",\"@id\":\"https:\\\/\\\/lospoliticosveracruz.com\\\/?p=2018#article\",\"isPartOf\":{\"@id\":\"https:\\\/\\\/lospoliticosveracruz.com\\\/?p=2018\"},\"author\":{\"name\":\"lospoladmin\",\"@id\":\"https:\\\/\\\/lospoliticosveracruz.com\\\/#\\\/schema\\\/person\\\/c5fee8df75ee4700bd7f8e92859bd696\"},\"headline\":\"Cr\u00edmenes sin barreras\",\"datePublished\":\"2014-09-29T14:25:00+00:00\",\"dateModified\":\"2014-10-10T23:00:21+00:00\",\"mainEntityOfPage\":{\"@id\":\"https:\\\/\\\/lospoliticosveracruz.com\\\/?p=2018\"},\"wordCount\":799,\"commentCount\":0,\"publisher\":{\"@id\":\"https:\\\/\\\/lospoliticosveracruz.com\\\/#organization\"},\"image\":{\"@id\":\"https:\\\/\\\/lospoliticosveracruz.com\\\/?p=2018#primaryimage\"},\"thumbnailUrl\":\"http:\\\/\\\/www.lospoliticosveracruz.com.mx\\\/wp-content\\\/uploads\\\/2014\\\/09\\\/caso-2BTlatlayac-CC-A7.jpg\",\"keywords\":[\"Gabriel G\u00f3mez Michel\",\"Guerrero\",\"Jos\u00e9 Yunes Zorrilla\",\"Tlatlaya\"],\"articleSection\":[\"De Opini\u00f3n\"],\"inLanguage\":\"es\",\"potentialAction\":[{\"@type\":\"CommentAction\",\"name\":\"Comment\",\"target\":[\"https:\\\/\\\/lospoliticosveracruz.com\\\/?p=2018#respond\"]}]},{\"@type\":\"WebPage\",\"@id\":\"https:\\\/\\\/lospoliticosveracruz.com\\\/?p=2018\",\"url\":\"https:\\\/\\\/lospoliticosveracruz.com\\\/?p=2018\",\"name\":\"Cr\u00edmenes sin barreras - Los pol\u00edticos Veracruz\",\"isPartOf\":{\"@id\":\"https:\\\/\\\/lospoliticosveracruz.com\\\/#website\"},\"primaryImageOfPage\":{\"@id\":\"https:\\\/\\\/lospoliticosveracruz.com\\\/?p=2018#primaryimage\"},\"image\":{\"@id\":\"https:\\\/\\\/lospoliticosveracruz.com\\\/?p=2018#primaryimage\"},\"thumbnailUrl\":\"http:\\\/\\\/www.lospoliticosveracruz.com.mx\\\/wp-content\\\/uploads\\\/2014\\\/09\\\/caso-2BTlatlayac-CC-A7.jpg\",\"datePublished\":\"2014-09-29T14:25:00+00:00\",\"dateModified\":\"2014-10-10T23:00:21+00:00\",\"breadcrumb\":{\"@id\":\"https:\\\/\\\/lospoliticosveracruz.com\\\/?p=2018#breadcrumb\"},\"inLanguage\":\"es\",\"potentialAction\":[{\"@type\":\"ReadAction\",\"target\":[\"https:\\\/\\\/lospoliticosveracruz.com\\\/?p=2018\"]}]},{\"@type\":\"ImageObject\",\"inLanguage\":\"es\",\"@id\":\"https:\\\/\\\/lospoliticosveracruz.com\\\/?p=2018#primaryimage\",\"url\":\"http:\\\/\\\/www.lospoliticosveracruz.com.mx\\\/wp-content\\\/uploads\\\/2014\\\/09\\\/caso-2BTlatlayac-CC-A7.jpg\",\"contentUrl\":\"http:\\\/\\\/www.lospoliticosveracruz.com.mx\\\/wp-content\\\/uploads\\\/2014\\\/09\\\/caso-2BTlatlayac-CC-A7.jpg\"},{\"@type\":\"BreadcrumbList\",\"@id\":\"https:\\\/\\\/lospoliticosveracruz.com\\\/?p=2018#breadcrumb\",\"itemListElement\":[{\"@type\":\"ListItem\",\"position\":1,\"name\":\"Portada\",\"item\":\"https:\\\/\\\/lospoliticosveracruz.com\\\/\"},{\"@type\":\"ListItem\",\"position\":2,\"name\":\"Cr\u00edmenes sin barreras\"}]},{\"@type\":\"WebSite\",\"@id\":\"https:\\\/\\\/lospoliticosveracruz.com\\\/#website\",\"url\":\"https:\\\/\\\/lospoliticosveracruz.com\\\/\",\"name\":\"Los pol\u00edticos Veracruz\",\"description\":\"\",\"publisher\":{\"@id\":\"https:\\\/\\\/lospoliticosveracruz.com\\\/#organization\"},\"potentialAction\":[{\"@type\":\"SearchAction\",\"target\":{\"@type\":\"EntryPoint\",\"urlTemplate\":\"https:\\\/\\\/lospoliticosveracruz.com\\\/?s={search_term_string}\"},\"query-input\":{\"@type\":\"PropertyValueSpecification\",\"valueRequired\":true,\"valueName\":\"search_term_string\"}}],\"inLanguage\":\"es\"},{\"@type\":\"Organization\",\"@id\":\"https:\\\/\\\/lospoliticosveracruz.com\\\/#organization\",\"name\":\"Los pol\u00edticos Veracruz\",\"url\":\"https:\\\/\\\/lospoliticosveracruz.com\\\/\",\"logo\":{\"@type\":\"ImageObject\",\"inLanguage\":\"es\",\"@id\":\"https:\\\/\\\/lospoliticosveracruz.com\\\/#\\\/schema\\\/logo\\\/image\\\/\",\"url\":\"https:\\\/\\\/lospoliticosveracruz.com\\\/wp-content\\\/uploads\\\/2025\\\/12\\\/Logo-Nuevo-LOS-POLITICOS-1.jpg\",\"contentUrl\":\"https:\\\/\\\/lospoliticosveracruz.com\\\/wp-content\\\/uploads\\\/2025\\\/12\\\/Logo-Nuevo-LOS-POLITICOS-1.jpg\",\"width\":260,\"height\":70,\"caption\":\"Los pol\u00edticos Veracruz\"},\"image\":{\"@id\":\"https:\\\/\\\/lospoliticosveracruz.com\\\/#\\\/schema\\\/logo\\\/image\\\/\"},\"sameAs\":[\"https:\\\/\\\/www.facebook.com\\\/people\\\/Notimemes-de-los-Polticos\\\/61565672886568\\\/\",\"https:\\\/\\\/x.com\\\/LosPoliticosVer\"]},{\"@type\":\"Person\",\"@id\":\"https:\\\/\\\/lospoliticosveracruz.com\\\/#\\\/schema\\\/person\\\/c5fee8df75ee4700bd7f8e92859bd696\",\"name\":\"lospoladmin\",\"image\":{\"@type\":\"ImageObject\",\"inLanguage\":\"es\",\"@id\":\"https:\\\/\\\/secure.gravatar.com\\\/avatar\\\/f4a468785695515895c4d618820f242e33d3d72a0284244a0fad6d19795cb724?s=96&d=mm&r=g\",\"url\":\"https:\\\/\\\/secure.gravatar.com\\\/avatar\\\/f4a468785695515895c4d618820f242e33d3d72a0284244a0fad6d19795cb724?s=96&d=mm&r=g\",\"contentUrl\":\"https:\\\/\\\/secure.gravatar.com\\\/avatar\\\/f4a468785695515895c4d618820f242e33d3d72a0284244a0fad6d19795cb724?s=96&d=mm&r=g\",\"caption\":\"lospoladmin\"},\"url\":\"https:\\\/\\\/lospoliticosveracruz.com\\\/?author=1\"}]}<\/script>\n<!-- \/ Yoast SEO plugin. -->","yoast_head_json":{"title":"Cr\u00edmenes sin barreras - Los pol\u00edticos Veracruz","robots":{"index":"index","follow":"follow","max-snippet":"max-snippet:-1","max-image-preview":"max-image-preview:large","max-video-preview":"max-video-preview:-1"},"canonical":"https:\/\/lospoliticosveracruz.com\/?p=2018","og_locale":"es_ES","og_type":"article","og_title":"Cr\u00edmenes sin barreras - Los pol\u00edticos Veracruz","og_description":"Ricardo V\u00e1zquez SalazarEsfera Pol\u00edtica El lamentable crimen del diputado federal Gabriel G\u00f3mez Michel, del Distrito 18 con cabecera en Autl\u00e1n de Navarro, Jalisco, levantado el pasado lunes por la tarde por un comando armado en la zona metropolitana de Guadalajara cuando se dirig\u00eda al aeropuerto, su cuerpo apareci\u00f3 calcinado la madrugada del martes en Zacatecas; [&hellip;]","og_url":"https:\/\/lospoliticosveracruz.com\/?p=2018","og_site_name":"Los pol\u00edticos Veracruz","article_publisher":"https:\/\/www.facebook.com\/people\/Notimemes-de-los-Polticos\/61565672886568\/","article_published_time":"2014-09-29T14:25:00+00:00","article_modified_time":"2014-10-10T23:00:21+00:00","og_image":[{"url":"http:\/\/www.lospoliticosveracruz.com.mx\/wp-content\/uploads\/2014\/09\/caso-2BTlatlayac-CC-A7.jpg","type":"","width":"","height":""}],"author":"lospoladmin","twitter_card":"summary_large_image","twitter_creator":"@LosPoliticosVer","twitter_site":"@LosPoliticosVer","twitter_misc":{"Escrito por":"lospoladmin","Tiempo de lectura":"4 minutos"},"schema":{"@context":"https:\/\/schema.org","@graph":[{"@type":"Article","@id":"https:\/\/lospoliticosveracruz.com\/?p=2018#article","isPartOf":{"@id":"https:\/\/lospoliticosveracruz.com\/?p=2018"},"author":{"name":"lospoladmin","@id":"https:\/\/lospoliticosveracruz.com\/#\/schema\/person\/c5fee8df75ee4700bd7f8e92859bd696"},"headline":"Cr\u00edmenes sin barreras","datePublished":"2014-09-29T14:25:00+00:00","dateModified":"2014-10-10T23:00:21+00:00","mainEntityOfPage":{"@id":"https:\/\/lospoliticosveracruz.com\/?p=2018"},"wordCount":799,"commentCount":0,"publisher":{"@id":"https:\/\/lospoliticosveracruz.com\/#organization"},"image":{"@id":"https:\/\/lospoliticosveracruz.com\/?p=2018#primaryimage"},"thumbnailUrl":"http:\/\/www.lospoliticosveracruz.com.mx\/wp-content\/uploads\/2014\/09\/caso-2BTlatlayac-CC-A7.jpg","keywords":["Gabriel G\u00f3mez Michel","Guerrero","Jos\u00e9 Yunes Zorrilla","Tlatlaya"],"articleSection":["De Opini\u00f3n"],"inLanguage":"es","potentialAction":[{"@type":"CommentAction","name":"Comment","target":["https:\/\/lospoliticosveracruz.com\/?p=2018#respond"]}]},{"@type":"WebPage","@id":"https:\/\/lospoliticosveracruz.com\/?p=2018","url":"https:\/\/lospoliticosveracruz.com\/?p=2018","name":"Cr\u00edmenes sin barreras - Los pol\u00edticos Veracruz","isPartOf":{"@id":"https:\/\/lospoliticosveracruz.com\/#website"},"primaryImageOfPage":{"@id":"https:\/\/lospoliticosveracruz.com\/?p=2018#primaryimage"},"image":{"@id":"https:\/\/lospoliticosveracruz.com\/?p=2018#primaryimage"},"thumbnailUrl":"http:\/\/www.lospoliticosveracruz.com.mx\/wp-content\/uploads\/2014\/09\/caso-2BTlatlayac-CC-A7.jpg","datePublished":"2014-09-29T14:25:00+00:00","dateModified":"2014-10-10T23:00:21+00:00","breadcrumb":{"@id":"https:\/\/lospoliticosveracruz.com\/?p=2018#breadcrumb"},"inLanguage":"es","potentialAction":[{"@type":"ReadAction","target":["https:\/\/lospoliticosveracruz.com\/?p=2018"]}]},{"@type":"ImageObject","inLanguage":"es","@id":"https:\/\/lospoliticosveracruz.com\/?p=2018#primaryimage","url":"http:\/\/www.lospoliticosveracruz.com.mx\/wp-content\/uploads\/2014\/09\/caso-2BTlatlayac-CC-A7.jpg","contentUrl":"http:\/\/www.lospoliticosveracruz.com.mx\/wp-content\/uploads\/2014\/09\/caso-2BTlatlayac-CC-A7.jpg"},{"@type":"BreadcrumbList","@id":"https:\/\/lospoliticosveracruz.com\/?p=2018#breadcrumb","itemListElement":[{"@type":"ListItem","position":1,"name":"Portada","item":"https:\/\/lospoliticosveracruz.com\/"},{"@type":"ListItem","position":2,"name":"Cr\u00edmenes sin barreras"}]},{"@type":"WebSite","@id":"https:\/\/lospoliticosveracruz.com\/#website","url":"https:\/\/lospoliticosveracruz.com\/","name":"Los pol\u00edticos Veracruz","description":"","publisher":{"@id":"https:\/\/lospoliticosveracruz.com\/#organization"},"potentialAction":[{"@type":"SearchAction","target":{"@type":"EntryPoint","urlTemplate":"https:\/\/lospoliticosveracruz.com\/?s={search_term_string}"},"query-input":{"@type":"PropertyValueSpecification","valueRequired":true,"valueName":"search_term_string"}}],"inLanguage":"es"},{"@type":"Organization","@id":"https:\/\/lospoliticosveracruz.com\/#organization","name":"Los pol\u00edticos Veracruz","url":"https:\/\/lospoliticosveracruz.com\/","logo":{"@type":"ImageObject","inLanguage":"es","@id":"https:\/\/lospoliticosveracruz.com\/#\/schema\/logo\/image\/","url":"https:\/\/lospoliticosveracruz.com\/wp-content\/uploads\/2025\/12\/Logo-Nuevo-LOS-POLITICOS-1.jpg","contentUrl":"https:\/\/lospoliticosveracruz.com\/wp-content\/uploads\/2025\/12\/Logo-Nuevo-LOS-POLITICOS-1.jpg","width":260,"height":70,"caption":"Los pol\u00edticos Veracruz"},"image":{"@id":"https:\/\/lospoliticosveracruz.com\/#\/schema\/logo\/image\/"},"sameAs":["https:\/\/www.facebook.com\/people\/Notimemes-de-los-Polticos\/61565672886568\/","https:\/\/x.com\/LosPoliticosVer"]},{"@type":"Person","@id":"https:\/\/lospoliticosveracruz.com\/#\/schema\/person\/c5fee8df75ee4700bd7f8e92859bd696","name":"lospoladmin","image":{"@type":"ImageObject","inLanguage":"es","@id":"https:\/\/secure.gravatar.com\/avatar\/f4a468785695515895c4d618820f242e33d3d72a0284244a0fad6d19795cb724?s=96&d=mm&r=g","url":"https:\/\/secure.gravatar.com\/avatar\/f4a468785695515895c4d618820f242e33d3d72a0284244a0fad6d19795cb724?s=96&d=mm&r=g","contentUrl":"https:\/\/secure.gravatar.com\/avatar\/f4a468785695515895c4d618820f242e33d3d72a0284244a0fad6d19795cb724?s=96&d=mm&r=g","caption":"lospoladmin"},"url":"https:\/\/lospoliticosveracruz.com\/?author=1"}]}},"_links":{"self":[{"href":"https:\/\/lospoliticosveracruz.com\/index.php?rest_route=\/wp\/v2\/posts\/2018","targetHints":{"allow":["GET"]}}],"collection":[{"href":"https:\/\/lospoliticosveracruz.com\/index.php?rest_route=\/wp\/v2\/posts"}],"about":[{"href":"https:\/\/lospoliticosveracruz.com\/index.php?rest_route=\/wp\/v2\/types\/post"}],"author":[{"embeddable":true,"href":"https:\/\/lospoliticosveracruz.com\/index.php?rest_route=\/wp\/v2\/users\/1"}],"replies":[{"embeddable":true,"href":"https:\/\/lospoliticosveracruz.com\/index.php?rest_route=%2Fwp%2Fv2%2Fcomments&post=2018"}],"version-history":[{"count":1,"href":"https:\/\/lospoliticosveracruz.com\/index.php?rest_route=\/wp\/v2\/posts\/2018\/revisions"}],"predecessor-version":[{"id":12523,"href":"https:\/\/lospoliticosveracruz.com\/index.php?rest_route=\/wp\/v2\/posts\/2018\/revisions\/12523"}],"wp:attachment":[{"href":"https:\/\/lospoliticosveracruz.com\/index.php?rest_route=%2Fwp%2Fv2%2Fmedia&parent=2018"}],"wp:term":[{"taxonomy":"category","embeddable":true,"href":"https:\/\/lospoliticosveracruz.com\/index.php?rest_route=%2Fwp%2Fv2%2Fcategories&post=2018"},{"taxonomy":"post_tag","embeddable":true,"href":"https:\/\/lospoliticosveracruz.com\/index.php?rest_route=%2Fwp%2Fv2%2Ftags&post=2018"}],"curies":[{"name":"wp","href":"https:\/\/api.w.org\/{rel}","templated":true}]}}