{"id":20182,"date":"2016-01-07T21:37:09","date_gmt":"2016-01-08T03:37:09","guid":{"rendered":"http:\/\/www.lospoliticosveracruz.com.mx\/?p=20182"},"modified":"2016-01-07T21:37:09","modified_gmt":"2016-01-08T03:37:09","slug":"que-se-traen-contra-namiko","status":"publish","type":"post","link":"https:\/\/lospoliticosveracruz.com\/?p=20182","title":{"rendered":"\u00bfQu\u00e9 se traen contra Namiko?"},"content":{"rendered":"<p><a href=\"http:\/\/www.lospoliticosveracruz.com.mx\/wp-content\/uploads\/2016\/01\/Namiko-Matzumoto1.jpg\"><img loading=\"lazy\" decoding=\"async\" class=\"alignnone size-medium wp-image-20185\" src=\"http:\/\/www.lospoliticosveracruz.com.mx\/wp-content\/uploads\/2016\/01\/Namiko-Matzumoto1-300x188.jpg\" alt=\"Namiko Matzumoto\" width=\"300\" height=\"188\" \/><\/a><\/p>\n<p><strong>Armando Ortiz<\/strong><\/p>\n<p><em>El Hijo Pr\u00f3digo<\/em><\/p>\n<p>Apenas se dio a conocer que Namiko Matsumoto era candidata a presidir la Comisi\u00f3n Estatal de Derechos Humanos, repentinamente surgieron voces de periodistas y de supuestos grupos de periodistas que recriminaron a la todav\u00eda secretaria ejecutiva de la Comisi\u00f3n Estatal de Atenci\u00f3n y Protecci\u00f3n de los Periodistas la situaci\u00f3n que vive el periodismo veracruzano. Algunos incluso la hacen responsable de los m\u00e1s de 12 periodistas asesinados durante el sexenio de Javier Duarte, otros le reprochan la omisi\u00f3n de esta Comisi\u00f3n ante los actos represivos en contra de los periodistas, otros la califican de c\u00f3mplice del gobernador.<br \/>\nEl caso es que de una semana para ac\u00e1 Namiko Matsumoto es la enemiga de los periodistas. No voy a rebatir esas acusaciones, el prop\u00f3sito de este art\u00edculo no es defenderla. Solamente me gustar\u00eda preguntar una cosa: \u00bfNamiko es la Comisi\u00f3n Estatal de Atenci\u00f3n y Protecci\u00f3n de los Periodistas? \u00bfY los otros ocho huevones? Porque la CEAPP es un organismo que cuenta con una presidenta, una secretar\u00eda ejecutiva y siete comisionados m\u00e1s. A excepci\u00f3n de Jorge Morales, quien es el que se ha visto m\u00e1s cr\u00edtico y m\u00e1s movido en la defensa de los periodistas, uno se pregunta: \u00bfPara qu\u00e9 sirve la presidenta, una tal Benita Gonz\u00e1lez Morales? \u00bfSi ella es la presidenta, porque siempre tiene que dar la cara Namiko? \u00bfQu\u00e9 labores a favor de la atenci\u00f3n y protecci\u00f3n a periodistas realizan Rogerio Pano, Mart\u00edn de Jes\u00fas Garc\u00eda, Norma Gibb, Roc\u00edo Ojeda, Gerardo Enr\u00edquez Aburto, Jorge Iv\u00e1n Garc\u00eda Morato? \u00bfSe sienten bien esos comisionados cobrando un buen sueldo sin hacer nada? \u00bfCu\u00e1ndo han declarado algo? \u00bfCu\u00e1ndo se han enfrentado a Arturo Berm\u00fadez Zurita, el responsable directo de muchas de las agresiones en contra de periodistas? \u00bfCu\u00e1ndo han levantado la voz cada que el gobierno intenta criminalizar a las v\u00edctimas? \u00bfCu\u00e1ndo han censurado los dichos del gobernador cuando se atreve a descalificar el trabajo de los periodistas asesinados? \u00bfNunca escucharon cuando llam\u00f3 a Mois\u00e9s S\u00e1nchez un simple taxista?<br \/>\nLos que recriminan a Namiko Matsumoto la inoperancia de la Comisi\u00f3n Estatal de Atenci\u00f3n y Protecci\u00f3n de los Periodistas tambi\u00e9n deber\u00edan recriminar a los otros miembros que no han hecho absolutamente nada. Al menos a Namiko se le ha visto enfrent\u00e1ndose a las fuerzas del orden, en algunas de las manifestaciones en las que se agrede a los periodistas; al menos cuando uno recibe una amenaza la se\u00f1ora le llama a uno por tel\u00e9fono para poner a los abogados de la Comisi\u00f3n a las \u00f3rdenes del afectado. Pero tampoco es como para esperar mucho de la CEAPP. Los compa\u00f1eros periodistas no entienden bien los alcances de la Comisi\u00f3n. La CEAPP es una gestora, hace se\u00f1alamientos pero no tiene un brazo como la ley para alcanzar a los agresores. La CEAPP est\u00e1 de origen mal estructurada, pero sobre todo no la crearon en realidad para evitar que los periodistas no fueran agredidos. La CEAPP no es ning\u00fan chaleco blindado, no es ning\u00fan bot\u00f3n de p\u00e1nico, no es un guardia afuera de nuestra casa. La CEAPP, si lo analizamos someramente, es una agencia de empleos en donde trabajan al menos 20 personas, pero de esas, menos de la mitad desquitan su sueldo.<br \/>\nNo me extra\u00f1a que los compa\u00f1eros responsabilicen a Namiko Matsumoto porque a final de cuentas ella y Jorge Morales son los que han dado la cara. Me extra\u00f1a que intenten impedir que llegue a ser presidenta de la Comisi\u00f3n Estatal de Derechos Humanos, una Comisi\u00f3n que Fernando Perera ha convertido en una especie de instituci\u00f3n zombi; una Comisi\u00f3n que no ha servido para que evitar que los servidores p\u00fablicos abusen de los ciudadanos a quienes deben de servir y proteger.<br \/>\nSi Namiko va a Derechos Humanos, como parece que as\u00ed ser\u00e1, el rostro de dolor y hartazgo que tiene Veracruz tampoco variar\u00e1 en nada. Pero eso s\u00ed, habr\u00e1 que ver cu\u00e1l de los huevones comisionados, que no han dado la cara y que cobran un sueldo sin merecerlo, sale a la calle a defender periodistas.<br \/>\naortiz52@hotmail.com<\/p>\n","protected":false},"excerpt":{"rendered":"<p>Armando Ortiz El Hijo Pr\u00f3digo Apenas se dio a conocer que Namiko Matsumoto era candidata a presidir la Comisi\u00f3n Estatal de Derechos Humanos, repentinamente surgieron voces de periodistas y de supuestos grupos de periodistas que recriminaron a la todav\u00eda secretaria ejecutiva de la Comisi\u00f3n Estatal de Atenci\u00f3n y Protecci\u00f3n de los Periodistas la situaci\u00f3n que [&hellip;]<\/p>\n","protected":false},"author":2,"featured_media":0,"comment_status":"open","ping_status":"open","sticky":false,"template":"","format":"standard","meta":{"tdm_status":"","tdm_grid_status":"","footnotes":""},"categories":[70],"tags":[4476,4430,4474,4475,4468,4471,4467,4472,4473,4470],"class_list":{"0":"post-20182","1":"post","2":"type-post","3":"status-publish","4":"format-standard","6":"category-de-opinion","7":"tag-ceapp","8":"tag-derechos-humanos","9":"tag-gerardo-enriquez-aburto","10":"tag-jorge-ivan-garcia-morato","11":"tag-jorge-morales","12":"tag-martin-de-jesus-garcia","13":"tag-namiko-matsumoto","14":"tag-norma-gibb","15":"tag-rocio-ojeda","16":"tag-rogerio-pano"},"yoast_head":"<!-- This site is optimized with the Yoast SEO plugin v27.4 - https:\/\/yoast.com\/product\/yoast-seo-wordpress\/ -->\n<title>\u00bfQu\u00e9 se traen contra Namiko? - Los pol\u00edticos Veracruz<\/title>\n<meta name=\"robots\" content=\"index, follow, max-snippet:-1, max-image-preview:large, max-video-preview:-1\" \/>\n<link rel=\"canonical\" href=\"https:\/\/lospoliticosveracruz.com\/?p=20182\" \/>\n<meta property=\"og:locale\" content=\"es_ES\" \/>\n<meta property=\"og:type\" content=\"article\" \/>\n<meta property=\"og:title\" content=\"\u00bfQu\u00e9 se traen contra Namiko? - Los pol\u00edticos Veracruz\" \/>\n<meta property=\"og:description\" content=\"Armando Ortiz El Hijo Pr\u00f3digo Apenas se dio a conocer que Namiko Matsumoto era candidata a presidir la Comisi\u00f3n Estatal de Derechos Humanos, repentinamente surgieron voces de periodistas y de supuestos grupos de periodistas que recriminaron a la todav\u00eda secretaria ejecutiva de la Comisi\u00f3n Estatal de Atenci\u00f3n y Protecci\u00f3n de los Periodistas la situaci\u00f3n que [&hellip;]\" \/>\n<meta property=\"og:url\" content=\"https:\/\/lospoliticosveracruz.com\/?p=20182\" \/>\n<meta property=\"og:site_name\" content=\"Los pol\u00edticos Veracruz\" \/>\n<meta property=\"article:publisher\" content=\"https:\/\/www.facebook.com\/people\/Notimemes-de-los-Polticos\/61565672886568\/\" \/>\n<meta property=\"article:published_time\" content=\"2016-01-08T03:37:09+00:00\" \/>\n<meta property=\"og:image\" content=\"http:\/\/www.lospoliticosveracruz.com.mx\/wp-content\/uploads\/2016\/01\/Namiko-Matzumoto1-300x188.jpg\" \/>\n<meta name=\"author\" content=\"Lo viste en Los Pol\u00edticos\" \/>\n<meta name=\"twitter:card\" content=\"summary_large_image\" \/>\n<meta name=\"twitter:creator\" content=\"@LosPoliticosVer\" \/>\n<meta name=\"twitter:site\" content=\"@LosPoliticosVer\" \/>\n<meta name=\"twitter:label1\" content=\"Escrito por\" \/>\n\t<meta name=\"twitter:data1\" content=\"Lo viste en Los Pol\u00edticos\" \/>\n\t<meta name=\"twitter:label2\" content=\"Tiempo de lectura\" \/>\n\t<meta name=\"twitter:data2\" content=\"4 minutos\" \/>\n<script type=\"application\/ld+json\" class=\"yoast-schema-graph\">{\"@context\":\"https:\\\/\\\/schema.org\",\"@graph\":[{\"@type\":\"Article\",\"@id\":\"https:\\\/\\\/lospoliticosveracruz.com\\\/?p=20182#article\",\"isPartOf\":{\"@id\":\"https:\\\/\\\/lospoliticosveracruz.com\\\/?p=20182\"},\"author\":{\"name\":\"Lo viste en Los Pol\u00edticos\",\"@id\":\"https:\\\/\\\/lospoliticosveracruz.com\\\/#\\\/schema\\\/person\\\/b8702bb0e538456e6efd07080bf2a4a2\"},\"headline\":\"\u00bfQu\u00e9 se traen contra Namiko?\",\"datePublished\":\"2016-01-08T03:37:09+00:00\",\"mainEntityOfPage\":{\"@id\":\"https:\\\/\\\/lospoliticosveracruz.com\\\/?p=20182\"},\"wordCount\":736,\"commentCount\":0,\"publisher\":{\"@id\":\"https:\\\/\\\/lospoliticosveracruz.com\\\/#organization\"},\"image\":{\"@id\":\"https:\\\/\\\/lospoliticosveracruz.com\\\/?p=20182#primaryimage\"},\"thumbnailUrl\":\"http:\\\/\\\/www.lospoliticosveracruz.com.mx\\\/wp-content\\\/uploads\\\/2016\\\/01\\\/Namiko-Matzumoto1-300x188.jpg\",\"keywords\":[\"CEAPP\",\"derechos humanos\",\"Gerardo Enr\u00edquez Aburto\",\"Jorge Iv\u00e1n Garc\u00eda Morato\",\"Jorge Morales\",\"Mart\u00edn de Jes\u00fas Garc\u00eda\",\"Namiko Matsumoto\",\"Norma Gibb\",\"Roc\u00edo Ojeda\",\"Rogerio Pano\"],\"articleSection\":[\"De Opini\u00f3n\"],\"inLanguage\":\"es\",\"potentialAction\":[{\"@type\":\"CommentAction\",\"name\":\"Comment\",\"target\":[\"https:\\\/\\\/lospoliticosveracruz.com\\\/?p=20182#respond\"]}]},{\"@type\":\"WebPage\",\"@id\":\"https:\\\/\\\/lospoliticosveracruz.com\\\/?p=20182\",\"url\":\"https:\\\/\\\/lospoliticosveracruz.com\\\/?p=20182\",\"name\":\"\u00bfQu\u00e9 se traen contra Namiko? - Los pol\u00edticos Veracruz\",\"isPartOf\":{\"@id\":\"https:\\\/\\\/lospoliticosveracruz.com\\\/#website\"},\"primaryImageOfPage\":{\"@id\":\"https:\\\/\\\/lospoliticosveracruz.com\\\/?p=20182#primaryimage\"},\"image\":{\"@id\":\"https:\\\/\\\/lospoliticosveracruz.com\\\/?p=20182#primaryimage\"},\"thumbnailUrl\":\"http:\\\/\\\/www.lospoliticosveracruz.com.mx\\\/wp-content\\\/uploads\\\/2016\\\/01\\\/Namiko-Matzumoto1-300x188.jpg\",\"datePublished\":\"2016-01-08T03:37:09+00:00\",\"breadcrumb\":{\"@id\":\"https:\\\/\\\/lospoliticosveracruz.com\\\/?p=20182#breadcrumb\"},\"inLanguage\":\"es\",\"potentialAction\":[{\"@type\":\"ReadAction\",\"target\":[\"https:\\\/\\\/lospoliticosveracruz.com\\\/?p=20182\"]}]},{\"@type\":\"ImageObject\",\"inLanguage\":\"es\",\"@id\":\"https:\\\/\\\/lospoliticosveracruz.com\\\/?p=20182#primaryimage\",\"url\":\"http:\\\/\\\/www.lospoliticosveracruz.com.mx\\\/wp-content\\\/uploads\\\/2016\\\/01\\\/Namiko-Matzumoto1-300x188.jpg\",\"contentUrl\":\"http:\\\/\\\/www.lospoliticosveracruz.com.mx\\\/wp-content\\\/uploads\\\/2016\\\/01\\\/Namiko-Matzumoto1-300x188.jpg\"},{\"@type\":\"BreadcrumbList\",\"@id\":\"https:\\\/\\\/lospoliticosveracruz.com\\\/?p=20182#breadcrumb\",\"itemListElement\":[{\"@type\":\"ListItem\",\"position\":1,\"name\":\"Portada\",\"item\":\"https:\\\/\\\/lospoliticosveracruz.com\\\/\"},{\"@type\":\"ListItem\",\"position\":2,\"name\":\"\u00bfQu\u00e9 se traen contra Namiko?\"}]},{\"@type\":\"WebSite\",\"@id\":\"https:\\\/\\\/lospoliticosveracruz.com\\\/#website\",\"url\":\"https:\\\/\\\/lospoliticosveracruz.com\\\/\",\"name\":\"Los pol\u00edticos Veracruz\",\"description\":\"\",\"publisher\":{\"@id\":\"https:\\\/\\\/lospoliticosveracruz.com\\\/#organization\"},\"potentialAction\":[{\"@type\":\"SearchAction\",\"target\":{\"@type\":\"EntryPoint\",\"urlTemplate\":\"https:\\\/\\\/lospoliticosveracruz.com\\\/?s={search_term_string}\"},\"query-input\":{\"@type\":\"PropertyValueSpecification\",\"valueRequired\":true,\"valueName\":\"search_term_string\"}}],\"inLanguage\":\"es\"},{\"@type\":\"Organization\",\"@id\":\"https:\\\/\\\/lospoliticosveracruz.com\\\/#organization\",\"name\":\"Los pol\u00edticos Veracruz\",\"url\":\"https:\\\/\\\/lospoliticosveracruz.com\\\/\",\"logo\":{\"@type\":\"ImageObject\",\"inLanguage\":\"es\",\"@id\":\"https:\\\/\\\/lospoliticosveracruz.com\\\/#\\\/schema\\\/logo\\\/image\\\/\",\"url\":\"https:\\\/\\\/lospoliticosveracruz.com\\\/wp-content\\\/uploads\\\/2025\\\/12\\\/Logo-Nuevo-LOS-POLITICOS-1.jpg\",\"contentUrl\":\"https:\\\/\\\/lospoliticosveracruz.com\\\/wp-content\\\/uploads\\\/2025\\\/12\\\/Logo-Nuevo-LOS-POLITICOS-1.jpg\",\"width\":260,\"height\":70,\"caption\":\"Los pol\u00edticos Veracruz\"},\"image\":{\"@id\":\"https:\\\/\\\/lospoliticosveracruz.com\\\/#\\\/schema\\\/logo\\\/image\\\/\"},\"sameAs\":[\"https:\\\/\\\/www.facebook.com\\\/people\\\/Notimemes-de-los-Polticos\\\/61565672886568\\\/\",\"https:\\\/\\\/x.com\\\/LosPoliticosVer\"]},{\"@type\":\"Person\",\"@id\":\"https:\\\/\\\/lospoliticosveracruz.com\\\/#\\\/schema\\\/person\\\/b8702bb0e538456e6efd07080bf2a4a2\",\"name\":\"Lo viste en Los Pol\u00edticos\",\"image\":{\"@type\":\"ImageObject\",\"inLanguage\":\"es\",\"@id\":\"https:\\\/\\\/secure.gravatar.com\\\/avatar\\\/3a8de04a2656d44082be478bd6c086daa447c4651605818287b9532d3d0bd435?s=96&d=mm&r=g\",\"url\":\"https:\\\/\\\/secure.gravatar.com\\\/avatar\\\/3a8de04a2656d44082be478bd6c086daa447c4651605818287b9532d3d0bd435?s=96&d=mm&r=g\",\"contentUrl\":\"https:\\\/\\\/secure.gravatar.com\\\/avatar\\\/3a8de04a2656d44082be478bd6c086daa447c4651605818287b9532d3d0bd435?s=96&d=mm&r=g\",\"caption\":\"Lo viste en Los Pol\u00edticos\"},\"url\":\"https:\\\/\\\/lospoliticosveracruz.com\\\/?author=2\"}]}<\/script>\n<!-- \/ Yoast SEO plugin. -->","yoast_head_json":{"title":"\u00bfQu\u00e9 se traen contra Namiko? - Los pol\u00edticos Veracruz","robots":{"index":"index","follow":"follow","max-snippet":"max-snippet:-1","max-image-preview":"max-image-preview:large","max-video-preview":"max-video-preview:-1"},"canonical":"https:\/\/lospoliticosveracruz.com\/?p=20182","og_locale":"es_ES","og_type":"article","og_title":"\u00bfQu\u00e9 se traen contra Namiko? - Los pol\u00edticos Veracruz","og_description":"Armando Ortiz El Hijo Pr\u00f3digo Apenas se dio a conocer que Namiko Matsumoto era candidata a presidir la Comisi\u00f3n Estatal de Derechos Humanos, repentinamente surgieron voces de periodistas y de supuestos grupos de periodistas que recriminaron a la todav\u00eda secretaria ejecutiva de la Comisi\u00f3n Estatal de Atenci\u00f3n y Protecci\u00f3n de los Periodistas la situaci\u00f3n que [&hellip;]","og_url":"https:\/\/lospoliticosveracruz.com\/?p=20182","og_site_name":"Los pol\u00edticos Veracruz","article_publisher":"https:\/\/www.facebook.com\/people\/Notimemes-de-los-Polticos\/61565672886568\/","article_published_time":"2016-01-08T03:37:09+00:00","og_image":[{"url":"http:\/\/www.lospoliticosveracruz.com.mx\/wp-content\/uploads\/2016\/01\/Namiko-Matzumoto1-300x188.jpg","type":"","width":"","height":""}],"author":"Lo viste en Los Pol\u00edticos","twitter_card":"summary_large_image","twitter_creator":"@LosPoliticosVer","twitter_site":"@LosPoliticosVer","twitter_misc":{"Escrito por":"Lo viste en Los Pol\u00edticos","Tiempo de lectura":"4 minutos"},"schema":{"@context":"https:\/\/schema.org","@graph":[{"@type":"Article","@id":"https:\/\/lospoliticosveracruz.com\/?p=20182#article","isPartOf":{"@id":"https:\/\/lospoliticosveracruz.com\/?p=20182"},"author":{"name":"Lo viste en Los Pol\u00edticos","@id":"https:\/\/lospoliticosveracruz.com\/#\/schema\/person\/b8702bb0e538456e6efd07080bf2a4a2"},"headline":"\u00bfQu\u00e9 se traen contra Namiko?","datePublished":"2016-01-08T03:37:09+00:00","mainEntityOfPage":{"@id":"https:\/\/lospoliticosveracruz.com\/?p=20182"},"wordCount":736,"commentCount":0,"publisher":{"@id":"https:\/\/lospoliticosveracruz.com\/#organization"},"image":{"@id":"https:\/\/lospoliticosveracruz.com\/?p=20182#primaryimage"},"thumbnailUrl":"http:\/\/www.lospoliticosveracruz.com.mx\/wp-content\/uploads\/2016\/01\/Namiko-Matzumoto1-300x188.jpg","keywords":["CEAPP","derechos humanos","Gerardo Enr\u00edquez Aburto","Jorge Iv\u00e1n Garc\u00eda Morato","Jorge Morales","Mart\u00edn de Jes\u00fas Garc\u00eda","Namiko Matsumoto","Norma Gibb","Roc\u00edo Ojeda","Rogerio Pano"],"articleSection":["De Opini\u00f3n"],"inLanguage":"es","potentialAction":[{"@type":"CommentAction","name":"Comment","target":["https:\/\/lospoliticosveracruz.com\/?p=20182#respond"]}]},{"@type":"WebPage","@id":"https:\/\/lospoliticosveracruz.com\/?p=20182","url":"https:\/\/lospoliticosveracruz.com\/?p=20182","name":"\u00bfQu\u00e9 se traen contra Namiko? - Los pol\u00edticos Veracruz","isPartOf":{"@id":"https:\/\/lospoliticosveracruz.com\/#website"},"primaryImageOfPage":{"@id":"https:\/\/lospoliticosveracruz.com\/?p=20182#primaryimage"},"image":{"@id":"https:\/\/lospoliticosveracruz.com\/?p=20182#primaryimage"},"thumbnailUrl":"http:\/\/www.lospoliticosveracruz.com.mx\/wp-content\/uploads\/2016\/01\/Namiko-Matzumoto1-300x188.jpg","datePublished":"2016-01-08T03:37:09+00:00","breadcrumb":{"@id":"https:\/\/lospoliticosveracruz.com\/?p=20182#breadcrumb"},"inLanguage":"es","potentialAction":[{"@type":"ReadAction","target":["https:\/\/lospoliticosveracruz.com\/?p=20182"]}]},{"@type":"ImageObject","inLanguage":"es","@id":"https:\/\/lospoliticosveracruz.com\/?p=20182#primaryimage","url":"http:\/\/www.lospoliticosveracruz.com.mx\/wp-content\/uploads\/2016\/01\/Namiko-Matzumoto1-300x188.jpg","contentUrl":"http:\/\/www.lospoliticosveracruz.com.mx\/wp-content\/uploads\/2016\/01\/Namiko-Matzumoto1-300x188.jpg"},{"@type":"BreadcrumbList","@id":"https:\/\/lospoliticosveracruz.com\/?p=20182#breadcrumb","itemListElement":[{"@type":"ListItem","position":1,"name":"Portada","item":"https:\/\/lospoliticosveracruz.com\/"},{"@type":"ListItem","position":2,"name":"\u00bfQu\u00e9 se traen contra Namiko?"}]},{"@type":"WebSite","@id":"https:\/\/lospoliticosveracruz.com\/#website","url":"https:\/\/lospoliticosveracruz.com\/","name":"Los pol\u00edticos Veracruz","description":"","publisher":{"@id":"https:\/\/lospoliticosveracruz.com\/#organization"},"potentialAction":[{"@type":"SearchAction","target":{"@type":"EntryPoint","urlTemplate":"https:\/\/lospoliticosveracruz.com\/?s={search_term_string}"},"query-input":{"@type":"PropertyValueSpecification","valueRequired":true,"valueName":"search_term_string"}}],"inLanguage":"es"},{"@type":"Organization","@id":"https:\/\/lospoliticosveracruz.com\/#organization","name":"Los pol\u00edticos Veracruz","url":"https:\/\/lospoliticosveracruz.com\/","logo":{"@type":"ImageObject","inLanguage":"es","@id":"https:\/\/lospoliticosveracruz.com\/#\/schema\/logo\/image\/","url":"https:\/\/lospoliticosveracruz.com\/wp-content\/uploads\/2025\/12\/Logo-Nuevo-LOS-POLITICOS-1.jpg","contentUrl":"https:\/\/lospoliticosveracruz.com\/wp-content\/uploads\/2025\/12\/Logo-Nuevo-LOS-POLITICOS-1.jpg","width":260,"height":70,"caption":"Los pol\u00edticos Veracruz"},"image":{"@id":"https:\/\/lospoliticosveracruz.com\/#\/schema\/logo\/image\/"},"sameAs":["https:\/\/www.facebook.com\/people\/Notimemes-de-los-Polticos\/61565672886568\/","https:\/\/x.com\/LosPoliticosVer"]},{"@type":"Person","@id":"https:\/\/lospoliticosveracruz.com\/#\/schema\/person\/b8702bb0e538456e6efd07080bf2a4a2","name":"Lo viste en Los Pol\u00edticos","image":{"@type":"ImageObject","inLanguage":"es","@id":"https:\/\/secure.gravatar.com\/avatar\/3a8de04a2656d44082be478bd6c086daa447c4651605818287b9532d3d0bd435?s=96&d=mm&r=g","url":"https:\/\/secure.gravatar.com\/avatar\/3a8de04a2656d44082be478bd6c086daa447c4651605818287b9532d3d0bd435?s=96&d=mm&r=g","contentUrl":"https:\/\/secure.gravatar.com\/avatar\/3a8de04a2656d44082be478bd6c086daa447c4651605818287b9532d3d0bd435?s=96&d=mm&r=g","caption":"Lo viste en Los Pol\u00edticos"},"url":"https:\/\/lospoliticosveracruz.com\/?author=2"}]}},"_links":{"self":[{"href":"https:\/\/lospoliticosveracruz.com\/index.php?rest_route=\/wp\/v2\/posts\/20182","targetHints":{"allow":["GET"]}}],"collection":[{"href":"https:\/\/lospoliticosveracruz.com\/index.php?rest_route=\/wp\/v2\/posts"}],"about":[{"href":"https:\/\/lospoliticosveracruz.com\/index.php?rest_route=\/wp\/v2\/types\/post"}],"author":[{"embeddable":true,"href":"https:\/\/lospoliticosveracruz.com\/index.php?rest_route=\/wp\/v2\/users\/2"}],"replies":[{"embeddable":true,"href":"https:\/\/lospoliticosveracruz.com\/index.php?rest_route=%2Fwp%2Fv2%2Fcomments&post=20182"}],"version-history":[{"count":1,"href":"https:\/\/lospoliticosveracruz.com\/index.php?rest_route=\/wp\/v2\/posts\/20182\/revisions"}],"predecessor-version":[{"id":20186,"href":"https:\/\/lospoliticosveracruz.com\/index.php?rest_route=\/wp\/v2\/posts\/20182\/revisions\/20186"}],"wp:attachment":[{"href":"https:\/\/lospoliticosveracruz.com\/index.php?rest_route=%2Fwp%2Fv2%2Fmedia&parent=20182"}],"wp:term":[{"taxonomy":"category","embeddable":true,"href":"https:\/\/lospoliticosveracruz.com\/index.php?rest_route=%2Fwp%2Fv2%2Fcategories&post=20182"},{"taxonomy":"post_tag","embeddable":true,"href":"https:\/\/lospoliticosveracruz.com\/index.php?rest_route=%2Fwp%2Fv2%2Ftags&post=20182"}],"curies":[{"name":"wp","href":"https:\/\/api.w.org\/{rel}","templated":true}]}}