{"id":20187,"date":"2016-01-07T22:04:16","date_gmt":"2016-01-08T04:04:16","guid":{"rendered":"http:\/\/www.lospoliticosveracruz.com.mx\/?p=20187"},"modified":"2016-01-07T22:27:34","modified_gmt":"2016-01-08T04:27:34","slug":"fotomulta-una-concesion","status":"publish","type":"post","link":"https:\/\/lospoliticosveracruz.com\/?p=20187","title":{"rendered":"Fotomulta: Una concesi\u00f3n"},"content":{"rendered":"<p><a href=\"http:\/\/www.lospoliticosveracruz.com.mx\/wp-content\/uploads\/2016\/01\/Fotomultas.jpg\"><img loading=\"lazy\" decoding=\"async\" class=\"alignnone size-medium wp-image-20188\" src=\"http:\/\/www.lospoliticosveracruz.com.mx\/wp-content\/uploads\/2016\/01\/Fotomultas-300x161.jpg\" alt=\"Fotomultas\" width=\"300\" height=\"161\" \/><\/a><br \/>\n<strong>Brenda Caballero<\/strong><br \/>\n<em>N\u00fameros Rojos<\/em><\/p>\n<p>\u00a1Es lo peor que te puede pasar! dice uno de mis amigos mientras anota su n\u00famero de placa y n\u00famero de serie en la aplicaci\u00f3n de la foto-infracci\u00f3n a trav\u00e9s de su celular. Respira aliviado: \u201c\u00a1No tengo multa!\u201d<br \/>\nY es que asegura que cuando ven\u00eda a nuestra reuni\u00f3n, la c\u00e1mara de foto-infracci\u00f3n hab\u00eda disparado un flashazo cuando pas\u00f3 frente a ella. \u201cPosiblemente no era para ti\u201d, contesta otro. \u201cBueno, si fue apenas, tardar\u00e1 hasta treinta d\u00edas en verse reflejada en el sistema\u201d, le comento. De los cinco reunidos, la mayor\u00eda desaprueba las foto-infracciones, pues afirman que no son transparentes. \u201c\u00a1Mira, mis primos afirman que si un veh\u00edculo est\u00e1 parado y pasa otro con exceso de velocidad, la foto se la toman al que est\u00e1 parado! \u00bfc\u00f3mo puedes confiar en esas multas?\u201d<br \/>\nHan disminuido accidentes, me consta. \u201c\u00bfHas tenido fotomultas?\u201d, me preguntan. \u201cA la fecha, no\u201d, contesto. \u201c\u00a1Por eso lo dices! Porque no has pagado, \u00a1pero uno que lleva tres!\u201d \u201c\u00a1Pues b\u00e1jale a tu velocidad!\u201d, le digo, \u201csi no quieres pagar\u201d.<br \/>\n\u201c\u00bfMe creer\u00e1s que siempre me marcan el mismo lugar, casi la misma hora y yo estoy trabajando? Adem\u00e1s, si compusieran las calles llenas de baches o hicieran obra, estar\u00eda de acuerdo en pagar, pero ni eso se ve\u201d.<br \/>\nDejamos la pl\u00e1tica porque la situaci\u00f3n iba subiendo de tono y en lugar de celebrar, nos \u00edbamos a enojar, pero en realidad mi amigo tiene raz\u00f3n. No veremos dinero para baches o infraestructura de calles en los municipios donde hay c\u00e1maras de foto-multa porque simplemente es UNA CONCESI\u00d3N al igual que la expedici\u00f3n de licencias para conducir. Es decir es la \u201cAcci\u00f3n de otorgar una administraci\u00f3n a particulares o empresas el derecho para explotar alguno de sus bienes o servicios durante un tiempo determinado\u201d.<br \/>\n\u00bfY los recursos recaudados? \u00a1\u00e9sa es la pregunta del mill\u00f3n! \u00bfEn d\u00f3nde est\u00e1n? \u00bfa d\u00f3nde van a parar?<br \/>\nHace quince d\u00edas le\u00eda en el peri\u00f3dico Reforma el cuestionamiento que se hac\u00edan los diputados panistas sobre las foto-multas implementadas recientemente en el Distrito Federal, al afirmar que no hab\u00eda transparencia en el contrato firmado con la empresa poblana Autotraffic, ya que era un negocio millonario, pues del total de multas pagadas por los contribuyentes, la concesionaria se llevar\u00eda el 46 por ciento. Adem\u00e1s de que llamar\u00edan a comparecer a la Secretar\u00eda de Seguridad P\u00fablica para que explique el proyecto, su prop\u00f3sito y por qu\u00e9 no transparent\u00f3 el contrato, ya que el gasto excesivo afecta al ciudadano.<br \/>\n\u00a1L\u00e1stima que no tengamos de esos diputados en Veracruz! pues seguramente ya hubieran solicitado el Contrato de la Prestaci\u00f3n del Servicio y las condiciones de \u00e9ste.<br \/>\nEs m\u00e1s, aunque existen rumores de que la concesionaria en el estado es la misma Autotraffic, en la p\u00e1gina de internet de \u00e9sta se lee: \u201cHoy AutoTraffic ha instrumentado proyectos de control de velocidad en el Gobierno del Distrito Federal, Municipio de Pachuca de Soto, Gobierno del Estado de Jalisco, Gobierno del Estado de Puebla, Municipio de Aguascalientes y Municipio de Ocotl\u00e1n\u201d. Jam\u00e1s menciona a Veracruz.<br \/>\nIncluso, no recuerdo que se hiciera p\u00fablica la informaci\u00f3n de la licitaci\u00f3n como lo hizo San Luis Potos\u00ed al se\u00f1alar que en el proceso participaron 4 empresas: Nivi Gestiones Mexicanas S de RL de CV, Grupo Bycomex y Autotraffic SA de CV, y la ganadora Inteltr\u00e1fico, la que dar\u00eda el 50 por ciento de la recaudaci\u00f3n de las multas al municipio; el 25 por ciento, al prestador de servicio; y el 25 restante, al inversionista, as\u00ed como si se llegase a cancelar el contrato, la multa ser\u00eda por 20 millones de pesos.<br \/>\nAl buscar informaci\u00f3n en la p\u00e1gina de Seguridad P\u00fablica del Gobierno del Estado de Veracruz sobre las condiciones de la concesionaria, no hay nada al respecto, y como el internet es maravilloso, al investigar en los portales de las otras empresas dedicadas a la misma actividad, incluida Catmex representante en M\u00e9xico de Gatsometer BV, ninguna indica ser prestadora de servicios de Veracruz.<br \/>\nAhora bien, en el DF, otro punto que gener\u00f3 controversia es que el contrato establece una cantidad de foto-multas m\u00ednimas mensuales, siendo 150 mil. Vuelvo a preguntarme: \u00bfEn Veracruz se establecer\u00eda tambi\u00e9n un m\u00ednimo? Y si todos manejamos respetando los l\u00edmites \u00bfa qui\u00e9n multar\u00edan?<br \/>\nTema aparte merece la menci\u00f3n de que los aparatos de videoc\u00e1maras deben de cumplir con la Norma Oficial Mexicana (NOM) para poder operar \u00bfest\u00e1n certificados?<br \/>\nDefinitivamente es necesario que los diputados se apliquen, principalmente los que integran la Comisi\u00f3n de Hacienda del Congreso del Estado: los diputados Mariela Tovar Lorenzo, presidenta (PRI); Julen Rementer\u00eda del Puerto, secretario (PAN) y Adolfo Jes\u00fas Ram\u00edrez Arana, vocal (PRI), para que m\u00ednimo soliciten una copia del convenio firmado y sus condiciones.<br \/>\nEstoy segura que despu\u00e9s de conocer c\u00f3mo se distribuye el dinero pagado por las multas, los veracruzanos no volveremos a exceder los l\u00edmites de velocidad.<\/p>\n<p>Email:caballero_brenda@hotmail.com<\/p>\n","protected":false},"excerpt":{"rendered":"<p>Brenda Caballero N\u00fameros Rojos \u00a1Es lo peor que te puede pasar! dice uno de mis amigos mientras anota su n\u00famero de placa y n\u00famero de serie en la aplicaci\u00f3n de la foto-infracci\u00f3n a trav\u00e9s de su celular. Respira aliviado: \u201c\u00a1No tengo multa!\u201d Y es que asegura que cuando ven\u00eda a nuestra reuni\u00f3n, la c\u00e1mara de [&hellip;]<\/p>\n","protected":false},"author":2,"featured_media":0,"comment_status":"open","ping_status":"open","sticky":false,"template":"","format":"standard","meta":{"tdm_status":"","tdm_grid_status":"","footnotes":""},"categories":[70],"tags":[4477,2983,195],"class_list":{"0":"post-20187","1":"post","2":"type-post","3":"status-publish","4":"format-standard","6":"category-de-opinion","7":"tag-concesion","8":"tag-fotomultas","9":"tag-veracruz"},"yoast_head":"<!-- This site is optimized with the Yoast SEO plugin v27.4 - https:\/\/yoast.com\/product\/yoast-seo-wordpress\/ -->\n<title>Fotomulta: Una concesi\u00f3n - Los pol\u00edticos Veracruz<\/title>\n<meta name=\"robots\" content=\"index, follow, max-snippet:-1, max-image-preview:large, max-video-preview:-1\" \/>\n<link rel=\"canonical\" href=\"https:\/\/lospoliticosveracruz.com\/?p=20187\" \/>\n<meta property=\"og:locale\" content=\"es_ES\" \/>\n<meta property=\"og:type\" content=\"article\" \/>\n<meta property=\"og:title\" content=\"Fotomulta: Una concesi\u00f3n - Los pol\u00edticos Veracruz\" \/>\n<meta property=\"og:description\" content=\"Brenda Caballero N\u00fameros Rojos \u00a1Es lo peor que te puede pasar! dice uno de mis amigos mientras anota su n\u00famero de placa y n\u00famero de serie en la aplicaci\u00f3n de la foto-infracci\u00f3n a trav\u00e9s de su celular. Respira aliviado: \u201c\u00a1No tengo multa!\u201d Y es que asegura que cuando ven\u00eda a nuestra reuni\u00f3n, la c\u00e1mara de [&hellip;]\" \/>\n<meta property=\"og:url\" content=\"https:\/\/lospoliticosveracruz.com\/?p=20187\" \/>\n<meta property=\"og:site_name\" content=\"Los pol\u00edticos Veracruz\" \/>\n<meta property=\"article:publisher\" content=\"https:\/\/www.facebook.com\/people\/Notimemes-de-los-Polticos\/61565672886568\/\" \/>\n<meta property=\"article:published_time\" content=\"2016-01-08T04:04:16+00:00\" \/>\n<meta property=\"article:modified_time\" content=\"2016-01-08T04:27:34+00:00\" \/>\n<meta property=\"og:image\" content=\"http:\/\/www.lospoliticosveracruz.com.mx\/wp-content\/uploads\/2016\/01\/Fotomultas-300x161.jpg\" \/>\n<meta name=\"author\" content=\"Lo viste en Los Pol\u00edticos\" \/>\n<meta name=\"twitter:card\" content=\"summary_large_image\" \/>\n<meta name=\"twitter:creator\" content=\"@LosPoliticosVer\" \/>\n<meta name=\"twitter:site\" content=\"@LosPoliticosVer\" \/>\n<meta name=\"twitter:label1\" content=\"Escrito por\" \/>\n\t<meta name=\"twitter:data1\" content=\"Lo viste en Los Pol\u00edticos\" \/>\n\t<meta name=\"twitter:label2\" content=\"Tiempo de lectura\" \/>\n\t<meta name=\"twitter:data2\" content=\"4 minutos\" \/>\n<script type=\"application\/ld+json\" class=\"yoast-schema-graph\">{\"@context\":\"https:\\\/\\\/schema.org\",\"@graph\":[{\"@type\":\"Article\",\"@id\":\"https:\\\/\\\/lospoliticosveracruz.com\\\/?p=20187#article\",\"isPartOf\":{\"@id\":\"https:\\\/\\\/lospoliticosveracruz.com\\\/?p=20187\"},\"author\":{\"name\":\"Lo viste en Los Pol\u00edticos\",\"@id\":\"https:\\\/\\\/lospoliticosveracruz.com\\\/#\\\/schema\\\/person\\\/b8702bb0e538456e6efd07080bf2a4a2\"},\"headline\":\"Fotomulta: Una concesi\u00f3n\",\"datePublished\":\"2016-01-08T04:04:16+00:00\",\"dateModified\":\"2016-01-08T04:27:34+00:00\",\"mainEntityOfPage\":{\"@id\":\"https:\\\/\\\/lospoliticosveracruz.com\\\/?p=20187\"},\"wordCount\":883,\"commentCount\":0,\"publisher\":{\"@id\":\"https:\\\/\\\/lospoliticosveracruz.com\\\/#organization\"},\"image\":{\"@id\":\"https:\\\/\\\/lospoliticosveracruz.com\\\/?p=20187#primaryimage\"},\"thumbnailUrl\":\"http:\\\/\\\/www.lospoliticosveracruz.com.mx\\\/wp-content\\\/uploads\\\/2016\\\/01\\\/Fotomultas-300x161.jpg\",\"keywords\":[\"concesi\u00f3n\",\"fotomultas\",\"Veracruz\"],\"articleSection\":[\"De Opini\u00f3n\"],\"inLanguage\":\"es\",\"potentialAction\":[{\"@type\":\"CommentAction\",\"name\":\"Comment\",\"target\":[\"https:\\\/\\\/lospoliticosveracruz.com\\\/?p=20187#respond\"]}]},{\"@type\":\"WebPage\",\"@id\":\"https:\\\/\\\/lospoliticosveracruz.com\\\/?p=20187\",\"url\":\"https:\\\/\\\/lospoliticosveracruz.com\\\/?p=20187\",\"name\":\"Fotomulta: Una concesi\u00f3n - Los pol\u00edticos Veracruz\",\"isPartOf\":{\"@id\":\"https:\\\/\\\/lospoliticosveracruz.com\\\/#website\"},\"primaryImageOfPage\":{\"@id\":\"https:\\\/\\\/lospoliticosveracruz.com\\\/?p=20187#primaryimage\"},\"image\":{\"@id\":\"https:\\\/\\\/lospoliticosveracruz.com\\\/?p=20187#primaryimage\"},\"thumbnailUrl\":\"http:\\\/\\\/www.lospoliticosveracruz.com.mx\\\/wp-content\\\/uploads\\\/2016\\\/01\\\/Fotomultas-300x161.jpg\",\"datePublished\":\"2016-01-08T04:04:16+00:00\",\"dateModified\":\"2016-01-08T04:27:34+00:00\",\"breadcrumb\":{\"@id\":\"https:\\\/\\\/lospoliticosveracruz.com\\\/?p=20187#breadcrumb\"},\"inLanguage\":\"es\",\"potentialAction\":[{\"@type\":\"ReadAction\",\"target\":[\"https:\\\/\\\/lospoliticosveracruz.com\\\/?p=20187\"]}]},{\"@type\":\"ImageObject\",\"inLanguage\":\"es\",\"@id\":\"https:\\\/\\\/lospoliticosveracruz.com\\\/?p=20187#primaryimage\",\"url\":\"http:\\\/\\\/www.lospoliticosveracruz.com.mx\\\/wp-content\\\/uploads\\\/2016\\\/01\\\/Fotomultas-300x161.jpg\",\"contentUrl\":\"http:\\\/\\\/www.lospoliticosveracruz.com.mx\\\/wp-content\\\/uploads\\\/2016\\\/01\\\/Fotomultas-300x161.jpg\"},{\"@type\":\"BreadcrumbList\",\"@id\":\"https:\\\/\\\/lospoliticosveracruz.com\\\/?p=20187#breadcrumb\",\"itemListElement\":[{\"@type\":\"ListItem\",\"position\":1,\"name\":\"Portada\",\"item\":\"https:\\\/\\\/lospoliticosveracruz.com\\\/\"},{\"@type\":\"ListItem\",\"position\":2,\"name\":\"Fotomulta: Una concesi\u00f3n\"}]},{\"@type\":\"WebSite\",\"@id\":\"https:\\\/\\\/lospoliticosveracruz.com\\\/#website\",\"url\":\"https:\\\/\\\/lospoliticosveracruz.com\\\/\",\"name\":\"Los pol\u00edticos Veracruz\",\"description\":\"\",\"publisher\":{\"@id\":\"https:\\\/\\\/lospoliticosveracruz.com\\\/#organization\"},\"potentialAction\":[{\"@type\":\"SearchAction\",\"target\":{\"@type\":\"EntryPoint\",\"urlTemplate\":\"https:\\\/\\\/lospoliticosveracruz.com\\\/?s={search_term_string}\"},\"query-input\":{\"@type\":\"PropertyValueSpecification\",\"valueRequired\":true,\"valueName\":\"search_term_string\"}}],\"inLanguage\":\"es\"},{\"@type\":\"Organization\",\"@id\":\"https:\\\/\\\/lospoliticosveracruz.com\\\/#organization\",\"name\":\"Los pol\u00edticos Veracruz\",\"url\":\"https:\\\/\\\/lospoliticosveracruz.com\\\/\",\"logo\":{\"@type\":\"ImageObject\",\"inLanguage\":\"es\",\"@id\":\"https:\\\/\\\/lospoliticosveracruz.com\\\/#\\\/schema\\\/logo\\\/image\\\/\",\"url\":\"https:\\\/\\\/lospoliticosveracruz.com\\\/wp-content\\\/uploads\\\/2025\\\/12\\\/Logo-Nuevo-LOS-POLITICOS-1.jpg\",\"contentUrl\":\"https:\\\/\\\/lospoliticosveracruz.com\\\/wp-content\\\/uploads\\\/2025\\\/12\\\/Logo-Nuevo-LOS-POLITICOS-1.jpg\",\"width\":260,\"height\":70,\"caption\":\"Los pol\u00edticos Veracruz\"},\"image\":{\"@id\":\"https:\\\/\\\/lospoliticosveracruz.com\\\/#\\\/schema\\\/logo\\\/image\\\/\"},\"sameAs\":[\"https:\\\/\\\/www.facebook.com\\\/people\\\/Notimemes-de-los-Polticos\\\/61565672886568\\\/\",\"https:\\\/\\\/x.com\\\/LosPoliticosVer\"]},{\"@type\":\"Person\",\"@id\":\"https:\\\/\\\/lospoliticosveracruz.com\\\/#\\\/schema\\\/person\\\/b8702bb0e538456e6efd07080bf2a4a2\",\"name\":\"Lo viste en Los Pol\u00edticos\",\"image\":{\"@type\":\"ImageObject\",\"inLanguage\":\"es\",\"@id\":\"https:\\\/\\\/secure.gravatar.com\\\/avatar\\\/3a8de04a2656d44082be478bd6c086daa447c4651605818287b9532d3d0bd435?s=96&d=mm&r=g\",\"url\":\"https:\\\/\\\/secure.gravatar.com\\\/avatar\\\/3a8de04a2656d44082be478bd6c086daa447c4651605818287b9532d3d0bd435?s=96&d=mm&r=g\",\"contentUrl\":\"https:\\\/\\\/secure.gravatar.com\\\/avatar\\\/3a8de04a2656d44082be478bd6c086daa447c4651605818287b9532d3d0bd435?s=96&d=mm&r=g\",\"caption\":\"Lo viste en Los Pol\u00edticos\"},\"url\":\"https:\\\/\\\/lospoliticosveracruz.com\\\/?author=2\"}]}<\/script>\n<!-- \/ Yoast SEO plugin. -->","yoast_head_json":{"title":"Fotomulta: Una concesi\u00f3n - Los pol\u00edticos Veracruz","robots":{"index":"index","follow":"follow","max-snippet":"max-snippet:-1","max-image-preview":"max-image-preview:large","max-video-preview":"max-video-preview:-1"},"canonical":"https:\/\/lospoliticosveracruz.com\/?p=20187","og_locale":"es_ES","og_type":"article","og_title":"Fotomulta: Una concesi\u00f3n - Los pol\u00edticos Veracruz","og_description":"Brenda Caballero N\u00fameros Rojos \u00a1Es lo peor que te puede pasar! dice uno de mis amigos mientras anota su n\u00famero de placa y n\u00famero de serie en la aplicaci\u00f3n de la foto-infracci\u00f3n a trav\u00e9s de su celular. Respira aliviado: \u201c\u00a1No tengo multa!\u201d Y es que asegura que cuando ven\u00eda a nuestra reuni\u00f3n, la c\u00e1mara de [&hellip;]","og_url":"https:\/\/lospoliticosveracruz.com\/?p=20187","og_site_name":"Los pol\u00edticos Veracruz","article_publisher":"https:\/\/www.facebook.com\/people\/Notimemes-de-los-Polticos\/61565672886568\/","article_published_time":"2016-01-08T04:04:16+00:00","article_modified_time":"2016-01-08T04:27:34+00:00","og_image":[{"url":"http:\/\/www.lospoliticosveracruz.com.mx\/wp-content\/uploads\/2016\/01\/Fotomultas-300x161.jpg","type":"","width":"","height":""}],"author":"Lo viste en Los Pol\u00edticos","twitter_card":"summary_large_image","twitter_creator":"@LosPoliticosVer","twitter_site":"@LosPoliticosVer","twitter_misc":{"Escrito por":"Lo viste en Los Pol\u00edticos","Tiempo de lectura":"4 minutos"},"schema":{"@context":"https:\/\/schema.org","@graph":[{"@type":"Article","@id":"https:\/\/lospoliticosveracruz.com\/?p=20187#article","isPartOf":{"@id":"https:\/\/lospoliticosveracruz.com\/?p=20187"},"author":{"name":"Lo viste en Los Pol\u00edticos","@id":"https:\/\/lospoliticosveracruz.com\/#\/schema\/person\/b8702bb0e538456e6efd07080bf2a4a2"},"headline":"Fotomulta: Una concesi\u00f3n","datePublished":"2016-01-08T04:04:16+00:00","dateModified":"2016-01-08T04:27:34+00:00","mainEntityOfPage":{"@id":"https:\/\/lospoliticosveracruz.com\/?p=20187"},"wordCount":883,"commentCount":0,"publisher":{"@id":"https:\/\/lospoliticosveracruz.com\/#organization"},"image":{"@id":"https:\/\/lospoliticosveracruz.com\/?p=20187#primaryimage"},"thumbnailUrl":"http:\/\/www.lospoliticosveracruz.com.mx\/wp-content\/uploads\/2016\/01\/Fotomultas-300x161.jpg","keywords":["concesi\u00f3n","fotomultas","Veracruz"],"articleSection":["De Opini\u00f3n"],"inLanguage":"es","potentialAction":[{"@type":"CommentAction","name":"Comment","target":["https:\/\/lospoliticosveracruz.com\/?p=20187#respond"]}]},{"@type":"WebPage","@id":"https:\/\/lospoliticosveracruz.com\/?p=20187","url":"https:\/\/lospoliticosveracruz.com\/?p=20187","name":"Fotomulta: Una concesi\u00f3n - Los pol\u00edticos Veracruz","isPartOf":{"@id":"https:\/\/lospoliticosveracruz.com\/#website"},"primaryImageOfPage":{"@id":"https:\/\/lospoliticosveracruz.com\/?p=20187#primaryimage"},"image":{"@id":"https:\/\/lospoliticosveracruz.com\/?p=20187#primaryimage"},"thumbnailUrl":"http:\/\/www.lospoliticosveracruz.com.mx\/wp-content\/uploads\/2016\/01\/Fotomultas-300x161.jpg","datePublished":"2016-01-08T04:04:16+00:00","dateModified":"2016-01-08T04:27:34+00:00","breadcrumb":{"@id":"https:\/\/lospoliticosveracruz.com\/?p=20187#breadcrumb"},"inLanguage":"es","potentialAction":[{"@type":"ReadAction","target":["https:\/\/lospoliticosveracruz.com\/?p=20187"]}]},{"@type":"ImageObject","inLanguage":"es","@id":"https:\/\/lospoliticosveracruz.com\/?p=20187#primaryimage","url":"http:\/\/www.lospoliticosveracruz.com.mx\/wp-content\/uploads\/2016\/01\/Fotomultas-300x161.jpg","contentUrl":"http:\/\/www.lospoliticosveracruz.com.mx\/wp-content\/uploads\/2016\/01\/Fotomultas-300x161.jpg"},{"@type":"BreadcrumbList","@id":"https:\/\/lospoliticosveracruz.com\/?p=20187#breadcrumb","itemListElement":[{"@type":"ListItem","position":1,"name":"Portada","item":"https:\/\/lospoliticosveracruz.com\/"},{"@type":"ListItem","position":2,"name":"Fotomulta: Una concesi\u00f3n"}]},{"@type":"WebSite","@id":"https:\/\/lospoliticosveracruz.com\/#website","url":"https:\/\/lospoliticosveracruz.com\/","name":"Los pol\u00edticos Veracruz","description":"","publisher":{"@id":"https:\/\/lospoliticosveracruz.com\/#organization"},"potentialAction":[{"@type":"SearchAction","target":{"@type":"EntryPoint","urlTemplate":"https:\/\/lospoliticosveracruz.com\/?s={search_term_string}"},"query-input":{"@type":"PropertyValueSpecification","valueRequired":true,"valueName":"search_term_string"}}],"inLanguage":"es"},{"@type":"Organization","@id":"https:\/\/lospoliticosveracruz.com\/#organization","name":"Los pol\u00edticos Veracruz","url":"https:\/\/lospoliticosveracruz.com\/","logo":{"@type":"ImageObject","inLanguage":"es","@id":"https:\/\/lospoliticosveracruz.com\/#\/schema\/logo\/image\/","url":"https:\/\/lospoliticosveracruz.com\/wp-content\/uploads\/2025\/12\/Logo-Nuevo-LOS-POLITICOS-1.jpg","contentUrl":"https:\/\/lospoliticosveracruz.com\/wp-content\/uploads\/2025\/12\/Logo-Nuevo-LOS-POLITICOS-1.jpg","width":260,"height":70,"caption":"Los pol\u00edticos Veracruz"},"image":{"@id":"https:\/\/lospoliticosveracruz.com\/#\/schema\/logo\/image\/"},"sameAs":["https:\/\/www.facebook.com\/people\/Notimemes-de-los-Polticos\/61565672886568\/","https:\/\/x.com\/LosPoliticosVer"]},{"@type":"Person","@id":"https:\/\/lospoliticosveracruz.com\/#\/schema\/person\/b8702bb0e538456e6efd07080bf2a4a2","name":"Lo viste en Los Pol\u00edticos","image":{"@type":"ImageObject","inLanguage":"es","@id":"https:\/\/secure.gravatar.com\/avatar\/3a8de04a2656d44082be478bd6c086daa447c4651605818287b9532d3d0bd435?s=96&d=mm&r=g","url":"https:\/\/secure.gravatar.com\/avatar\/3a8de04a2656d44082be478bd6c086daa447c4651605818287b9532d3d0bd435?s=96&d=mm&r=g","contentUrl":"https:\/\/secure.gravatar.com\/avatar\/3a8de04a2656d44082be478bd6c086daa447c4651605818287b9532d3d0bd435?s=96&d=mm&r=g","caption":"Lo viste en Los Pol\u00edticos"},"url":"https:\/\/lospoliticosveracruz.com\/?author=2"}]}},"_links":{"self":[{"href":"https:\/\/lospoliticosveracruz.com\/index.php?rest_route=\/wp\/v2\/posts\/20187","targetHints":{"allow":["GET"]}}],"collection":[{"href":"https:\/\/lospoliticosveracruz.com\/index.php?rest_route=\/wp\/v2\/posts"}],"about":[{"href":"https:\/\/lospoliticosveracruz.com\/index.php?rest_route=\/wp\/v2\/types\/post"}],"author":[{"embeddable":true,"href":"https:\/\/lospoliticosveracruz.com\/index.php?rest_route=\/wp\/v2\/users\/2"}],"replies":[{"embeddable":true,"href":"https:\/\/lospoliticosveracruz.com\/index.php?rest_route=%2Fwp%2Fv2%2Fcomments&post=20187"}],"version-history":[{"count":2,"href":"https:\/\/lospoliticosveracruz.com\/index.php?rest_route=\/wp\/v2\/posts\/20187\/revisions"}],"predecessor-version":[{"id":20192,"href":"https:\/\/lospoliticosveracruz.com\/index.php?rest_route=\/wp\/v2\/posts\/20187\/revisions\/20192"}],"wp:attachment":[{"href":"https:\/\/lospoliticosveracruz.com\/index.php?rest_route=%2Fwp%2Fv2%2Fmedia&parent=20187"}],"wp:term":[{"taxonomy":"category","embeddable":true,"href":"https:\/\/lospoliticosveracruz.com\/index.php?rest_route=%2Fwp%2Fv2%2Fcategories&post=20187"},{"taxonomy":"post_tag","embeddable":true,"href":"https:\/\/lospoliticosveracruz.com\/index.php?rest_route=%2Fwp%2Fv2%2Ftags&post=20187"}],"curies":[{"name":"wp","href":"https:\/\/api.w.org\/{rel}","templated":true}]}}