{"id":20190,"date":"2016-01-07T22:19:33","date_gmt":"2016-01-08T04:19:33","guid":{"rendered":"http:\/\/www.lospoliticosveracruz.com.mx\/?p=20190"},"modified":"2016-01-07T22:19:33","modified_gmt":"2016-01-08T04:19:33","slug":"el-pri-sentimiento","status":"publish","type":"post","link":"https:\/\/lospoliticosveracruz.com\/?p=20190","title":{"rendered":"El PRI-sentimiento"},"content":{"rendered":"<p><a href=\"http:\/\/www.lospoliticosveracruz.com.mx\/wp-content\/uploads\/2015\/04\/logo-pri-e1427992497576.jpg\"><img loading=\"lazy\" decoding=\"async\" class=\"alignnone size-full wp-image-15563\" src=\"http:\/\/www.lospoliticosveracruz.com.mx\/wp-content\/uploads\/2015\/04\/logo-pri-e1427992497576.jpg\" alt=\"logo pri\" width=\"222\" height=\"227\" \/><\/a><br \/>\n<strong>Salvador Mu\u00f1oz<\/strong><\/p>\n<p><em>Los Pol\u00edticos<\/em><\/p>\n<p>Tengo un presentimiento conforme se acerca el momento en que el PRI tenga a su candidato a la Gubernatura.<br \/>\nConste, puse \u201ctenga\u201d, no \u201cdecida\u201d o \u201celija\u201d. Porque es seguro que Los Pinos, junto con el CEN del PRI, habr\u00e1n de decidir cu\u00e1l es su mejor carta. Y s\u00ed, aunque a muchos no les guste, igual, en una de \u00e9sas, hasta el mismo Javier Duarte de Ochoa, tenga derecho a voz\u2026 aunque no voto, porque es claro que el \u00fanico voto v\u00e1lido ser\u00e1 el que al final, decida el Presidente.<br \/>\nPero, cu\u00e1l es el presentimiento que tengo: creo que va a ganar el PRI. Por supuesto, si usted est\u00e1 en contra del partido en el poder, ya me mand\u00f3 a chingar mi madre cuando ni siquiera eso es lo peor para quienes rechazan al PRI.<br \/>\n\u00bfPuede haber algo peor? Digo, \u201cpeor\u201d para quien no comulga con el PRI (\u00a1ojo! aunque en una de \u00e9sas, \u00a1hasta para los que comulgan con el PRI!). S\u00ed, que puede ir con cualquier candidato.<br \/>\nCuando uno refiere \u201ccualquier candidato\u201d, no se trata de ser despectivo, sino simplemente exponer que no es ninguno de los que, al menos en los \u00faltimos cinco a\u00f1os, han estado presentes, tanto en la militancia como en los diversos segmentos de nuestra fauna social, que puede ir desde empresarios, ca\u00f1eros, caficultores, ganaderos y medios de difusi\u00f3n y de informaci\u00f3n.<br \/>\nLa buena noticia, para la militancia en este caso, ser\u00eda que el candidato fuera aqu\u00e9l que no tuviera el pronombre indeterminado \u201ccualquier\u201d.<br \/>\nAunque ello no resuelve por completo el triunfo del PRI este 2016.<br \/>\nCreo que a ning\u00fan priista le pasa desapercibido que esta contienda no ser\u00e1 f\u00e1cil\u2026 y mucho menos a los que est\u00e1n en el poder. Les va costar ganar (Tomen \u201ccostar\u201d en todos los sentidos). Si es con uno que se saquen de la manga, les \u201ccostar\u00e1\u201d mucho, pero mucho, ganar; porque ya no se trata de convencer s\u00f3lo al electorado, sino de \u201ccostear\u201d esos atributos que presumen los priistas a la hora de ir a una elecci\u00f3n. Ahora que si va uno de los que vienen empujando desde hace cinco a\u00f1os, igual les \u201ccostar\u00e1\u201d; quiz\u00e1s no tanto como \u201cmucho, pero mucho\u201d, pero de que les va a \u201ccostar\u201d, les va a \u201ccostar\u201d.<br \/>\nY s\u00ed, puede haber enfado en la designaci\u00f3n del candidato, pero al final, los mismos priistas veracruzanos, desde el nivel m\u00e1s bajo hasta el m\u00e1s alto, saben que no les conviene una derrota. Dos a\u00f1os en la banca con riesgo a que se sumen otros seis \u00a1no es de Dios! A nivel federal ya se \u201csufrieron\u201d 12 a\u00f1os y no quieren repetirlos. Por eso son entendibles sus \u201catributos\u201d&#8230; la famosa \u201cInstitucionalidad\u201d, \u201cunidad\u201d y \u201cdisciplina\u201d de los m\u00e1s, sobre los aires de \u201cdemocracia\u201d, \u201clegalidad\u201d y \u201calternancia\u201d de los menos.<br \/>\n\u00a1Vamos! por supuesto que \u201cla chamba\u201d, \u201cla chuleta\u201d, \u201cel hueso\u201d, no es una de las razones para aspirar a un triunfo \u201ca como sea\u201d; tambi\u00e9n algunos se juegan su carrera pol\u00edtica y en una de \u00e9sas, hasta su libertad que, igual, el mismo triunfo de su partido sea su pasaporte a la inmunidad (igual pude poner \u201cimpunidad\u201d, pero para el caso, es lo mismo).<br \/>\nA ello se agrega el 2018, la sucesi\u00f3n presidencial, y la necesidad, ya no de conservar a Veracruz como reserva electoral, sino s\u00f3lo mantenerlo como basti\u00f3n pri\u00edsta. Perder Veracruz es un lujo que no se puede dar el PRI.<br \/>\n\u00bfY qu\u00e9 van a hacer? \u00a1Todo, absolutamente todo, para ganar! \u00a1\u00c9se es el PRIsentimiento que tengo!<\/p>\n<p>smcainito@gmail.com<\/p>\n","protected":false},"excerpt":{"rendered":"<p>Salvador Mu\u00f1oz Los Pol\u00edticos Tengo un presentimiento conforme se acerca el momento en que el PRI tenga a su candidato a la Gubernatura. Conste, puse \u201ctenga\u201d, no \u201cdecida\u201d o \u201celija\u201d. Porque es seguro que Los Pinos, junto con el CEN del PRI, habr\u00e1n de decidir cu\u00e1l es su mejor carta. Y s\u00ed, aunque a muchos [&hellip;]<\/p>\n","protected":false},"author":2,"featured_media":0,"comment_status":"open","ping_status":"open","sticky":false,"template":"","format":"standard","meta":{"tdm_status":"","tdm_grid_status":"","footnotes":""},"categories":[70],"tags":[450,721,251],"class_list":{"0":"post-20190","1":"post","2":"type-post","3":"status-publish","4":"format-standard","6":"category-de-opinion","7":"tag-candidato","8":"tag-elecciones","9":"tag-pri"},"yoast_head":"<!-- This site is optimized with the Yoast SEO plugin v27.4 - https:\/\/yoast.com\/product\/yoast-seo-wordpress\/ -->\n<title>El PRI-sentimiento - Los pol\u00edticos Veracruz<\/title>\n<meta name=\"robots\" content=\"index, follow, max-snippet:-1, max-image-preview:large, max-video-preview:-1\" \/>\n<link rel=\"canonical\" href=\"https:\/\/lospoliticosveracruz.com\/?p=20190\" \/>\n<meta property=\"og:locale\" content=\"es_ES\" \/>\n<meta property=\"og:type\" content=\"article\" \/>\n<meta property=\"og:title\" content=\"El PRI-sentimiento - Los pol\u00edticos Veracruz\" \/>\n<meta property=\"og:description\" content=\"Salvador Mu\u00f1oz Los Pol\u00edticos Tengo un presentimiento conforme se acerca el momento en que el PRI tenga a su candidato a la Gubernatura. Conste, puse \u201ctenga\u201d, no \u201cdecida\u201d o \u201celija\u201d. Porque es seguro que Los Pinos, junto con el CEN del PRI, habr\u00e1n de decidir cu\u00e1l es su mejor carta. Y s\u00ed, aunque a muchos [&hellip;]\" \/>\n<meta property=\"og:url\" content=\"https:\/\/lospoliticosveracruz.com\/?p=20190\" \/>\n<meta property=\"og:site_name\" content=\"Los pol\u00edticos Veracruz\" \/>\n<meta property=\"article:publisher\" content=\"https:\/\/www.facebook.com\/people\/Notimemes-de-los-Polticos\/61565672886568\/\" \/>\n<meta property=\"article:published_time\" content=\"2016-01-08T04:19:33+00:00\" \/>\n<meta property=\"og:image\" content=\"http:\/\/www.lospoliticosveracruz.com.mx\/wp-content\/uploads\/2015\/04\/logo-pri-e1427992497576.jpg\" \/>\n<meta name=\"author\" content=\"Lo viste en Los Pol\u00edticos\" \/>\n<meta name=\"twitter:card\" content=\"summary_large_image\" \/>\n<meta name=\"twitter:creator\" content=\"@LosPoliticosVer\" \/>\n<meta name=\"twitter:site\" content=\"@LosPoliticosVer\" \/>\n<meta name=\"twitter:label1\" content=\"Escrito por\" \/>\n\t<meta name=\"twitter:data1\" content=\"Lo viste en Los Pol\u00edticos\" \/>\n\t<meta name=\"twitter:label2\" content=\"Tiempo de lectura\" \/>\n\t<meta name=\"twitter:data2\" content=\"3 minutos\" \/>\n<script type=\"application\/ld+json\" class=\"yoast-schema-graph\">{\"@context\":\"https:\\\/\\\/schema.org\",\"@graph\":[{\"@type\":\"Article\",\"@id\":\"https:\\\/\\\/lospoliticosveracruz.com\\\/?p=20190#article\",\"isPartOf\":{\"@id\":\"https:\\\/\\\/lospoliticosveracruz.com\\\/?p=20190\"},\"author\":{\"name\":\"Lo viste en Los Pol\u00edticos\",\"@id\":\"https:\\\/\\\/lospoliticosveracruz.com\\\/#\\\/schema\\\/person\\\/b8702bb0e538456e6efd07080bf2a4a2\"},\"headline\":\"El PRI-sentimiento\",\"datePublished\":\"2016-01-08T04:19:33+00:00\",\"mainEntityOfPage\":{\"@id\":\"https:\\\/\\\/lospoliticosveracruz.com\\\/?p=20190\"},\"wordCount\":617,\"commentCount\":0,\"publisher\":{\"@id\":\"https:\\\/\\\/lospoliticosveracruz.com\\\/#organization\"},\"image\":{\"@id\":\"https:\\\/\\\/lospoliticosveracruz.com\\\/?p=20190#primaryimage\"},\"thumbnailUrl\":\"http:\\\/\\\/www.lospoliticosveracruz.com.mx\\\/wp-content\\\/uploads\\\/2015\\\/04\\\/logo-pri-e1427992497576.jpg\",\"keywords\":[\"candidato\",\"elecciones\",\"PRI\"],\"articleSection\":[\"De Opini\u00f3n\"],\"inLanguage\":\"es\",\"potentialAction\":[{\"@type\":\"CommentAction\",\"name\":\"Comment\",\"target\":[\"https:\\\/\\\/lospoliticosveracruz.com\\\/?p=20190#respond\"]}]},{\"@type\":\"WebPage\",\"@id\":\"https:\\\/\\\/lospoliticosveracruz.com\\\/?p=20190\",\"url\":\"https:\\\/\\\/lospoliticosveracruz.com\\\/?p=20190\",\"name\":\"El PRI-sentimiento - Los pol\u00edticos Veracruz\",\"isPartOf\":{\"@id\":\"https:\\\/\\\/lospoliticosveracruz.com\\\/#website\"},\"primaryImageOfPage\":{\"@id\":\"https:\\\/\\\/lospoliticosveracruz.com\\\/?p=20190#primaryimage\"},\"image\":{\"@id\":\"https:\\\/\\\/lospoliticosveracruz.com\\\/?p=20190#primaryimage\"},\"thumbnailUrl\":\"http:\\\/\\\/www.lospoliticosveracruz.com.mx\\\/wp-content\\\/uploads\\\/2015\\\/04\\\/logo-pri-e1427992497576.jpg\",\"datePublished\":\"2016-01-08T04:19:33+00:00\",\"breadcrumb\":{\"@id\":\"https:\\\/\\\/lospoliticosveracruz.com\\\/?p=20190#breadcrumb\"},\"inLanguage\":\"es\",\"potentialAction\":[{\"@type\":\"ReadAction\",\"target\":[\"https:\\\/\\\/lospoliticosveracruz.com\\\/?p=20190\"]}]},{\"@type\":\"ImageObject\",\"inLanguage\":\"es\",\"@id\":\"https:\\\/\\\/lospoliticosveracruz.com\\\/?p=20190#primaryimage\",\"url\":\"http:\\\/\\\/www.lospoliticosveracruz.com.mx\\\/wp-content\\\/uploads\\\/2015\\\/04\\\/logo-pri-e1427992497576.jpg\",\"contentUrl\":\"http:\\\/\\\/www.lospoliticosveracruz.com.mx\\\/wp-content\\\/uploads\\\/2015\\\/04\\\/logo-pri-e1427992497576.jpg\"},{\"@type\":\"BreadcrumbList\",\"@id\":\"https:\\\/\\\/lospoliticosveracruz.com\\\/?p=20190#breadcrumb\",\"itemListElement\":[{\"@type\":\"ListItem\",\"position\":1,\"name\":\"Portada\",\"item\":\"https:\\\/\\\/lospoliticosveracruz.com\\\/\"},{\"@type\":\"ListItem\",\"position\":2,\"name\":\"El PRI-sentimiento\"}]},{\"@type\":\"WebSite\",\"@id\":\"https:\\\/\\\/lospoliticosveracruz.com\\\/#website\",\"url\":\"https:\\\/\\\/lospoliticosveracruz.com\\\/\",\"name\":\"Los pol\u00edticos Veracruz\",\"description\":\"\",\"publisher\":{\"@id\":\"https:\\\/\\\/lospoliticosveracruz.com\\\/#organization\"},\"potentialAction\":[{\"@type\":\"SearchAction\",\"target\":{\"@type\":\"EntryPoint\",\"urlTemplate\":\"https:\\\/\\\/lospoliticosveracruz.com\\\/?s={search_term_string}\"},\"query-input\":{\"@type\":\"PropertyValueSpecification\",\"valueRequired\":true,\"valueName\":\"search_term_string\"}}],\"inLanguage\":\"es\"},{\"@type\":\"Organization\",\"@id\":\"https:\\\/\\\/lospoliticosveracruz.com\\\/#organization\",\"name\":\"Los pol\u00edticos Veracruz\",\"url\":\"https:\\\/\\\/lospoliticosveracruz.com\\\/\",\"logo\":{\"@type\":\"ImageObject\",\"inLanguage\":\"es\",\"@id\":\"https:\\\/\\\/lospoliticosveracruz.com\\\/#\\\/schema\\\/logo\\\/image\\\/\",\"url\":\"https:\\\/\\\/lospoliticosveracruz.com\\\/wp-content\\\/uploads\\\/2025\\\/12\\\/Logo-Nuevo-LOS-POLITICOS-1.jpg\",\"contentUrl\":\"https:\\\/\\\/lospoliticosveracruz.com\\\/wp-content\\\/uploads\\\/2025\\\/12\\\/Logo-Nuevo-LOS-POLITICOS-1.jpg\",\"width\":260,\"height\":70,\"caption\":\"Los pol\u00edticos Veracruz\"},\"image\":{\"@id\":\"https:\\\/\\\/lospoliticosveracruz.com\\\/#\\\/schema\\\/logo\\\/image\\\/\"},\"sameAs\":[\"https:\\\/\\\/www.facebook.com\\\/people\\\/Notimemes-de-los-Polticos\\\/61565672886568\\\/\",\"https:\\\/\\\/x.com\\\/LosPoliticosVer\"]},{\"@type\":\"Person\",\"@id\":\"https:\\\/\\\/lospoliticosveracruz.com\\\/#\\\/schema\\\/person\\\/b8702bb0e538456e6efd07080bf2a4a2\",\"name\":\"Lo viste en Los Pol\u00edticos\",\"image\":{\"@type\":\"ImageObject\",\"inLanguage\":\"es\",\"@id\":\"https:\\\/\\\/secure.gravatar.com\\\/avatar\\\/3a8de04a2656d44082be478bd6c086daa447c4651605818287b9532d3d0bd435?s=96&d=mm&r=g\",\"url\":\"https:\\\/\\\/secure.gravatar.com\\\/avatar\\\/3a8de04a2656d44082be478bd6c086daa447c4651605818287b9532d3d0bd435?s=96&d=mm&r=g\",\"contentUrl\":\"https:\\\/\\\/secure.gravatar.com\\\/avatar\\\/3a8de04a2656d44082be478bd6c086daa447c4651605818287b9532d3d0bd435?s=96&d=mm&r=g\",\"caption\":\"Lo viste en Los Pol\u00edticos\"},\"url\":\"https:\\\/\\\/lospoliticosveracruz.com\\\/?author=2\"}]}<\/script>\n<!-- \/ Yoast SEO plugin. -->","yoast_head_json":{"title":"El PRI-sentimiento - Los pol\u00edticos Veracruz","robots":{"index":"index","follow":"follow","max-snippet":"max-snippet:-1","max-image-preview":"max-image-preview:large","max-video-preview":"max-video-preview:-1"},"canonical":"https:\/\/lospoliticosveracruz.com\/?p=20190","og_locale":"es_ES","og_type":"article","og_title":"El PRI-sentimiento - Los pol\u00edticos Veracruz","og_description":"Salvador Mu\u00f1oz Los Pol\u00edticos Tengo un presentimiento conforme se acerca el momento en que el PRI tenga a su candidato a la Gubernatura. Conste, puse \u201ctenga\u201d, no \u201cdecida\u201d o \u201celija\u201d. Porque es seguro que Los Pinos, junto con el CEN del PRI, habr\u00e1n de decidir cu\u00e1l es su mejor carta. Y s\u00ed, aunque a muchos [&hellip;]","og_url":"https:\/\/lospoliticosveracruz.com\/?p=20190","og_site_name":"Los pol\u00edticos Veracruz","article_publisher":"https:\/\/www.facebook.com\/people\/Notimemes-de-los-Polticos\/61565672886568\/","article_published_time":"2016-01-08T04:19:33+00:00","og_image":[{"url":"http:\/\/www.lospoliticosveracruz.com.mx\/wp-content\/uploads\/2015\/04\/logo-pri-e1427992497576.jpg","type":"","width":"","height":""}],"author":"Lo viste en Los Pol\u00edticos","twitter_card":"summary_large_image","twitter_creator":"@LosPoliticosVer","twitter_site":"@LosPoliticosVer","twitter_misc":{"Escrito por":"Lo viste en Los Pol\u00edticos","Tiempo de lectura":"3 minutos"},"schema":{"@context":"https:\/\/schema.org","@graph":[{"@type":"Article","@id":"https:\/\/lospoliticosveracruz.com\/?p=20190#article","isPartOf":{"@id":"https:\/\/lospoliticosveracruz.com\/?p=20190"},"author":{"name":"Lo viste en Los Pol\u00edticos","@id":"https:\/\/lospoliticosveracruz.com\/#\/schema\/person\/b8702bb0e538456e6efd07080bf2a4a2"},"headline":"El PRI-sentimiento","datePublished":"2016-01-08T04:19:33+00:00","mainEntityOfPage":{"@id":"https:\/\/lospoliticosveracruz.com\/?p=20190"},"wordCount":617,"commentCount":0,"publisher":{"@id":"https:\/\/lospoliticosveracruz.com\/#organization"},"image":{"@id":"https:\/\/lospoliticosveracruz.com\/?p=20190#primaryimage"},"thumbnailUrl":"http:\/\/www.lospoliticosveracruz.com.mx\/wp-content\/uploads\/2015\/04\/logo-pri-e1427992497576.jpg","keywords":["candidato","elecciones","PRI"],"articleSection":["De Opini\u00f3n"],"inLanguage":"es","potentialAction":[{"@type":"CommentAction","name":"Comment","target":["https:\/\/lospoliticosveracruz.com\/?p=20190#respond"]}]},{"@type":"WebPage","@id":"https:\/\/lospoliticosveracruz.com\/?p=20190","url":"https:\/\/lospoliticosveracruz.com\/?p=20190","name":"El PRI-sentimiento - Los pol\u00edticos Veracruz","isPartOf":{"@id":"https:\/\/lospoliticosveracruz.com\/#website"},"primaryImageOfPage":{"@id":"https:\/\/lospoliticosveracruz.com\/?p=20190#primaryimage"},"image":{"@id":"https:\/\/lospoliticosveracruz.com\/?p=20190#primaryimage"},"thumbnailUrl":"http:\/\/www.lospoliticosveracruz.com.mx\/wp-content\/uploads\/2015\/04\/logo-pri-e1427992497576.jpg","datePublished":"2016-01-08T04:19:33+00:00","breadcrumb":{"@id":"https:\/\/lospoliticosveracruz.com\/?p=20190#breadcrumb"},"inLanguage":"es","potentialAction":[{"@type":"ReadAction","target":["https:\/\/lospoliticosveracruz.com\/?p=20190"]}]},{"@type":"ImageObject","inLanguage":"es","@id":"https:\/\/lospoliticosveracruz.com\/?p=20190#primaryimage","url":"http:\/\/www.lospoliticosveracruz.com.mx\/wp-content\/uploads\/2015\/04\/logo-pri-e1427992497576.jpg","contentUrl":"http:\/\/www.lospoliticosveracruz.com.mx\/wp-content\/uploads\/2015\/04\/logo-pri-e1427992497576.jpg"},{"@type":"BreadcrumbList","@id":"https:\/\/lospoliticosveracruz.com\/?p=20190#breadcrumb","itemListElement":[{"@type":"ListItem","position":1,"name":"Portada","item":"https:\/\/lospoliticosveracruz.com\/"},{"@type":"ListItem","position":2,"name":"El PRI-sentimiento"}]},{"@type":"WebSite","@id":"https:\/\/lospoliticosveracruz.com\/#website","url":"https:\/\/lospoliticosveracruz.com\/","name":"Los pol\u00edticos Veracruz","description":"","publisher":{"@id":"https:\/\/lospoliticosveracruz.com\/#organization"},"potentialAction":[{"@type":"SearchAction","target":{"@type":"EntryPoint","urlTemplate":"https:\/\/lospoliticosveracruz.com\/?s={search_term_string}"},"query-input":{"@type":"PropertyValueSpecification","valueRequired":true,"valueName":"search_term_string"}}],"inLanguage":"es"},{"@type":"Organization","@id":"https:\/\/lospoliticosveracruz.com\/#organization","name":"Los pol\u00edticos Veracruz","url":"https:\/\/lospoliticosveracruz.com\/","logo":{"@type":"ImageObject","inLanguage":"es","@id":"https:\/\/lospoliticosveracruz.com\/#\/schema\/logo\/image\/","url":"https:\/\/lospoliticosveracruz.com\/wp-content\/uploads\/2025\/12\/Logo-Nuevo-LOS-POLITICOS-1.jpg","contentUrl":"https:\/\/lospoliticosveracruz.com\/wp-content\/uploads\/2025\/12\/Logo-Nuevo-LOS-POLITICOS-1.jpg","width":260,"height":70,"caption":"Los pol\u00edticos Veracruz"},"image":{"@id":"https:\/\/lospoliticosveracruz.com\/#\/schema\/logo\/image\/"},"sameAs":["https:\/\/www.facebook.com\/people\/Notimemes-de-los-Polticos\/61565672886568\/","https:\/\/x.com\/LosPoliticosVer"]},{"@type":"Person","@id":"https:\/\/lospoliticosveracruz.com\/#\/schema\/person\/b8702bb0e538456e6efd07080bf2a4a2","name":"Lo viste en Los Pol\u00edticos","image":{"@type":"ImageObject","inLanguage":"es","@id":"https:\/\/secure.gravatar.com\/avatar\/3a8de04a2656d44082be478bd6c086daa447c4651605818287b9532d3d0bd435?s=96&d=mm&r=g","url":"https:\/\/secure.gravatar.com\/avatar\/3a8de04a2656d44082be478bd6c086daa447c4651605818287b9532d3d0bd435?s=96&d=mm&r=g","contentUrl":"https:\/\/secure.gravatar.com\/avatar\/3a8de04a2656d44082be478bd6c086daa447c4651605818287b9532d3d0bd435?s=96&d=mm&r=g","caption":"Lo viste en Los Pol\u00edticos"},"url":"https:\/\/lospoliticosveracruz.com\/?author=2"}]}},"_links":{"self":[{"href":"https:\/\/lospoliticosveracruz.com\/index.php?rest_route=\/wp\/v2\/posts\/20190","targetHints":{"allow":["GET"]}}],"collection":[{"href":"https:\/\/lospoliticosveracruz.com\/index.php?rest_route=\/wp\/v2\/posts"}],"about":[{"href":"https:\/\/lospoliticosveracruz.com\/index.php?rest_route=\/wp\/v2\/types\/post"}],"author":[{"embeddable":true,"href":"https:\/\/lospoliticosveracruz.com\/index.php?rest_route=\/wp\/v2\/users\/2"}],"replies":[{"embeddable":true,"href":"https:\/\/lospoliticosveracruz.com\/index.php?rest_route=%2Fwp%2Fv2%2Fcomments&post=20190"}],"version-history":[{"count":1,"href":"https:\/\/lospoliticosveracruz.com\/index.php?rest_route=\/wp\/v2\/posts\/20190\/revisions"}],"predecessor-version":[{"id":20191,"href":"https:\/\/lospoliticosveracruz.com\/index.php?rest_route=\/wp\/v2\/posts\/20190\/revisions\/20191"}],"wp:attachment":[{"href":"https:\/\/lospoliticosveracruz.com\/index.php?rest_route=%2Fwp%2Fv2%2Fmedia&parent=20190"}],"wp:term":[{"taxonomy":"category","embeddable":true,"href":"https:\/\/lospoliticosveracruz.com\/index.php?rest_route=%2Fwp%2Fv2%2Fcategories&post=20190"},{"taxonomy":"post_tag","embeddable":true,"href":"https:\/\/lospoliticosveracruz.com\/index.php?rest_route=%2Fwp%2Fv2%2Ftags&post=20190"}],"curies":[{"name":"wp","href":"https:\/\/api.w.org\/{rel}","templated":true}]}}