{"id":20193,"date":"2016-01-08T10:30:30","date_gmt":"2016-01-08T16:30:30","guid":{"rendered":"http:\/\/www.lospoliticosveracruz.com.mx\/?p=20193"},"modified":"2016-01-08T10:30:30","modified_gmt":"2016-01-08T16:30:30","slug":"revuelta-estudiantil-en-pedagogia-uv","status":"publish","type":"post","link":"https:\/\/lospoliticosveracruz.com\/?p=20193","title":{"rendered":"Revuelta estudiantil\u00a0en Pedagog\u00eda-UV"},"content":{"rendered":"<p><a href=\"http:\/\/www.lospoliticosveracruz.com.mx\/wp-content\/uploads\/2015\/09\/Sara-Ladr\u00f3n-de-Guevara.jpg\"><img loading=\"lazy\" decoding=\"async\" class=\"alignnone size-medium wp-image-17737\" src=\"http:\/\/www.lospoliticosveracruz.com.mx\/wp-content\/uploads\/2015\/09\/Sara-Ladr\u00f3n-de-Guevara-300x200.jpg\" alt=\"Sara Ladr\u00f3n de Guevara\" width=\"300\" height=\"200\" \/><\/a><\/p>\n<p><strong>Jos\u00e9 Ortiz Medina<\/strong><\/p>\n<p><em>En Corto&#8230; sin Cortes<\/em><\/p>\n<p>R\u00e1pido surgieron las reacciones en redes sociales ante las quejas que se presentaron, por parte de estudiantes universitarios, contra una maestra de la Facultad de Pedagog\u00eda de la Universidad Veracruzana, que ha sido se\u00f1alada por presuntos abusos y constantes inasistencias.<br \/>\nEn la red social Facebook, estudiantes universitarios han expresado su inconformidad y piden a la rectora Sara Ladr\u00f3n de Guevara que intervenga en casos de ese tipo.<br \/>\nFernando P\u00e9rez, un estudiante de la m\u00e1xima casa de estudios de Veracruz, por ejemplo, subi\u00f3 un comentario que dice: \u201cCompa\u00f1eros universitarios, \u00bfpor qu\u00e9 nuestra casa de estudios debe tener a docentes que se aprovechan de su cargo?\u2026 As\u00ed como los docentes exigen asistencia, puntualidad, participaci\u00f3n y calidad en nuestros trabajos, nosotros tambi\u00e9n exigimos eso a los docentes\u2026 es indignante que s\u00f3lo asistan a firmar y no cumplan con su rol docente y no se les diga nada ya sea por sus contactos externos\u2026 Por eso los estudiantes le exigimos a la rectora Sara Ladr\u00f3n de Guevara que tome cartas en el asunto y haga justicia.\u201d<br \/>\nEl mensaje que subi\u00f3 el universitario a la red social es en reacci\u00f3n a una nota difundida este mi\u00e9rcoles por versiones.com.mx.<br \/>\nLa informaci\u00f3n, firmada por el reportero Aser Oropeza, se titula: \u201cAcusan de presuntas irregularidades a catedr\u00e1tica de Pedagog\u00eda UV-Xalapa\u201d; y se\u00f1ala a la catedr\u00e1tica Mar\u00eda de los \u00c1ngeles Gonz\u00e1lez Hern\u00e1ndez por un presunto caso de tr\u00e1fico de influencias; apunta que la ausencia de la docente en las asesor\u00edas a los estudiantes de noveno semestre es constante.<br \/>\nLa informaci\u00f3n que se maneja tambi\u00e9n establece que \u201c10 estudiantes del noveno semestre, que iban a ser asesorados por esta catedr\u00e1tica para generar su tesis de titulaci\u00f3n, se vieron en la necesidad de levantar un acta correspondiente, dejando claro todas las faltas que la maestra al parecer cometi\u00f3\u2026\u201d<br \/>\nEs un tema que dar\u00e1 mucho de qu\u00e9 hablar. Este jueves, hasta catedr\u00e1ticos de la misma facultad de la UV, Pedagog\u00eda, exigieron el cese de la maestra acusada, quien estar\u00eda incurriendo en pr\u00e1cticas que \u201cobstaculizan los procesos acad\u00e9micos\u201d.<br \/>\nIncluso, Enrique Levet Gorozpe, secretario general de la Fesapauv, organizaci\u00f3n que agrupa a los acad\u00e9micos de la UV, se\u00f1al\u00f3 que, como parte patronal, la Universidad tiene que proceder a investigar el caso.<br \/>\nA ver qu\u00e9 pasa.<\/p>\n<p>DONDE EL enfrentamiento entre priistas no cesa es en Orizaba. El alcalde Juan Manuel Diez Francos responsabiliz\u00f3 al diputado federal Fidel Kuri Grajales de que Orizaba no haya recibido recursos federales extra en el Presupuesto de Egresos de la Federaci\u00f3n, lo que traer\u00e1 como consecuencia la suspensi\u00f3n de obras y eventos en la Pluviosilla. Diez Francos asegur\u00f3 que el Ayuntamiento present\u00f3 en tiempo y forma los proyectos para obras como el paso a desnivel en la Calle Real y eventos como la Feria del Libro. S\u00f3lo que al diputado por el distrito, Fidel Kuri, no le interes\u00f3 cabildear en San L\u00e1zaro para obtener los recursos. Es p\u00fablica la animadversi\u00f3n que desde siempre se profesan ambos pol\u00edticos, raz\u00f3n por la cual, seg\u00fan el alcalde, el legislador habr\u00eda actuado de esa forma. \u201cSi me quiso perjudicar a m\u00ed, pues est\u00e1 perjudicando a la poblaci\u00f3n que vot\u00f3 por \u00e9l\u201d, sentenci\u00f3 Juan Manuel Diez. Lo bueno es que son del mismo partido. Imag\u00ednese si no. Y mientras tanto, en el PAN orizabe\u00f1o se tuercen de risa.<\/p>\n<p>DE ACUERDO con el \u00cdndice del Derecho de Acceso a la Informaci\u00f3n (IDAIM) en M\u00e9xico 2015, elaborado por Fundar, Centro de An\u00e1lisis e Investigaci\u00f3n, A.C., el estado de Veracruz apenas si pasa \u201cde panzazo\u201d en materia de transparencia. Seg\u00fan este informe, la calificaci\u00f3n general de la entidad es de 6.2, y ocupa el sitio n\u00famero 14 en el ranking nacional de acceso a la informaci\u00f3n. Entre otras cosas, el estudio se\u00f1ala que en Veracruz no hay rigor en las obligaciones de transparencia de los sujetos obligados, ni disposiciones claras para el r\u00e9gimen de excepci\u00f3n de la informaci\u00f3n ni el establecimiento de sanciones ante violaciones al derecho a la informaci\u00f3n. Sin duda una fuerte llamada de atenci\u00f3n por la opacidad con la que se manejan muchos aspectos de la vida p\u00fablica del estado, y un tema que deber\u00eda ser retomado por quienes vayan a ser candidatos a cargos de elecci\u00f3n popular este a\u00f1o. No es poca cosa.<\/p>\n<p>YA SE HAB\u00cdA tardado en darnos una prueba m\u00e1s de su \u201ceducaci\u00f3n de excelencia\u201d. Ahora, en Boca del R\u00edo, durante el acto conmemorativo del 101 aniversario de la Promulgaci\u00f3n de la ley Agraria del 6 de enero de 1915, el presidente Pe\u00f1a Nieto solt\u00f3: \u201cGracias por la calidez; por el trato c\u00e1lido, amable, generoso, fraterno y cercano que cada uno de ustedes me dispensa. Por eso, siempre me regordeo (sic), siempre celebro este encuentro con todas y todos ustedes. Porque me permite acercarme, de mano, con esta cercan\u00eda, a quienes juegan en favor de M\u00e9xico, desde el trabajo que hacen en el campo\u201d. Emocionado, hab\u00eda brincado vallas met\u00e1licas para tomarse selfies y colgado de la estructura tubular de las gradas ubicadas al final del recinto para dejarse abrazar por personas de la tercera edad. Euf\u00f3rico esquivaba sillas para abrirse paso entre aproximadamente 15 mil hombres y mujeres de la Confederaci\u00f3n Nacional Campesina (CNC). En fin, el gazapo presidencial, al pronunciar la palabra \u201cregordeo\u201d, en lugar de regodeo, fue corregido en la versi\u00f3n oficial.<\/p>\n","protected":false},"excerpt":{"rendered":"<p>Jos\u00e9 Ortiz Medina En Corto&#8230; sin Cortes R\u00e1pido surgieron las reacciones en redes sociales ante las quejas que se presentaron, por parte de estudiantes universitarios, contra una maestra de la Facultad de Pedagog\u00eda de la Universidad Veracruzana, que ha sido se\u00f1alada por presuntos abusos y constantes inasistencias. En la red social Facebook, estudiantes universitarios han [&hellip;]<\/p>\n","protected":false},"author":2,"featured_media":0,"comment_status":"open","ping_status":"open","sticky":false,"template":"","format":"standard","meta":{"tdm_status":"","tdm_grid_status":"","footnotes":""},"categories":[70],"tags":[1278,242,439,4479,755,219],"class_list":{"0":"post-20193","1":"post","2":"type-post","3":"status-publish","4":"format-standard","6":"category-de-opinion","7":"tag-enrique-levet-gorozpe","8":"tag-facebook","9":"tag-facultad-de-pedagogia","10":"tag-maria-de-los-angeles-gonzalez-hernandez","11":"tag-sara-ladron-de-guevara","12":"tag-universidad-veracruzana"},"yoast_head":"<!-- This site is optimized with the Yoast SEO plugin v27.4 - https:\/\/yoast.com\/product\/yoast-seo-wordpress\/ -->\n<title>Revuelta estudiantil\u00a0en Pedagog\u00eda-UV - Los pol\u00edticos Veracruz<\/title>\n<meta name=\"robots\" content=\"index, follow, max-snippet:-1, max-image-preview:large, max-video-preview:-1\" \/>\n<link rel=\"canonical\" href=\"https:\/\/lospoliticosveracruz.com\/?p=20193\" \/>\n<meta property=\"og:locale\" content=\"es_ES\" \/>\n<meta property=\"og:type\" content=\"article\" \/>\n<meta property=\"og:title\" content=\"Revuelta estudiantil\u00a0en Pedagog\u00eda-UV - Los pol\u00edticos Veracruz\" \/>\n<meta property=\"og:description\" content=\"Jos\u00e9 Ortiz Medina En Corto&#8230; sin Cortes R\u00e1pido surgieron las reacciones en redes sociales ante las quejas que se presentaron, por parte de estudiantes universitarios, contra una maestra de la Facultad de Pedagog\u00eda de la Universidad Veracruzana, que ha sido se\u00f1alada por presuntos abusos y constantes inasistencias. En la red social Facebook, estudiantes universitarios han [&hellip;]\" \/>\n<meta property=\"og:url\" content=\"https:\/\/lospoliticosveracruz.com\/?p=20193\" \/>\n<meta property=\"og:site_name\" content=\"Los pol\u00edticos Veracruz\" \/>\n<meta property=\"article:publisher\" content=\"https:\/\/www.facebook.com\/people\/Notimemes-de-los-Polticos\/61565672886568\/\" \/>\n<meta property=\"article:published_time\" content=\"2016-01-08T16:30:30+00:00\" \/>\n<meta property=\"og:image\" content=\"https:\/\/lospoliticosveracruz.com\/wp-content\/uploads\/2016\/07\/Logo-Dor.jpg\" \/>\n\t<meta property=\"og:image:width\" content=\"200\" \/>\n\t<meta property=\"og:image:height\" content=\"200\" \/>\n\t<meta property=\"og:image:type\" content=\"image\/jpeg\" \/>\n<meta name=\"author\" content=\"Lo viste en Los Pol\u00edticos\" \/>\n<meta name=\"twitter:card\" content=\"summary_large_image\" \/>\n<meta name=\"twitter:creator\" content=\"@LosPoliticosVer\" \/>\n<meta name=\"twitter:site\" content=\"@LosPoliticosVer\" \/>\n<meta name=\"twitter:label1\" content=\"Escrito por\" \/>\n\t<meta name=\"twitter:data1\" content=\"Lo viste en Los Pol\u00edticos\" \/>\n\t<meta name=\"twitter:label2\" content=\"Tiempo de lectura\" \/>\n\t<meta name=\"twitter:data2\" content=\"5 minutos\" \/>\n<script type=\"application\/ld+json\" class=\"yoast-schema-graph\">{\"@context\":\"https:\\\/\\\/schema.org\",\"@graph\":[{\"@type\":\"Article\",\"@id\":\"https:\\\/\\\/lospoliticosveracruz.com\\\/?p=20193#article\",\"isPartOf\":{\"@id\":\"https:\\\/\\\/lospoliticosveracruz.com\\\/?p=20193\"},\"author\":{\"name\":\"Lo viste en Los Pol\u00edticos\",\"@id\":\"https:\\\/\\\/lospoliticosveracruz.com\\\/#\\\/schema\\\/person\\\/b8702bb0e538456e6efd07080bf2a4a2\"},\"headline\":\"Revuelta estudiantil\u00a0en Pedagog\u00eda-UV\",\"datePublished\":\"2016-01-08T16:30:30+00:00\",\"mainEntityOfPage\":{\"@id\":\"https:\\\/\\\/lospoliticosveracruz.com\\\/?p=20193\"},\"wordCount\":959,\"commentCount\":0,\"publisher\":{\"@id\":\"https:\\\/\\\/lospoliticosveracruz.com\\\/#organization\"},\"keywords\":[\"Enrique Levet Gorozpe\",\"facebook\",\"Facultad de Pedagog\u00eda\",\"Mar\u00eda de los \u00c1ngeles Gonz\u00e1lez Hern\u00e1ndez\",\"Sara Ladr\u00f3n de Guevara\",\"Universidad Veracruzana\"],\"articleSection\":[\"De Opini\u00f3n\"],\"inLanguage\":\"es\",\"potentialAction\":[{\"@type\":\"CommentAction\",\"name\":\"Comment\",\"target\":[\"https:\\\/\\\/lospoliticosveracruz.com\\\/?p=20193#respond\"]}]},{\"@type\":\"WebPage\",\"@id\":\"https:\\\/\\\/lospoliticosveracruz.com\\\/?p=20193\",\"url\":\"https:\\\/\\\/lospoliticosveracruz.com\\\/?p=20193\",\"name\":\"Revuelta estudiantil\u00a0en Pedagog\u00eda-UV - Los pol\u00edticos Veracruz\",\"isPartOf\":{\"@id\":\"https:\\\/\\\/lospoliticosveracruz.com\\\/#website\"},\"datePublished\":\"2016-01-08T16:30:30+00:00\",\"breadcrumb\":{\"@id\":\"https:\\\/\\\/lospoliticosveracruz.com\\\/?p=20193#breadcrumb\"},\"inLanguage\":\"es\",\"potentialAction\":[{\"@type\":\"ReadAction\",\"target\":[\"https:\\\/\\\/lospoliticosveracruz.com\\\/?p=20193\"]}]},{\"@type\":\"BreadcrumbList\",\"@id\":\"https:\\\/\\\/lospoliticosveracruz.com\\\/?p=20193#breadcrumb\",\"itemListElement\":[{\"@type\":\"ListItem\",\"position\":1,\"name\":\"Portada\",\"item\":\"https:\\\/\\\/lospoliticosveracruz.com\\\/\"},{\"@type\":\"ListItem\",\"position\":2,\"name\":\"Revuelta estudiantil\u00a0en Pedagog\u00eda-UV\"}]},{\"@type\":\"WebSite\",\"@id\":\"https:\\\/\\\/lospoliticosveracruz.com\\\/#website\",\"url\":\"https:\\\/\\\/lospoliticosveracruz.com\\\/\",\"name\":\"Los pol\u00edticos Veracruz\",\"description\":\"\",\"publisher\":{\"@id\":\"https:\\\/\\\/lospoliticosveracruz.com\\\/#organization\"},\"potentialAction\":[{\"@type\":\"SearchAction\",\"target\":{\"@type\":\"EntryPoint\",\"urlTemplate\":\"https:\\\/\\\/lospoliticosveracruz.com\\\/?s={search_term_string}\"},\"query-input\":{\"@type\":\"PropertyValueSpecification\",\"valueRequired\":true,\"valueName\":\"search_term_string\"}}],\"inLanguage\":\"es\"},{\"@type\":\"Organization\",\"@id\":\"https:\\\/\\\/lospoliticosveracruz.com\\\/#organization\",\"name\":\"Los pol\u00edticos Veracruz\",\"url\":\"https:\\\/\\\/lospoliticosveracruz.com\\\/\",\"logo\":{\"@type\":\"ImageObject\",\"inLanguage\":\"es\",\"@id\":\"https:\\\/\\\/lospoliticosveracruz.com\\\/#\\\/schema\\\/logo\\\/image\\\/\",\"url\":\"https:\\\/\\\/lospoliticosveracruz.com\\\/wp-content\\\/uploads\\\/2025\\\/12\\\/Logo-Nuevo-LOS-POLITICOS-1.jpg\",\"contentUrl\":\"https:\\\/\\\/lospoliticosveracruz.com\\\/wp-content\\\/uploads\\\/2025\\\/12\\\/Logo-Nuevo-LOS-POLITICOS-1.jpg\",\"width\":260,\"height\":70,\"caption\":\"Los pol\u00edticos Veracruz\"},\"image\":{\"@id\":\"https:\\\/\\\/lospoliticosveracruz.com\\\/#\\\/schema\\\/logo\\\/image\\\/\"},\"sameAs\":[\"https:\\\/\\\/www.facebook.com\\\/people\\\/Notimemes-de-los-Polticos\\\/61565672886568\\\/\",\"https:\\\/\\\/x.com\\\/LosPoliticosVer\"]},{\"@type\":\"Person\",\"@id\":\"https:\\\/\\\/lospoliticosveracruz.com\\\/#\\\/schema\\\/person\\\/b8702bb0e538456e6efd07080bf2a4a2\",\"name\":\"Lo viste en Los Pol\u00edticos\",\"image\":{\"@type\":\"ImageObject\",\"inLanguage\":\"es\",\"@id\":\"https:\\\/\\\/secure.gravatar.com\\\/avatar\\\/3a8de04a2656d44082be478bd6c086daa447c4651605818287b9532d3d0bd435?s=96&d=mm&r=g\",\"url\":\"https:\\\/\\\/secure.gravatar.com\\\/avatar\\\/3a8de04a2656d44082be478bd6c086daa447c4651605818287b9532d3d0bd435?s=96&d=mm&r=g\",\"contentUrl\":\"https:\\\/\\\/secure.gravatar.com\\\/avatar\\\/3a8de04a2656d44082be478bd6c086daa447c4651605818287b9532d3d0bd435?s=96&d=mm&r=g\",\"caption\":\"Lo viste en Los Pol\u00edticos\"},\"url\":\"https:\\\/\\\/lospoliticosveracruz.com\\\/?author=2\"}]}<\/script>\n<!-- \/ Yoast SEO plugin. -->","yoast_head_json":{"title":"Revuelta estudiantil\u00a0en Pedagog\u00eda-UV - Los pol\u00edticos Veracruz","robots":{"index":"index","follow":"follow","max-snippet":"max-snippet:-1","max-image-preview":"max-image-preview:large","max-video-preview":"max-video-preview:-1"},"canonical":"https:\/\/lospoliticosveracruz.com\/?p=20193","og_locale":"es_ES","og_type":"article","og_title":"Revuelta estudiantil\u00a0en Pedagog\u00eda-UV - Los pol\u00edticos Veracruz","og_description":"Jos\u00e9 Ortiz Medina En Corto&#8230; sin Cortes R\u00e1pido surgieron las reacciones en redes sociales ante las quejas que se presentaron, por parte de estudiantes universitarios, contra una maestra de la Facultad de Pedagog\u00eda de la Universidad Veracruzana, que ha sido se\u00f1alada por presuntos abusos y constantes inasistencias. En la red social Facebook, estudiantes universitarios han [&hellip;]","og_url":"https:\/\/lospoliticosveracruz.com\/?p=20193","og_site_name":"Los pol\u00edticos Veracruz","article_publisher":"https:\/\/www.facebook.com\/people\/Notimemes-de-los-Polticos\/61565672886568\/","article_published_time":"2016-01-08T16:30:30+00:00","og_image":[{"width":200,"height":200,"url":"https:\/\/lospoliticosveracruz.com\/wp-content\/uploads\/2016\/07\/Logo-Dor.jpg","type":"image\/jpeg"}],"author":"Lo viste en Los Pol\u00edticos","twitter_card":"summary_large_image","twitter_creator":"@LosPoliticosVer","twitter_site":"@LosPoliticosVer","twitter_misc":{"Escrito por":"Lo viste en Los Pol\u00edticos","Tiempo de lectura":"5 minutos"},"schema":{"@context":"https:\/\/schema.org","@graph":[{"@type":"Article","@id":"https:\/\/lospoliticosveracruz.com\/?p=20193#article","isPartOf":{"@id":"https:\/\/lospoliticosveracruz.com\/?p=20193"},"author":{"name":"Lo viste en Los Pol\u00edticos","@id":"https:\/\/lospoliticosveracruz.com\/#\/schema\/person\/b8702bb0e538456e6efd07080bf2a4a2"},"headline":"Revuelta estudiantil\u00a0en Pedagog\u00eda-UV","datePublished":"2016-01-08T16:30:30+00:00","mainEntityOfPage":{"@id":"https:\/\/lospoliticosveracruz.com\/?p=20193"},"wordCount":959,"commentCount":0,"publisher":{"@id":"https:\/\/lospoliticosveracruz.com\/#organization"},"keywords":["Enrique Levet Gorozpe","facebook","Facultad de Pedagog\u00eda","Mar\u00eda de los \u00c1ngeles Gonz\u00e1lez Hern\u00e1ndez","Sara Ladr\u00f3n de Guevara","Universidad Veracruzana"],"articleSection":["De Opini\u00f3n"],"inLanguage":"es","potentialAction":[{"@type":"CommentAction","name":"Comment","target":["https:\/\/lospoliticosveracruz.com\/?p=20193#respond"]}]},{"@type":"WebPage","@id":"https:\/\/lospoliticosveracruz.com\/?p=20193","url":"https:\/\/lospoliticosveracruz.com\/?p=20193","name":"Revuelta estudiantil\u00a0en Pedagog\u00eda-UV - Los pol\u00edticos Veracruz","isPartOf":{"@id":"https:\/\/lospoliticosveracruz.com\/#website"},"datePublished":"2016-01-08T16:30:30+00:00","breadcrumb":{"@id":"https:\/\/lospoliticosveracruz.com\/?p=20193#breadcrumb"},"inLanguage":"es","potentialAction":[{"@type":"ReadAction","target":["https:\/\/lospoliticosveracruz.com\/?p=20193"]}]},{"@type":"BreadcrumbList","@id":"https:\/\/lospoliticosveracruz.com\/?p=20193#breadcrumb","itemListElement":[{"@type":"ListItem","position":1,"name":"Portada","item":"https:\/\/lospoliticosveracruz.com\/"},{"@type":"ListItem","position":2,"name":"Revuelta estudiantil\u00a0en Pedagog\u00eda-UV"}]},{"@type":"WebSite","@id":"https:\/\/lospoliticosveracruz.com\/#website","url":"https:\/\/lospoliticosveracruz.com\/","name":"Los pol\u00edticos Veracruz","description":"","publisher":{"@id":"https:\/\/lospoliticosveracruz.com\/#organization"},"potentialAction":[{"@type":"SearchAction","target":{"@type":"EntryPoint","urlTemplate":"https:\/\/lospoliticosveracruz.com\/?s={search_term_string}"},"query-input":{"@type":"PropertyValueSpecification","valueRequired":true,"valueName":"search_term_string"}}],"inLanguage":"es"},{"@type":"Organization","@id":"https:\/\/lospoliticosveracruz.com\/#organization","name":"Los pol\u00edticos Veracruz","url":"https:\/\/lospoliticosveracruz.com\/","logo":{"@type":"ImageObject","inLanguage":"es","@id":"https:\/\/lospoliticosveracruz.com\/#\/schema\/logo\/image\/","url":"https:\/\/lospoliticosveracruz.com\/wp-content\/uploads\/2025\/12\/Logo-Nuevo-LOS-POLITICOS-1.jpg","contentUrl":"https:\/\/lospoliticosveracruz.com\/wp-content\/uploads\/2025\/12\/Logo-Nuevo-LOS-POLITICOS-1.jpg","width":260,"height":70,"caption":"Los pol\u00edticos Veracruz"},"image":{"@id":"https:\/\/lospoliticosveracruz.com\/#\/schema\/logo\/image\/"},"sameAs":["https:\/\/www.facebook.com\/people\/Notimemes-de-los-Polticos\/61565672886568\/","https:\/\/x.com\/LosPoliticosVer"]},{"@type":"Person","@id":"https:\/\/lospoliticosveracruz.com\/#\/schema\/person\/b8702bb0e538456e6efd07080bf2a4a2","name":"Lo viste en Los Pol\u00edticos","image":{"@type":"ImageObject","inLanguage":"es","@id":"https:\/\/secure.gravatar.com\/avatar\/3a8de04a2656d44082be478bd6c086daa447c4651605818287b9532d3d0bd435?s=96&d=mm&r=g","url":"https:\/\/secure.gravatar.com\/avatar\/3a8de04a2656d44082be478bd6c086daa447c4651605818287b9532d3d0bd435?s=96&d=mm&r=g","contentUrl":"https:\/\/secure.gravatar.com\/avatar\/3a8de04a2656d44082be478bd6c086daa447c4651605818287b9532d3d0bd435?s=96&d=mm&r=g","caption":"Lo viste en Los Pol\u00edticos"},"url":"https:\/\/lospoliticosveracruz.com\/?author=2"}]}},"_links":{"self":[{"href":"https:\/\/lospoliticosveracruz.com\/index.php?rest_route=\/wp\/v2\/posts\/20193","targetHints":{"allow":["GET"]}}],"collection":[{"href":"https:\/\/lospoliticosveracruz.com\/index.php?rest_route=\/wp\/v2\/posts"}],"about":[{"href":"https:\/\/lospoliticosveracruz.com\/index.php?rest_route=\/wp\/v2\/types\/post"}],"author":[{"embeddable":true,"href":"https:\/\/lospoliticosveracruz.com\/index.php?rest_route=\/wp\/v2\/users\/2"}],"replies":[{"embeddable":true,"href":"https:\/\/lospoliticosveracruz.com\/index.php?rest_route=%2Fwp%2Fv2%2Fcomments&post=20193"}],"version-history":[{"count":1,"href":"https:\/\/lospoliticosveracruz.com\/index.php?rest_route=\/wp\/v2\/posts\/20193\/revisions"}],"predecessor-version":[{"id":20194,"href":"https:\/\/lospoliticosveracruz.com\/index.php?rest_route=\/wp\/v2\/posts\/20193\/revisions\/20194"}],"wp:attachment":[{"href":"https:\/\/lospoliticosveracruz.com\/index.php?rest_route=%2Fwp%2Fv2%2Fmedia&parent=20193"}],"wp:term":[{"taxonomy":"category","embeddable":true,"href":"https:\/\/lospoliticosveracruz.com\/index.php?rest_route=%2Fwp%2Fv2%2Fcategories&post=20193"},{"taxonomy":"post_tag","embeddable":true,"href":"https:\/\/lospoliticosveracruz.com\/index.php?rest_route=%2Fwp%2Fv2%2Ftags&post=20193"}],"curies":[{"name":"wp","href":"https:\/\/api.w.org\/{rel}","templated":true}]}}