{"id":20198,"date":"2016-01-10T13:09:50","date_gmt":"2016-01-10T19:09:50","guid":{"rendered":"http:\/\/www.lospoliticosveracruz.com.mx\/?p=20198"},"modified":"2016-01-10T13:09:50","modified_gmt":"2016-01-10T19:09:50","slug":"yunes-linares-no-llega","status":"publish","type":"post","link":"https:\/\/lospoliticosveracruz.com\/?p=20198","title":{"rendered":"Yunes Linares no llega"},"content":{"rendered":"<p><a href=\"http:\/\/www.lospoliticosveracruz.com.mx\/wp-content\/uploads\/2014\/09\/Yunes-Blog.jpg\"><img loading=\"lazy\" decoding=\"async\" class=\"alignnone size-medium wp-image-10063\" src=\"http:\/\/www.lospoliticosveracruz.com.mx\/wp-content\/uploads\/2014\/09\/Yunes-Blog-300x188.jpg\" alt=\"Yunes-Blog\" width=\"300\" height=\"188\" \/><\/a><\/p>\n<p><strong>Pablo Jair Ortega<\/strong><br \/>\n<em>Columna Sin Nombre<\/em><\/p>\n<p>Esta semana nos dimos a la tarea de sondear entre amigos periodistas y pol\u00edticos: \u00bfrealmente tiene posibilidades Miguel \u00c1ngel Yunes Linares para ganar la pr\u00f3xima gubernatura? La respuesta sencillamente es \u201cNo, no gana\u201d.<\/p>\n<p>Todos dan sus argumentos para explicar (m\u00e1s all\u00e1 las simpat\u00edas partidistas) el porqu\u00e9 el oriundo de Soledad de Doblado no llegar\u00eda, por segunda ocasi\u00f3n, a la titularidad del Poder Ejecutivo en Veracruz. Van en forma de lista:<\/p>\n<p>A LA GENTE NO LE GUSTAN LOS PERDEDORES<\/p>\n<p>Miguel \u00c1ngel Yunes Linares puede verse reflejado en el caso de Cuauht\u00e9moc C\u00e1rdenas Sol\u00f3rzano o de Andr\u00e9s Manuel L\u00f3pez Obrador, quienes repitieron sus candidaturas a la Presidencia de la Rep\u00fablica y cada vez que participaban ten\u00edan menos votos. La insistencia por representar a un partido pol\u00edtico en busca de un cargo de elecci\u00f3n popular, desgasta la imagen del aspirante, quien adem\u00e1s, ciegamente, no ve la realidad de que los votantes ya no son los mismos que hace 6 o 12 a\u00f1os. Volver a insistir en ser el candidato, pese a que ya demostr\u00f3 que no gana, desanima a cualquiera que busca que su voto sea \u00fatil.<\/p>\n<p>&nbsp;<\/p>\n<p>LOS MENSAJES DE ODIO<\/p>\n<p>La guerra intestina que se desarroll\u00f3 en los \u00faltimos a\u00f1os, m\u00e1s que demostrar a un Yunes aguerrido y combatiente, demuestra a una persona empe\u00f1ada en destruir, hacer la guerra (s\u00ed, como algunos Fidelistas que se olvidan del cargo y les da por llamar \u201cimb\u00e9ciles\u201d a sus opositores), cuando la gente ya lo pide a gritos son propuestas y paz. El votante ya est\u00e1 cansado de los mensajes de odio.<\/p>\n<p>&nbsp;<\/p>\n<p>PADECE EL PRINCIPIO DE PETER<\/p>\n<p>Como uno no lo sabe todo y hasta Umberto Eco revisa el Wikipedia, esta dice: \u201cAfirma que las personas que realizan bien su trabajo son promocionadas a puestos de mayor responsabilidad, a tal punto que llegan a un puesto en el que no pueden formular ni siquiera los objetivos de un trabajo, y alcanzan su m\u00e1ximo nivel de incompetencia\u2026 En una jerarqu\u00eda, todo empleado tiende a ascender hasta su nivel de incompetencia: la nata sube hasta cortarse\u201d.<\/p>\n<p>&nbsp;<\/p>\n<p>FORTUNA INEXPLICABLE<\/p>\n<p>As\u00ed como muchos hijos de la Fidelidad que hace algunos a\u00f1os viv\u00edan modestamente, quien tampoco puede ocultar su riqueza es el mismo Yunes Linares. Podr\u00e1 decir que todo es fruto de su trabajo y de las empresa que posee, pero no es necesario ser genio para darnos cuenta del ostentoso estilo de vida que abarca mansiones, yates, departamentos en el extranjero, etc. Hasta el d\u00eda de hoy no ha dado una explicaci\u00f3n factible a su inmensa fortuna.<\/p>\n<p>&nbsp;<\/p>\n<p>EL PAN EST\u00c1 DIVIDIDO<\/p>\n<p>Desde su llegada por invitaci\u00f3n del ex dirigente estatal Alejandro V\u00e1zquez Cuevas \u201cEl Pipo\u201d, Yunes Linares se dedic\u00f3 a intrigar y a dividir al blanquiazul en aras de apoderarse de ese partido y lo logr\u00f3: hoy no hay \u201cPipo\u201d ni la estructura que presum\u00eda; pero tampoco hay Buganza (a quien intrig\u00f3 con el presidente Felipe Calder\u00f3n); despedaz\u00f3 al grupo Boca-Veracruz, el m\u00e1s fuerte impulsor del panismo en el estado; hizo renunciar a Juan Bueno Torio (ah\u00ed se le va una buena cantidad de votos) y s\u00f3lo mantiene como esperanza al \u201cChapito\u201d Joaqu\u00edn Guzm\u00e1n Avil\u00e9s, a quien lo tiene como m\u00e1ximo aliado por el padr\u00f3n del panismo que controla en la zona norte del estado, pero que ha estado desmantel\u00e1ndose en los \u00faltimos a\u00f1os. Su llegada tambi\u00e9n caus\u00f3 desavenencias entre los panistas que no se olvidan de su pasado como priista y represor de opositores.<\/p>\n<p>EL PAN YA NO ES GOBIERNO<\/p>\n<p>Durante los 12 a\u00f1os que dur\u00f3 el panismo como gobierno en Los Pinos, pudieron usar la ventaja de manipular los programas sociales y presionar a los derechohabientes para coaccionar el voto a favor de algunos candidatos. Hoy la situaci\u00f3n es distinta: el PAN ya no domina el gobierno federal; luego entonces, ya no existe el acceso a los programas sociales ni a las carretonadas de dinero.<\/p>\n<p>EL PRD YA NO EXISTE EN VERACRUZ; ERGO, LA ALIANZA NO ES PARA TANTO<\/p>\n<p>Mucho se ha hablado de una alianza entre el PAN y el PRD, como si esta fuese la gran oposici\u00f3n que aplastar\u00eda a cualquier otro contrincante en las pr\u00f3ximas elecciones locales. A excepci\u00f3n de algunos militantes distinguidos, el Partido de la Revoluci\u00f3n Democr\u00e1tica (PRD) pr\u00e1cticamente se extingui\u00f3 en Veracruz. Lo que permanece es una palomilla que vive de las glorias pasadas del sol azteca, pero sin l\u00edderes representativos, sin estructura, sin esquemas de financiamiento, sin trabajo social (que era su m\u00e1s fuerte carta de presentaci\u00f3n); el PRD es s\u00f3lo un cascar\u00f3n de lo que lleg\u00f3 a ser la segunda fuerza pol\u00edtica en el estado, con mucha simpat\u00eda, pero en la realidad mucha de su militancia apoya otros proyectos como el de Movimiento Regeneraci\u00f3n Nacional, Partido del Trabajo, Movimiento Ciudadano, etc. El PRD en Veracruz, para acabar pronto, ya no existe. En el PRI han manifestado que si MORENA se sumara a la alianza, entonces s\u00ed habr\u00eda preocupaci\u00f3n.<\/p>\n<p>ELECCIONES FEDERALES RECIENTES<\/p>\n<p>Tanto el PAN como el PRD pr\u00e1cticamente desaparecieron del mapa pol\u00edtico en las elecciones federales del 2015. Los distritos de P\u00e1nuco y Tantoyuca (donde se supone est\u00e1 la mayor reserva de votos del PAN) fueron vencidos por una votaci\u00f3n copiosa a favor de la alianza PRI\/Verde y del PRD. Por su parte, el sol azteca obtuvo s\u00f3lo un distrito: el de Poza Rica, donde el PRI puso un mal\u00edsimo candidato y hubo desacuerdos entre los grupos fuertes como los maestros y los petroleros. Hay que subrayar que el PAN s\u00ed gan\u00f3 distritos importantes en el centro del estado (donde se concentra la mayor poblaci\u00f3n) como lo son Veracruz y Boca del R\u00edo, que es la zona m\u00e1s influyente para Yunes Linares, pero tambi\u00e9n hay que se\u00f1alar que MORENA arras\u00f3 en Xalapa (donde tambi\u00e9n hubo una p\u00e9sima candidata) y en Coatzacoalcos, adem\u00e1s de posicionarse como una fuerza pol\u00edtica s\u00f3lida. El PRI, por su parte, se llev\u00f3 16 distritos de los 21.<\/p>\n<p>&nbsp;<\/p>\n<p>COMPETENCIA<\/p>\n<p>No se duda que mucha gente apoye a Yunes Linares, pero hay quienes tambi\u00e9n apuestan a que no rebasa del mill\u00f3n de votos en esta ocasi\u00f3n debido al escenario de competencia que es muy distinto al que compiti\u00f3 en 2010: hay m\u00e1s candidatos participantes, m\u00e1s partidos, el \u00f3rgano electoral es distinto, hay medios alternativos de comunicaci\u00f3n, y a lo dem\u00e1s se deben sumar factores importantes como Buganza en su papel de candidato independiente, Cuitl\u00e1huac Garc\u00eda como abanderado de MORENA, y la gran estructura que tiene el PRI para hacer ganar a sus candidatos. Si bien en las recientes elecciones, el PAN estuvo cerca de ganar la gubernatura, habr\u00e1 de decir que esto fue por el factor del panismo que hab\u00eda llegado a la Presidencia de la Rep\u00fablica y que le dio un fuerte impulso al PAN en Veracruz, pero hoy nada de eso lo tiene a favor el blanquiazul.<\/p>\n<p>As\u00ed que Yunes Linares tiene en realidad un tarea tit\u00e1nica (que no imposible) para contrarrestar todo lo anterior, teniendo mucho a favor el descontento popular con la actual administraci\u00f3n, pero pr\u00e1cticamente solo contra el mundo.<\/p>\n","protected":false},"excerpt":{"rendered":"<p>Pablo Jair Ortega Columna Sin Nombre Esta semana nos dimos a la tarea de sondear entre amigos periodistas y pol\u00edticos: \u00bfrealmente tiene posibilidades Miguel \u00c1ngel Yunes Linares para ganar la pr\u00f3xima gubernatura? La respuesta sencillamente es \u201cNo, no gana\u201d. Todos dan sus argumentos para explicar (m\u00e1s all\u00e1 las simpat\u00edas partidistas) el porqu\u00e9 el oriundo de [&hellip;]<\/p>\n","protected":false},"author":2,"featured_media":0,"comment_status":"open","ping_status":"open","sticky":false,"template":"","format":"standard","meta":{"tdm_status":"","tdm_grid_status":"","footnotes":""},"categories":[70],"tags":[721,428,1026,266,107,251,195],"class_list":{"0":"post-20198","1":"post","2":"type-post","3":"status-publish","4":"format-standard","6":"category-de-opinion","7":"tag-elecciones","8":"tag-miguel-angel-yunes-linares","9":"tag-morena","10":"tag-pan","11":"tag-prd","12":"tag-pri","13":"tag-veracruz"},"yoast_head":"<!-- This site is optimized with the Yoast SEO plugin v27.4 - https:\/\/yoast.com\/product\/yoast-seo-wordpress\/ -->\n<title>Yunes Linares no llega - Los pol\u00edticos Veracruz<\/title>\n<meta name=\"robots\" content=\"index, follow, max-snippet:-1, max-image-preview:large, max-video-preview:-1\" \/>\n<link rel=\"canonical\" href=\"https:\/\/lospoliticosveracruz.com\/?p=20198\" \/>\n<meta property=\"og:locale\" content=\"es_ES\" \/>\n<meta property=\"og:type\" content=\"article\" \/>\n<meta property=\"og:title\" content=\"Yunes Linares no llega - Los pol\u00edticos Veracruz\" \/>\n<meta property=\"og:description\" content=\"Pablo Jair Ortega Columna Sin Nombre Esta semana nos dimos a la tarea de sondear entre amigos periodistas y pol\u00edticos: \u00bfrealmente tiene posibilidades Miguel \u00c1ngel Yunes Linares para ganar la pr\u00f3xima gubernatura? La respuesta sencillamente es \u201cNo, no gana\u201d. Todos dan sus argumentos para explicar (m\u00e1s all\u00e1 las simpat\u00edas partidistas) el porqu\u00e9 el oriundo de [&hellip;]\" \/>\n<meta property=\"og:url\" content=\"https:\/\/lospoliticosveracruz.com\/?p=20198\" \/>\n<meta property=\"og:site_name\" content=\"Los pol\u00edticos Veracruz\" \/>\n<meta property=\"article:publisher\" content=\"https:\/\/www.facebook.com\/people\/Notimemes-de-los-Polticos\/61565672886568\/\" \/>\n<meta property=\"article:published_time\" content=\"2016-01-10T19:09:50+00:00\" \/>\n<meta property=\"og:image\" content=\"http:\/\/www.lospoliticosveracruz.com.mx\/wp-content\/uploads\/2014\/09\/Yunes-Blog-300x188.jpg\" \/>\n<meta name=\"author\" content=\"Lo viste en Los Pol\u00edticos\" \/>\n<meta name=\"twitter:card\" content=\"summary_large_image\" \/>\n<meta name=\"twitter:creator\" content=\"@LosPoliticosVer\" \/>\n<meta name=\"twitter:site\" content=\"@LosPoliticosVer\" \/>\n<meta name=\"twitter:label1\" content=\"Escrito por\" \/>\n\t<meta name=\"twitter:data1\" content=\"Lo viste en Los Pol\u00edticos\" \/>\n\t<meta name=\"twitter:label2\" content=\"Tiempo de lectura\" \/>\n\t<meta name=\"twitter:data2\" content=\"6 minutos\" \/>\n<script type=\"application\/ld+json\" class=\"yoast-schema-graph\">{\"@context\":\"https:\\\/\\\/schema.org\",\"@graph\":[{\"@type\":\"Article\",\"@id\":\"https:\\\/\\\/lospoliticosveracruz.com\\\/?p=20198#article\",\"isPartOf\":{\"@id\":\"https:\\\/\\\/lospoliticosveracruz.com\\\/?p=20198\"},\"author\":{\"name\":\"Lo viste en Los Pol\u00edticos\",\"@id\":\"https:\\\/\\\/lospoliticosveracruz.com\\\/#\\\/schema\\\/person\\\/b8702bb0e538456e6efd07080bf2a4a2\"},\"headline\":\"Yunes Linares no llega\",\"datePublished\":\"2016-01-10T19:09:50+00:00\",\"mainEntityOfPage\":{\"@id\":\"https:\\\/\\\/lospoliticosveracruz.com\\\/?p=20198\"},\"wordCount\":1256,\"commentCount\":0,\"publisher\":{\"@id\":\"https:\\\/\\\/lospoliticosveracruz.com\\\/#organization\"},\"image\":{\"@id\":\"https:\\\/\\\/lospoliticosveracruz.com\\\/?p=20198#primaryimage\"},\"thumbnailUrl\":\"http:\\\/\\\/www.lospoliticosveracruz.com.mx\\\/wp-content\\\/uploads\\\/2014\\\/09\\\/Yunes-Blog-300x188.jpg\",\"keywords\":[\"elecciones\",\"Miguel Angel Yunes Linares\",\"Morena\",\"PAN\",\"PRD\",\"PRI\",\"Veracruz\"],\"articleSection\":[\"De Opini\u00f3n\"],\"inLanguage\":\"es\",\"potentialAction\":[{\"@type\":\"CommentAction\",\"name\":\"Comment\",\"target\":[\"https:\\\/\\\/lospoliticosveracruz.com\\\/?p=20198#respond\"]}]},{\"@type\":\"WebPage\",\"@id\":\"https:\\\/\\\/lospoliticosveracruz.com\\\/?p=20198\",\"url\":\"https:\\\/\\\/lospoliticosveracruz.com\\\/?p=20198\",\"name\":\"Yunes Linares no llega - Los pol\u00edticos Veracruz\",\"isPartOf\":{\"@id\":\"https:\\\/\\\/lospoliticosveracruz.com\\\/#website\"},\"primaryImageOfPage\":{\"@id\":\"https:\\\/\\\/lospoliticosveracruz.com\\\/?p=20198#primaryimage\"},\"image\":{\"@id\":\"https:\\\/\\\/lospoliticosveracruz.com\\\/?p=20198#primaryimage\"},\"thumbnailUrl\":\"http:\\\/\\\/www.lospoliticosveracruz.com.mx\\\/wp-content\\\/uploads\\\/2014\\\/09\\\/Yunes-Blog-300x188.jpg\",\"datePublished\":\"2016-01-10T19:09:50+00:00\",\"breadcrumb\":{\"@id\":\"https:\\\/\\\/lospoliticosveracruz.com\\\/?p=20198#breadcrumb\"},\"inLanguage\":\"es\",\"potentialAction\":[{\"@type\":\"ReadAction\",\"target\":[\"https:\\\/\\\/lospoliticosveracruz.com\\\/?p=20198\"]}]},{\"@type\":\"ImageObject\",\"inLanguage\":\"es\",\"@id\":\"https:\\\/\\\/lospoliticosveracruz.com\\\/?p=20198#primaryimage\",\"url\":\"http:\\\/\\\/www.lospoliticosveracruz.com.mx\\\/wp-content\\\/uploads\\\/2014\\\/09\\\/Yunes-Blog-300x188.jpg\",\"contentUrl\":\"http:\\\/\\\/www.lospoliticosveracruz.com.mx\\\/wp-content\\\/uploads\\\/2014\\\/09\\\/Yunes-Blog-300x188.jpg\"},{\"@type\":\"BreadcrumbList\",\"@id\":\"https:\\\/\\\/lospoliticosveracruz.com\\\/?p=20198#breadcrumb\",\"itemListElement\":[{\"@type\":\"ListItem\",\"position\":1,\"name\":\"Portada\",\"item\":\"https:\\\/\\\/lospoliticosveracruz.com\\\/\"},{\"@type\":\"ListItem\",\"position\":2,\"name\":\"Yunes Linares no llega\"}]},{\"@type\":\"WebSite\",\"@id\":\"https:\\\/\\\/lospoliticosveracruz.com\\\/#website\",\"url\":\"https:\\\/\\\/lospoliticosveracruz.com\\\/\",\"name\":\"Los pol\u00edticos Veracruz\",\"description\":\"\",\"publisher\":{\"@id\":\"https:\\\/\\\/lospoliticosveracruz.com\\\/#organization\"},\"potentialAction\":[{\"@type\":\"SearchAction\",\"target\":{\"@type\":\"EntryPoint\",\"urlTemplate\":\"https:\\\/\\\/lospoliticosveracruz.com\\\/?s={search_term_string}\"},\"query-input\":{\"@type\":\"PropertyValueSpecification\",\"valueRequired\":true,\"valueName\":\"search_term_string\"}}],\"inLanguage\":\"es\"},{\"@type\":\"Organization\",\"@id\":\"https:\\\/\\\/lospoliticosveracruz.com\\\/#organization\",\"name\":\"Los pol\u00edticos Veracruz\",\"url\":\"https:\\\/\\\/lospoliticosveracruz.com\\\/\",\"logo\":{\"@type\":\"ImageObject\",\"inLanguage\":\"es\",\"@id\":\"https:\\\/\\\/lospoliticosveracruz.com\\\/#\\\/schema\\\/logo\\\/image\\\/\",\"url\":\"https:\\\/\\\/lospoliticosveracruz.com\\\/wp-content\\\/uploads\\\/2025\\\/12\\\/Logo-Nuevo-LOS-POLITICOS-1.jpg\",\"contentUrl\":\"https:\\\/\\\/lospoliticosveracruz.com\\\/wp-content\\\/uploads\\\/2025\\\/12\\\/Logo-Nuevo-LOS-POLITICOS-1.jpg\",\"width\":260,\"height\":70,\"caption\":\"Los pol\u00edticos Veracruz\"},\"image\":{\"@id\":\"https:\\\/\\\/lospoliticosveracruz.com\\\/#\\\/schema\\\/logo\\\/image\\\/\"},\"sameAs\":[\"https:\\\/\\\/www.facebook.com\\\/people\\\/Notimemes-de-los-Polticos\\\/61565672886568\\\/\",\"https:\\\/\\\/x.com\\\/LosPoliticosVer\"]},{\"@type\":\"Person\",\"@id\":\"https:\\\/\\\/lospoliticosveracruz.com\\\/#\\\/schema\\\/person\\\/b8702bb0e538456e6efd07080bf2a4a2\",\"name\":\"Lo viste en Los Pol\u00edticos\",\"image\":{\"@type\":\"ImageObject\",\"inLanguage\":\"es\",\"@id\":\"https:\\\/\\\/secure.gravatar.com\\\/avatar\\\/3a8de04a2656d44082be478bd6c086daa447c4651605818287b9532d3d0bd435?s=96&d=mm&r=g\",\"url\":\"https:\\\/\\\/secure.gravatar.com\\\/avatar\\\/3a8de04a2656d44082be478bd6c086daa447c4651605818287b9532d3d0bd435?s=96&d=mm&r=g\",\"contentUrl\":\"https:\\\/\\\/secure.gravatar.com\\\/avatar\\\/3a8de04a2656d44082be478bd6c086daa447c4651605818287b9532d3d0bd435?s=96&d=mm&r=g\",\"caption\":\"Lo viste en Los Pol\u00edticos\"},\"url\":\"https:\\\/\\\/lospoliticosveracruz.com\\\/?author=2\"}]}<\/script>\n<!-- \/ Yoast SEO plugin. -->","yoast_head_json":{"title":"Yunes Linares no llega - Los pol\u00edticos Veracruz","robots":{"index":"index","follow":"follow","max-snippet":"max-snippet:-1","max-image-preview":"max-image-preview:large","max-video-preview":"max-video-preview:-1"},"canonical":"https:\/\/lospoliticosveracruz.com\/?p=20198","og_locale":"es_ES","og_type":"article","og_title":"Yunes Linares no llega - Los pol\u00edticos Veracruz","og_description":"Pablo Jair Ortega Columna Sin Nombre Esta semana nos dimos a la tarea de sondear entre amigos periodistas y pol\u00edticos: \u00bfrealmente tiene posibilidades Miguel \u00c1ngel Yunes Linares para ganar la pr\u00f3xima gubernatura? La respuesta sencillamente es \u201cNo, no gana\u201d. Todos dan sus argumentos para explicar (m\u00e1s all\u00e1 las simpat\u00edas partidistas) el porqu\u00e9 el oriundo de [&hellip;]","og_url":"https:\/\/lospoliticosveracruz.com\/?p=20198","og_site_name":"Los pol\u00edticos Veracruz","article_publisher":"https:\/\/www.facebook.com\/people\/Notimemes-de-los-Polticos\/61565672886568\/","article_published_time":"2016-01-10T19:09:50+00:00","og_image":[{"url":"http:\/\/www.lospoliticosveracruz.com.mx\/wp-content\/uploads\/2014\/09\/Yunes-Blog-300x188.jpg","type":"","width":"","height":""}],"author":"Lo viste en Los Pol\u00edticos","twitter_card":"summary_large_image","twitter_creator":"@LosPoliticosVer","twitter_site":"@LosPoliticosVer","twitter_misc":{"Escrito por":"Lo viste en Los Pol\u00edticos","Tiempo de lectura":"6 minutos"},"schema":{"@context":"https:\/\/schema.org","@graph":[{"@type":"Article","@id":"https:\/\/lospoliticosveracruz.com\/?p=20198#article","isPartOf":{"@id":"https:\/\/lospoliticosveracruz.com\/?p=20198"},"author":{"name":"Lo viste en Los Pol\u00edticos","@id":"https:\/\/lospoliticosveracruz.com\/#\/schema\/person\/b8702bb0e538456e6efd07080bf2a4a2"},"headline":"Yunes Linares no llega","datePublished":"2016-01-10T19:09:50+00:00","mainEntityOfPage":{"@id":"https:\/\/lospoliticosveracruz.com\/?p=20198"},"wordCount":1256,"commentCount":0,"publisher":{"@id":"https:\/\/lospoliticosveracruz.com\/#organization"},"image":{"@id":"https:\/\/lospoliticosveracruz.com\/?p=20198#primaryimage"},"thumbnailUrl":"http:\/\/www.lospoliticosveracruz.com.mx\/wp-content\/uploads\/2014\/09\/Yunes-Blog-300x188.jpg","keywords":["elecciones","Miguel Angel Yunes Linares","Morena","PAN","PRD","PRI","Veracruz"],"articleSection":["De Opini\u00f3n"],"inLanguage":"es","potentialAction":[{"@type":"CommentAction","name":"Comment","target":["https:\/\/lospoliticosveracruz.com\/?p=20198#respond"]}]},{"@type":"WebPage","@id":"https:\/\/lospoliticosveracruz.com\/?p=20198","url":"https:\/\/lospoliticosveracruz.com\/?p=20198","name":"Yunes Linares no llega - Los pol\u00edticos Veracruz","isPartOf":{"@id":"https:\/\/lospoliticosveracruz.com\/#website"},"primaryImageOfPage":{"@id":"https:\/\/lospoliticosveracruz.com\/?p=20198#primaryimage"},"image":{"@id":"https:\/\/lospoliticosveracruz.com\/?p=20198#primaryimage"},"thumbnailUrl":"http:\/\/www.lospoliticosveracruz.com.mx\/wp-content\/uploads\/2014\/09\/Yunes-Blog-300x188.jpg","datePublished":"2016-01-10T19:09:50+00:00","breadcrumb":{"@id":"https:\/\/lospoliticosveracruz.com\/?p=20198#breadcrumb"},"inLanguage":"es","potentialAction":[{"@type":"ReadAction","target":["https:\/\/lospoliticosveracruz.com\/?p=20198"]}]},{"@type":"ImageObject","inLanguage":"es","@id":"https:\/\/lospoliticosveracruz.com\/?p=20198#primaryimage","url":"http:\/\/www.lospoliticosveracruz.com.mx\/wp-content\/uploads\/2014\/09\/Yunes-Blog-300x188.jpg","contentUrl":"http:\/\/www.lospoliticosveracruz.com.mx\/wp-content\/uploads\/2014\/09\/Yunes-Blog-300x188.jpg"},{"@type":"BreadcrumbList","@id":"https:\/\/lospoliticosveracruz.com\/?p=20198#breadcrumb","itemListElement":[{"@type":"ListItem","position":1,"name":"Portada","item":"https:\/\/lospoliticosveracruz.com\/"},{"@type":"ListItem","position":2,"name":"Yunes Linares no llega"}]},{"@type":"WebSite","@id":"https:\/\/lospoliticosveracruz.com\/#website","url":"https:\/\/lospoliticosveracruz.com\/","name":"Los pol\u00edticos Veracruz","description":"","publisher":{"@id":"https:\/\/lospoliticosveracruz.com\/#organization"},"potentialAction":[{"@type":"SearchAction","target":{"@type":"EntryPoint","urlTemplate":"https:\/\/lospoliticosveracruz.com\/?s={search_term_string}"},"query-input":{"@type":"PropertyValueSpecification","valueRequired":true,"valueName":"search_term_string"}}],"inLanguage":"es"},{"@type":"Organization","@id":"https:\/\/lospoliticosveracruz.com\/#organization","name":"Los pol\u00edticos Veracruz","url":"https:\/\/lospoliticosveracruz.com\/","logo":{"@type":"ImageObject","inLanguage":"es","@id":"https:\/\/lospoliticosveracruz.com\/#\/schema\/logo\/image\/","url":"https:\/\/lospoliticosveracruz.com\/wp-content\/uploads\/2025\/12\/Logo-Nuevo-LOS-POLITICOS-1.jpg","contentUrl":"https:\/\/lospoliticosveracruz.com\/wp-content\/uploads\/2025\/12\/Logo-Nuevo-LOS-POLITICOS-1.jpg","width":260,"height":70,"caption":"Los pol\u00edticos Veracruz"},"image":{"@id":"https:\/\/lospoliticosveracruz.com\/#\/schema\/logo\/image\/"},"sameAs":["https:\/\/www.facebook.com\/people\/Notimemes-de-los-Polticos\/61565672886568\/","https:\/\/x.com\/LosPoliticosVer"]},{"@type":"Person","@id":"https:\/\/lospoliticosveracruz.com\/#\/schema\/person\/b8702bb0e538456e6efd07080bf2a4a2","name":"Lo viste en Los Pol\u00edticos","image":{"@type":"ImageObject","inLanguage":"es","@id":"https:\/\/secure.gravatar.com\/avatar\/3a8de04a2656d44082be478bd6c086daa447c4651605818287b9532d3d0bd435?s=96&d=mm&r=g","url":"https:\/\/secure.gravatar.com\/avatar\/3a8de04a2656d44082be478bd6c086daa447c4651605818287b9532d3d0bd435?s=96&d=mm&r=g","contentUrl":"https:\/\/secure.gravatar.com\/avatar\/3a8de04a2656d44082be478bd6c086daa447c4651605818287b9532d3d0bd435?s=96&d=mm&r=g","caption":"Lo viste en Los Pol\u00edticos"},"url":"https:\/\/lospoliticosveracruz.com\/?author=2"}]}},"_links":{"self":[{"href":"https:\/\/lospoliticosveracruz.com\/index.php?rest_route=\/wp\/v2\/posts\/20198","targetHints":{"allow":["GET"]}}],"collection":[{"href":"https:\/\/lospoliticosveracruz.com\/index.php?rest_route=\/wp\/v2\/posts"}],"about":[{"href":"https:\/\/lospoliticosveracruz.com\/index.php?rest_route=\/wp\/v2\/types\/post"}],"author":[{"embeddable":true,"href":"https:\/\/lospoliticosveracruz.com\/index.php?rest_route=\/wp\/v2\/users\/2"}],"replies":[{"embeddable":true,"href":"https:\/\/lospoliticosveracruz.com\/index.php?rest_route=%2Fwp%2Fv2%2Fcomments&post=20198"}],"version-history":[{"count":1,"href":"https:\/\/lospoliticosveracruz.com\/index.php?rest_route=\/wp\/v2\/posts\/20198\/revisions"}],"predecessor-version":[{"id":20199,"href":"https:\/\/lospoliticosveracruz.com\/index.php?rest_route=\/wp\/v2\/posts\/20198\/revisions\/20199"}],"wp:attachment":[{"href":"https:\/\/lospoliticosveracruz.com\/index.php?rest_route=%2Fwp%2Fv2%2Fmedia&parent=20198"}],"wp:term":[{"taxonomy":"category","embeddable":true,"href":"https:\/\/lospoliticosveracruz.com\/index.php?rest_route=%2Fwp%2Fv2%2Fcategories&post=20198"},{"taxonomy":"post_tag","embeddable":true,"href":"https:\/\/lospoliticosveracruz.com\/index.php?rest_route=%2Fwp%2Fv2%2Ftags&post=20198"}],"curies":[{"name":"wp","href":"https:\/\/api.w.org\/{rel}","templated":true}]}}