{"id":2021,"date":"2014-09-29T00:17:00","date_gmt":"2014-09-29T00:17:00","guid":{"rendered":"http:\/\/www.lospoliticosveracruz.com.mx\/?p=2021"},"modified":"2014-10-10T23:09:58","modified_gmt":"2014-10-10T23:09:58","slug":"silva-involucrado-con-colorado","status":"publish","type":"post","link":"https:\/\/lospoliticosveracruz.com\/?p=2021","title":{"rendered":"Silva involucrado con Colorado"},"content":{"rendered":"<table align=\"center\" cellpadding=\"0\" cellspacing=\"0\" style=\"margin-left: auto; margin-right: auto; text-align: center;\">\n<tbody>\n<tr>\n<td style=\"text-align: center;\"><a href=\"http:\/\/www.lospoliticosveracruz.com.mx\/wp-content\/uploads\/2014\/09\/Silva.jpg\" style=\"margin-left: auto; margin-right: auto;\"><img loading=\"lazy\" decoding=\"async\" border=\"0\" src=\"http:\/\/www.lospoliticosveracruz.com.mx\/wp-content\/uploads\/2014\/09\/Silva.jpg\" height=\"240\" width=\"320\" \/><\/a><\/td>\n<\/tr>\n<tr>\n<td style=\"text-align: center;\">Silva y Ampudia<\/td>\n<\/tr>\n<\/tbody>\n<\/table>\n<div><b><br \/><\/b><\/div>\n<p><b>Marco Antonio Aguirre Rodr\u00edguez<\/b><\/p>\n<div><i>M\u00edsticos y Terrenales&nbsp;<\/i><\/p>\n<p>Pues bien, dentro de todo el embrollo de acusaciones y deslindes en torno a Francisco Colorado Cessa, quien est\u00e1 sentenciado en Estados Unidos por lavado de \u201cmillones de d\u00f3lares\u201d, seg\u00fan el Departamento del Tesoro de ese pa\u00eds, s\u00ed tiene una relaci\u00f3n directa con Alberto Silva Ramos, el coordinador de Comunicaci\u00f3n Social del gobierno de Javier Duarte.<br \/>De hecho el caso contra Francisco Colorado se sustenta en su empresa ADT Petroservicios, de la cual Francisco Colorado fue representante legal, misma posici\u00f3n que ocup\u00f3 y\/o ocupa tambi\u00e9n Francisco Silva Ramos, hermano de Alberto Silva Ramos, el coordinador de Comunicaci\u00f3n Social del gobierno de Veracruz.<a name='more'><\/a><br \/>Francisco Silva, en su relaci\u00f3n fraterna, es de los principales apoyantes de la causa de Alberto Silva para ser candidato a la gubernatura de Veracruz en el 2016 y tambi\u00e9n tiene una buena relaci\u00f3n con Javier Duarte.<br \/>\u00bfO no existe \u00e9sta buena relaci\u00f3n entre Francisco Silva y Alberto Silva, adem\u00e1s de Javier Duarte?.<br \/>La sentencia a 20 a\u00f1os contra Colorado Cessa en los Estados Unidos se soporta en la empresa ADT Petroservicios, que es la que utiliz\u00f3 para \u201cel lavado de millones de d\u00f3lares procedentes de ganancias de venta de drogas a trav\u00e9s de caballos estadounidenses de carreras de 400 metros y la industria de cr\u00eda de caballos para Miguel y Omar Trevi\u00f1o Morales\u2026 En mayo de 2013, Francisco Colorado Cessa fue declarado culpable por cargos relacionados a lavado de dinero en el Distrito Occidente de Texas\u201d, de acuerdo con informaci\u00f3n de la embajada de Estados Unidos en M\u00e9xico del 1 de agosto del 2013.<br \/>Francisco Antonio Colorado Cessa (que tal es su nombre), actu\u00f3 como administrador \u00fanico de ADT Petroservicios durante mucho tiempo.<br \/>Uno de los contratos que muestran esto es el 424100861 de Pemex Exploraci\u00f3n y Producci\u00f3n (PEP), otorgado por adjudicaci\u00f3n directa el 25 de noviembre de 2010.<br \/>En ese documento se marca a Santiago de la Pe\u00f1a, comunidad de Tuxpan, como el domicilio oficial.<br \/>En el contrato 4240118119, tambi\u00e9n con PEP, quien act\u00faa como \u201capoderado general\u201d de ADT Petroservicios es Francisco Silva Ramos; en ese mismo convenio tambi\u00e9n act\u00faa como \u201cadministrador \u00fanico\u201d MTTM Servicios Petroleros. La firma se hizo el 4 de abril de 2011.<br \/>Otro contrato firmado por Francisco Silva, como representante legal del ADT Petroservicios es el 424101839, otorgado el 28 de julio de 2011<br \/>Para ese entonces las investigaciones contra Francisco Colorado iban en crecimiento.<br \/>Pero adem\u00e1s ADT Petroservicios ya ten\u00eda diversos conflictos abiertos en M\u00e9xico, como un tiradero de desechos t\u00f3xicos encontrado en Tancoco, al norte de Veracruz.<br \/>O una resoluci\u00f3n dictada por el Octavo Tribunal Colegiado en materia administrativa, bajo el expediente 0034\/2009, con fecha de notificaci\u00f3n el 21 de diciembre de 2009, mediante el cual se le impuso a ADT Petroservicios la inhabilitaci\u00f3n por 1 a\u00f1o 6 meses por parte del gobierno federal para celebrar contrato alguno con el mismo, por haber proporcionado informaci\u00f3n falsa en la ejecuci\u00f3n de un contrato.<br \/>ADT Petroservicios tiene adem\u00e1s \u2013seg\u00fan la p\u00e1gina DataJur\u00eddica- nueve procesos judiciales en los estados de Tabasco, Veracruz y el Distrito Federa.l<br \/>Entonces, Francisco Silva Ramos tiene una relaci\u00f3n directa con Francisco Colorado, mostrada adem\u00e1s en documentos p\u00fablicos (todos los aqu\u00ed referidos tienen ese car\u00e1cter), lo que lleva a una relaci\u00f3n con Alberto Silva.<br \/>Alberto Silva es a quien Javier Duarte ha decidido apoyar en abierto para que sea candidato al gobierno del estado en 2016. Como el mismo Javier Duarte ha dicho, su cercan\u00eda con Alberto Silva se muestra tanto porque su primer acto como gobernador lo hizo en Tuxpan, como por otras muestras publicas de apoyo.<br \/>Entonces Javier Duarte tambi\u00e9n tiene una relaci\u00f3n directa con Francisco Colorado. \u00bfO dir\u00e1 qu\u00e9 \u00e9l no, que Alberto s\u00ed?<br \/>\u00bfCosas de los m\u00edsticos?<\/p>\n<p>CANSANCIO INSEGURIDAD. Este domingo un grupo de representantes de asociaciones civiles, de la comunidad l\u00e9sbico-gay, ambientalistas, colegios de abogados, pero tambi\u00e9n amas de casa y padres de familia, estudiantes y profesionistas, marcharon en la ciudad de Veracruz reclamando una mayor seguridad para la zona, lo que incluy\u00f3 la intervenci\u00f3n de la Gendarmer\u00eda Nacional.<br \/>Carlos Mateos Carrasco, presidente de la Barra de Abogados de Veracruz ley\u00f3 a nombre de los participantes una carta abierta dirigida al presidente Enrique Pe\u00f1a Nieto pidiendo mayor atenci\u00f3n de todos los niveles de gobierno para que se refuerce la seguridad p\u00fablica en Veracruz y se mejore la procuraci\u00f3n de justicia.<br \/>Arturo Mattiello Canales, Presidente de la Asociaci\u00f3n Nacional de Consejos de Participaci\u00f3n C\u00edvica A.C., previamente anunci\u00f3 que este organismo tutelar\u00e1 los derechos de los manifestantes para impulsar \u201cque lleguen a donde tienen que llegar, que sean escuchadas por quienes deben o\u00edrlas, y que sean atendidas\u201d.<br \/>Entre los reclamos se encuentran la modificaci\u00f3n en los procesos y procedimientos de reclutamiento y selecci\u00f3n de personal para la Procuradur\u00eda General de Justicia del Estado, el Poder Judicial del Estado, y la integraci\u00f3n de una fuerza de seguridad p\u00fablica en donde intervenga la Gendarmer\u00eda Nacional.<\/p>\n<p>MOTA EN LA MIRA. El Partido Acci\u00f3n Nacional mira en el Secretario de Educaci\u00f3n de Veracruz, Adolfo Mota, la posibilidad de ser candidato del PRI a la diputaci\u00f3n federal en las pr\u00f3ximas elecciones y por lo mismo present\u00f3 el 22 de septiembre pasado una denuncia en su contra ante la Junta Local del Instituto Nacional Electoral, acus\u00e1ndolo de realizar actos anticipados de campa\u00f1a y la promoci\u00f3n de su imagen con un fin distinto a la investidura que le corresponde.<br \/>Yeri Adauta Ordaz, representante suplente del PAN ante el Registro Federal de Electores del INE, seg\u00fan un correo hecho llegar, fue quien present\u00f3 el se\u00f1alamiento, apuntando que se hizo el ofrecimiento de apoyos provenientes de programas sociales y\/o de obra p\u00fablica.<br \/>En este caso lo interesante es a quien mira el PAN como su contrincante para la disputa en la elecci\u00f3n del 2015 para la diputaci\u00f3n federal.<\/div>\n","protected":false},"excerpt":{"rendered":"<p>Silva y Ampudia Marco Antonio Aguirre Rodr\u00edguez M\u00edsticos y Terrenales&nbsp; Pues bien, dentro de todo el embrollo de acusaciones y deslindes en torno a Francisco Colorado Cessa, quien est\u00e1 sentenciado en Estados Unidos por lavado de \u201cmillones de d\u00f3lares\u201d, seg\u00fan el Departamento del Tesoro de ese pa\u00eds, s\u00ed tiene una relaci\u00f3n directa con Alberto Silva [&hellip;]<\/p>\n","protected":false},"author":1,"featured_media":0,"comment_status":"open","ping_status":"open","sticky":false,"template":"","format":"standard","meta":{"tdm_status":"","tdm_grid_status":"","footnotes":""},"categories":[70],"tags":[233,234,235],"class_list":{"0":"post-2021","1":"post","2":"type-post","3":"status-publish","4":"format-standard","6":"category-de-opinion","7":"tag-francisco-antonio-colorado-cessa","8":"tag-francisco-silva-ramos","9":"tag-trevino-morales"},"yoast_head":"<!-- This site is optimized with the Yoast SEO plugin v27.4 - https:\/\/yoast.com\/product\/yoast-seo-wordpress\/ -->\n<title>Silva involucrado con Colorado - Los pol\u00edticos Veracruz<\/title>\n<meta name=\"robots\" content=\"index, follow, max-snippet:-1, max-image-preview:large, max-video-preview:-1\" \/>\n<link rel=\"canonical\" href=\"https:\/\/lospoliticosveracruz.com\/?p=2021\" \/>\n<meta property=\"og:locale\" content=\"es_ES\" \/>\n<meta property=\"og:type\" content=\"article\" \/>\n<meta property=\"og:title\" content=\"Silva involucrado con Colorado - Los pol\u00edticos Veracruz\" \/>\n<meta property=\"og:description\" content=\"Silva y Ampudia Marco Antonio Aguirre Rodr\u00edguez M\u00edsticos y Terrenales&nbsp; Pues bien, dentro de todo el embrollo de acusaciones y deslindes en torno a Francisco Colorado Cessa, quien est\u00e1 sentenciado en Estados Unidos por lavado de \u201cmillones de d\u00f3lares\u201d, seg\u00fan el Departamento del Tesoro de ese pa\u00eds, s\u00ed tiene una relaci\u00f3n directa con Alberto Silva [&hellip;]\" \/>\n<meta property=\"og:url\" content=\"https:\/\/lospoliticosveracruz.com\/?p=2021\" \/>\n<meta property=\"og:site_name\" content=\"Los pol\u00edticos Veracruz\" \/>\n<meta property=\"article:publisher\" content=\"https:\/\/www.facebook.com\/people\/Notimemes-de-los-Polticos\/61565672886568\/\" \/>\n<meta property=\"article:published_time\" content=\"2014-09-29T00:17:00+00:00\" \/>\n<meta property=\"article:modified_time\" content=\"2014-10-10T23:09:58+00:00\" \/>\n<meta property=\"og:image\" content=\"http:\/\/www.lospoliticosveracruz.com.mx\/wp-content\/uploads\/2014\/09\/Silva.jpg\" \/>\n<meta name=\"author\" content=\"lospoladmin\" \/>\n<meta name=\"twitter:card\" content=\"summary_large_image\" \/>\n<meta name=\"twitter:creator\" content=\"@LosPoliticosVer\" \/>\n<meta name=\"twitter:site\" content=\"@LosPoliticosVer\" \/>\n<meta name=\"twitter:label1\" content=\"Escrito por\" \/>\n\t<meta name=\"twitter:data1\" content=\"lospoladmin\" \/>\n\t<meta name=\"twitter:label2\" content=\"Tiempo de lectura\" \/>\n\t<meta name=\"twitter:data2\" content=\"5 minutos\" \/>\n<script type=\"application\/ld+json\" class=\"yoast-schema-graph\">{\"@context\":\"https:\\\/\\\/schema.org\",\"@graph\":[{\"@type\":\"Article\",\"@id\":\"https:\\\/\\\/lospoliticosveracruz.com\\\/?p=2021#article\",\"isPartOf\":{\"@id\":\"https:\\\/\\\/lospoliticosveracruz.com\\\/?p=2021\"},\"author\":{\"name\":\"lospoladmin\",\"@id\":\"https:\\\/\\\/lospoliticosveracruz.com\\\/#\\\/schema\\\/person\\\/c5fee8df75ee4700bd7f8e92859bd696\"},\"headline\":\"Silva involucrado con Colorado\",\"datePublished\":\"2014-09-29T00:17:00+00:00\",\"dateModified\":\"2014-10-10T23:09:58+00:00\",\"mainEntityOfPage\":{\"@id\":\"https:\\\/\\\/lospoliticosveracruz.com\\\/?p=2021\"},\"wordCount\":1031,\"commentCount\":0,\"publisher\":{\"@id\":\"https:\\\/\\\/lospoliticosveracruz.com\\\/#organization\"},\"image\":{\"@id\":\"https:\\\/\\\/lospoliticosveracruz.com\\\/?p=2021#primaryimage\"},\"thumbnailUrl\":\"http:\\\/\\\/www.lospoliticosveracruz.com.mx\\\/wp-content\\\/uploads\\\/2014\\\/09\\\/Silva.jpg\",\"keywords\":[\"Francisco Antonio Colorado Cessa\",\"Francisco Silva Ramos\",\"Trevi\u00f1o Morales\"],\"articleSection\":[\"De Opini\u00f3n\"],\"inLanguage\":\"es\",\"potentialAction\":[{\"@type\":\"CommentAction\",\"name\":\"Comment\",\"target\":[\"https:\\\/\\\/lospoliticosveracruz.com\\\/?p=2021#respond\"]}]},{\"@type\":\"WebPage\",\"@id\":\"https:\\\/\\\/lospoliticosveracruz.com\\\/?p=2021\",\"url\":\"https:\\\/\\\/lospoliticosveracruz.com\\\/?p=2021\",\"name\":\"Silva involucrado con Colorado - Los pol\u00edticos Veracruz\",\"isPartOf\":{\"@id\":\"https:\\\/\\\/lospoliticosveracruz.com\\\/#website\"},\"primaryImageOfPage\":{\"@id\":\"https:\\\/\\\/lospoliticosveracruz.com\\\/?p=2021#primaryimage\"},\"image\":{\"@id\":\"https:\\\/\\\/lospoliticosveracruz.com\\\/?p=2021#primaryimage\"},\"thumbnailUrl\":\"http:\\\/\\\/www.lospoliticosveracruz.com.mx\\\/wp-content\\\/uploads\\\/2014\\\/09\\\/Silva.jpg\",\"datePublished\":\"2014-09-29T00:17:00+00:00\",\"dateModified\":\"2014-10-10T23:09:58+00:00\",\"breadcrumb\":{\"@id\":\"https:\\\/\\\/lospoliticosveracruz.com\\\/?p=2021#breadcrumb\"},\"inLanguage\":\"es\",\"potentialAction\":[{\"@type\":\"ReadAction\",\"target\":[\"https:\\\/\\\/lospoliticosveracruz.com\\\/?p=2021\"]}]},{\"@type\":\"ImageObject\",\"inLanguage\":\"es\",\"@id\":\"https:\\\/\\\/lospoliticosveracruz.com\\\/?p=2021#primaryimage\",\"url\":\"http:\\\/\\\/www.lospoliticosveracruz.com.mx\\\/wp-content\\\/uploads\\\/2014\\\/09\\\/Silva.jpg\",\"contentUrl\":\"http:\\\/\\\/www.lospoliticosveracruz.com.mx\\\/wp-content\\\/uploads\\\/2014\\\/09\\\/Silva.jpg\"},{\"@type\":\"BreadcrumbList\",\"@id\":\"https:\\\/\\\/lospoliticosveracruz.com\\\/?p=2021#breadcrumb\",\"itemListElement\":[{\"@type\":\"ListItem\",\"position\":1,\"name\":\"Portada\",\"item\":\"https:\\\/\\\/lospoliticosveracruz.com\\\/\"},{\"@type\":\"ListItem\",\"position\":2,\"name\":\"Silva involucrado con Colorado\"}]},{\"@type\":\"WebSite\",\"@id\":\"https:\\\/\\\/lospoliticosveracruz.com\\\/#website\",\"url\":\"https:\\\/\\\/lospoliticosveracruz.com\\\/\",\"name\":\"Los pol\u00edticos Veracruz\",\"description\":\"\",\"publisher\":{\"@id\":\"https:\\\/\\\/lospoliticosveracruz.com\\\/#organization\"},\"potentialAction\":[{\"@type\":\"SearchAction\",\"target\":{\"@type\":\"EntryPoint\",\"urlTemplate\":\"https:\\\/\\\/lospoliticosveracruz.com\\\/?s={search_term_string}\"},\"query-input\":{\"@type\":\"PropertyValueSpecification\",\"valueRequired\":true,\"valueName\":\"search_term_string\"}}],\"inLanguage\":\"es\"},{\"@type\":\"Organization\",\"@id\":\"https:\\\/\\\/lospoliticosveracruz.com\\\/#organization\",\"name\":\"Los pol\u00edticos Veracruz\",\"url\":\"https:\\\/\\\/lospoliticosveracruz.com\\\/\",\"logo\":{\"@type\":\"ImageObject\",\"inLanguage\":\"es\",\"@id\":\"https:\\\/\\\/lospoliticosveracruz.com\\\/#\\\/schema\\\/logo\\\/image\\\/\",\"url\":\"https:\\\/\\\/lospoliticosveracruz.com\\\/wp-content\\\/uploads\\\/2025\\\/12\\\/Logo-Nuevo-LOS-POLITICOS-1.jpg\",\"contentUrl\":\"https:\\\/\\\/lospoliticosveracruz.com\\\/wp-content\\\/uploads\\\/2025\\\/12\\\/Logo-Nuevo-LOS-POLITICOS-1.jpg\",\"width\":260,\"height\":70,\"caption\":\"Los pol\u00edticos Veracruz\"},\"image\":{\"@id\":\"https:\\\/\\\/lospoliticosveracruz.com\\\/#\\\/schema\\\/logo\\\/image\\\/\"},\"sameAs\":[\"https:\\\/\\\/www.facebook.com\\\/people\\\/Notimemes-de-los-Polticos\\\/61565672886568\\\/\",\"https:\\\/\\\/x.com\\\/LosPoliticosVer\"]},{\"@type\":\"Person\",\"@id\":\"https:\\\/\\\/lospoliticosveracruz.com\\\/#\\\/schema\\\/person\\\/c5fee8df75ee4700bd7f8e92859bd696\",\"name\":\"lospoladmin\",\"image\":{\"@type\":\"ImageObject\",\"inLanguage\":\"es\",\"@id\":\"https:\\\/\\\/secure.gravatar.com\\\/avatar\\\/f4a468785695515895c4d618820f242e33d3d72a0284244a0fad6d19795cb724?s=96&d=mm&r=g\",\"url\":\"https:\\\/\\\/secure.gravatar.com\\\/avatar\\\/f4a468785695515895c4d618820f242e33d3d72a0284244a0fad6d19795cb724?s=96&d=mm&r=g\",\"contentUrl\":\"https:\\\/\\\/secure.gravatar.com\\\/avatar\\\/f4a468785695515895c4d618820f242e33d3d72a0284244a0fad6d19795cb724?s=96&d=mm&r=g\",\"caption\":\"lospoladmin\"},\"url\":\"https:\\\/\\\/lospoliticosveracruz.com\\\/?author=1\"}]}<\/script>\n<!-- \/ Yoast SEO plugin. -->","yoast_head_json":{"title":"Silva involucrado con Colorado - Los pol\u00edticos Veracruz","robots":{"index":"index","follow":"follow","max-snippet":"max-snippet:-1","max-image-preview":"max-image-preview:large","max-video-preview":"max-video-preview:-1"},"canonical":"https:\/\/lospoliticosveracruz.com\/?p=2021","og_locale":"es_ES","og_type":"article","og_title":"Silva involucrado con Colorado - Los pol\u00edticos Veracruz","og_description":"Silva y Ampudia Marco Antonio Aguirre Rodr\u00edguez M\u00edsticos y Terrenales&nbsp; Pues bien, dentro de todo el embrollo de acusaciones y deslindes en torno a Francisco Colorado Cessa, quien est\u00e1 sentenciado en Estados Unidos por lavado de \u201cmillones de d\u00f3lares\u201d, seg\u00fan el Departamento del Tesoro de ese pa\u00eds, s\u00ed tiene una relaci\u00f3n directa con Alberto Silva [&hellip;]","og_url":"https:\/\/lospoliticosveracruz.com\/?p=2021","og_site_name":"Los pol\u00edticos Veracruz","article_publisher":"https:\/\/www.facebook.com\/people\/Notimemes-de-los-Polticos\/61565672886568\/","article_published_time":"2014-09-29T00:17:00+00:00","article_modified_time":"2014-10-10T23:09:58+00:00","og_image":[{"url":"http:\/\/www.lospoliticosveracruz.com.mx\/wp-content\/uploads\/2014\/09\/Silva.jpg","type":"","width":"","height":""}],"author":"lospoladmin","twitter_card":"summary_large_image","twitter_creator":"@LosPoliticosVer","twitter_site":"@LosPoliticosVer","twitter_misc":{"Escrito por":"lospoladmin","Tiempo de lectura":"5 minutos"},"schema":{"@context":"https:\/\/schema.org","@graph":[{"@type":"Article","@id":"https:\/\/lospoliticosveracruz.com\/?p=2021#article","isPartOf":{"@id":"https:\/\/lospoliticosveracruz.com\/?p=2021"},"author":{"name":"lospoladmin","@id":"https:\/\/lospoliticosveracruz.com\/#\/schema\/person\/c5fee8df75ee4700bd7f8e92859bd696"},"headline":"Silva involucrado con Colorado","datePublished":"2014-09-29T00:17:00+00:00","dateModified":"2014-10-10T23:09:58+00:00","mainEntityOfPage":{"@id":"https:\/\/lospoliticosveracruz.com\/?p=2021"},"wordCount":1031,"commentCount":0,"publisher":{"@id":"https:\/\/lospoliticosveracruz.com\/#organization"},"image":{"@id":"https:\/\/lospoliticosveracruz.com\/?p=2021#primaryimage"},"thumbnailUrl":"http:\/\/www.lospoliticosveracruz.com.mx\/wp-content\/uploads\/2014\/09\/Silva.jpg","keywords":["Francisco Antonio Colorado Cessa","Francisco Silva Ramos","Trevi\u00f1o Morales"],"articleSection":["De Opini\u00f3n"],"inLanguage":"es","potentialAction":[{"@type":"CommentAction","name":"Comment","target":["https:\/\/lospoliticosveracruz.com\/?p=2021#respond"]}]},{"@type":"WebPage","@id":"https:\/\/lospoliticosveracruz.com\/?p=2021","url":"https:\/\/lospoliticosveracruz.com\/?p=2021","name":"Silva involucrado con Colorado - Los pol\u00edticos Veracruz","isPartOf":{"@id":"https:\/\/lospoliticosveracruz.com\/#website"},"primaryImageOfPage":{"@id":"https:\/\/lospoliticosveracruz.com\/?p=2021#primaryimage"},"image":{"@id":"https:\/\/lospoliticosveracruz.com\/?p=2021#primaryimage"},"thumbnailUrl":"http:\/\/www.lospoliticosveracruz.com.mx\/wp-content\/uploads\/2014\/09\/Silva.jpg","datePublished":"2014-09-29T00:17:00+00:00","dateModified":"2014-10-10T23:09:58+00:00","breadcrumb":{"@id":"https:\/\/lospoliticosveracruz.com\/?p=2021#breadcrumb"},"inLanguage":"es","potentialAction":[{"@type":"ReadAction","target":["https:\/\/lospoliticosveracruz.com\/?p=2021"]}]},{"@type":"ImageObject","inLanguage":"es","@id":"https:\/\/lospoliticosveracruz.com\/?p=2021#primaryimage","url":"http:\/\/www.lospoliticosveracruz.com.mx\/wp-content\/uploads\/2014\/09\/Silva.jpg","contentUrl":"http:\/\/www.lospoliticosveracruz.com.mx\/wp-content\/uploads\/2014\/09\/Silva.jpg"},{"@type":"BreadcrumbList","@id":"https:\/\/lospoliticosveracruz.com\/?p=2021#breadcrumb","itemListElement":[{"@type":"ListItem","position":1,"name":"Portada","item":"https:\/\/lospoliticosveracruz.com\/"},{"@type":"ListItem","position":2,"name":"Silva involucrado con Colorado"}]},{"@type":"WebSite","@id":"https:\/\/lospoliticosveracruz.com\/#website","url":"https:\/\/lospoliticosveracruz.com\/","name":"Los pol\u00edticos Veracruz","description":"","publisher":{"@id":"https:\/\/lospoliticosveracruz.com\/#organization"},"potentialAction":[{"@type":"SearchAction","target":{"@type":"EntryPoint","urlTemplate":"https:\/\/lospoliticosveracruz.com\/?s={search_term_string}"},"query-input":{"@type":"PropertyValueSpecification","valueRequired":true,"valueName":"search_term_string"}}],"inLanguage":"es"},{"@type":"Organization","@id":"https:\/\/lospoliticosveracruz.com\/#organization","name":"Los pol\u00edticos Veracruz","url":"https:\/\/lospoliticosveracruz.com\/","logo":{"@type":"ImageObject","inLanguage":"es","@id":"https:\/\/lospoliticosveracruz.com\/#\/schema\/logo\/image\/","url":"https:\/\/lospoliticosveracruz.com\/wp-content\/uploads\/2025\/12\/Logo-Nuevo-LOS-POLITICOS-1.jpg","contentUrl":"https:\/\/lospoliticosveracruz.com\/wp-content\/uploads\/2025\/12\/Logo-Nuevo-LOS-POLITICOS-1.jpg","width":260,"height":70,"caption":"Los pol\u00edticos Veracruz"},"image":{"@id":"https:\/\/lospoliticosveracruz.com\/#\/schema\/logo\/image\/"},"sameAs":["https:\/\/www.facebook.com\/people\/Notimemes-de-los-Polticos\/61565672886568\/","https:\/\/x.com\/LosPoliticosVer"]},{"@type":"Person","@id":"https:\/\/lospoliticosveracruz.com\/#\/schema\/person\/c5fee8df75ee4700bd7f8e92859bd696","name":"lospoladmin","image":{"@type":"ImageObject","inLanguage":"es","@id":"https:\/\/secure.gravatar.com\/avatar\/f4a468785695515895c4d618820f242e33d3d72a0284244a0fad6d19795cb724?s=96&d=mm&r=g","url":"https:\/\/secure.gravatar.com\/avatar\/f4a468785695515895c4d618820f242e33d3d72a0284244a0fad6d19795cb724?s=96&d=mm&r=g","contentUrl":"https:\/\/secure.gravatar.com\/avatar\/f4a468785695515895c4d618820f242e33d3d72a0284244a0fad6d19795cb724?s=96&d=mm&r=g","caption":"lospoladmin"},"url":"https:\/\/lospoliticosveracruz.com\/?author=1"}]}},"_links":{"self":[{"href":"https:\/\/lospoliticosveracruz.com\/index.php?rest_route=\/wp\/v2\/posts\/2021","targetHints":{"allow":["GET"]}}],"collection":[{"href":"https:\/\/lospoliticosveracruz.com\/index.php?rest_route=\/wp\/v2\/posts"}],"about":[{"href":"https:\/\/lospoliticosveracruz.com\/index.php?rest_route=\/wp\/v2\/types\/post"}],"author":[{"embeddable":true,"href":"https:\/\/lospoliticosveracruz.com\/index.php?rest_route=\/wp\/v2\/users\/1"}],"replies":[{"embeddable":true,"href":"https:\/\/lospoliticosveracruz.com\/index.php?rest_route=%2Fwp%2Fv2%2Fcomments&post=2021"}],"version-history":[{"count":1,"href":"https:\/\/lospoliticosveracruz.com\/index.php?rest_route=\/wp\/v2\/posts\/2021\/revisions"}],"predecessor-version":[{"id":12526,"href":"https:\/\/lospoliticosveracruz.com\/index.php?rest_route=\/wp\/v2\/posts\/2021\/revisions\/12526"}],"wp:attachment":[{"href":"https:\/\/lospoliticosveracruz.com\/index.php?rest_route=%2Fwp%2Fv2%2Fmedia&parent=2021"}],"wp:term":[{"taxonomy":"category","embeddable":true,"href":"https:\/\/lospoliticosveracruz.com\/index.php?rest_route=%2Fwp%2Fv2%2Fcategories&post=2021"},{"taxonomy":"post_tag","embeddable":true,"href":"https:\/\/lospoliticosveracruz.com\/index.php?rest_route=%2Fwp%2Fv2%2Ftags&post=2021"}],"curies":[{"name":"wp","href":"https:\/\/api.w.org\/{rel}","templated":true}]}}