{"id":20211,"date":"2016-01-10T20:15:02","date_gmt":"2016-01-11T02:15:02","guid":{"rendered":"http:\/\/www.lospoliticosveracruz.com.mx\/?p=20211"},"modified":"2016-01-10T20:15:02","modified_gmt":"2016-01-11T02:15:02","slug":"taxistas-y-mujeres","status":"publish","type":"post","link":"https:\/\/lospoliticosveracruz.com\/?p=20211","title":{"rendered":"Taxistas y mujeres"},"content":{"rendered":"<p><a href=\"http:\/\/www.lospoliticosveracruz.com.mx\/wp-content\/uploads\/2016\/01\/Taxis-acoso1.jpg\"><img loading=\"lazy\" decoding=\"async\" class=\"alignnone size-medium wp-image-20213\" src=\"http:\/\/www.lospoliticosveracruz.com.mx\/wp-content\/uploads\/2016\/01\/Taxis-acoso1-300x161.jpg\" alt=\"Taxis acoso\" width=\"300\" height=\"161\" \/><\/a><br \/>\n<strong>Cecilia Mu\u00f1oz<\/strong><br \/>\n<em>Polisemia<\/em><br \/>\nYa desde diciembre hac\u00edan su agosto. Se trata de los taxistas de Xalapa y de la gente de a pie que de vez en cuando necesita utilizar sus servicios y se encuentra con que la carrera que la semana pasada le cost\u00f3 30 pesos, ahora est\u00e1 en 35 o hasta en 40.<br \/>\nComo usuaria frecuente de taxi, cada vez que se habla del aumento de las tarifas de este servicio, presto atenci\u00f3n, por si a lo mejor ahora s\u00ed se oficializan, lo que permitir\u00eda que llegado diciembre no pareciera que quieren sacar el aguinaldo a costa del cobrado por el pasajero, como han reportado varios peri\u00f3dicos locales.<br \/>\nTambi\u00e9n de acuerdo con recientes notas period\u00edsticas, organizaciones de taxistas piden que se oficialicen las tarifas que han estado cobrando los \u00faltimos a\u00f1os: 20, 25, 30 y 35 pesos, desde el primer hasta el cuarto per\u00edmetro respectivamente. Personalmente, son los precios que suelo aceptar y los cuales espero que no aumenten, o pr\u00f3ximamente empezar\u00e9 a preferir tomar camiones o, ya de plano, caminar.<br \/>\nSin embargo, hasta la fecha, no he visto una sola se\u00f1al que indique que Tr\u00e1nsito est\u00e9 tomando en cuenta la petici\u00f3n de los taxistas, por lo que imagino que seguir\u00e9 negociando un rato m\u00e1s con \u00e9stos cada vez que requiera sus servicios. Por lo pronto, ya que el tema est\u00e1 sobre la mesa, dejar\u00e9 por aqu\u00ed un par de recomendaciones \u2015o desahogos\u2015 sobre el servicio a las usuarias de este medio de transporte para nuestros amigos taxistas, jefes de sindicatos, Tr\u00e1nsito y quien se sienta interesado o aludido:<br \/>\n1. Por favor, camarada taxista, no pregunte si la pasajera estudia o trabaja. O al menos no pregunte d\u00f3nde trabaja, a qu\u00e9 hora entra, a qu\u00e9 hora sale y detalles por el estilo. Ver\u00e1, a menudo las mujeres tomamos taxi por \u201cseguridad\u201d y esas preguntas no ayudan a sentirnos m\u00e1s seguras, sino vigiladas.<br \/>\n2. Tampoco es necesario que le exprese cu\u00e1n guapa la encuentra o cu\u00e1n profundos o misteriosos son sus ojos ni qu\u00e9 elegante es su postura\u2026 Mucho menos vi\u00e9ndola, por favor: ojos al frente, \u00a1est\u00e1 conduciendo! Ya s\u00e9, dir\u00e1 que si a una le molesta, bien puede decirlo, que usted lo dice con buena intenci\u00f3n, \u00bfpero en verdad le parece que expresarle una opini\u00f3n sobre su f\u00edsico en un espacio cerrado que usted controla a su antojo es apropiado? Una va pensando que si no le da las gracias por el \u201cpiropo\u201d, usted va a aprovechar esa ventaja para hacerle pasar un mal rato por desagradecida, cre\u00edda o el adjetivo que le endilgue.<br \/>\n3. Tampoco pregunte el nombre o la edad, \u00bfpara qu\u00e9 le interesa saberlo? Si nos vemos m\u00e1s j\u00f3venes que usted, es que somos m\u00e1s j\u00f3venes que usted. Y s\u00ed, estamos pensando que el conductor que nos lleva m\u00ednimo 10 a\u00f1os m\u00e1s quiere saber mucho de nosotras y calculando por d\u00f3nde ser\u00eda m\u00e1s seguro aventarnos del carro.<br \/>\n4. Pero aqu\u00ed viene la mejor y, frecuentemente, \u00faltima pregunta: \u201c\u00bfTiene novio?\u201d. Pues no, resulta que una est\u00e1 felizmente casada y tiene dos hermosos hijos, y ya no hacen m\u00e1s preguntas. Pareciera que en vez de habernos \u201ccasado\u201d, nos \u201ccazaron\u201d. Le recuerdo que las mujeres usamos el servicio de taxi para ir de un destino a otro, no para ligar, y menos pagando.<br \/>\n5. En el caso de avizorar una transe\u00fante de glorioso aspecto, procure mantener su vista al frente: \u00a1est\u00e1 conduciendo! Hasta ahora nunca me ha tocado ser pasajera de alg\u00fan taxista que sacara la cabeza para acosar a alguna mujer (aunque s\u00ed ser la acosada de un taxista\u2026), pero s\u00ed del que empieza a hablar en clave por radio de lo incre\u00edblemente \u201ccuatro tres\u201d que est\u00e1 la \u201cdos cinco\u201d de la calle. Por favor y por decencia, no lo haga.<br \/>\n6. Si su pasajera le pide que la lleve por un camino espec\u00edfico y no por otro, h\u00e1galo, por mucho que usted prefiera el atajo. Especialmente si su atajo es un sitio solitario, lleno de maleza y escaso de alumbrado p\u00fablico. Le repito: solemos tomar taxi por seguridad y en vez de sentirnos a salvo, vamos rezando.<br \/>\n7. No vaya todo el servicio recordando madres. Claro, una entiende que si otro conductor se le mete en sentido contrario, alguna expresi\u00f3n puede salir. Pero si va todo el camino a los gritos, casi vamos esperando que nos empiece a gritar a nosotras. Tampoco sea temerario. \u00bfSab\u00eda que conducir de manera violenta es una forma de maltrato entre las parejas? No es necesario que imite eso.<br \/>\nPor el momento, estas son mis recomendaciones, mas no dude en que quiz\u00e1s las dem\u00e1s usuarias frecuentes puedan sugerir otras. Simplemente recuerde: buscamos seguridad en el servicio, tanto f\u00edsica como mental.<br \/>\npolisemia@outlook.es<\/p>\n","protected":false},"excerpt":{"rendered":"<p>Cecilia Mu\u00f1oz Polisemia Ya desde diciembre hac\u00edan su agosto. Se trata de los taxistas de Xalapa y de la gente de a pie que de vez en cuando necesita utilizar sus servicios y se encuentra con que la carrera que la semana pasada le cost\u00f3 30 pesos, ahora est\u00e1 en 35 o hasta en 40. [&hellip;]<\/p>\n","protected":false},"author":2,"featured_media":0,"comment_status":"open","ping_status":"open","sticky":false,"template":"","format":"standard","meta":{"tdm_status":"","tdm_grid_status":"","footnotes":""},"categories":[70],"tags":[],"class_list":{"0":"post-20211","1":"post","2":"type-post","3":"status-publish","4":"format-standard","6":"category-de-opinion"},"yoast_head":"<!-- This site is optimized with the Yoast SEO plugin v27.4 - https:\/\/yoast.com\/product\/yoast-seo-wordpress\/ -->\n<title>Taxistas y mujeres - Los pol\u00edticos Veracruz<\/title>\n<meta name=\"robots\" content=\"index, follow, max-snippet:-1, max-image-preview:large, max-video-preview:-1\" \/>\n<link rel=\"canonical\" href=\"https:\/\/lospoliticosveracruz.com\/?p=20211\" \/>\n<meta property=\"og:locale\" content=\"es_ES\" \/>\n<meta property=\"og:type\" content=\"article\" \/>\n<meta property=\"og:title\" content=\"Taxistas y mujeres - Los pol\u00edticos Veracruz\" \/>\n<meta property=\"og:description\" content=\"Cecilia Mu\u00f1oz Polisemia Ya desde diciembre hac\u00edan su agosto. Se trata de los taxistas de Xalapa y de la gente de a pie que de vez en cuando necesita utilizar sus servicios y se encuentra con que la carrera que la semana pasada le cost\u00f3 30 pesos, ahora est\u00e1 en 35 o hasta en 40. [&hellip;]\" \/>\n<meta property=\"og:url\" content=\"https:\/\/lospoliticosveracruz.com\/?p=20211\" \/>\n<meta property=\"og:site_name\" content=\"Los pol\u00edticos Veracruz\" \/>\n<meta property=\"article:publisher\" content=\"https:\/\/www.facebook.com\/people\/Notimemes-de-los-Polticos\/61565672886568\/\" \/>\n<meta property=\"article:published_time\" content=\"2016-01-11T02:15:02+00:00\" \/>\n<meta property=\"og:image\" content=\"http:\/\/www.lospoliticosveracruz.com.mx\/wp-content\/uploads\/2016\/01\/Taxis-acoso1-300x161.jpg\" \/>\n<meta name=\"author\" content=\"Lo viste en Los Pol\u00edticos\" \/>\n<meta name=\"twitter:card\" content=\"summary_large_image\" \/>\n<meta name=\"twitter:creator\" content=\"@LosPoliticosVer\" \/>\n<meta name=\"twitter:site\" content=\"@LosPoliticosVer\" \/>\n<meta name=\"twitter:label1\" content=\"Escrito por\" \/>\n\t<meta name=\"twitter:data1\" content=\"Lo viste en Los Pol\u00edticos\" \/>\n\t<meta name=\"twitter:label2\" content=\"Tiempo de lectura\" \/>\n\t<meta name=\"twitter:data2\" content=\"4 minutos\" \/>\n<script type=\"application\/ld+json\" class=\"yoast-schema-graph\">{\"@context\":\"https:\\\/\\\/schema.org\",\"@graph\":[{\"@type\":\"Article\",\"@id\":\"https:\\\/\\\/lospoliticosveracruz.com\\\/?p=20211#article\",\"isPartOf\":{\"@id\":\"https:\\\/\\\/lospoliticosveracruz.com\\\/?p=20211\"},\"author\":{\"name\":\"Lo viste en Los Pol\u00edticos\",\"@id\":\"https:\\\/\\\/lospoliticosveracruz.com\\\/#\\\/schema\\\/person\\\/b8702bb0e538456e6efd07080bf2a4a2\"},\"headline\":\"Taxistas y mujeres\",\"datePublished\":\"2016-01-11T02:15:02+00:00\",\"mainEntityOfPage\":{\"@id\":\"https:\\\/\\\/lospoliticosveracruz.com\\\/?p=20211\"},\"wordCount\":816,\"commentCount\":0,\"publisher\":{\"@id\":\"https:\\\/\\\/lospoliticosveracruz.com\\\/#organization\"},\"image\":{\"@id\":\"https:\\\/\\\/lospoliticosveracruz.com\\\/?p=20211#primaryimage\"},\"thumbnailUrl\":\"http:\\\/\\\/www.lospoliticosveracruz.com.mx\\\/wp-content\\\/uploads\\\/2016\\\/01\\\/Taxis-acoso1-300x161.jpg\",\"articleSection\":[\"De Opini\u00f3n\"],\"inLanguage\":\"es\",\"potentialAction\":[{\"@type\":\"CommentAction\",\"name\":\"Comment\",\"target\":[\"https:\\\/\\\/lospoliticosveracruz.com\\\/?p=20211#respond\"]}]},{\"@type\":\"WebPage\",\"@id\":\"https:\\\/\\\/lospoliticosveracruz.com\\\/?p=20211\",\"url\":\"https:\\\/\\\/lospoliticosveracruz.com\\\/?p=20211\",\"name\":\"Taxistas y mujeres - Los pol\u00edticos Veracruz\",\"isPartOf\":{\"@id\":\"https:\\\/\\\/lospoliticosveracruz.com\\\/#website\"},\"primaryImageOfPage\":{\"@id\":\"https:\\\/\\\/lospoliticosveracruz.com\\\/?p=20211#primaryimage\"},\"image\":{\"@id\":\"https:\\\/\\\/lospoliticosveracruz.com\\\/?p=20211#primaryimage\"},\"thumbnailUrl\":\"http:\\\/\\\/www.lospoliticosveracruz.com.mx\\\/wp-content\\\/uploads\\\/2016\\\/01\\\/Taxis-acoso1-300x161.jpg\",\"datePublished\":\"2016-01-11T02:15:02+00:00\",\"breadcrumb\":{\"@id\":\"https:\\\/\\\/lospoliticosveracruz.com\\\/?p=20211#breadcrumb\"},\"inLanguage\":\"es\",\"potentialAction\":[{\"@type\":\"ReadAction\",\"target\":[\"https:\\\/\\\/lospoliticosveracruz.com\\\/?p=20211\"]}]},{\"@type\":\"ImageObject\",\"inLanguage\":\"es\",\"@id\":\"https:\\\/\\\/lospoliticosveracruz.com\\\/?p=20211#primaryimage\",\"url\":\"http:\\\/\\\/www.lospoliticosveracruz.com.mx\\\/wp-content\\\/uploads\\\/2016\\\/01\\\/Taxis-acoso1-300x161.jpg\",\"contentUrl\":\"http:\\\/\\\/www.lospoliticosveracruz.com.mx\\\/wp-content\\\/uploads\\\/2016\\\/01\\\/Taxis-acoso1-300x161.jpg\"},{\"@type\":\"BreadcrumbList\",\"@id\":\"https:\\\/\\\/lospoliticosveracruz.com\\\/?p=20211#breadcrumb\",\"itemListElement\":[{\"@type\":\"ListItem\",\"position\":1,\"name\":\"Portada\",\"item\":\"https:\\\/\\\/lospoliticosveracruz.com\\\/\"},{\"@type\":\"ListItem\",\"position\":2,\"name\":\"Taxistas y mujeres\"}]},{\"@type\":\"WebSite\",\"@id\":\"https:\\\/\\\/lospoliticosveracruz.com\\\/#website\",\"url\":\"https:\\\/\\\/lospoliticosveracruz.com\\\/\",\"name\":\"Los pol\u00edticos Veracruz\",\"description\":\"\",\"publisher\":{\"@id\":\"https:\\\/\\\/lospoliticosveracruz.com\\\/#organization\"},\"potentialAction\":[{\"@type\":\"SearchAction\",\"target\":{\"@type\":\"EntryPoint\",\"urlTemplate\":\"https:\\\/\\\/lospoliticosveracruz.com\\\/?s={search_term_string}\"},\"query-input\":{\"@type\":\"PropertyValueSpecification\",\"valueRequired\":true,\"valueName\":\"search_term_string\"}}],\"inLanguage\":\"es\"},{\"@type\":\"Organization\",\"@id\":\"https:\\\/\\\/lospoliticosveracruz.com\\\/#organization\",\"name\":\"Los pol\u00edticos Veracruz\",\"url\":\"https:\\\/\\\/lospoliticosveracruz.com\\\/\",\"logo\":{\"@type\":\"ImageObject\",\"inLanguage\":\"es\",\"@id\":\"https:\\\/\\\/lospoliticosveracruz.com\\\/#\\\/schema\\\/logo\\\/image\\\/\",\"url\":\"https:\\\/\\\/lospoliticosveracruz.com\\\/wp-content\\\/uploads\\\/2025\\\/12\\\/Logo-Nuevo-LOS-POLITICOS-1.jpg\",\"contentUrl\":\"https:\\\/\\\/lospoliticosveracruz.com\\\/wp-content\\\/uploads\\\/2025\\\/12\\\/Logo-Nuevo-LOS-POLITICOS-1.jpg\",\"width\":260,\"height\":70,\"caption\":\"Los pol\u00edticos Veracruz\"},\"image\":{\"@id\":\"https:\\\/\\\/lospoliticosveracruz.com\\\/#\\\/schema\\\/logo\\\/image\\\/\"},\"sameAs\":[\"https:\\\/\\\/www.facebook.com\\\/people\\\/Notimemes-de-los-Polticos\\\/61565672886568\\\/\",\"https:\\\/\\\/x.com\\\/LosPoliticosVer\"]},{\"@type\":\"Person\",\"@id\":\"https:\\\/\\\/lospoliticosveracruz.com\\\/#\\\/schema\\\/person\\\/b8702bb0e538456e6efd07080bf2a4a2\",\"name\":\"Lo viste en Los Pol\u00edticos\",\"image\":{\"@type\":\"ImageObject\",\"inLanguage\":\"es\",\"@id\":\"https:\\\/\\\/secure.gravatar.com\\\/avatar\\\/3a8de04a2656d44082be478bd6c086daa447c4651605818287b9532d3d0bd435?s=96&d=mm&r=g\",\"url\":\"https:\\\/\\\/secure.gravatar.com\\\/avatar\\\/3a8de04a2656d44082be478bd6c086daa447c4651605818287b9532d3d0bd435?s=96&d=mm&r=g\",\"contentUrl\":\"https:\\\/\\\/secure.gravatar.com\\\/avatar\\\/3a8de04a2656d44082be478bd6c086daa447c4651605818287b9532d3d0bd435?s=96&d=mm&r=g\",\"caption\":\"Lo viste en Los Pol\u00edticos\"},\"url\":\"https:\\\/\\\/lospoliticosveracruz.com\\\/?author=2\"}]}<\/script>\n<!-- \/ Yoast SEO plugin. -->","yoast_head_json":{"title":"Taxistas y mujeres - Los pol\u00edticos Veracruz","robots":{"index":"index","follow":"follow","max-snippet":"max-snippet:-1","max-image-preview":"max-image-preview:large","max-video-preview":"max-video-preview:-1"},"canonical":"https:\/\/lospoliticosveracruz.com\/?p=20211","og_locale":"es_ES","og_type":"article","og_title":"Taxistas y mujeres - Los pol\u00edticos Veracruz","og_description":"Cecilia Mu\u00f1oz Polisemia Ya desde diciembre hac\u00edan su agosto. Se trata de los taxistas de Xalapa y de la gente de a pie que de vez en cuando necesita utilizar sus servicios y se encuentra con que la carrera que la semana pasada le cost\u00f3 30 pesos, ahora est\u00e1 en 35 o hasta en 40. [&hellip;]","og_url":"https:\/\/lospoliticosveracruz.com\/?p=20211","og_site_name":"Los pol\u00edticos Veracruz","article_publisher":"https:\/\/www.facebook.com\/people\/Notimemes-de-los-Polticos\/61565672886568\/","article_published_time":"2016-01-11T02:15:02+00:00","og_image":[{"url":"http:\/\/www.lospoliticosveracruz.com.mx\/wp-content\/uploads\/2016\/01\/Taxis-acoso1-300x161.jpg","type":"","width":"","height":""}],"author":"Lo viste en Los Pol\u00edticos","twitter_card":"summary_large_image","twitter_creator":"@LosPoliticosVer","twitter_site":"@LosPoliticosVer","twitter_misc":{"Escrito por":"Lo viste en Los Pol\u00edticos","Tiempo de lectura":"4 minutos"},"schema":{"@context":"https:\/\/schema.org","@graph":[{"@type":"Article","@id":"https:\/\/lospoliticosveracruz.com\/?p=20211#article","isPartOf":{"@id":"https:\/\/lospoliticosveracruz.com\/?p=20211"},"author":{"name":"Lo viste en Los Pol\u00edticos","@id":"https:\/\/lospoliticosveracruz.com\/#\/schema\/person\/b8702bb0e538456e6efd07080bf2a4a2"},"headline":"Taxistas y mujeres","datePublished":"2016-01-11T02:15:02+00:00","mainEntityOfPage":{"@id":"https:\/\/lospoliticosveracruz.com\/?p=20211"},"wordCount":816,"commentCount":0,"publisher":{"@id":"https:\/\/lospoliticosveracruz.com\/#organization"},"image":{"@id":"https:\/\/lospoliticosveracruz.com\/?p=20211#primaryimage"},"thumbnailUrl":"http:\/\/www.lospoliticosveracruz.com.mx\/wp-content\/uploads\/2016\/01\/Taxis-acoso1-300x161.jpg","articleSection":["De Opini\u00f3n"],"inLanguage":"es","potentialAction":[{"@type":"CommentAction","name":"Comment","target":["https:\/\/lospoliticosveracruz.com\/?p=20211#respond"]}]},{"@type":"WebPage","@id":"https:\/\/lospoliticosveracruz.com\/?p=20211","url":"https:\/\/lospoliticosveracruz.com\/?p=20211","name":"Taxistas y mujeres - Los pol\u00edticos Veracruz","isPartOf":{"@id":"https:\/\/lospoliticosveracruz.com\/#website"},"primaryImageOfPage":{"@id":"https:\/\/lospoliticosveracruz.com\/?p=20211#primaryimage"},"image":{"@id":"https:\/\/lospoliticosveracruz.com\/?p=20211#primaryimage"},"thumbnailUrl":"http:\/\/www.lospoliticosveracruz.com.mx\/wp-content\/uploads\/2016\/01\/Taxis-acoso1-300x161.jpg","datePublished":"2016-01-11T02:15:02+00:00","breadcrumb":{"@id":"https:\/\/lospoliticosveracruz.com\/?p=20211#breadcrumb"},"inLanguage":"es","potentialAction":[{"@type":"ReadAction","target":["https:\/\/lospoliticosveracruz.com\/?p=20211"]}]},{"@type":"ImageObject","inLanguage":"es","@id":"https:\/\/lospoliticosveracruz.com\/?p=20211#primaryimage","url":"http:\/\/www.lospoliticosveracruz.com.mx\/wp-content\/uploads\/2016\/01\/Taxis-acoso1-300x161.jpg","contentUrl":"http:\/\/www.lospoliticosveracruz.com.mx\/wp-content\/uploads\/2016\/01\/Taxis-acoso1-300x161.jpg"},{"@type":"BreadcrumbList","@id":"https:\/\/lospoliticosveracruz.com\/?p=20211#breadcrumb","itemListElement":[{"@type":"ListItem","position":1,"name":"Portada","item":"https:\/\/lospoliticosveracruz.com\/"},{"@type":"ListItem","position":2,"name":"Taxistas y mujeres"}]},{"@type":"WebSite","@id":"https:\/\/lospoliticosveracruz.com\/#website","url":"https:\/\/lospoliticosveracruz.com\/","name":"Los pol\u00edticos Veracruz","description":"","publisher":{"@id":"https:\/\/lospoliticosveracruz.com\/#organization"},"potentialAction":[{"@type":"SearchAction","target":{"@type":"EntryPoint","urlTemplate":"https:\/\/lospoliticosveracruz.com\/?s={search_term_string}"},"query-input":{"@type":"PropertyValueSpecification","valueRequired":true,"valueName":"search_term_string"}}],"inLanguage":"es"},{"@type":"Organization","@id":"https:\/\/lospoliticosveracruz.com\/#organization","name":"Los pol\u00edticos Veracruz","url":"https:\/\/lospoliticosveracruz.com\/","logo":{"@type":"ImageObject","inLanguage":"es","@id":"https:\/\/lospoliticosveracruz.com\/#\/schema\/logo\/image\/","url":"https:\/\/lospoliticosveracruz.com\/wp-content\/uploads\/2025\/12\/Logo-Nuevo-LOS-POLITICOS-1.jpg","contentUrl":"https:\/\/lospoliticosveracruz.com\/wp-content\/uploads\/2025\/12\/Logo-Nuevo-LOS-POLITICOS-1.jpg","width":260,"height":70,"caption":"Los pol\u00edticos Veracruz"},"image":{"@id":"https:\/\/lospoliticosveracruz.com\/#\/schema\/logo\/image\/"},"sameAs":["https:\/\/www.facebook.com\/people\/Notimemes-de-los-Polticos\/61565672886568\/","https:\/\/x.com\/LosPoliticosVer"]},{"@type":"Person","@id":"https:\/\/lospoliticosveracruz.com\/#\/schema\/person\/b8702bb0e538456e6efd07080bf2a4a2","name":"Lo viste en Los Pol\u00edticos","image":{"@type":"ImageObject","inLanguage":"es","@id":"https:\/\/secure.gravatar.com\/avatar\/3a8de04a2656d44082be478bd6c086daa447c4651605818287b9532d3d0bd435?s=96&d=mm&r=g","url":"https:\/\/secure.gravatar.com\/avatar\/3a8de04a2656d44082be478bd6c086daa447c4651605818287b9532d3d0bd435?s=96&d=mm&r=g","contentUrl":"https:\/\/secure.gravatar.com\/avatar\/3a8de04a2656d44082be478bd6c086daa447c4651605818287b9532d3d0bd435?s=96&d=mm&r=g","caption":"Lo viste en Los Pol\u00edticos"},"url":"https:\/\/lospoliticosveracruz.com\/?author=2"}]}},"_links":{"self":[{"href":"https:\/\/lospoliticosveracruz.com\/index.php?rest_route=\/wp\/v2\/posts\/20211","targetHints":{"allow":["GET"]}}],"collection":[{"href":"https:\/\/lospoliticosveracruz.com\/index.php?rest_route=\/wp\/v2\/posts"}],"about":[{"href":"https:\/\/lospoliticosveracruz.com\/index.php?rest_route=\/wp\/v2\/types\/post"}],"author":[{"embeddable":true,"href":"https:\/\/lospoliticosveracruz.com\/index.php?rest_route=\/wp\/v2\/users\/2"}],"replies":[{"embeddable":true,"href":"https:\/\/lospoliticosveracruz.com\/index.php?rest_route=%2Fwp%2Fv2%2Fcomments&post=20211"}],"version-history":[{"count":1,"href":"https:\/\/lospoliticosveracruz.com\/index.php?rest_route=\/wp\/v2\/posts\/20211\/revisions"}],"predecessor-version":[{"id":20214,"href":"https:\/\/lospoliticosveracruz.com\/index.php?rest_route=\/wp\/v2\/posts\/20211\/revisions\/20214"}],"wp:attachment":[{"href":"https:\/\/lospoliticosveracruz.com\/index.php?rest_route=%2Fwp%2Fv2%2Fmedia&parent=20211"}],"wp:term":[{"taxonomy":"category","embeddable":true,"href":"https:\/\/lospoliticosveracruz.com\/index.php?rest_route=%2Fwp%2Fv2%2Fcategories&post=20211"},{"taxonomy":"post_tag","embeddable":true,"href":"https:\/\/lospoliticosveracruz.com\/index.php?rest_route=%2Fwp%2Fv2%2Ftags&post=20211"}],"curies":[{"name":"wp","href":"https:\/\/api.w.org\/{rel}","templated":true}]}}