{"id":20215,"date":"2016-01-10T20:28:23","date_gmt":"2016-01-11T02:28:23","guid":{"rendered":"http:\/\/www.lospoliticosveracruz.com.mx\/?p=20215"},"modified":"2016-01-10T20:28:23","modified_gmt":"2016-01-11T02:28:23","slug":"el-destape-definitivo-de-hector-yunes","status":"publish","type":"post","link":"https:\/\/lospoliticosveracruz.com\/?p=20215","title":{"rendered":"El destape definitivo de H\u00e9ctor Yunes"},"content":{"rendered":"<p><a href=\"http:\/\/www.lospoliticosveracruz.com.mx\/wp-content\/uploads\/2016\/01\/Juan-Carlos-Molina-H\u00e9ctor-Yunes.jpg\"><img loading=\"lazy\" decoding=\"async\" class=\"alignnone size-medium wp-image-20218\" src=\"http:\/\/www.lospoliticosveracruz.com.mx\/wp-content\/uploads\/2016\/01\/Juan-Carlos-Molina-H\u00e9ctor-Yunes-300x165.jpg\" alt=\"Juan Carlos Molina H\u00e9ctor Yunes\" width=\"300\" height=\"165\" \/><\/a><\/p>\n<p><strong>Armando Ortiz<\/strong><\/p>\n<p><em>El Hijo Pr\u00f3digo<\/em><\/p>\n<p>Fueron los dos sectores m\u00e1s importantes del Partido Revolucionario Institucional los que tuvieron la encomienda de destapar al candidato de este partido a la gubernatura de dos a\u00f1os: el magisterial, encabezado por el viejo cacique Juan Nicol\u00e1s Callejas Arroyo y el campesino, liderado por Juan Carlos Molina, quien le ha infundido a la CNC la fuerza que anta\u00f1o tuviera. Vale mencionar que en los tiempos de Bertha Hern\u00e1ndez la Confederaci\u00f3n Nacional Campesina era s\u00f3lo un burdel al que asist\u00edan las arribistas para desde ah\u00ed montarse en alg\u00fan puesto p\u00fablico. Juan Carlos Molina le ha dado un gran impulso a la CNC, tanto que ya superar a la Confederaci\u00f3n Nacional de Organizaciones Populares (CNOP), que en este destape no jug\u00f3 ning\u00fan rol principal.<br \/>\nLa excusa para el destape, por as\u00ed decirlo, fue un aniversario m\u00e1s del rancho ganadero Rosa del Alba, ubicado en las inmediaciones de Medell\u00edn de Bravo. El evento se llev\u00f3 a cabo el domingo 10 de enero, a las 11 de la ma\u00f1ana, en medio de un clima at\u00edpico, fr\u00edo para los residentes de la zona, agradable para los que bajamos de la monta\u00f1a, donde la temperatura amaneci\u00f3 a 9 grados cent\u00edgrados.; aun as\u00ed el lugar estaba repleto. En ese aniversario del rancho ganadero Rosa del Alba, se dio la noticia de los grandes avances en producci\u00f3n de ganado, incluso la obtenci\u00f3n de un Premio Internacional por la cr\u00eda de ganado de raza brahm\u00e1n. Juan Carlos Molina lo anunci\u00f3, y despu\u00e9s de afirmar que en el sector campesino \u201cestamos listos\u201d, cedi\u00f3 la palabra al invitado especial, el senador H\u00e9ctor Yunes Landa.<br \/>\nEn el pres\u00eddium se encontraban m\u00e1s de 50 alcaldes veracruzanos, m\u00e1s de 15 diputados locales, algunos diputados federales. Entre el auditorio hab\u00eda m\u00e1s de 50 l\u00edderes regionales de la CNC, m\u00e1s de 200 comisarios ejidales; hab\u00eda adem\u00e1s senadores y parte de la clase pol\u00edtica de Veracruz.<br \/>\nEn su alocuci\u00f3n el senador H\u00e9ctor Yunes Landa agradeci\u00f3 a los anfitriones, tuvo palabras de agradecimiento para Juan Nicol\u00e1s Callejas, al que llam\u00f3 mi maestro. Pero el agradecimiento m\u00e1s afectuoso fue para el senador Jos\u00e9 Francisco Yunes Zorrilla, \u201ccompa\u00f1ero con el que he recorrido todo el territorio veracruzano y con el que voy a volver a recorrerlo\u201d. El senador Yunes Landa reconoci\u00f3 el apoyo de la CNC y coment\u00f3 a su l\u00edder que era bueno que su liderazgo hubiera empezado hace poco. \u201cYo estar\u00eda muy preocupado si hubiera iniciado hace un a\u00f1o\u201d, le dijo. El senador reconoci\u00f3 a los alcaldes de partidos que no eran del PRI, a los del AVE, a los del Panal; agradeci\u00f3 el apoyo de los l\u00edderes del Verde Ecologista y del Partido Cardenista. H\u00e9ctor Yunes pidi\u00f3 al senador Manuel Cavazos Lerma que llevara un mensaje de unidad a Manlio Beltrones, presidente nacional del Partido Revolucionario Institucional, \u201cel me pidi\u00f3 unidad, d\u00edgale que hemos cumplido\u201d. Yunes Landa tambi\u00e9n habl\u00f3 sobre los falsos profetas del odio, \u201cquienes tuvieron su oportunidad para hacer las cosas bien, pero la desperdiciaron\u201d. Finalmente, levantando el brazo y saludando a la audiencia dijo \u201cestamos listos; estoy listo\u201d.<br \/>\nJuan Nicol\u00e1s Callejas Arroyo fue muy claro. S\u00ed reconoci\u00f3 al disc\u00edpulo, lo encomi\u00f3 y al mismo tiempo lo exhort\u00f3 a que Veracruz siga siendo un estado gobernado por el PRI. Despu\u00e9s de ponderar la unidad que se divisaba en su partido, dirigi\u00e9ndose a H\u00e9ctor Yunes le hizo ver que el sector magisterial estaba con \u00e9l; en ese momento los seguidores del l\u00edder magisterial lanzaron su grito de guerra. Al final de su discurso, el presidente de la Junta de Coordinaci\u00f3n Pol\u00edtica del Congreso local dirigi\u00f3 la mirada al senador H\u00e9ctor Yunes Landa y lo ungi\u00f3 cuando pronunci\u00f3 para \u00e9l la palabra \u201c\u00e9xito\u201d.<br \/>\nYa no se necesitaban se\u00f1ales. Era claro, aunque no haya habido pronunciamiento oficial ya se ha echado a andar la maquinaria priista. Por ejemplo, ni los alcaldes, ni los pusil\u00e1nimes diputados locales se mover\u00edan a favor de H\u00e9ctor Yunes si no hubiera una indicaci\u00f3n del propio gobernador Javier Duarte de Ochoa.<br \/>\nAdem\u00e1s, el ungimiento por parte de Juan Nicol\u00e1s Callejas, el hombre m\u00e1s institucional del PRI, significa que no hay vuelta atr\u00e1s, H\u00e9ctor Yunes Landa ser\u00e1 el candidato del PRI a la gubernatura de dos a\u00f1os en Veracruz.<br \/>\nQuiz\u00e1 en la semana que sigue los que no entiendan, los necios, los que no pueden controlar su tara pol\u00edtica y por supuesto algunos \u201ctextoservidores\u201d, todav\u00eda insistir\u00e1n en que no hay nada definido. Todav\u00eda le cantar\u00e1n albricias a Alberto Silva o quiz\u00e1 a Jorge Carvallo o a \u00c9rick Lagos; de nuestra parte s\u00f3lo merecer\u00e1n una mirada de l\u00e1stima por su obstinaci\u00f3n de querer mantenerse en la ignominia, en el rid\u00edculo.<\/p>\n<p>Armando Ortiz aortiz52@hotmail.com<\/p>\n","protected":false},"excerpt":{"rendered":"<p>Armando Ortiz El Hijo Pr\u00f3digo Fueron los dos sectores m\u00e1s importantes del Partido Revolucionario Institucional los que tuvieron la encomienda de destapar al candidato de este partido a la gubernatura de dos a\u00f1os: el magisterial, encabezado por el viejo cacique Juan Nicol\u00e1s Callejas Arroyo y el campesino, liderado por Juan Carlos Molina, quien le ha [&hellip;]<\/p>\n","protected":false},"author":2,"featured_media":0,"comment_status":"open","ping_status":"open","sticky":false,"template":"","format":"standard","meta":{"tdm_status":"","tdm_grid_status":"","footnotes":""},"categories":[70],"tags":[3118,348,1846,3256,377,1420,251],"class_list":{"0":"post-20215","1":"post","2":"type-post","3":"status-publish","4":"format-standard","6":"category-de-opinion","7":"tag-cnc","8":"tag-hector-yunes-landa","9":"tag-jose-francisco-yunes-zorrilla","10":"tag-juan-carlos-molina-palacios","11":"tag-juan-nicolas-callejas-arroyo","12":"tag-medellin-de-bravo","13":"tag-pri"},"yoast_head":"<!-- This site is optimized with the Yoast SEO plugin v27.4 - https:\/\/yoast.com\/product\/yoast-seo-wordpress\/ -->\n<title>El destape definitivo de H\u00e9ctor Yunes - Los pol\u00edticos Veracruz<\/title>\n<meta name=\"robots\" content=\"index, follow, max-snippet:-1, max-image-preview:large, max-video-preview:-1\" \/>\n<link rel=\"canonical\" href=\"https:\/\/lospoliticosveracruz.com\/?p=20215\" \/>\n<meta property=\"og:locale\" content=\"es_ES\" \/>\n<meta property=\"og:type\" content=\"article\" \/>\n<meta property=\"og:title\" content=\"El destape definitivo de H\u00e9ctor Yunes - Los pol\u00edticos Veracruz\" \/>\n<meta property=\"og:description\" content=\"Armando Ortiz El Hijo Pr\u00f3digo Fueron los dos sectores m\u00e1s importantes del Partido Revolucionario Institucional los que tuvieron la encomienda de destapar al candidato de este partido a la gubernatura de dos a\u00f1os: el magisterial, encabezado por el viejo cacique Juan Nicol\u00e1s Callejas Arroyo y el campesino, liderado por Juan Carlos Molina, quien le ha [&hellip;]\" \/>\n<meta property=\"og:url\" content=\"https:\/\/lospoliticosveracruz.com\/?p=20215\" \/>\n<meta property=\"og:site_name\" content=\"Los pol\u00edticos Veracruz\" \/>\n<meta property=\"article:publisher\" content=\"https:\/\/www.facebook.com\/people\/Notimemes-de-los-Polticos\/61565672886568\/\" \/>\n<meta property=\"article:published_time\" content=\"2016-01-11T02:28:23+00:00\" \/>\n<meta property=\"og:image\" content=\"https:\/\/lospoliticosveracruz.com\/wp-content\/uploads\/2016\/07\/Logo-Dor.jpg\" \/>\n\t<meta property=\"og:image:width\" content=\"200\" \/>\n\t<meta property=\"og:image:height\" content=\"200\" \/>\n\t<meta property=\"og:image:type\" content=\"image\/jpeg\" \/>\n<meta name=\"author\" content=\"Lo viste en Los Pol\u00edticos\" \/>\n<meta name=\"twitter:card\" content=\"summary_large_image\" \/>\n<meta name=\"twitter:creator\" content=\"@LosPoliticosVer\" \/>\n<meta name=\"twitter:site\" content=\"@LosPoliticosVer\" \/>\n<meta name=\"twitter:label1\" content=\"Escrito por\" \/>\n\t<meta name=\"twitter:data1\" content=\"Lo viste en Los Pol\u00edticos\" \/>\n\t<meta name=\"twitter:label2\" content=\"Tiempo de lectura\" \/>\n\t<meta name=\"twitter:data2\" content=\"4 minutos\" \/>\n<script type=\"application\/ld+json\" class=\"yoast-schema-graph\">{\"@context\":\"https:\\\/\\\/schema.org\",\"@graph\":[{\"@type\":\"Article\",\"@id\":\"https:\\\/\\\/lospoliticosveracruz.com\\\/?p=20215#article\",\"isPartOf\":{\"@id\":\"https:\\\/\\\/lospoliticosveracruz.com\\\/?p=20215\"},\"author\":{\"name\":\"Lo viste en Los Pol\u00edticos\",\"@id\":\"https:\\\/\\\/lospoliticosveracruz.com\\\/#\\\/schema\\\/person\\\/b8702bb0e538456e6efd07080bf2a4a2\"},\"headline\":\"El destape definitivo de H\u00e9ctor Yunes\",\"datePublished\":\"2016-01-11T02:28:23+00:00\",\"mainEntityOfPage\":{\"@id\":\"https:\\\/\\\/lospoliticosveracruz.com\\\/?p=20215\"},\"wordCount\":852,\"commentCount\":0,\"publisher\":{\"@id\":\"https:\\\/\\\/lospoliticosveracruz.com\\\/#organization\"},\"keywords\":[\"CNC\",\"H\u00e9ctor Yunes Landa\",\"Jos\u00e9 Francisco Yunes Zorrilla\",\"Juan Carlos Molina Palacios\",\"Juan Nicol\u00e1s Callejas Arroyo\",\"Medell\u00edn de Bravo\",\"PRI\"],\"articleSection\":[\"De Opini\u00f3n\"],\"inLanguage\":\"es\",\"potentialAction\":[{\"@type\":\"CommentAction\",\"name\":\"Comment\",\"target\":[\"https:\\\/\\\/lospoliticosveracruz.com\\\/?p=20215#respond\"]}]},{\"@type\":\"WebPage\",\"@id\":\"https:\\\/\\\/lospoliticosveracruz.com\\\/?p=20215\",\"url\":\"https:\\\/\\\/lospoliticosveracruz.com\\\/?p=20215\",\"name\":\"El destape definitivo de H\u00e9ctor Yunes - Los pol\u00edticos Veracruz\",\"isPartOf\":{\"@id\":\"https:\\\/\\\/lospoliticosveracruz.com\\\/#website\"},\"datePublished\":\"2016-01-11T02:28:23+00:00\",\"breadcrumb\":{\"@id\":\"https:\\\/\\\/lospoliticosveracruz.com\\\/?p=20215#breadcrumb\"},\"inLanguage\":\"es\",\"potentialAction\":[{\"@type\":\"ReadAction\",\"target\":[\"https:\\\/\\\/lospoliticosveracruz.com\\\/?p=20215\"]}]},{\"@type\":\"BreadcrumbList\",\"@id\":\"https:\\\/\\\/lospoliticosveracruz.com\\\/?p=20215#breadcrumb\",\"itemListElement\":[{\"@type\":\"ListItem\",\"position\":1,\"name\":\"Portada\",\"item\":\"https:\\\/\\\/lospoliticosveracruz.com\\\/\"},{\"@type\":\"ListItem\",\"position\":2,\"name\":\"El destape definitivo de H\u00e9ctor Yunes\"}]},{\"@type\":\"WebSite\",\"@id\":\"https:\\\/\\\/lospoliticosveracruz.com\\\/#website\",\"url\":\"https:\\\/\\\/lospoliticosveracruz.com\\\/\",\"name\":\"Los pol\u00edticos Veracruz\",\"description\":\"\",\"publisher\":{\"@id\":\"https:\\\/\\\/lospoliticosveracruz.com\\\/#organization\"},\"potentialAction\":[{\"@type\":\"SearchAction\",\"target\":{\"@type\":\"EntryPoint\",\"urlTemplate\":\"https:\\\/\\\/lospoliticosveracruz.com\\\/?s={search_term_string}\"},\"query-input\":{\"@type\":\"PropertyValueSpecification\",\"valueRequired\":true,\"valueName\":\"search_term_string\"}}],\"inLanguage\":\"es\"},{\"@type\":\"Organization\",\"@id\":\"https:\\\/\\\/lospoliticosveracruz.com\\\/#organization\",\"name\":\"Los pol\u00edticos Veracruz\",\"url\":\"https:\\\/\\\/lospoliticosveracruz.com\\\/\",\"logo\":{\"@type\":\"ImageObject\",\"inLanguage\":\"es\",\"@id\":\"https:\\\/\\\/lospoliticosveracruz.com\\\/#\\\/schema\\\/logo\\\/image\\\/\",\"url\":\"https:\\\/\\\/lospoliticosveracruz.com\\\/wp-content\\\/uploads\\\/2025\\\/12\\\/Logo-Nuevo-LOS-POLITICOS-1.jpg\",\"contentUrl\":\"https:\\\/\\\/lospoliticosveracruz.com\\\/wp-content\\\/uploads\\\/2025\\\/12\\\/Logo-Nuevo-LOS-POLITICOS-1.jpg\",\"width\":260,\"height\":70,\"caption\":\"Los pol\u00edticos Veracruz\"},\"image\":{\"@id\":\"https:\\\/\\\/lospoliticosveracruz.com\\\/#\\\/schema\\\/logo\\\/image\\\/\"},\"sameAs\":[\"https:\\\/\\\/www.facebook.com\\\/people\\\/Notimemes-de-los-Polticos\\\/61565672886568\\\/\",\"https:\\\/\\\/x.com\\\/LosPoliticosVer\"]},{\"@type\":\"Person\",\"@id\":\"https:\\\/\\\/lospoliticosveracruz.com\\\/#\\\/schema\\\/person\\\/b8702bb0e538456e6efd07080bf2a4a2\",\"name\":\"Lo viste en Los Pol\u00edticos\",\"image\":{\"@type\":\"ImageObject\",\"inLanguage\":\"es\",\"@id\":\"https:\\\/\\\/secure.gravatar.com\\\/avatar\\\/3a8de04a2656d44082be478bd6c086daa447c4651605818287b9532d3d0bd435?s=96&d=mm&r=g\",\"url\":\"https:\\\/\\\/secure.gravatar.com\\\/avatar\\\/3a8de04a2656d44082be478bd6c086daa447c4651605818287b9532d3d0bd435?s=96&d=mm&r=g\",\"contentUrl\":\"https:\\\/\\\/secure.gravatar.com\\\/avatar\\\/3a8de04a2656d44082be478bd6c086daa447c4651605818287b9532d3d0bd435?s=96&d=mm&r=g\",\"caption\":\"Lo viste en Los Pol\u00edticos\"},\"url\":\"https:\\\/\\\/lospoliticosveracruz.com\\\/?author=2\"}]}<\/script>\n<!-- \/ Yoast SEO plugin. -->","yoast_head_json":{"title":"El destape definitivo de H\u00e9ctor Yunes - Los pol\u00edticos Veracruz","robots":{"index":"index","follow":"follow","max-snippet":"max-snippet:-1","max-image-preview":"max-image-preview:large","max-video-preview":"max-video-preview:-1"},"canonical":"https:\/\/lospoliticosveracruz.com\/?p=20215","og_locale":"es_ES","og_type":"article","og_title":"El destape definitivo de H\u00e9ctor Yunes - Los pol\u00edticos Veracruz","og_description":"Armando Ortiz El Hijo Pr\u00f3digo Fueron los dos sectores m\u00e1s importantes del Partido Revolucionario Institucional los que tuvieron la encomienda de destapar al candidato de este partido a la gubernatura de dos a\u00f1os: el magisterial, encabezado por el viejo cacique Juan Nicol\u00e1s Callejas Arroyo y el campesino, liderado por Juan Carlos Molina, quien le ha [&hellip;]","og_url":"https:\/\/lospoliticosveracruz.com\/?p=20215","og_site_name":"Los pol\u00edticos Veracruz","article_publisher":"https:\/\/www.facebook.com\/people\/Notimemes-de-los-Polticos\/61565672886568\/","article_published_time":"2016-01-11T02:28:23+00:00","og_image":[{"width":200,"height":200,"url":"https:\/\/lospoliticosveracruz.com\/wp-content\/uploads\/2016\/07\/Logo-Dor.jpg","type":"image\/jpeg"}],"author":"Lo viste en Los Pol\u00edticos","twitter_card":"summary_large_image","twitter_creator":"@LosPoliticosVer","twitter_site":"@LosPoliticosVer","twitter_misc":{"Escrito por":"Lo viste en Los Pol\u00edticos","Tiempo de lectura":"4 minutos"},"schema":{"@context":"https:\/\/schema.org","@graph":[{"@type":"Article","@id":"https:\/\/lospoliticosveracruz.com\/?p=20215#article","isPartOf":{"@id":"https:\/\/lospoliticosveracruz.com\/?p=20215"},"author":{"name":"Lo viste en Los Pol\u00edticos","@id":"https:\/\/lospoliticosveracruz.com\/#\/schema\/person\/b8702bb0e538456e6efd07080bf2a4a2"},"headline":"El destape definitivo de H\u00e9ctor Yunes","datePublished":"2016-01-11T02:28:23+00:00","mainEntityOfPage":{"@id":"https:\/\/lospoliticosveracruz.com\/?p=20215"},"wordCount":852,"commentCount":0,"publisher":{"@id":"https:\/\/lospoliticosveracruz.com\/#organization"},"keywords":["CNC","H\u00e9ctor Yunes Landa","Jos\u00e9 Francisco Yunes Zorrilla","Juan Carlos Molina Palacios","Juan Nicol\u00e1s Callejas Arroyo","Medell\u00edn de Bravo","PRI"],"articleSection":["De Opini\u00f3n"],"inLanguage":"es","potentialAction":[{"@type":"CommentAction","name":"Comment","target":["https:\/\/lospoliticosveracruz.com\/?p=20215#respond"]}]},{"@type":"WebPage","@id":"https:\/\/lospoliticosveracruz.com\/?p=20215","url":"https:\/\/lospoliticosveracruz.com\/?p=20215","name":"El destape definitivo de H\u00e9ctor Yunes - Los pol\u00edticos Veracruz","isPartOf":{"@id":"https:\/\/lospoliticosveracruz.com\/#website"},"datePublished":"2016-01-11T02:28:23+00:00","breadcrumb":{"@id":"https:\/\/lospoliticosveracruz.com\/?p=20215#breadcrumb"},"inLanguage":"es","potentialAction":[{"@type":"ReadAction","target":["https:\/\/lospoliticosveracruz.com\/?p=20215"]}]},{"@type":"BreadcrumbList","@id":"https:\/\/lospoliticosveracruz.com\/?p=20215#breadcrumb","itemListElement":[{"@type":"ListItem","position":1,"name":"Portada","item":"https:\/\/lospoliticosveracruz.com\/"},{"@type":"ListItem","position":2,"name":"El destape definitivo de H\u00e9ctor Yunes"}]},{"@type":"WebSite","@id":"https:\/\/lospoliticosveracruz.com\/#website","url":"https:\/\/lospoliticosveracruz.com\/","name":"Los pol\u00edticos Veracruz","description":"","publisher":{"@id":"https:\/\/lospoliticosveracruz.com\/#organization"},"potentialAction":[{"@type":"SearchAction","target":{"@type":"EntryPoint","urlTemplate":"https:\/\/lospoliticosveracruz.com\/?s={search_term_string}"},"query-input":{"@type":"PropertyValueSpecification","valueRequired":true,"valueName":"search_term_string"}}],"inLanguage":"es"},{"@type":"Organization","@id":"https:\/\/lospoliticosveracruz.com\/#organization","name":"Los pol\u00edticos Veracruz","url":"https:\/\/lospoliticosveracruz.com\/","logo":{"@type":"ImageObject","inLanguage":"es","@id":"https:\/\/lospoliticosveracruz.com\/#\/schema\/logo\/image\/","url":"https:\/\/lospoliticosveracruz.com\/wp-content\/uploads\/2025\/12\/Logo-Nuevo-LOS-POLITICOS-1.jpg","contentUrl":"https:\/\/lospoliticosveracruz.com\/wp-content\/uploads\/2025\/12\/Logo-Nuevo-LOS-POLITICOS-1.jpg","width":260,"height":70,"caption":"Los pol\u00edticos Veracruz"},"image":{"@id":"https:\/\/lospoliticosveracruz.com\/#\/schema\/logo\/image\/"},"sameAs":["https:\/\/www.facebook.com\/people\/Notimemes-de-los-Polticos\/61565672886568\/","https:\/\/x.com\/LosPoliticosVer"]},{"@type":"Person","@id":"https:\/\/lospoliticosveracruz.com\/#\/schema\/person\/b8702bb0e538456e6efd07080bf2a4a2","name":"Lo viste en Los Pol\u00edticos","image":{"@type":"ImageObject","inLanguage":"es","@id":"https:\/\/secure.gravatar.com\/avatar\/3a8de04a2656d44082be478bd6c086daa447c4651605818287b9532d3d0bd435?s=96&d=mm&r=g","url":"https:\/\/secure.gravatar.com\/avatar\/3a8de04a2656d44082be478bd6c086daa447c4651605818287b9532d3d0bd435?s=96&d=mm&r=g","contentUrl":"https:\/\/secure.gravatar.com\/avatar\/3a8de04a2656d44082be478bd6c086daa447c4651605818287b9532d3d0bd435?s=96&d=mm&r=g","caption":"Lo viste en Los Pol\u00edticos"},"url":"https:\/\/lospoliticosveracruz.com\/?author=2"}]}},"_links":{"self":[{"href":"https:\/\/lospoliticosveracruz.com\/index.php?rest_route=\/wp\/v2\/posts\/20215","targetHints":{"allow":["GET"]}}],"collection":[{"href":"https:\/\/lospoliticosveracruz.com\/index.php?rest_route=\/wp\/v2\/posts"}],"about":[{"href":"https:\/\/lospoliticosveracruz.com\/index.php?rest_route=\/wp\/v2\/types\/post"}],"author":[{"embeddable":true,"href":"https:\/\/lospoliticosveracruz.com\/index.php?rest_route=\/wp\/v2\/users\/2"}],"replies":[{"embeddable":true,"href":"https:\/\/lospoliticosveracruz.com\/index.php?rest_route=%2Fwp%2Fv2%2Fcomments&post=20215"}],"version-history":[{"count":1,"href":"https:\/\/lospoliticosveracruz.com\/index.php?rest_route=\/wp\/v2\/posts\/20215\/revisions"}],"predecessor-version":[{"id":20219,"href":"https:\/\/lospoliticosveracruz.com\/index.php?rest_route=\/wp\/v2\/posts\/20215\/revisions\/20219"}],"wp:attachment":[{"href":"https:\/\/lospoliticosveracruz.com\/index.php?rest_route=%2Fwp%2Fv2%2Fmedia&parent=20215"}],"wp:term":[{"taxonomy":"category","embeddable":true,"href":"https:\/\/lospoliticosveracruz.com\/index.php?rest_route=%2Fwp%2Fv2%2Fcategories&post=20215"},{"taxonomy":"post_tag","embeddable":true,"href":"https:\/\/lospoliticosveracruz.com\/index.php?rest_route=%2Fwp%2Fv2%2Ftags&post=20215"}],"curies":[{"name":"wp","href":"https:\/\/api.w.org\/{rel}","templated":true}]}}