{"id":20220,"date":"2016-01-10T20:56:11","date_gmt":"2016-01-11T02:56:11","guid":{"rendered":"http:\/\/www.lospoliticosveracruz.com.mx\/?p=20220"},"modified":"2016-01-10T20:56:11","modified_gmt":"2016-01-11T02:56:11","slug":"hector-yunes-el-predestape-en-medellin","status":"publish","type":"post","link":"https:\/\/lospoliticosveracruz.com\/?p=20220","title":{"rendered":"H\u00e9ctor Yunes, el predestape en Medell\u00edn"},"content":{"rendered":"<p><a href=\"http:\/\/www.lospoliticosveracruz.com.mx\/wp-content\/uploads\/2016\/01\/H\u00e9ctor-Yunes-Landa.jpg\"><img loading=\"lazy\" decoding=\"async\" class=\"alignnone size-medium wp-image-20221\" src=\"http:\/\/www.lospoliticosveracruz.com.mx\/wp-content\/uploads\/2016\/01\/H\u00e9ctor-Yunes-Landa-300x180.jpg\" alt=\"H\u00e9ctor Yunes Landa\" width=\"300\" height=\"180\" \/><\/a><\/p>\n<p><strong>Luis Alberto Romero<\/strong><\/p>\n<p><em>Hora Cero<\/em><\/p>\n<p>Este domingo, en el rancho \u201cRosa del Alba\u201d, propiedad del dirigente de la Confederaci\u00f3n Nacional Campesina en la entidad, Juan Carlos Molina Palacios, se reunieron representes de las organizaciones de dicho sector con el senador H\u00e9ctor Yunes Landa, a quien ya ubican como la carta m\u00e1s fuerte del PRI para contender por la gubernatura de Veracruz.<br \/>\nTambi\u00e9n estuvieron presentes 68 de los 212 alcaldes veracruzanos, legisladores del tricolor, encabezados por el l\u00edder del llamado Equipo Pol\u00edtico de la Secci\u00f3n 32 del SNTE, Juan Nicol\u00e1s Callejas; y los actores pol\u00edticos de diferentes fracciones internas del PRI; lo m\u00e1s granado del partido.<br \/>\nEl rancho se ubica en el municipio de Medell\u00edn de Bravo, zona metropolitana de Veracruz. Ah\u00ed llegaron los representantes del sector campesino del tricolor, desde los m\u00e1s modestos, comisariados ejidales y dirigentes de peque\u00f1os grupos, hasta los m\u00e1s destacados, los prominentes l\u00edderes de una organizaci\u00f3n que ya vio pasar sus mejores a\u00f1os en la entidad y en el pa\u00eds.<br \/>\nSi bien, el \u201cestamos listos con H\u00e9ctor\u201d, pronunciado por el l\u00edder cenecista en Veracruz no fue un destape formal, es lo m\u00e1s parecido. Se trata, pues, del inicio de una cascada de pronunciamientos en favor del senador priista originario de Soledad de Doblado.<br \/>\nA este evento podr\u00edan seguir actos similares de los otros dos sectores del partido, el obrero y el popular, la CTM y la CNOP, que encabezan el octogenario l\u00edder azucarero, Enrique Ramos Rodr\u00edguez, y la lideresa del sindicato del Cobaev, Erika Ayala R\u00edos \u2013suplente, por cierto, del senador H\u00e9ctor Yunes Landa\u2013, respectivamente; as\u00ed como de las llamadas organizaciones adherentes.<br \/>\nAnte ese nutrido grupo, que incluy\u00f3 al 32 por ciento de los alcaldes veracruzanos (llegaron del PRI, Verde y AVE), Juan Nicol\u00e1s Callejas dese\u00f3 \u00e9xito a Yunes Landa.<br \/>\nPreviamente, el senador dijo que el objetivo del priismo era conservar el poder ejecutivo de Veracruz; subray\u00f3 tambi\u00e9n que la puerta est\u00e1 abierta y su mano, extendida; que \u201cno hay espacio para rencores, para odios odios; menos para cuentas pendientes\u2026\u201d<br \/>\nSe trat\u00f3 de un discurso m\u00e1s bien mesurado, en cuya parte medular, Yunes Landa lanz\u00f3 una cr\u00edtica, sin dar nombres, a la oposici\u00f3n: \u201cestar atentos a esos falsos profetas del odio y del rencor\u2026\u201d<br \/>\nAl concluir el evento, el senador fue cuestionado por algunos reporteros; dijo que esa reuni\u00f3n, que celebraba el octavo aniversario del rancho del dirigente de la CNC, no era un \u201cdestape\u201d, sino s\u00f3lo \u201cmuestras de afecto\u201d.<br \/>\nA prop\u00f3sito, a la reuni\u00f3n de Molina Palacios no acudieron ni el senador Jos\u00e9 Francisco Yunes, ni el dirigente estatal del partido, Alberto Silva Ramos; tampoco otros aspirantes a la candidatura al gobierno del estado, como Tom\u00e1s Ruiz Gonz\u00e1lez o Flavino R\u00edos.<\/p>\n<p><strong>1.4 MDD para Xalapa: el Santuario como soluci\u00f3n<\/strong><br \/>\nUno de los anuncios m\u00e1s importantes para la Capital ha sido el que acaba de hacer la autoridad municipal en el sentido de que recibir\u00e1 1.4 millones de d\u00f3lares por parte del Fondo Mundial para el Medio Ambiente.<br \/>\nEsos recursos se utilizar\u00e1n para la construcci\u00f3n del colector Fernando Guti\u00e9rrez Barrios, en la zona de San Bruno; para la realizaci\u00f3n de parques lineales; y para reestructurar y construir un parque en el Santuario de las Garzas.<br \/>\nEse dinero se usar\u00e1 tambi\u00e9n para reforestar la zona riparia del arroyo el Palenquillo y el Cerro del Estropajo, en la zona conurbada con San Andr\u00e9s Tlalnelhuayocan.<br \/>\nCon estas acciones, el gobierno de Am\u00e9rico Z\u00fa\u00f1iga Mart\u00ednez buscar\u00e1 reducir el volumen de agua que recibe el Colector Pluvial Fernando Guti\u00e9rrez Barrios, gracias a la creaci\u00f3n de humedales y a las acciones de reforestaci\u00f3n, que ayudar\u00e1n a filtrar la lluvia.<br \/>\nEste recurso ya est\u00e1 aprobado por el Fondo Mundial para el Medio Ambiente y ser\u00e1 administrado por el Fondo Mexicano para la Conservaci\u00f3n de la Naturaleza, por lo que las acciones se ejecutar\u00e1n a lo largo de este a\u00f1o y del siguiente.<br \/>\nEste proyecto es parte de un trabajo trinacional de Construcci\u00f3n de Resiliencia Clim\u00e1tica en Ambientes Urbanos con Adaptaci\u00f3n Basada en Ecosistemas, que trabajaron en conjunto, tres ciudades de igual n\u00famero de naciones: Xalapa, por parte de M\u00e9xico, Kingston por Jamaica y San Salvador por El Salvador.<br \/>\nDe esta magnitud internacional son los alcances que el trabajo municipal est\u00e1 gestionando para cambiar la realidad de la Capital y hacerla m\u00e1s atractiva, competitiva y funcional.<br \/>\nEl Santuario de las Garzas dejar\u00e1 de ser un lugar de oscuras historias para inscribirse como una soluci\u00f3n para el ecosistema de la ciudad.<br \/>\nEl Fondo Mundial para el Medio Ambiente (FMAM) es parte del Banco Interamericano de Desarrollo, con el que ya ha trabajado el ayuntamiento de Xalapa en otros proyectos de desarrollo. Fue establecido hace 25 a\u00f1os con la finalidad de conceder donaciones y financiamiento en condiciones favorables para proyectos ambientales.<br \/>\nDicho Fondo re\u00fane a 182 gobiernos que colaboran con instituciones internacionales, organizaciones no gubernamentales y sector privado.<br \/>\nEl FMAM es el m\u00e1s importante en su g\u00e9nero en el \u00e1mbito internacional. Ha financiado 3 mil 690 proyectos en 165 pa\u00edses en v\u00edas de desarrollo, con recursos que superan los 12 mil 500 millones de d\u00f3lares; generalmente, se enfoca a proyectos relacionados con la biodiversidad, el cambio clim\u00e1tico, aguas internacionales, degradaci\u00f3n de tierras, manejo sostenido de bosques, capa de ozono y contaminantes org\u00e1nicos persistentes. @luisromero85<\/p>\n","protected":false},"excerpt":{"rendered":"<p>Luis Alberto Romero Hora Cero Este domingo, en el rancho \u201cRosa del Alba\u201d, propiedad del dirigente de la Confederaci\u00f3n Nacional Campesina en la entidad, Juan Carlos Molina Palacios, se reunieron representes de las organizaciones de dicho sector con el senador H\u00e9ctor Yunes Landa, a quien ya ubican como la carta m\u00e1s fuerte del PRI para [&hellip;]<\/p>\n","protected":false},"author":2,"featured_media":0,"comment_status":"open","ping_status":"open","sticky":false,"template":"","format":"standard","meta":{"tdm_status":"","tdm_grid_status":"","footnotes":""},"categories":[70],"tags":[3118,348,3256,1762,1420,4486],"class_list":{"0":"post-20220","1":"post","2":"type-post","3":"status-publish","4":"format-standard","6":"category-de-opinion","7":"tag-cnc","8":"tag-hector-yunes-landa","9":"tag-juan-carlos-molina-palacios","10":"tag-juan-nicolas-callejas","11":"tag-medellin-de-bravo","12":"tag-rosa-del-alba"},"yoast_head":"<!-- This site is optimized with the Yoast SEO plugin v27.4 - https:\/\/yoast.com\/product\/yoast-seo-wordpress\/ -->\n<title>H\u00e9ctor Yunes, el predestape en Medell\u00edn - Los pol\u00edticos Veracruz<\/title>\n<meta name=\"robots\" content=\"index, follow, max-snippet:-1, max-image-preview:large, max-video-preview:-1\" \/>\n<link rel=\"canonical\" href=\"https:\/\/lospoliticosveracruz.com\/?p=20220\" \/>\n<meta property=\"og:locale\" content=\"es_ES\" \/>\n<meta property=\"og:type\" content=\"article\" \/>\n<meta property=\"og:title\" content=\"H\u00e9ctor Yunes, el predestape en Medell\u00edn - Los pol\u00edticos Veracruz\" \/>\n<meta property=\"og:description\" content=\"Luis Alberto Romero Hora Cero Este domingo, en el rancho \u201cRosa del Alba\u201d, propiedad del dirigente de la Confederaci\u00f3n Nacional Campesina en la entidad, Juan Carlos Molina Palacios, se reunieron representes de las organizaciones de dicho sector con el senador H\u00e9ctor Yunes Landa, a quien ya ubican como la carta m\u00e1s fuerte del PRI para [&hellip;]\" \/>\n<meta property=\"og:url\" content=\"https:\/\/lospoliticosveracruz.com\/?p=20220\" \/>\n<meta property=\"og:site_name\" content=\"Los pol\u00edticos Veracruz\" \/>\n<meta property=\"article:publisher\" content=\"https:\/\/www.facebook.com\/people\/Notimemes-de-los-Polticos\/61565672886568\/\" \/>\n<meta property=\"article:published_time\" content=\"2016-01-11T02:56:11+00:00\" \/>\n<meta property=\"og:image\" content=\"https:\/\/lospoliticosveracruz.com\/wp-content\/uploads\/2016\/07\/Logo-Dor.jpg\" \/>\n\t<meta property=\"og:image:width\" content=\"200\" \/>\n\t<meta property=\"og:image:height\" content=\"200\" \/>\n\t<meta property=\"og:image:type\" content=\"image\/jpeg\" \/>\n<meta name=\"author\" content=\"Lo viste en Los Pol\u00edticos\" \/>\n<meta name=\"twitter:card\" content=\"summary_large_image\" \/>\n<meta name=\"twitter:creator\" content=\"@LosPoliticosVer\" \/>\n<meta name=\"twitter:site\" content=\"@LosPoliticosVer\" \/>\n<meta name=\"twitter:label1\" content=\"Escrito por\" \/>\n\t<meta name=\"twitter:data1\" content=\"Lo viste en Los Pol\u00edticos\" \/>\n\t<meta name=\"twitter:label2\" content=\"Tiempo de lectura\" \/>\n\t<meta name=\"twitter:data2\" content=\"5 minutos\" \/>\n<script type=\"application\/ld+json\" class=\"yoast-schema-graph\">{\"@context\":\"https:\\\/\\\/schema.org\",\"@graph\":[{\"@type\":\"Article\",\"@id\":\"https:\\\/\\\/lospoliticosveracruz.com\\\/?p=20220#article\",\"isPartOf\":{\"@id\":\"https:\\\/\\\/lospoliticosveracruz.com\\\/?p=20220\"},\"author\":{\"name\":\"Lo viste en Los Pol\u00edticos\",\"@id\":\"https:\\\/\\\/lospoliticosveracruz.com\\\/#\\\/schema\\\/person\\\/b8702bb0e538456e6efd07080bf2a4a2\"},\"headline\":\"H\u00e9ctor Yunes, el predestape en Medell\u00edn\",\"datePublished\":\"2016-01-11T02:56:11+00:00\",\"mainEntityOfPage\":{\"@id\":\"https:\\\/\\\/lospoliticosveracruz.com\\\/?p=20220\"},\"wordCount\":937,\"commentCount\":0,\"publisher\":{\"@id\":\"https:\\\/\\\/lospoliticosveracruz.com\\\/#organization\"},\"keywords\":[\"CNC\",\"H\u00e9ctor Yunes Landa\",\"Juan Carlos Molina Palacios\",\"Juan Nicol\u00e1s Callejas\",\"Medell\u00edn de Bravo\",\"Rosa del Alba\"],\"articleSection\":[\"De Opini\u00f3n\"],\"inLanguage\":\"es\",\"potentialAction\":[{\"@type\":\"CommentAction\",\"name\":\"Comment\",\"target\":[\"https:\\\/\\\/lospoliticosveracruz.com\\\/?p=20220#respond\"]}]},{\"@type\":\"WebPage\",\"@id\":\"https:\\\/\\\/lospoliticosveracruz.com\\\/?p=20220\",\"url\":\"https:\\\/\\\/lospoliticosveracruz.com\\\/?p=20220\",\"name\":\"H\u00e9ctor Yunes, el predestape en Medell\u00edn - Los pol\u00edticos Veracruz\",\"isPartOf\":{\"@id\":\"https:\\\/\\\/lospoliticosveracruz.com\\\/#website\"},\"datePublished\":\"2016-01-11T02:56:11+00:00\",\"breadcrumb\":{\"@id\":\"https:\\\/\\\/lospoliticosveracruz.com\\\/?p=20220#breadcrumb\"},\"inLanguage\":\"es\",\"potentialAction\":[{\"@type\":\"ReadAction\",\"target\":[\"https:\\\/\\\/lospoliticosveracruz.com\\\/?p=20220\"]}]},{\"@type\":\"BreadcrumbList\",\"@id\":\"https:\\\/\\\/lospoliticosveracruz.com\\\/?p=20220#breadcrumb\",\"itemListElement\":[{\"@type\":\"ListItem\",\"position\":1,\"name\":\"Portada\",\"item\":\"https:\\\/\\\/lospoliticosveracruz.com\\\/\"},{\"@type\":\"ListItem\",\"position\":2,\"name\":\"H\u00e9ctor Yunes, el predestape en Medell\u00edn\"}]},{\"@type\":\"WebSite\",\"@id\":\"https:\\\/\\\/lospoliticosveracruz.com\\\/#website\",\"url\":\"https:\\\/\\\/lospoliticosveracruz.com\\\/\",\"name\":\"Los pol\u00edticos Veracruz\",\"description\":\"\",\"publisher\":{\"@id\":\"https:\\\/\\\/lospoliticosveracruz.com\\\/#organization\"},\"potentialAction\":[{\"@type\":\"SearchAction\",\"target\":{\"@type\":\"EntryPoint\",\"urlTemplate\":\"https:\\\/\\\/lospoliticosveracruz.com\\\/?s={search_term_string}\"},\"query-input\":{\"@type\":\"PropertyValueSpecification\",\"valueRequired\":true,\"valueName\":\"search_term_string\"}}],\"inLanguage\":\"es\"},{\"@type\":\"Organization\",\"@id\":\"https:\\\/\\\/lospoliticosveracruz.com\\\/#organization\",\"name\":\"Los pol\u00edticos Veracruz\",\"url\":\"https:\\\/\\\/lospoliticosveracruz.com\\\/\",\"logo\":{\"@type\":\"ImageObject\",\"inLanguage\":\"es\",\"@id\":\"https:\\\/\\\/lospoliticosveracruz.com\\\/#\\\/schema\\\/logo\\\/image\\\/\",\"url\":\"https:\\\/\\\/lospoliticosveracruz.com\\\/wp-content\\\/uploads\\\/2025\\\/12\\\/Logo-Nuevo-LOS-POLITICOS-1.jpg\",\"contentUrl\":\"https:\\\/\\\/lospoliticosveracruz.com\\\/wp-content\\\/uploads\\\/2025\\\/12\\\/Logo-Nuevo-LOS-POLITICOS-1.jpg\",\"width\":260,\"height\":70,\"caption\":\"Los pol\u00edticos Veracruz\"},\"image\":{\"@id\":\"https:\\\/\\\/lospoliticosveracruz.com\\\/#\\\/schema\\\/logo\\\/image\\\/\"},\"sameAs\":[\"https:\\\/\\\/www.facebook.com\\\/people\\\/Notimemes-de-los-Polticos\\\/61565672886568\\\/\",\"https:\\\/\\\/x.com\\\/LosPoliticosVer\"]},{\"@type\":\"Person\",\"@id\":\"https:\\\/\\\/lospoliticosveracruz.com\\\/#\\\/schema\\\/person\\\/b8702bb0e538456e6efd07080bf2a4a2\",\"name\":\"Lo viste en Los Pol\u00edticos\",\"image\":{\"@type\":\"ImageObject\",\"inLanguage\":\"es\",\"@id\":\"https:\\\/\\\/secure.gravatar.com\\\/avatar\\\/3a8de04a2656d44082be478bd6c086daa447c4651605818287b9532d3d0bd435?s=96&d=mm&r=g\",\"url\":\"https:\\\/\\\/secure.gravatar.com\\\/avatar\\\/3a8de04a2656d44082be478bd6c086daa447c4651605818287b9532d3d0bd435?s=96&d=mm&r=g\",\"contentUrl\":\"https:\\\/\\\/secure.gravatar.com\\\/avatar\\\/3a8de04a2656d44082be478bd6c086daa447c4651605818287b9532d3d0bd435?s=96&d=mm&r=g\",\"caption\":\"Lo viste en Los Pol\u00edticos\"},\"url\":\"https:\\\/\\\/lospoliticosveracruz.com\\\/?author=2\"}]}<\/script>\n<!-- \/ Yoast SEO plugin. -->","yoast_head_json":{"title":"H\u00e9ctor Yunes, el predestape en Medell\u00edn - Los pol\u00edticos Veracruz","robots":{"index":"index","follow":"follow","max-snippet":"max-snippet:-1","max-image-preview":"max-image-preview:large","max-video-preview":"max-video-preview:-1"},"canonical":"https:\/\/lospoliticosveracruz.com\/?p=20220","og_locale":"es_ES","og_type":"article","og_title":"H\u00e9ctor Yunes, el predestape en Medell\u00edn - Los pol\u00edticos Veracruz","og_description":"Luis Alberto Romero Hora Cero Este domingo, en el rancho \u201cRosa del Alba\u201d, propiedad del dirigente de la Confederaci\u00f3n Nacional Campesina en la entidad, Juan Carlos Molina Palacios, se reunieron representes de las organizaciones de dicho sector con el senador H\u00e9ctor Yunes Landa, a quien ya ubican como la carta m\u00e1s fuerte del PRI para [&hellip;]","og_url":"https:\/\/lospoliticosveracruz.com\/?p=20220","og_site_name":"Los pol\u00edticos Veracruz","article_publisher":"https:\/\/www.facebook.com\/people\/Notimemes-de-los-Polticos\/61565672886568\/","article_published_time":"2016-01-11T02:56:11+00:00","og_image":[{"width":200,"height":200,"url":"https:\/\/lospoliticosveracruz.com\/wp-content\/uploads\/2016\/07\/Logo-Dor.jpg","type":"image\/jpeg"}],"author":"Lo viste en Los Pol\u00edticos","twitter_card":"summary_large_image","twitter_creator":"@LosPoliticosVer","twitter_site":"@LosPoliticosVer","twitter_misc":{"Escrito por":"Lo viste en Los Pol\u00edticos","Tiempo de lectura":"5 minutos"},"schema":{"@context":"https:\/\/schema.org","@graph":[{"@type":"Article","@id":"https:\/\/lospoliticosveracruz.com\/?p=20220#article","isPartOf":{"@id":"https:\/\/lospoliticosveracruz.com\/?p=20220"},"author":{"name":"Lo viste en Los Pol\u00edticos","@id":"https:\/\/lospoliticosveracruz.com\/#\/schema\/person\/b8702bb0e538456e6efd07080bf2a4a2"},"headline":"H\u00e9ctor Yunes, el predestape en Medell\u00edn","datePublished":"2016-01-11T02:56:11+00:00","mainEntityOfPage":{"@id":"https:\/\/lospoliticosveracruz.com\/?p=20220"},"wordCount":937,"commentCount":0,"publisher":{"@id":"https:\/\/lospoliticosveracruz.com\/#organization"},"keywords":["CNC","H\u00e9ctor Yunes Landa","Juan Carlos Molina Palacios","Juan Nicol\u00e1s Callejas","Medell\u00edn de Bravo","Rosa del Alba"],"articleSection":["De Opini\u00f3n"],"inLanguage":"es","potentialAction":[{"@type":"CommentAction","name":"Comment","target":["https:\/\/lospoliticosveracruz.com\/?p=20220#respond"]}]},{"@type":"WebPage","@id":"https:\/\/lospoliticosveracruz.com\/?p=20220","url":"https:\/\/lospoliticosveracruz.com\/?p=20220","name":"H\u00e9ctor Yunes, el predestape en Medell\u00edn - Los pol\u00edticos Veracruz","isPartOf":{"@id":"https:\/\/lospoliticosveracruz.com\/#website"},"datePublished":"2016-01-11T02:56:11+00:00","breadcrumb":{"@id":"https:\/\/lospoliticosveracruz.com\/?p=20220#breadcrumb"},"inLanguage":"es","potentialAction":[{"@type":"ReadAction","target":["https:\/\/lospoliticosveracruz.com\/?p=20220"]}]},{"@type":"BreadcrumbList","@id":"https:\/\/lospoliticosveracruz.com\/?p=20220#breadcrumb","itemListElement":[{"@type":"ListItem","position":1,"name":"Portada","item":"https:\/\/lospoliticosveracruz.com\/"},{"@type":"ListItem","position":2,"name":"H\u00e9ctor Yunes, el predestape en Medell\u00edn"}]},{"@type":"WebSite","@id":"https:\/\/lospoliticosveracruz.com\/#website","url":"https:\/\/lospoliticosveracruz.com\/","name":"Los pol\u00edticos Veracruz","description":"","publisher":{"@id":"https:\/\/lospoliticosveracruz.com\/#organization"},"potentialAction":[{"@type":"SearchAction","target":{"@type":"EntryPoint","urlTemplate":"https:\/\/lospoliticosveracruz.com\/?s={search_term_string}"},"query-input":{"@type":"PropertyValueSpecification","valueRequired":true,"valueName":"search_term_string"}}],"inLanguage":"es"},{"@type":"Organization","@id":"https:\/\/lospoliticosveracruz.com\/#organization","name":"Los pol\u00edticos Veracruz","url":"https:\/\/lospoliticosveracruz.com\/","logo":{"@type":"ImageObject","inLanguage":"es","@id":"https:\/\/lospoliticosveracruz.com\/#\/schema\/logo\/image\/","url":"https:\/\/lospoliticosveracruz.com\/wp-content\/uploads\/2025\/12\/Logo-Nuevo-LOS-POLITICOS-1.jpg","contentUrl":"https:\/\/lospoliticosveracruz.com\/wp-content\/uploads\/2025\/12\/Logo-Nuevo-LOS-POLITICOS-1.jpg","width":260,"height":70,"caption":"Los pol\u00edticos Veracruz"},"image":{"@id":"https:\/\/lospoliticosveracruz.com\/#\/schema\/logo\/image\/"},"sameAs":["https:\/\/www.facebook.com\/people\/Notimemes-de-los-Polticos\/61565672886568\/","https:\/\/x.com\/LosPoliticosVer"]},{"@type":"Person","@id":"https:\/\/lospoliticosveracruz.com\/#\/schema\/person\/b8702bb0e538456e6efd07080bf2a4a2","name":"Lo viste en Los Pol\u00edticos","image":{"@type":"ImageObject","inLanguage":"es","@id":"https:\/\/secure.gravatar.com\/avatar\/3a8de04a2656d44082be478bd6c086daa447c4651605818287b9532d3d0bd435?s=96&d=mm&r=g","url":"https:\/\/secure.gravatar.com\/avatar\/3a8de04a2656d44082be478bd6c086daa447c4651605818287b9532d3d0bd435?s=96&d=mm&r=g","contentUrl":"https:\/\/secure.gravatar.com\/avatar\/3a8de04a2656d44082be478bd6c086daa447c4651605818287b9532d3d0bd435?s=96&d=mm&r=g","caption":"Lo viste en Los Pol\u00edticos"},"url":"https:\/\/lospoliticosveracruz.com\/?author=2"}]}},"_links":{"self":[{"href":"https:\/\/lospoliticosveracruz.com\/index.php?rest_route=\/wp\/v2\/posts\/20220","targetHints":{"allow":["GET"]}}],"collection":[{"href":"https:\/\/lospoliticosveracruz.com\/index.php?rest_route=\/wp\/v2\/posts"}],"about":[{"href":"https:\/\/lospoliticosveracruz.com\/index.php?rest_route=\/wp\/v2\/types\/post"}],"author":[{"embeddable":true,"href":"https:\/\/lospoliticosveracruz.com\/index.php?rest_route=\/wp\/v2\/users\/2"}],"replies":[{"embeddable":true,"href":"https:\/\/lospoliticosveracruz.com\/index.php?rest_route=%2Fwp%2Fv2%2Fcomments&post=20220"}],"version-history":[{"count":1,"href":"https:\/\/lospoliticosveracruz.com\/index.php?rest_route=\/wp\/v2\/posts\/20220\/revisions"}],"predecessor-version":[{"id":20222,"href":"https:\/\/lospoliticosveracruz.com\/index.php?rest_route=\/wp\/v2\/posts\/20220\/revisions\/20222"}],"wp:attachment":[{"href":"https:\/\/lospoliticosveracruz.com\/index.php?rest_route=%2Fwp%2Fv2%2Fmedia&parent=20220"}],"wp:term":[{"taxonomy":"category","embeddable":true,"href":"https:\/\/lospoliticosveracruz.com\/index.php?rest_route=%2Fwp%2Fv2%2Fcategories&post=20220"},{"taxonomy":"post_tag","embeddable":true,"href":"https:\/\/lospoliticosveracruz.com\/index.php?rest_route=%2Fwp%2Fv2%2Ftags&post=20220"}],"curies":[{"name":"wp","href":"https:\/\/api.w.org\/{rel}","templated":true}]}}