{"id":2026,"date":"2014-09-27T02:59:00","date_gmt":"2014-09-27T02:59:00","guid":{"rendered":"http:\/\/www.lospoliticosveracruz.com.mx\/?p=2026"},"modified":"2014-10-11T01:38:44","modified_gmt":"2014-10-11T01:38:44","slug":"la-esposa-y-la-amante-de-gonzalez-levet","status":"publish","type":"post","link":"https:\/\/lospoliticosveracruz.com\/?p=2026","title":{"rendered":"La esposa y la amante de Gonz\u00e1lez Levet"},"content":{"rendered":"<div style=\"clear: both; text-align: center;\"><a href=\"http:\/\/www.lospoliticosveracruz.com.mx\/wp-content\/uploads\/2014\/09\/IMG_6485.jpg\" style=\"margin-left: 1em; margin-right: 1em;\"><img loading=\"lazy\" decoding=\"async\" border=\"0\" src=\"http:\/\/www.lospoliticosveracruz.com.mx\/wp-content\/uploads\/2014\/09\/IMG_6485.jpg\" height=\"320\" width=\"239\" \/><\/a><\/div>\n<div><b><br \/><\/b><\/div>\n<p><b>Cecilia Mu\u00f1oz<\/b><\/p>\n<p>Llego rozando el tiempo. La cita es las 13:30 horas y faltan pocos minutos para que el reloj llegue al punto esperado. Estoy en el auditorio Fernando Finck Baturoni del Colegio de Notarios, el cual se encuentra rebosante de asistentes, todos expectantes. Es Sergio Gonz\u00e1lez Levet, columnista de alta cepa, el que nos re\u00fane. Es <i>Pueblo Viejo<\/i>, su sexto libro \u2014aunque el primero de naturaleza literario\u2014, el que nos convoca.<a name='more'><\/a><br \/>Finalmente, Sergio entra al auditorio. Todos, a la vez, nos acomodamos mejor y algunos vuelven la voz un susurro. Esperamos el inicio de la presentaci\u00f3n, ansiosos por intuir a <i>Pueblo Viejo<\/i> antes de conocerlo. Pero Armando Ortiz, el ameno moderador, desaira tal intenci\u00f3n de inmediato, aunque esto no resulta decepcionante. El sustituto del anhelado discurso de apertura resulta ser un video de presentaci\u00f3n que se muestra atr\u00e1s del autor y los presentadores del libro, un par de cabezas arriba. Escuchamos fragmentos, algunos r\u00eden, y admiramos las ilustraciones que acompa\u00f1an el libro. M\u00e1s tarde nos enterar\u00edamos que la responsable de \u00e9stas es la propia hija de Sergio, Mariana.<br \/>Armando Ortiz abre el di\u00e1logo celebrando un a\u00f1o de la labor editorial de la Universidad Popular Aut\u00f3noma de Veracruz (UPAV) y recordando que <i>Pueblo Viejo<\/i> de hecho inaugura una nueva colecci\u00f3n de esta casa de estudios, <i>Tierra F\u00e9rtil Narrativa<\/i>. Despu\u00e9s, tras una emotiva remembranza, le cede la palabra a la doctora Guadalupe Flores Grajales, acad\u00e9mica de la Facultad de Letras de la Universidad Veracruzana y actual directora de \u00e9sta.<br \/>Flores Grajales lee \u201cPalabras m\u00e1gicas de un Pueblo Viejo\u201d, texto en el cual rescata la frescura rural de la que <i>Pueblo Viejo<\/i> hace gala. Presume, asimismo, que el libro en cuesti\u00f3n aboga por una narrativa \u00e1gil y fluida, proponiendo como protagonista a la misma comunidad, de tal suerte que la lectura se vuelve \u00edntima y capaz de llamar a la identificaci\u00f3n del lector.<br \/>Posteriormente, Armando Ortiz toma moment\u00e1neamente la palabra. Aprovecha para saludar a varios distinguidos presentes: la diputada Octavia Ortega Arteaga, quien preside la Comisi\u00f3n de Educaci\u00f3n y Cultura; as\u00ed como destacados periodistas y amigos del autor: Arturo Reyes Isidoro, Manuel Rosete, Quirino Moreno, Pepe Valencia, Cecilio Garc\u00eda y Raymundo Jim\u00e9nez; incluso saluda al alcalde de San Andr\u00e9s Tuxtla, Manuel Rosendo Pelayo.<br \/>Hace, sin embargo, una curiosa distinci\u00f3n a modo de broma, entre el oficio period\u00edstico y el del escritor, como si recordara aquella mortal sentencia de Rosario Castellanos: \u201cY un periodista, se me olvidaba, no es un escritor en potencia, sino alguien que ha renunciado a ser escritor, que ha perdido el respeto al lenguaje, que no lo trata como objeto sagrado\u201d. Pero la ferocidad de Castellanos no puede aplicarse a Gonz\u00e1lez Levet, un hombre que sabe manejar las letras con fluidez y armon\u00eda, m\u00e1s all\u00e1 de los g\u00e9neros; un hombre que revel\u00f3 que \u00abpara m\u00ed el periodismo y la literatura son como mi esposa y mi amante, pero nunca he sabido cu\u00e1l es cu\u00e1l\u00bb; un hombre que incluso tuvo a bien traslucir honestidad al asegurar haber escrito Pueblo Viejo entre carcajadas.<br \/>Y como para dar cuenta de lo anterior, Efr\u00e9n Ortiz, profesor de la Facultad de Letras e investigador el Instituto de Investigaciones Ling\u00fc\u00edstico Literarias de la UV, inicia su presentaci\u00f3n con la siguiente frase: \u201cHe le\u00eddo, te lo confieso, fragmentos de tu libro a mis amigos y se han muerto de risa\u00bb. Porque <i>Pueblo Viejo<\/i>, m\u00e1s all\u00e1 del an\u00e1lisis semi\u00f3tico que el profesor realiz\u00f3, o de las agudas observaciones de Guadalupe Flores Grajales, es un libro para re\u00edr, como lo demostr\u00f3 el mismo autor al leer fragmentos del mismo. Mientras lo hac\u00eda, el p\u00fablico escuchaba atento y romp\u00eda en una sonora carcajada al final de cada retazo. En <i>Pueblo Viejo<\/i>, un pueblo que podr\u00eda ser cualquiera \u2014en solo una ocasi\u00f3n se menciona \u201cMisantla\u201d como ubicaci\u00f3n geogr\u00e1fica\u2014, en pos de la universalidad, no se salva nadie. Desde la madre que ingenua manda a su hijo a comprar huevos, sin fijarse en el posible albur en el que su v\u00e1stago puede incurrir, hasta el funcionario municipal. El chisme es el alimento de sus p\u00e1ginas que presumen aroma a cotidianidad. Empero, no hay juicio que valga cuando se trata de literatura, excepto el propio. As\u00ed que si anhela volver o visitar las calles del pueblo, escuchar a su gente y re\u00edr, re\u00edr mucho, o simplemente tiene curiosidad, la UPAV y Sergio Gonz\u00e1lez Levet le ofrecen <i>Pueblo Viejo<\/i>. Creo no equivocarme si aseguro que no se arrepentir\u00e1.<\/p>\n<div style=\"line-height: 0.2cm; margin-bottom: 0cm;\">  <\/div>\n<div><a href=\"http:\/\/www.lospoliticosveracruz.com.mx\/wp-content\/uploads\/2014\/09\/FullSizeRender.jpg\" style=\"margin-left: 1em; margin-right: 1em; text-align: center;\"><img loading=\"lazy\" decoding=\"async\" border=\"0\" src=\"http:\/\/www.lospoliticosveracruz.com.mx\/wp-content\/uploads\/2014\/09\/FullSizeRender.jpg\" height=\"246\" width=\"320\" \/><\/a><\/div>\n","protected":false},"excerpt":{"rendered":"<p>Cecilia Mu\u00f1oz Llego rozando el tiempo. La cita es las 13:30 horas y faltan pocos minutos para que el reloj llegue al punto esperado. Estoy en el auditorio Fernando Finck Baturoni del Colegio de Notarios, el cual se encuentra rebosante de asistentes, todos expectantes. Es Sergio Gonz\u00e1lez Levet, columnista de alta cepa, el que nos [&hellip;]<\/p>\n","protected":false},"author":1,"featured_media":0,"comment_status":"open","ping_status":"open","sticky":false,"template":"","format":"standard","meta":{"tdm_status":"","tdm_grid_status":"","footnotes":""},"categories":[75,1],"tags":[202,185],"class_list":{"0":"post-2026","1":"post","2":"type-post","3":"status-publish","4":"format-standard","6":"category-cine-libros-y-mas","7":"category-sin-categoria","8":"tag-gonzalez-levet","9":"tag-pueblo-viejo"},"yoast_head":"<!-- This site is optimized with the Yoast SEO plugin v27.4 - https:\/\/yoast.com\/product\/yoast-seo-wordpress\/ -->\n<title>La esposa y la amante de Gonz\u00e1lez Levet - Los pol\u00edticos Veracruz<\/title>\n<meta name=\"robots\" content=\"index, follow, max-snippet:-1, max-image-preview:large, max-video-preview:-1\" \/>\n<link rel=\"canonical\" href=\"https:\/\/lospoliticosveracruz.com\/?p=2026\" \/>\n<meta property=\"og:locale\" content=\"es_ES\" \/>\n<meta property=\"og:type\" content=\"article\" \/>\n<meta property=\"og:title\" content=\"La esposa y la amante de Gonz\u00e1lez Levet - Los pol\u00edticos Veracruz\" \/>\n<meta property=\"og:description\" content=\"Cecilia Mu\u00f1oz Llego rozando el tiempo. La cita es las 13:30 horas y faltan pocos minutos para que el reloj llegue al punto esperado. Estoy en el auditorio Fernando Finck Baturoni del Colegio de Notarios, el cual se encuentra rebosante de asistentes, todos expectantes. Es Sergio Gonz\u00e1lez Levet, columnista de alta cepa, el que nos [&hellip;]\" \/>\n<meta property=\"og:url\" content=\"https:\/\/lospoliticosveracruz.com\/?p=2026\" \/>\n<meta property=\"og:site_name\" content=\"Los pol\u00edticos Veracruz\" \/>\n<meta property=\"article:publisher\" content=\"https:\/\/www.facebook.com\/people\/Notimemes-de-los-Polticos\/61565672886568\/\" \/>\n<meta property=\"article:published_time\" content=\"2014-09-27T02:59:00+00:00\" \/>\n<meta property=\"article:modified_time\" content=\"2014-10-11T01:38:44+00:00\" \/>\n<meta property=\"og:image\" content=\"http:\/\/www.lospoliticosveracruz.com.mx\/wp-content\/uploads\/2014\/09\/IMG_6485.jpg\" \/>\n<meta name=\"author\" content=\"lospoladmin\" \/>\n<meta name=\"twitter:card\" content=\"summary_large_image\" \/>\n<meta name=\"twitter:creator\" content=\"@LosPoliticosVer\" \/>\n<meta name=\"twitter:site\" content=\"@LosPoliticosVer\" \/>\n<meta name=\"twitter:label1\" content=\"Escrito por\" \/>\n\t<meta name=\"twitter:data1\" content=\"lospoladmin\" \/>\n\t<meta name=\"twitter:label2\" content=\"Tiempo de lectura\" \/>\n\t<meta name=\"twitter:data2\" content=\"4 minutos\" \/>\n<script type=\"application\/ld+json\" class=\"yoast-schema-graph\">{\"@context\":\"https:\\\/\\\/schema.org\",\"@graph\":[{\"@type\":\"Article\",\"@id\":\"https:\\\/\\\/lospoliticosveracruz.com\\\/?p=2026#article\",\"isPartOf\":{\"@id\":\"https:\\\/\\\/lospoliticosveracruz.com\\\/?p=2026\"},\"author\":{\"name\":\"lospoladmin\",\"@id\":\"https:\\\/\\\/lospoliticosveracruz.com\\\/#\\\/schema\\\/person\\\/c5fee8df75ee4700bd7f8e92859bd696\"},\"headline\":\"La esposa y la amante de Gonz\u00e1lez Levet\",\"datePublished\":\"2014-09-27T02:59:00+00:00\",\"dateModified\":\"2014-10-11T01:38:44+00:00\",\"mainEntityOfPage\":{\"@id\":\"https:\\\/\\\/lospoliticosveracruz.com\\\/?p=2026\"},\"wordCount\":798,\"commentCount\":0,\"publisher\":{\"@id\":\"https:\\\/\\\/lospoliticosveracruz.com\\\/#organization\"},\"image\":{\"@id\":\"https:\\\/\\\/lospoliticosveracruz.com\\\/?p=2026#primaryimage\"},\"thumbnailUrl\":\"http:\\\/\\\/www.lospoliticosveracruz.com.mx\\\/wp-content\\\/uploads\\\/2014\\\/09\\\/IMG_6485.jpg\",\"keywords\":[\"Gonz\u00e1lez Levet\",\"Pueblo Viejo\"],\"articleSection\":[\"Cine, Libros y m\u00e1s\"],\"inLanguage\":\"es\",\"potentialAction\":[{\"@type\":\"CommentAction\",\"name\":\"Comment\",\"target\":[\"https:\\\/\\\/lospoliticosveracruz.com\\\/?p=2026#respond\"]}]},{\"@type\":\"WebPage\",\"@id\":\"https:\\\/\\\/lospoliticosveracruz.com\\\/?p=2026\",\"url\":\"https:\\\/\\\/lospoliticosveracruz.com\\\/?p=2026\",\"name\":\"La esposa y la amante de Gonz\u00e1lez Levet - Los pol\u00edticos Veracruz\",\"isPartOf\":{\"@id\":\"https:\\\/\\\/lospoliticosveracruz.com\\\/#website\"},\"primaryImageOfPage\":{\"@id\":\"https:\\\/\\\/lospoliticosveracruz.com\\\/?p=2026#primaryimage\"},\"image\":{\"@id\":\"https:\\\/\\\/lospoliticosveracruz.com\\\/?p=2026#primaryimage\"},\"thumbnailUrl\":\"http:\\\/\\\/www.lospoliticosveracruz.com.mx\\\/wp-content\\\/uploads\\\/2014\\\/09\\\/IMG_6485.jpg\",\"datePublished\":\"2014-09-27T02:59:00+00:00\",\"dateModified\":\"2014-10-11T01:38:44+00:00\",\"breadcrumb\":{\"@id\":\"https:\\\/\\\/lospoliticosveracruz.com\\\/?p=2026#breadcrumb\"},\"inLanguage\":\"es\",\"potentialAction\":[{\"@type\":\"ReadAction\",\"target\":[\"https:\\\/\\\/lospoliticosveracruz.com\\\/?p=2026\"]}]},{\"@type\":\"ImageObject\",\"inLanguage\":\"es\",\"@id\":\"https:\\\/\\\/lospoliticosveracruz.com\\\/?p=2026#primaryimage\",\"url\":\"http:\\\/\\\/www.lospoliticosveracruz.com.mx\\\/wp-content\\\/uploads\\\/2014\\\/09\\\/IMG_6485.jpg\",\"contentUrl\":\"http:\\\/\\\/www.lospoliticosveracruz.com.mx\\\/wp-content\\\/uploads\\\/2014\\\/09\\\/IMG_6485.jpg\"},{\"@type\":\"BreadcrumbList\",\"@id\":\"https:\\\/\\\/lospoliticosveracruz.com\\\/?p=2026#breadcrumb\",\"itemListElement\":[{\"@type\":\"ListItem\",\"position\":1,\"name\":\"Portada\",\"item\":\"https:\\\/\\\/lospoliticosveracruz.com\\\/\"},{\"@type\":\"ListItem\",\"position\":2,\"name\":\"La esposa y la amante de Gonz\u00e1lez Levet\"}]},{\"@type\":\"WebSite\",\"@id\":\"https:\\\/\\\/lospoliticosveracruz.com\\\/#website\",\"url\":\"https:\\\/\\\/lospoliticosveracruz.com\\\/\",\"name\":\"Los pol\u00edticos Veracruz\",\"description\":\"\",\"publisher\":{\"@id\":\"https:\\\/\\\/lospoliticosveracruz.com\\\/#organization\"},\"potentialAction\":[{\"@type\":\"SearchAction\",\"target\":{\"@type\":\"EntryPoint\",\"urlTemplate\":\"https:\\\/\\\/lospoliticosveracruz.com\\\/?s={search_term_string}\"},\"query-input\":{\"@type\":\"PropertyValueSpecification\",\"valueRequired\":true,\"valueName\":\"search_term_string\"}}],\"inLanguage\":\"es\"},{\"@type\":\"Organization\",\"@id\":\"https:\\\/\\\/lospoliticosveracruz.com\\\/#organization\",\"name\":\"Los pol\u00edticos Veracruz\",\"url\":\"https:\\\/\\\/lospoliticosveracruz.com\\\/\",\"logo\":{\"@type\":\"ImageObject\",\"inLanguage\":\"es\",\"@id\":\"https:\\\/\\\/lospoliticosveracruz.com\\\/#\\\/schema\\\/logo\\\/image\\\/\",\"url\":\"https:\\\/\\\/lospoliticosveracruz.com\\\/wp-content\\\/uploads\\\/2025\\\/12\\\/Logo-Nuevo-LOS-POLITICOS-1.jpg\",\"contentUrl\":\"https:\\\/\\\/lospoliticosveracruz.com\\\/wp-content\\\/uploads\\\/2025\\\/12\\\/Logo-Nuevo-LOS-POLITICOS-1.jpg\",\"width\":260,\"height\":70,\"caption\":\"Los pol\u00edticos Veracruz\"},\"image\":{\"@id\":\"https:\\\/\\\/lospoliticosveracruz.com\\\/#\\\/schema\\\/logo\\\/image\\\/\"},\"sameAs\":[\"https:\\\/\\\/www.facebook.com\\\/people\\\/Notimemes-de-los-Polticos\\\/61565672886568\\\/\",\"https:\\\/\\\/x.com\\\/LosPoliticosVer\"]},{\"@type\":\"Person\",\"@id\":\"https:\\\/\\\/lospoliticosveracruz.com\\\/#\\\/schema\\\/person\\\/c5fee8df75ee4700bd7f8e92859bd696\",\"name\":\"lospoladmin\",\"image\":{\"@type\":\"ImageObject\",\"inLanguage\":\"es\",\"@id\":\"https:\\\/\\\/secure.gravatar.com\\\/avatar\\\/f4a468785695515895c4d618820f242e33d3d72a0284244a0fad6d19795cb724?s=96&d=mm&r=g\",\"url\":\"https:\\\/\\\/secure.gravatar.com\\\/avatar\\\/f4a468785695515895c4d618820f242e33d3d72a0284244a0fad6d19795cb724?s=96&d=mm&r=g\",\"contentUrl\":\"https:\\\/\\\/secure.gravatar.com\\\/avatar\\\/f4a468785695515895c4d618820f242e33d3d72a0284244a0fad6d19795cb724?s=96&d=mm&r=g\",\"caption\":\"lospoladmin\"},\"url\":\"https:\\\/\\\/lospoliticosveracruz.com\\\/?author=1\"}]}<\/script>\n<!-- \/ Yoast SEO plugin. -->","yoast_head_json":{"title":"La esposa y la amante de Gonz\u00e1lez Levet - Los pol\u00edticos Veracruz","robots":{"index":"index","follow":"follow","max-snippet":"max-snippet:-1","max-image-preview":"max-image-preview:large","max-video-preview":"max-video-preview:-1"},"canonical":"https:\/\/lospoliticosveracruz.com\/?p=2026","og_locale":"es_ES","og_type":"article","og_title":"La esposa y la amante de Gonz\u00e1lez Levet - Los pol\u00edticos Veracruz","og_description":"Cecilia Mu\u00f1oz Llego rozando el tiempo. La cita es las 13:30 horas y faltan pocos minutos para que el reloj llegue al punto esperado. Estoy en el auditorio Fernando Finck Baturoni del Colegio de Notarios, el cual se encuentra rebosante de asistentes, todos expectantes. Es Sergio Gonz\u00e1lez Levet, columnista de alta cepa, el que nos [&hellip;]","og_url":"https:\/\/lospoliticosveracruz.com\/?p=2026","og_site_name":"Los pol\u00edticos Veracruz","article_publisher":"https:\/\/www.facebook.com\/people\/Notimemes-de-los-Polticos\/61565672886568\/","article_published_time":"2014-09-27T02:59:00+00:00","article_modified_time":"2014-10-11T01:38:44+00:00","og_image":[{"url":"http:\/\/www.lospoliticosveracruz.com.mx\/wp-content\/uploads\/2014\/09\/IMG_6485.jpg","type":"","width":"","height":""}],"author":"lospoladmin","twitter_card":"summary_large_image","twitter_creator":"@LosPoliticosVer","twitter_site":"@LosPoliticosVer","twitter_misc":{"Escrito por":"lospoladmin","Tiempo de lectura":"4 minutos"},"schema":{"@context":"https:\/\/schema.org","@graph":[{"@type":"Article","@id":"https:\/\/lospoliticosveracruz.com\/?p=2026#article","isPartOf":{"@id":"https:\/\/lospoliticosveracruz.com\/?p=2026"},"author":{"name":"lospoladmin","@id":"https:\/\/lospoliticosveracruz.com\/#\/schema\/person\/c5fee8df75ee4700bd7f8e92859bd696"},"headline":"La esposa y la amante de Gonz\u00e1lez Levet","datePublished":"2014-09-27T02:59:00+00:00","dateModified":"2014-10-11T01:38:44+00:00","mainEntityOfPage":{"@id":"https:\/\/lospoliticosveracruz.com\/?p=2026"},"wordCount":798,"commentCount":0,"publisher":{"@id":"https:\/\/lospoliticosveracruz.com\/#organization"},"image":{"@id":"https:\/\/lospoliticosveracruz.com\/?p=2026#primaryimage"},"thumbnailUrl":"http:\/\/www.lospoliticosveracruz.com.mx\/wp-content\/uploads\/2014\/09\/IMG_6485.jpg","keywords":["Gonz\u00e1lez Levet","Pueblo Viejo"],"articleSection":["Cine, Libros y m\u00e1s"],"inLanguage":"es","potentialAction":[{"@type":"CommentAction","name":"Comment","target":["https:\/\/lospoliticosveracruz.com\/?p=2026#respond"]}]},{"@type":"WebPage","@id":"https:\/\/lospoliticosveracruz.com\/?p=2026","url":"https:\/\/lospoliticosveracruz.com\/?p=2026","name":"La esposa y la amante de Gonz\u00e1lez Levet - Los pol\u00edticos Veracruz","isPartOf":{"@id":"https:\/\/lospoliticosveracruz.com\/#website"},"primaryImageOfPage":{"@id":"https:\/\/lospoliticosveracruz.com\/?p=2026#primaryimage"},"image":{"@id":"https:\/\/lospoliticosveracruz.com\/?p=2026#primaryimage"},"thumbnailUrl":"http:\/\/www.lospoliticosveracruz.com.mx\/wp-content\/uploads\/2014\/09\/IMG_6485.jpg","datePublished":"2014-09-27T02:59:00+00:00","dateModified":"2014-10-11T01:38:44+00:00","breadcrumb":{"@id":"https:\/\/lospoliticosveracruz.com\/?p=2026#breadcrumb"},"inLanguage":"es","potentialAction":[{"@type":"ReadAction","target":["https:\/\/lospoliticosveracruz.com\/?p=2026"]}]},{"@type":"ImageObject","inLanguage":"es","@id":"https:\/\/lospoliticosveracruz.com\/?p=2026#primaryimage","url":"http:\/\/www.lospoliticosveracruz.com.mx\/wp-content\/uploads\/2014\/09\/IMG_6485.jpg","contentUrl":"http:\/\/www.lospoliticosveracruz.com.mx\/wp-content\/uploads\/2014\/09\/IMG_6485.jpg"},{"@type":"BreadcrumbList","@id":"https:\/\/lospoliticosveracruz.com\/?p=2026#breadcrumb","itemListElement":[{"@type":"ListItem","position":1,"name":"Portada","item":"https:\/\/lospoliticosveracruz.com\/"},{"@type":"ListItem","position":2,"name":"La esposa y la amante de Gonz\u00e1lez Levet"}]},{"@type":"WebSite","@id":"https:\/\/lospoliticosveracruz.com\/#website","url":"https:\/\/lospoliticosveracruz.com\/","name":"Los pol\u00edticos Veracruz","description":"","publisher":{"@id":"https:\/\/lospoliticosveracruz.com\/#organization"},"potentialAction":[{"@type":"SearchAction","target":{"@type":"EntryPoint","urlTemplate":"https:\/\/lospoliticosveracruz.com\/?s={search_term_string}"},"query-input":{"@type":"PropertyValueSpecification","valueRequired":true,"valueName":"search_term_string"}}],"inLanguage":"es"},{"@type":"Organization","@id":"https:\/\/lospoliticosveracruz.com\/#organization","name":"Los pol\u00edticos Veracruz","url":"https:\/\/lospoliticosveracruz.com\/","logo":{"@type":"ImageObject","inLanguage":"es","@id":"https:\/\/lospoliticosveracruz.com\/#\/schema\/logo\/image\/","url":"https:\/\/lospoliticosveracruz.com\/wp-content\/uploads\/2025\/12\/Logo-Nuevo-LOS-POLITICOS-1.jpg","contentUrl":"https:\/\/lospoliticosveracruz.com\/wp-content\/uploads\/2025\/12\/Logo-Nuevo-LOS-POLITICOS-1.jpg","width":260,"height":70,"caption":"Los pol\u00edticos Veracruz"},"image":{"@id":"https:\/\/lospoliticosveracruz.com\/#\/schema\/logo\/image\/"},"sameAs":["https:\/\/www.facebook.com\/people\/Notimemes-de-los-Polticos\/61565672886568\/","https:\/\/x.com\/LosPoliticosVer"]},{"@type":"Person","@id":"https:\/\/lospoliticosveracruz.com\/#\/schema\/person\/c5fee8df75ee4700bd7f8e92859bd696","name":"lospoladmin","image":{"@type":"ImageObject","inLanguage":"es","@id":"https:\/\/secure.gravatar.com\/avatar\/f4a468785695515895c4d618820f242e33d3d72a0284244a0fad6d19795cb724?s=96&d=mm&r=g","url":"https:\/\/secure.gravatar.com\/avatar\/f4a468785695515895c4d618820f242e33d3d72a0284244a0fad6d19795cb724?s=96&d=mm&r=g","contentUrl":"https:\/\/secure.gravatar.com\/avatar\/f4a468785695515895c4d618820f242e33d3d72a0284244a0fad6d19795cb724?s=96&d=mm&r=g","caption":"lospoladmin"},"url":"https:\/\/lospoliticosveracruz.com\/?author=1"}]}},"_links":{"self":[{"href":"https:\/\/lospoliticosveracruz.com\/index.php?rest_route=\/wp\/v2\/posts\/2026","targetHints":{"allow":["GET"]}}],"collection":[{"href":"https:\/\/lospoliticosveracruz.com\/index.php?rest_route=\/wp\/v2\/posts"}],"about":[{"href":"https:\/\/lospoliticosveracruz.com\/index.php?rest_route=\/wp\/v2\/types\/post"}],"author":[{"embeddable":true,"href":"https:\/\/lospoliticosveracruz.com\/index.php?rest_route=\/wp\/v2\/users\/1"}],"replies":[{"embeddable":true,"href":"https:\/\/lospoliticosveracruz.com\/index.php?rest_route=%2Fwp%2Fv2%2Fcomments&post=2026"}],"version-history":[{"count":1,"href":"https:\/\/lospoliticosveracruz.com\/index.php?rest_route=\/wp\/v2\/posts\/2026\/revisions"}],"predecessor-version":[{"id":12540,"href":"https:\/\/lospoliticosveracruz.com\/index.php?rest_route=\/wp\/v2\/posts\/2026\/revisions\/12540"}],"wp:attachment":[{"href":"https:\/\/lospoliticosveracruz.com\/index.php?rest_route=%2Fwp%2Fv2%2Fmedia&parent=2026"}],"wp:term":[{"taxonomy":"category","embeddable":true,"href":"https:\/\/lospoliticosveracruz.com\/index.php?rest_route=%2Fwp%2Fv2%2Fcategories&post=2026"},{"taxonomy":"post_tag","embeddable":true,"href":"https:\/\/lospoliticosveracruz.com\/index.php?rest_route=%2Fwp%2Fv2%2Ftags&post=2026"}],"curies":[{"name":"wp","href":"https:\/\/api.w.org\/{rel}","templated":true}]}}