{"id":2027,"date":"2014-09-27T02:53:00","date_gmt":"2014-09-27T02:53:00","guid":{"rendered":"http:\/\/www.lospoliticosveracruz.com.mx\/?p=2027"},"modified":"2014-10-11T01:43:20","modified_gmt":"2014-10-11T01:43:20","slug":"lo-que-ya-no-comen-los-mexicanos","status":"publish","type":"post","link":"https:\/\/lospoliticosveracruz.com\/?p=2027","title":{"rendered":"Lo que ya no comen los mexicanos"},"content":{"rendered":"<div style=\"clear: both; text-align: center;\"><a href=\"http:\/\/www.lospoliticosveracruz.com.mx\/wp-content\/uploads\/2014\/09\/Carro.jpg\" style=\"margin-left: 1em; margin-right: 1em;\"><img loading=\"lazy\" decoding=\"async\" border=\"0\" src=\"http:\/\/www.lospoliticosveracruz.com.mx\/wp-content\/uploads\/2014\/09\/Carro.jpg\" height=\"320\" width=\"298\" \/><\/a><\/div>\n<div><b><br \/><\/b><\/div>\n<p><b>Brenda Caballero<\/b><br \/><i>N\u00fameros Rojos<\/i><\/p>\n<p>No s\u00e9 usted pero en casa ya no compramos la misma despensa que antes. Quisiera decir que es por salud y cambio de h\u00e1bitos, sin embargo, estar\u00eda mintiendo, el dinero ya no tiene el mismo poder adquisitivo de antes.<br \/>Recuerdo mis despensas de hace dos a\u00f1os y realmente comparando con las de hoy, tra\u00eda un carrito de lujo.<br \/>Es m\u00e1s, antes ni me fijaba mucho en el precio y hoy, hasta la calculadora de mi celular saco para ir sumando lo que llev\u00f3, no vaya a ser que al llegar a la caja no me alcance y tenga que comparar lo que me hace menos falta para dejarlo.<a name='more'><\/a><br \/>Aunque bueno, he mejorado en algo, ya no utilizo la tarjeta de cr\u00e9dito para comprar comida. A partir der la nueva reforma fiscal implementada este a\u00f1o, he decidido no dar m\u00e1s tarjetazos que con el tiempo me perjudiquen en lugar de beneficiarme.<br \/>Pero no soy la \u00fanica\u2026 ayer le\u00eda una nota del portal del peri\u00f3dico Exc\u00e9lsior el cual se titulaba: \u201cLos productos que est\u00e1 dejando de comer el mexicano\u201d.<br \/>Al ver el contenido, realmente me llev\u00e9 una gran sorpresa puesto que mencionaba cereales, pur\u00e9 de tomate, c\u00e1tsup, salsas caseras, yogurt, pan de caja, bebidas en polvo, jugos y n\u00e9ctares, refrescos y agua saborizada.<br \/>Pero \u00bfRealmente estamos dejando de consumirlos? Seg\u00fan la empresa Nielsen M\u00e9xico que realiza varios estudios de mercado, asegura tener datos que muestran la ca\u00edda de algunos productos hasta en un diez por ciento, caso concreto, las bebidas en polvo, ya que al comparar el bimestre junio y julio de 2013 con el mismo bimestre de este a\u00f1o, se obtuvo tal dato.<br \/>El siguiente producto en ca\u00edda es el yogurt y los jugos y n\u00e9ctares, ambos han bajado su demanda en un 8 por ciento.<br \/>Con respecto al agua saborizada, siete de cada cien personas dejaron de comprarla, mientras que cuatro de cada cien dejaron de comprar el pan de caja.<br \/>Con estos datos, podemos deducir que el mexicano dej\u00f3 de comprar porque estos alimentos subieron de precio y no por salud, ya que en el caso de los polvos para preparar bebida y el agua saborizada, se gravaron con el IEPS (Impuesto Especial Sobre Producci\u00f3n y Servicio).<br \/>Asimismo, nada tuvo que ver la salud ya que el yogurt y los cereales son parte de una dieta saludable, luego entonces, fue porque los cereales aumentaron tambi\u00e9n su precio casi el cinco por ciento m\u00e1s al igual que el pan de caja y el yogurt con un ocho por ciento m\u00e1s.<br \/>Algo chistoso pas\u00f3 con los refrescos que aunque tambi\u00e9n redujeron sus ventas m\u00e1s por propaganda negativa, algunos han logrado mantenerse y repuntar como el caso de la Coca-cola, pues \u00bfa poco no es una buena estrategia de mercado que tenga el nombre de cada persona? La gente dej\u00f3 de comprar porque subi\u00f3 un peso por litro, sin embargo regres\u00f3 a la tienda para buscar el envase que tuviese su nombre.<br \/>Debo confesar que me sorprendi\u00f3 la lista pues yo esperaba estuvieran las frutas, verduras, carnes, pescados, aunque realmente pens\u00e1ndolo bien, estos productos desde hace ya varios a\u00f1os el mexicano ha dejado de echarlos en su carrito.<br \/>Los que saben de econom\u00eda consideran que los productos que bajaron su demanda se estabilizar\u00e1n y que a final del pr\u00f3ximo a\u00f1o y principios de 2016 repuntar\u00e1n su venta pues son productos fuertemente arraigados a la cultura del mexicano.<br \/>Tal vez tengan raz\u00f3n, sin embargo, en mi opini\u00f3n y con mi experiencia de ama de casa, puede ser un negro panorama, pues los alimentos siguen subiendo y yo sigo ganando lo mismo desde hace varios a\u00f1os.<\/p>\n<p>Email: <a href=\"mailto:caballero_brenda@hotmail.com\">caballero_brenda@hotmail.com<\/a><\/p>\n","protected":false},"excerpt":{"rendered":"<p>Brenda CaballeroN\u00fameros Rojos No s\u00e9 usted pero en casa ya no compramos la misma despensa que antes. Quisiera decir que es por salud y cambio de h\u00e1bitos, sin embargo, estar\u00eda mintiendo, el dinero ya no tiene el mismo poder adquisitivo de antes.Recuerdo mis despensas de hace dos a\u00f1os y realmente comparando con las de hoy, [&hellip;]<\/p>\n","protected":false},"author":1,"featured_media":0,"comment_status":"open","ping_status":"open","sticky":false,"template":"","format":"standard","meta":{"tdm_status":"","tdm_grid_status":"","footnotes":""},"categories":[70],"tags":[254,256,255,253],"class_list":{"0":"post-2027","1":"post","2":"type-post","3":"status-publish","4":"format-standard","6":"category-de-opinion","7":"tag-excelsior","8":"tag-ieps","9":"tag-nielsen-mexico","10":"tag-reforma-fiscal"},"yoast_head":"<!-- This site is optimized with the Yoast SEO plugin v27.4 - https:\/\/yoast.com\/product\/yoast-seo-wordpress\/ -->\n<title>Lo que ya no comen los mexicanos - Los pol\u00edticos Veracruz<\/title>\n<meta name=\"robots\" content=\"index, follow, max-snippet:-1, max-image-preview:large, max-video-preview:-1\" \/>\n<link rel=\"canonical\" href=\"https:\/\/lospoliticosveracruz.com\/?p=2027\" \/>\n<meta property=\"og:locale\" content=\"es_ES\" \/>\n<meta property=\"og:type\" content=\"article\" \/>\n<meta property=\"og:title\" content=\"Lo que ya no comen los mexicanos - Los pol\u00edticos Veracruz\" \/>\n<meta property=\"og:description\" content=\"Brenda CaballeroN\u00fameros Rojos No s\u00e9 usted pero en casa ya no compramos la misma despensa que antes. Quisiera decir que es por salud y cambio de h\u00e1bitos, sin embargo, estar\u00eda mintiendo, el dinero ya no tiene el mismo poder adquisitivo de antes.Recuerdo mis despensas de hace dos a\u00f1os y realmente comparando con las de hoy, [&hellip;]\" \/>\n<meta property=\"og:url\" content=\"https:\/\/lospoliticosveracruz.com\/?p=2027\" \/>\n<meta property=\"og:site_name\" content=\"Los pol\u00edticos Veracruz\" \/>\n<meta property=\"article:publisher\" content=\"https:\/\/www.facebook.com\/people\/Notimemes-de-los-Polticos\/61565672886568\/\" \/>\n<meta property=\"article:published_time\" content=\"2014-09-27T02:53:00+00:00\" \/>\n<meta property=\"article:modified_time\" content=\"2014-10-11T01:43:20+00:00\" \/>\n<meta property=\"og:image\" content=\"http:\/\/www.lospoliticosveracruz.com.mx\/wp-content\/uploads\/2014\/09\/Carro.jpg\" \/>\n<meta name=\"author\" content=\"lospoladmin\" \/>\n<meta name=\"twitter:card\" content=\"summary_large_image\" \/>\n<meta name=\"twitter:creator\" content=\"@LosPoliticosVer\" \/>\n<meta name=\"twitter:site\" content=\"@LosPoliticosVer\" \/>\n<meta name=\"twitter:label1\" content=\"Escrito por\" \/>\n\t<meta name=\"twitter:data1\" content=\"lospoladmin\" \/>\n\t<meta name=\"twitter:label2\" content=\"Tiempo de lectura\" \/>\n\t<meta name=\"twitter:data2\" content=\"3 minutos\" \/>\n<script type=\"application\/ld+json\" class=\"yoast-schema-graph\">{\"@context\":\"https:\\\/\\\/schema.org\",\"@graph\":[{\"@type\":\"Article\",\"@id\":\"https:\\\/\\\/lospoliticosveracruz.com\\\/?p=2027#article\",\"isPartOf\":{\"@id\":\"https:\\\/\\\/lospoliticosveracruz.com\\\/?p=2027\"},\"author\":{\"name\":\"lospoladmin\",\"@id\":\"https:\\\/\\\/lospoliticosveracruz.com\\\/#\\\/schema\\\/person\\\/c5fee8df75ee4700bd7f8e92859bd696\"},\"headline\":\"Lo que ya no comen los mexicanos\",\"datePublished\":\"2014-09-27T02:53:00+00:00\",\"dateModified\":\"2014-10-11T01:43:20+00:00\",\"mainEntityOfPage\":{\"@id\":\"https:\\\/\\\/lospoliticosveracruz.com\\\/?p=2027\"},\"wordCount\":651,\"commentCount\":0,\"publisher\":{\"@id\":\"https:\\\/\\\/lospoliticosveracruz.com\\\/#organization\"},\"image\":{\"@id\":\"https:\\\/\\\/lospoliticosveracruz.com\\\/?p=2027#primaryimage\"},\"thumbnailUrl\":\"http:\\\/\\\/www.lospoliticosveracruz.com.mx\\\/wp-content\\\/uploads\\\/2014\\\/09\\\/Carro.jpg\",\"keywords\":[\"Exc\u00e9lsior\",\"IEPS\",\"Nielsen M\u00e9xico\",\"reforma fiscal\"],\"articleSection\":[\"De Opini\u00f3n\"],\"inLanguage\":\"es\",\"potentialAction\":[{\"@type\":\"CommentAction\",\"name\":\"Comment\",\"target\":[\"https:\\\/\\\/lospoliticosveracruz.com\\\/?p=2027#respond\"]}]},{\"@type\":\"WebPage\",\"@id\":\"https:\\\/\\\/lospoliticosveracruz.com\\\/?p=2027\",\"url\":\"https:\\\/\\\/lospoliticosveracruz.com\\\/?p=2027\",\"name\":\"Lo que ya no comen los mexicanos - Los pol\u00edticos Veracruz\",\"isPartOf\":{\"@id\":\"https:\\\/\\\/lospoliticosveracruz.com\\\/#website\"},\"primaryImageOfPage\":{\"@id\":\"https:\\\/\\\/lospoliticosveracruz.com\\\/?p=2027#primaryimage\"},\"image\":{\"@id\":\"https:\\\/\\\/lospoliticosveracruz.com\\\/?p=2027#primaryimage\"},\"thumbnailUrl\":\"http:\\\/\\\/www.lospoliticosveracruz.com.mx\\\/wp-content\\\/uploads\\\/2014\\\/09\\\/Carro.jpg\",\"datePublished\":\"2014-09-27T02:53:00+00:00\",\"dateModified\":\"2014-10-11T01:43:20+00:00\",\"breadcrumb\":{\"@id\":\"https:\\\/\\\/lospoliticosveracruz.com\\\/?p=2027#breadcrumb\"},\"inLanguage\":\"es\",\"potentialAction\":[{\"@type\":\"ReadAction\",\"target\":[\"https:\\\/\\\/lospoliticosveracruz.com\\\/?p=2027\"]}]},{\"@type\":\"ImageObject\",\"inLanguage\":\"es\",\"@id\":\"https:\\\/\\\/lospoliticosveracruz.com\\\/?p=2027#primaryimage\",\"url\":\"http:\\\/\\\/www.lospoliticosveracruz.com.mx\\\/wp-content\\\/uploads\\\/2014\\\/09\\\/Carro.jpg\",\"contentUrl\":\"http:\\\/\\\/www.lospoliticosveracruz.com.mx\\\/wp-content\\\/uploads\\\/2014\\\/09\\\/Carro.jpg\"},{\"@type\":\"BreadcrumbList\",\"@id\":\"https:\\\/\\\/lospoliticosveracruz.com\\\/?p=2027#breadcrumb\",\"itemListElement\":[{\"@type\":\"ListItem\",\"position\":1,\"name\":\"Portada\",\"item\":\"https:\\\/\\\/lospoliticosveracruz.com\\\/\"},{\"@type\":\"ListItem\",\"position\":2,\"name\":\"Lo que ya no comen los mexicanos\"}]},{\"@type\":\"WebSite\",\"@id\":\"https:\\\/\\\/lospoliticosveracruz.com\\\/#website\",\"url\":\"https:\\\/\\\/lospoliticosveracruz.com\\\/\",\"name\":\"Los pol\u00edticos Veracruz\",\"description\":\"\",\"publisher\":{\"@id\":\"https:\\\/\\\/lospoliticosveracruz.com\\\/#organization\"},\"potentialAction\":[{\"@type\":\"SearchAction\",\"target\":{\"@type\":\"EntryPoint\",\"urlTemplate\":\"https:\\\/\\\/lospoliticosveracruz.com\\\/?s={search_term_string}\"},\"query-input\":{\"@type\":\"PropertyValueSpecification\",\"valueRequired\":true,\"valueName\":\"search_term_string\"}}],\"inLanguage\":\"es\"},{\"@type\":\"Organization\",\"@id\":\"https:\\\/\\\/lospoliticosveracruz.com\\\/#organization\",\"name\":\"Los pol\u00edticos Veracruz\",\"url\":\"https:\\\/\\\/lospoliticosveracruz.com\\\/\",\"logo\":{\"@type\":\"ImageObject\",\"inLanguage\":\"es\",\"@id\":\"https:\\\/\\\/lospoliticosveracruz.com\\\/#\\\/schema\\\/logo\\\/image\\\/\",\"url\":\"https:\\\/\\\/lospoliticosveracruz.com\\\/wp-content\\\/uploads\\\/2025\\\/12\\\/Logo-Nuevo-LOS-POLITICOS-1.jpg\",\"contentUrl\":\"https:\\\/\\\/lospoliticosveracruz.com\\\/wp-content\\\/uploads\\\/2025\\\/12\\\/Logo-Nuevo-LOS-POLITICOS-1.jpg\",\"width\":260,\"height\":70,\"caption\":\"Los pol\u00edticos Veracruz\"},\"image\":{\"@id\":\"https:\\\/\\\/lospoliticosveracruz.com\\\/#\\\/schema\\\/logo\\\/image\\\/\"},\"sameAs\":[\"https:\\\/\\\/www.facebook.com\\\/people\\\/Notimemes-de-los-Polticos\\\/61565672886568\\\/\",\"https:\\\/\\\/x.com\\\/LosPoliticosVer\"]},{\"@type\":\"Person\",\"@id\":\"https:\\\/\\\/lospoliticosveracruz.com\\\/#\\\/schema\\\/person\\\/c5fee8df75ee4700bd7f8e92859bd696\",\"name\":\"lospoladmin\",\"image\":{\"@type\":\"ImageObject\",\"inLanguage\":\"es\",\"@id\":\"https:\\\/\\\/secure.gravatar.com\\\/avatar\\\/f4a468785695515895c4d618820f242e33d3d72a0284244a0fad6d19795cb724?s=96&d=mm&r=g\",\"url\":\"https:\\\/\\\/secure.gravatar.com\\\/avatar\\\/f4a468785695515895c4d618820f242e33d3d72a0284244a0fad6d19795cb724?s=96&d=mm&r=g\",\"contentUrl\":\"https:\\\/\\\/secure.gravatar.com\\\/avatar\\\/f4a468785695515895c4d618820f242e33d3d72a0284244a0fad6d19795cb724?s=96&d=mm&r=g\",\"caption\":\"lospoladmin\"},\"url\":\"https:\\\/\\\/lospoliticosveracruz.com\\\/?author=1\"}]}<\/script>\n<!-- \/ Yoast SEO plugin. -->","yoast_head_json":{"title":"Lo que ya no comen los mexicanos - Los pol\u00edticos Veracruz","robots":{"index":"index","follow":"follow","max-snippet":"max-snippet:-1","max-image-preview":"max-image-preview:large","max-video-preview":"max-video-preview:-1"},"canonical":"https:\/\/lospoliticosveracruz.com\/?p=2027","og_locale":"es_ES","og_type":"article","og_title":"Lo que ya no comen los mexicanos - Los pol\u00edticos Veracruz","og_description":"Brenda CaballeroN\u00fameros Rojos No s\u00e9 usted pero en casa ya no compramos la misma despensa que antes. Quisiera decir que es por salud y cambio de h\u00e1bitos, sin embargo, estar\u00eda mintiendo, el dinero ya no tiene el mismo poder adquisitivo de antes.Recuerdo mis despensas de hace dos a\u00f1os y realmente comparando con las de hoy, [&hellip;]","og_url":"https:\/\/lospoliticosveracruz.com\/?p=2027","og_site_name":"Los pol\u00edticos Veracruz","article_publisher":"https:\/\/www.facebook.com\/people\/Notimemes-de-los-Polticos\/61565672886568\/","article_published_time":"2014-09-27T02:53:00+00:00","article_modified_time":"2014-10-11T01:43:20+00:00","og_image":[{"url":"http:\/\/www.lospoliticosveracruz.com.mx\/wp-content\/uploads\/2014\/09\/Carro.jpg","type":"","width":"","height":""}],"author":"lospoladmin","twitter_card":"summary_large_image","twitter_creator":"@LosPoliticosVer","twitter_site":"@LosPoliticosVer","twitter_misc":{"Escrito por":"lospoladmin","Tiempo de lectura":"3 minutos"},"schema":{"@context":"https:\/\/schema.org","@graph":[{"@type":"Article","@id":"https:\/\/lospoliticosveracruz.com\/?p=2027#article","isPartOf":{"@id":"https:\/\/lospoliticosveracruz.com\/?p=2027"},"author":{"name":"lospoladmin","@id":"https:\/\/lospoliticosveracruz.com\/#\/schema\/person\/c5fee8df75ee4700bd7f8e92859bd696"},"headline":"Lo que ya no comen los mexicanos","datePublished":"2014-09-27T02:53:00+00:00","dateModified":"2014-10-11T01:43:20+00:00","mainEntityOfPage":{"@id":"https:\/\/lospoliticosveracruz.com\/?p=2027"},"wordCount":651,"commentCount":0,"publisher":{"@id":"https:\/\/lospoliticosveracruz.com\/#organization"},"image":{"@id":"https:\/\/lospoliticosveracruz.com\/?p=2027#primaryimage"},"thumbnailUrl":"http:\/\/www.lospoliticosveracruz.com.mx\/wp-content\/uploads\/2014\/09\/Carro.jpg","keywords":["Exc\u00e9lsior","IEPS","Nielsen M\u00e9xico","reforma fiscal"],"articleSection":["De Opini\u00f3n"],"inLanguage":"es","potentialAction":[{"@type":"CommentAction","name":"Comment","target":["https:\/\/lospoliticosveracruz.com\/?p=2027#respond"]}]},{"@type":"WebPage","@id":"https:\/\/lospoliticosveracruz.com\/?p=2027","url":"https:\/\/lospoliticosveracruz.com\/?p=2027","name":"Lo que ya no comen los mexicanos - Los pol\u00edticos Veracruz","isPartOf":{"@id":"https:\/\/lospoliticosveracruz.com\/#website"},"primaryImageOfPage":{"@id":"https:\/\/lospoliticosveracruz.com\/?p=2027#primaryimage"},"image":{"@id":"https:\/\/lospoliticosveracruz.com\/?p=2027#primaryimage"},"thumbnailUrl":"http:\/\/www.lospoliticosveracruz.com.mx\/wp-content\/uploads\/2014\/09\/Carro.jpg","datePublished":"2014-09-27T02:53:00+00:00","dateModified":"2014-10-11T01:43:20+00:00","breadcrumb":{"@id":"https:\/\/lospoliticosveracruz.com\/?p=2027#breadcrumb"},"inLanguage":"es","potentialAction":[{"@type":"ReadAction","target":["https:\/\/lospoliticosveracruz.com\/?p=2027"]}]},{"@type":"ImageObject","inLanguage":"es","@id":"https:\/\/lospoliticosveracruz.com\/?p=2027#primaryimage","url":"http:\/\/www.lospoliticosveracruz.com.mx\/wp-content\/uploads\/2014\/09\/Carro.jpg","contentUrl":"http:\/\/www.lospoliticosveracruz.com.mx\/wp-content\/uploads\/2014\/09\/Carro.jpg"},{"@type":"BreadcrumbList","@id":"https:\/\/lospoliticosveracruz.com\/?p=2027#breadcrumb","itemListElement":[{"@type":"ListItem","position":1,"name":"Portada","item":"https:\/\/lospoliticosveracruz.com\/"},{"@type":"ListItem","position":2,"name":"Lo que ya no comen los mexicanos"}]},{"@type":"WebSite","@id":"https:\/\/lospoliticosveracruz.com\/#website","url":"https:\/\/lospoliticosveracruz.com\/","name":"Los pol\u00edticos Veracruz","description":"","publisher":{"@id":"https:\/\/lospoliticosveracruz.com\/#organization"},"potentialAction":[{"@type":"SearchAction","target":{"@type":"EntryPoint","urlTemplate":"https:\/\/lospoliticosveracruz.com\/?s={search_term_string}"},"query-input":{"@type":"PropertyValueSpecification","valueRequired":true,"valueName":"search_term_string"}}],"inLanguage":"es"},{"@type":"Organization","@id":"https:\/\/lospoliticosveracruz.com\/#organization","name":"Los pol\u00edticos Veracruz","url":"https:\/\/lospoliticosveracruz.com\/","logo":{"@type":"ImageObject","inLanguage":"es","@id":"https:\/\/lospoliticosveracruz.com\/#\/schema\/logo\/image\/","url":"https:\/\/lospoliticosveracruz.com\/wp-content\/uploads\/2025\/12\/Logo-Nuevo-LOS-POLITICOS-1.jpg","contentUrl":"https:\/\/lospoliticosveracruz.com\/wp-content\/uploads\/2025\/12\/Logo-Nuevo-LOS-POLITICOS-1.jpg","width":260,"height":70,"caption":"Los pol\u00edticos Veracruz"},"image":{"@id":"https:\/\/lospoliticosveracruz.com\/#\/schema\/logo\/image\/"},"sameAs":["https:\/\/www.facebook.com\/people\/Notimemes-de-los-Polticos\/61565672886568\/","https:\/\/x.com\/LosPoliticosVer"]},{"@type":"Person","@id":"https:\/\/lospoliticosveracruz.com\/#\/schema\/person\/c5fee8df75ee4700bd7f8e92859bd696","name":"lospoladmin","image":{"@type":"ImageObject","inLanguage":"es","@id":"https:\/\/secure.gravatar.com\/avatar\/f4a468785695515895c4d618820f242e33d3d72a0284244a0fad6d19795cb724?s=96&d=mm&r=g","url":"https:\/\/secure.gravatar.com\/avatar\/f4a468785695515895c4d618820f242e33d3d72a0284244a0fad6d19795cb724?s=96&d=mm&r=g","contentUrl":"https:\/\/secure.gravatar.com\/avatar\/f4a468785695515895c4d618820f242e33d3d72a0284244a0fad6d19795cb724?s=96&d=mm&r=g","caption":"lospoladmin"},"url":"https:\/\/lospoliticosveracruz.com\/?author=1"}]}},"_links":{"self":[{"href":"https:\/\/lospoliticosveracruz.com\/index.php?rest_route=\/wp\/v2\/posts\/2027","targetHints":{"allow":["GET"]}}],"collection":[{"href":"https:\/\/lospoliticosveracruz.com\/index.php?rest_route=\/wp\/v2\/posts"}],"about":[{"href":"https:\/\/lospoliticosveracruz.com\/index.php?rest_route=\/wp\/v2\/types\/post"}],"author":[{"embeddable":true,"href":"https:\/\/lospoliticosveracruz.com\/index.php?rest_route=\/wp\/v2\/users\/1"}],"replies":[{"embeddable":true,"href":"https:\/\/lospoliticosveracruz.com\/index.php?rest_route=%2Fwp%2Fv2%2Fcomments&post=2027"}],"version-history":[{"count":1,"href":"https:\/\/lospoliticosveracruz.com\/index.php?rest_route=\/wp\/v2\/posts\/2027\/revisions"}],"predecessor-version":[{"id":12542,"href":"https:\/\/lospoliticosveracruz.com\/index.php?rest_route=\/wp\/v2\/posts\/2027\/revisions\/12542"}],"wp:attachment":[{"href":"https:\/\/lospoliticosveracruz.com\/index.php?rest_route=%2Fwp%2Fv2%2Fmedia&parent=2027"}],"wp:term":[{"taxonomy":"category","embeddable":true,"href":"https:\/\/lospoliticosveracruz.com\/index.php?rest_route=%2Fwp%2Fv2%2Fcategories&post=2027"},{"taxonomy":"post_tag","embeddable":true,"href":"https:\/\/lospoliticosveracruz.com\/index.php?rest_route=%2Fwp%2Fv2%2Ftags&post=2027"}],"curies":[{"name":"wp","href":"https:\/\/api.w.org\/{rel}","templated":true}]}}