{"id":2029,"date":"2014-09-26T17:25:00","date_gmt":"2014-09-26T17:25:00","guid":{"rendered":"http:\/\/www.lospoliticosveracruz.com.mx\/?p=2029"},"modified":"2014-10-11T01:46:50","modified_gmt":"2014-10-11T01:46:50","slug":"la-agenda-legislativa-local","status":"publish","type":"post","link":"https:\/\/lospoliticosveracruz.com\/?p=2029","title":{"rendered":"La agenda legislativa local"},"content":{"rendered":"<p><a href=\"http:\/\/www.lospoliticosveracruz.com.mx\/wp-content\/uploads\/2014\/09\/FOTO-2B2-2B-2-.jpg\"><img loading=\"lazy\" decoding=\"async\" border=\"0\" height=\"267\" src=\"http:\/\/www.lospoliticosveracruz.com.mx\/wp-content\/uploads\/2014\/09\/FOTO-2B2-2B-2--300x200.jpg\" width=\"400\" \/><\/a><\/p>\n<p><b>Miguel Angel Cristiani Gonz\u00e1lez<\/b><br \/><i>Bit\u00e1cora Veracruz<\/i><\/p>\n<p>Si a nivel federal los legisladores han tenido que trabajar intensamente para analizar, discutir y aprobar las 11 reformas estructurales y sus respectivas leyes secundarias, a nivel local, ac\u00e1 en el terru\u00f1o veracruzano, los diputados locales tambi\u00e9n han tenido que cumplir sus tareas, para dar salida a nuevas leyes, reglamentos, disposiciones y acuerdos como ocurri\u00f3 en la pasada sesi\u00f3n de la Diputaci\u00f3n Permanente de la Sexag\u00e9sima Tercera Legislatura.<a name='more'><\/a><br \/>Para tener una idea de lo que significa la labor legislativa de los diputados locales, habr\u00eda que apuntar que tan solo la Gaceta Oficial del Congreso, que contiene los documentos que fueron abordados en la Quinta Sesi\u00f3n Ordinaria de este jueves 25, consta de 211 hojas, lo que constituye un grueso tomo, m\u00e1s que la mayor\u00eda de los libros que sobre diversos temas se publican hoy en d\u00eda.<br \/>As\u00ed lo podemos constatar en la Orden del D\u00eda que comprende los siguientes puntos:<br \/>I. Lista de asistencia.<br \/>II. Lectura y en su caso aprobaci\u00f3n del proyecto del orden del d\u00eda.<br \/>III. Lectura y en su caso aprobaci\u00f3n de las actas de la tercera y cuarta sesiones de la Diputaci\u00f3n Permanente, celebradas el 4 y 5 de septiembre del a\u00f1o en curso, y del acta del Sexto Periodo de Sesiones Extraordinarias del Primer A\u00f1o de Ejercicio Constitucional, llevada a cabo el 9 de septiembre del 2014.<br \/>IV. Lectura de correspondencia recibida.<br \/>V. Iniciativa con proyecto de Ley del Notariado para el Estado de Veracruz de Ignacio de la Llave, presentada por el doctor Javier Duarte de Ochoa, gobernador del Estado.<br \/>VI. Iniciativa de Ley de Asociaciones P\u00fablico- Privadas para el Estado de Veracruz de Ignacio de la Llave, presentada por Javier Duarte de Ochoa, gobernador del Estado.<br \/>VII. Iniciativa con proyecto de decreto que reforma y adiciona diversos art\u00edculos del C\u00f3digo Civil para el Estado de Veracruz de Ignacio de la Llave, presentada por la diputada Anil\u00fa Ingram Vallines, integrante del Grupo Legislativo del Partido Revolucionario Institucional.<br \/>VIII. Iniciativa con proyecto de Ley de Tr\u00e1nsito y Seguridad Vial para el Estado de Veracruz de Ignacio de la Llave, presentada por el diputado Adolfo Jes\u00fas Ram\u00edrez Arana, integrante del Grupo Legislativo del Partido Revolucionario Institucional.<br \/>IX. Iniciativa de decreto que reforma el art\u00edculo 11, p\u00e1rrafo segundo, de la Ley Org\u00e1nica del Municipio Libre, presentada por el diputado Octavio P\u00e9rez Garay, integrante del Grupo Legislativo del Partido Revolucionario Institucional.<br \/>X. Iniciativa con proyecto de decreto que reforma el art\u00edculo 2 de la Ley de Protecci\u00f3n a los Animales para el Estado de Veracruz de Ignacio de la Llave, presentada por el diputado Jes\u00fas V\u00e1zquez Gonz\u00e1lez, integrante del Grupo Legislativo del Partido Verde Ecologista de M\u00e9xico.<br \/>XI. Iniciativa con proyecto de decreto que reforma el art\u00edculo 311 del C\u00f3digo Financiero para el Estado de Veracruz de Ignacio de la Llave, presentada por los diputados integrantes del Grupo Legislativo del Partido Acci\u00f3n Nacional.<br \/>XII. Iniciativa de decreto que reforma, adiciona y deroga diversas disposiciones del C\u00f3digo Hacendario para el Municipio de Xalapa, Estado de Veracruz de Ignacio de la Llave, presentada por el ayuntamiento del referido municipio.<br \/>XIII. De la Comisi\u00f3n Permanente de Hacienda del Estado, dictamen con proyecto de acuerdo por el que se autoriza al titular del Poder Ejecutivo del Estado de Veracruz de Ignacio de la Llave, a enajenar a t\u00edtulo gratuito a favor del ayuntamiento de Poza Rica, una superficie de terreno deducida de una mayor identificada como parcela n\u00famero 53 del lote denominado \u00abPoza de Cuero\u00bb, del municipio de Poza Rica.<br \/>Adem\u00e1s de todo lo anterior, los dict\u00e1menes de las comisiones, que ya analizaron otras iniciativas y proyectos que deben de ser atendidos y aprobados.<br \/>As\u00ed las cosas, que aunque los diputados tienen fama de que \u00fanicamente sirven para levantar el dedo cuando se lo indica su l\u00edder del grupo parlamentario respectivo, lo cierto es que al menos por ahora, se les ha acumulado la chamba, tanto por las iniciativas de ley que constantemente les est\u00e1 enviando el gobernador del estado, como por las que generan los propios legisladores.<\/p>\n","protected":false},"excerpt":{"rendered":"<p>Miguel Angel Cristiani Gonz\u00e1lezBit\u00e1cora Veracruz Si a nivel federal los legisladores han tenido que trabajar intensamente para analizar, discutir y aprobar las 11 reformas estructurales y sus respectivas leyes secundarias, a nivel local, ac\u00e1 en el terru\u00f1o veracruzano, los diputados locales tambi\u00e9n han tenido que cumplir sus tareas, para dar salida a nuevas leyes, reglamentos, [&hellip;]<\/p>\n","protected":false},"author":1,"featured_media":0,"comment_status":"open","ping_status":"open","sticky":false,"template":"","format":"standard","meta":{"tdm_status":"","tdm_grid_status":"","footnotes":""},"categories":[70],"tags":[260,259,261],"class_list":{"0":"post-2029","1":"post","2":"type-post","3":"status-publish","4":"format-standard","6":"category-de-opinion","7":"tag-javier-duarte-de-ochoa","8":"tag-legislatura","9":"tag-octavio-perez-garay"},"yoast_head":"<!-- This site is optimized with the Yoast SEO plugin v27.4 - https:\/\/yoast.com\/product\/yoast-seo-wordpress\/ -->\n<title>La agenda legislativa local - Los pol\u00edticos Veracruz<\/title>\n<meta name=\"robots\" content=\"index, follow, max-snippet:-1, max-image-preview:large, max-video-preview:-1\" \/>\n<link rel=\"canonical\" href=\"https:\/\/lospoliticosveracruz.com\/?p=2029\" \/>\n<meta property=\"og:locale\" content=\"es_ES\" \/>\n<meta property=\"og:type\" content=\"article\" \/>\n<meta property=\"og:title\" content=\"La agenda legislativa local - Los pol\u00edticos Veracruz\" \/>\n<meta property=\"og:description\" content=\"Miguel Angel Cristiani Gonz\u00e1lezBit\u00e1cora Veracruz Si a nivel federal los legisladores han tenido que trabajar intensamente para analizar, discutir y aprobar las 11 reformas estructurales y sus respectivas leyes secundarias, a nivel local, ac\u00e1 en el terru\u00f1o veracruzano, los diputados locales tambi\u00e9n han tenido que cumplir sus tareas, para dar salida a nuevas leyes, reglamentos, [&hellip;]\" \/>\n<meta property=\"og:url\" content=\"https:\/\/lospoliticosveracruz.com\/?p=2029\" \/>\n<meta property=\"og:site_name\" content=\"Los pol\u00edticos Veracruz\" \/>\n<meta property=\"article:publisher\" content=\"https:\/\/www.facebook.com\/people\/Notimemes-de-los-Polticos\/61565672886568\/\" \/>\n<meta property=\"article:published_time\" content=\"2014-09-26T17:25:00+00:00\" \/>\n<meta property=\"article:modified_time\" content=\"2014-10-11T01:46:50+00:00\" \/>\n<meta property=\"og:image\" content=\"http:\/\/www.lospoliticosveracruz.com.mx\/wp-content\/uploads\/2014\/09\/FOTO-2B2-2B-2--300x200.jpg\" \/>\n<meta name=\"author\" content=\"lospoladmin\" \/>\n<meta name=\"twitter:card\" content=\"summary_large_image\" \/>\n<meta name=\"twitter:creator\" content=\"@LosPoliticosVer\" \/>\n<meta name=\"twitter:site\" content=\"@LosPoliticosVer\" \/>\n<meta name=\"twitter:label1\" content=\"Escrito por\" \/>\n\t<meta name=\"twitter:data1\" content=\"lospoladmin\" \/>\n\t<meta name=\"twitter:label2\" content=\"Tiempo de lectura\" \/>\n\t<meta name=\"twitter:data2\" content=\"4 minutos\" \/>\n<script type=\"application\/ld+json\" class=\"yoast-schema-graph\">{\"@context\":\"https:\\\/\\\/schema.org\",\"@graph\":[{\"@type\":\"Article\",\"@id\":\"https:\\\/\\\/lospoliticosveracruz.com\\\/?p=2029#article\",\"isPartOf\":{\"@id\":\"https:\\\/\\\/lospoliticosveracruz.com\\\/?p=2029\"},\"author\":{\"name\":\"lospoladmin\",\"@id\":\"https:\\\/\\\/lospoliticosveracruz.com\\\/#\\\/schema\\\/person\\\/c5fee8df75ee4700bd7f8e92859bd696\"},\"headline\":\"La agenda legislativa local\",\"datePublished\":\"2014-09-26T17:25:00+00:00\",\"dateModified\":\"2014-10-11T01:46:50+00:00\",\"mainEntityOfPage\":{\"@id\":\"https:\\\/\\\/lospoliticosveracruz.com\\\/?p=2029\"},\"wordCount\":710,\"commentCount\":0,\"publisher\":{\"@id\":\"https:\\\/\\\/lospoliticosveracruz.com\\\/#organization\"},\"image\":{\"@id\":\"https:\\\/\\\/lospoliticosveracruz.com\\\/?p=2029#primaryimage\"},\"thumbnailUrl\":\"http:\\\/\\\/www.lospoliticosveracruz.com.mx\\\/wp-content\\\/uploads\\\/2014\\\/09\\\/FOTO-2B2-2B-2--300x200.jpg\",\"keywords\":[\"Javier Duarte de Ochoa\",\"Legislatura\",\"Octavio P\u00e9rez Garay\"],\"articleSection\":[\"De Opini\u00f3n\"],\"inLanguage\":\"es\",\"potentialAction\":[{\"@type\":\"CommentAction\",\"name\":\"Comment\",\"target\":[\"https:\\\/\\\/lospoliticosveracruz.com\\\/?p=2029#respond\"]}]},{\"@type\":\"WebPage\",\"@id\":\"https:\\\/\\\/lospoliticosveracruz.com\\\/?p=2029\",\"url\":\"https:\\\/\\\/lospoliticosveracruz.com\\\/?p=2029\",\"name\":\"La agenda legislativa local - Los pol\u00edticos Veracruz\",\"isPartOf\":{\"@id\":\"https:\\\/\\\/lospoliticosveracruz.com\\\/#website\"},\"primaryImageOfPage\":{\"@id\":\"https:\\\/\\\/lospoliticosveracruz.com\\\/?p=2029#primaryimage\"},\"image\":{\"@id\":\"https:\\\/\\\/lospoliticosveracruz.com\\\/?p=2029#primaryimage\"},\"thumbnailUrl\":\"http:\\\/\\\/www.lospoliticosveracruz.com.mx\\\/wp-content\\\/uploads\\\/2014\\\/09\\\/FOTO-2B2-2B-2--300x200.jpg\",\"datePublished\":\"2014-09-26T17:25:00+00:00\",\"dateModified\":\"2014-10-11T01:46:50+00:00\",\"breadcrumb\":{\"@id\":\"https:\\\/\\\/lospoliticosveracruz.com\\\/?p=2029#breadcrumb\"},\"inLanguage\":\"es\",\"potentialAction\":[{\"@type\":\"ReadAction\",\"target\":[\"https:\\\/\\\/lospoliticosveracruz.com\\\/?p=2029\"]}]},{\"@type\":\"ImageObject\",\"inLanguage\":\"es\",\"@id\":\"https:\\\/\\\/lospoliticosveracruz.com\\\/?p=2029#primaryimage\",\"url\":\"http:\\\/\\\/www.lospoliticosveracruz.com.mx\\\/wp-content\\\/uploads\\\/2014\\\/09\\\/FOTO-2B2-2B-2--300x200.jpg\",\"contentUrl\":\"http:\\\/\\\/www.lospoliticosveracruz.com.mx\\\/wp-content\\\/uploads\\\/2014\\\/09\\\/FOTO-2B2-2B-2--300x200.jpg\"},{\"@type\":\"BreadcrumbList\",\"@id\":\"https:\\\/\\\/lospoliticosveracruz.com\\\/?p=2029#breadcrumb\",\"itemListElement\":[{\"@type\":\"ListItem\",\"position\":1,\"name\":\"Portada\",\"item\":\"https:\\\/\\\/lospoliticosveracruz.com\\\/\"},{\"@type\":\"ListItem\",\"position\":2,\"name\":\"La agenda legislativa local\"}]},{\"@type\":\"WebSite\",\"@id\":\"https:\\\/\\\/lospoliticosveracruz.com\\\/#website\",\"url\":\"https:\\\/\\\/lospoliticosveracruz.com\\\/\",\"name\":\"Los pol\u00edticos Veracruz\",\"description\":\"\",\"publisher\":{\"@id\":\"https:\\\/\\\/lospoliticosveracruz.com\\\/#organization\"},\"potentialAction\":[{\"@type\":\"SearchAction\",\"target\":{\"@type\":\"EntryPoint\",\"urlTemplate\":\"https:\\\/\\\/lospoliticosveracruz.com\\\/?s={search_term_string}\"},\"query-input\":{\"@type\":\"PropertyValueSpecification\",\"valueRequired\":true,\"valueName\":\"search_term_string\"}}],\"inLanguage\":\"es\"},{\"@type\":\"Organization\",\"@id\":\"https:\\\/\\\/lospoliticosveracruz.com\\\/#organization\",\"name\":\"Los pol\u00edticos Veracruz\",\"url\":\"https:\\\/\\\/lospoliticosveracruz.com\\\/\",\"logo\":{\"@type\":\"ImageObject\",\"inLanguage\":\"es\",\"@id\":\"https:\\\/\\\/lospoliticosveracruz.com\\\/#\\\/schema\\\/logo\\\/image\\\/\",\"url\":\"https:\\\/\\\/lospoliticosveracruz.com\\\/wp-content\\\/uploads\\\/2025\\\/12\\\/Logo-Nuevo-LOS-POLITICOS-1.jpg\",\"contentUrl\":\"https:\\\/\\\/lospoliticosveracruz.com\\\/wp-content\\\/uploads\\\/2025\\\/12\\\/Logo-Nuevo-LOS-POLITICOS-1.jpg\",\"width\":260,\"height\":70,\"caption\":\"Los pol\u00edticos Veracruz\"},\"image\":{\"@id\":\"https:\\\/\\\/lospoliticosveracruz.com\\\/#\\\/schema\\\/logo\\\/image\\\/\"},\"sameAs\":[\"https:\\\/\\\/www.facebook.com\\\/people\\\/Notimemes-de-los-Polticos\\\/61565672886568\\\/\",\"https:\\\/\\\/x.com\\\/LosPoliticosVer\"]},{\"@type\":\"Person\",\"@id\":\"https:\\\/\\\/lospoliticosveracruz.com\\\/#\\\/schema\\\/person\\\/c5fee8df75ee4700bd7f8e92859bd696\",\"name\":\"lospoladmin\",\"image\":{\"@type\":\"ImageObject\",\"inLanguage\":\"es\",\"@id\":\"https:\\\/\\\/secure.gravatar.com\\\/avatar\\\/f4a468785695515895c4d618820f242e33d3d72a0284244a0fad6d19795cb724?s=96&d=mm&r=g\",\"url\":\"https:\\\/\\\/secure.gravatar.com\\\/avatar\\\/f4a468785695515895c4d618820f242e33d3d72a0284244a0fad6d19795cb724?s=96&d=mm&r=g\",\"contentUrl\":\"https:\\\/\\\/secure.gravatar.com\\\/avatar\\\/f4a468785695515895c4d618820f242e33d3d72a0284244a0fad6d19795cb724?s=96&d=mm&r=g\",\"caption\":\"lospoladmin\"},\"url\":\"https:\\\/\\\/lospoliticosveracruz.com\\\/?author=1\"}]}<\/script>\n<!-- \/ Yoast SEO plugin. -->","yoast_head_json":{"title":"La agenda legislativa local - Los pol\u00edticos Veracruz","robots":{"index":"index","follow":"follow","max-snippet":"max-snippet:-1","max-image-preview":"max-image-preview:large","max-video-preview":"max-video-preview:-1"},"canonical":"https:\/\/lospoliticosveracruz.com\/?p=2029","og_locale":"es_ES","og_type":"article","og_title":"La agenda legislativa local - Los pol\u00edticos Veracruz","og_description":"Miguel Angel Cristiani Gonz\u00e1lezBit\u00e1cora Veracruz Si a nivel federal los legisladores han tenido que trabajar intensamente para analizar, discutir y aprobar las 11 reformas estructurales y sus respectivas leyes secundarias, a nivel local, ac\u00e1 en el terru\u00f1o veracruzano, los diputados locales tambi\u00e9n han tenido que cumplir sus tareas, para dar salida a nuevas leyes, reglamentos, [&hellip;]","og_url":"https:\/\/lospoliticosveracruz.com\/?p=2029","og_site_name":"Los pol\u00edticos Veracruz","article_publisher":"https:\/\/www.facebook.com\/people\/Notimemes-de-los-Polticos\/61565672886568\/","article_published_time":"2014-09-26T17:25:00+00:00","article_modified_time":"2014-10-11T01:46:50+00:00","og_image":[{"url":"http:\/\/www.lospoliticosveracruz.com.mx\/wp-content\/uploads\/2014\/09\/FOTO-2B2-2B-2--300x200.jpg","type":"","width":"","height":""}],"author":"lospoladmin","twitter_card":"summary_large_image","twitter_creator":"@LosPoliticosVer","twitter_site":"@LosPoliticosVer","twitter_misc":{"Escrito por":"lospoladmin","Tiempo de lectura":"4 minutos"},"schema":{"@context":"https:\/\/schema.org","@graph":[{"@type":"Article","@id":"https:\/\/lospoliticosveracruz.com\/?p=2029#article","isPartOf":{"@id":"https:\/\/lospoliticosveracruz.com\/?p=2029"},"author":{"name":"lospoladmin","@id":"https:\/\/lospoliticosveracruz.com\/#\/schema\/person\/c5fee8df75ee4700bd7f8e92859bd696"},"headline":"La agenda legislativa local","datePublished":"2014-09-26T17:25:00+00:00","dateModified":"2014-10-11T01:46:50+00:00","mainEntityOfPage":{"@id":"https:\/\/lospoliticosveracruz.com\/?p=2029"},"wordCount":710,"commentCount":0,"publisher":{"@id":"https:\/\/lospoliticosveracruz.com\/#organization"},"image":{"@id":"https:\/\/lospoliticosveracruz.com\/?p=2029#primaryimage"},"thumbnailUrl":"http:\/\/www.lospoliticosveracruz.com.mx\/wp-content\/uploads\/2014\/09\/FOTO-2B2-2B-2--300x200.jpg","keywords":["Javier Duarte de Ochoa","Legislatura","Octavio P\u00e9rez Garay"],"articleSection":["De Opini\u00f3n"],"inLanguage":"es","potentialAction":[{"@type":"CommentAction","name":"Comment","target":["https:\/\/lospoliticosveracruz.com\/?p=2029#respond"]}]},{"@type":"WebPage","@id":"https:\/\/lospoliticosveracruz.com\/?p=2029","url":"https:\/\/lospoliticosveracruz.com\/?p=2029","name":"La agenda legislativa local - Los pol\u00edticos Veracruz","isPartOf":{"@id":"https:\/\/lospoliticosveracruz.com\/#website"},"primaryImageOfPage":{"@id":"https:\/\/lospoliticosveracruz.com\/?p=2029#primaryimage"},"image":{"@id":"https:\/\/lospoliticosveracruz.com\/?p=2029#primaryimage"},"thumbnailUrl":"http:\/\/www.lospoliticosveracruz.com.mx\/wp-content\/uploads\/2014\/09\/FOTO-2B2-2B-2--300x200.jpg","datePublished":"2014-09-26T17:25:00+00:00","dateModified":"2014-10-11T01:46:50+00:00","breadcrumb":{"@id":"https:\/\/lospoliticosveracruz.com\/?p=2029#breadcrumb"},"inLanguage":"es","potentialAction":[{"@type":"ReadAction","target":["https:\/\/lospoliticosveracruz.com\/?p=2029"]}]},{"@type":"ImageObject","inLanguage":"es","@id":"https:\/\/lospoliticosveracruz.com\/?p=2029#primaryimage","url":"http:\/\/www.lospoliticosveracruz.com.mx\/wp-content\/uploads\/2014\/09\/FOTO-2B2-2B-2--300x200.jpg","contentUrl":"http:\/\/www.lospoliticosveracruz.com.mx\/wp-content\/uploads\/2014\/09\/FOTO-2B2-2B-2--300x200.jpg"},{"@type":"BreadcrumbList","@id":"https:\/\/lospoliticosveracruz.com\/?p=2029#breadcrumb","itemListElement":[{"@type":"ListItem","position":1,"name":"Portada","item":"https:\/\/lospoliticosveracruz.com\/"},{"@type":"ListItem","position":2,"name":"La agenda legislativa local"}]},{"@type":"WebSite","@id":"https:\/\/lospoliticosveracruz.com\/#website","url":"https:\/\/lospoliticosveracruz.com\/","name":"Los pol\u00edticos Veracruz","description":"","publisher":{"@id":"https:\/\/lospoliticosveracruz.com\/#organization"},"potentialAction":[{"@type":"SearchAction","target":{"@type":"EntryPoint","urlTemplate":"https:\/\/lospoliticosveracruz.com\/?s={search_term_string}"},"query-input":{"@type":"PropertyValueSpecification","valueRequired":true,"valueName":"search_term_string"}}],"inLanguage":"es"},{"@type":"Organization","@id":"https:\/\/lospoliticosveracruz.com\/#organization","name":"Los pol\u00edticos Veracruz","url":"https:\/\/lospoliticosveracruz.com\/","logo":{"@type":"ImageObject","inLanguage":"es","@id":"https:\/\/lospoliticosveracruz.com\/#\/schema\/logo\/image\/","url":"https:\/\/lospoliticosveracruz.com\/wp-content\/uploads\/2025\/12\/Logo-Nuevo-LOS-POLITICOS-1.jpg","contentUrl":"https:\/\/lospoliticosveracruz.com\/wp-content\/uploads\/2025\/12\/Logo-Nuevo-LOS-POLITICOS-1.jpg","width":260,"height":70,"caption":"Los pol\u00edticos Veracruz"},"image":{"@id":"https:\/\/lospoliticosveracruz.com\/#\/schema\/logo\/image\/"},"sameAs":["https:\/\/www.facebook.com\/people\/Notimemes-de-los-Polticos\/61565672886568\/","https:\/\/x.com\/LosPoliticosVer"]},{"@type":"Person","@id":"https:\/\/lospoliticosveracruz.com\/#\/schema\/person\/c5fee8df75ee4700bd7f8e92859bd696","name":"lospoladmin","image":{"@type":"ImageObject","inLanguage":"es","@id":"https:\/\/secure.gravatar.com\/avatar\/f4a468785695515895c4d618820f242e33d3d72a0284244a0fad6d19795cb724?s=96&d=mm&r=g","url":"https:\/\/secure.gravatar.com\/avatar\/f4a468785695515895c4d618820f242e33d3d72a0284244a0fad6d19795cb724?s=96&d=mm&r=g","contentUrl":"https:\/\/secure.gravatar.com\/avatar\/f4a468785695515895c4d618820f242e33d3d72a0284244a0fad6d19795cb724?s=96&d=mm&r=g","caption":"lospoladmin"},"url":"https:\/\/lospoliticosveracruz.com\/?author=1"}]}},"_links":{"self":[{"href":"https:\/\/lospoliticosveracruz.com\/index.php?rest_route=\/wp\/v2\/posts\/2029","targetHints":{"allow":["GET"]}}],"collection":[{"href":"https:\/\/lospoliticosveracruz.com\/index.php?rest_route=\/wp\/v2\/posts"}],"about":[{"href":"https:\/\/lospoliticosveracruz.com\/index.php?rest_route=\/wp\/v2\/types\/post"}],"author":[{"embeddable":true,"href":"https:\/\/lospoliticosveracruz.com\/index.php?rest_route=\/wp\/v2\/users\/1"}],"replies":[{"embeddable":true,"href":"https:\/\/lospoliticosveracruz.com\/index.php?rest_route=%2Fwp%2Fv2%2Fcomments&post=2029"}],"version-history":[{"count":1,"href":"https:\/\/lospoliticosveracruz.com\/index.php?rest_route=\/wp\/v2\/posts\/2029\/revisions"}],"predecessor-version":[{"id":12544,"href":"https:\/\/lospoliticosveracruz.com\/index.php?rest_route=\/wp\/v2\/posts\/2029\/revisions\/12544"}],"wp:attachment":[{"href":"https:\/\/lospoliticosveracruz.com\/index.php?rest_route=%2Fwp%2Fv2%2Fmedia&parent=2029"}],"wp:term":[{"taxonomy":"category","embeddable":true,"href":"https:\/\/lospoliticosveracruz.com\/index.php?rest_route=%2Fwp%2Fv2%2Fcategories&post=2029"},{"taxonomy":"post_tag","embeddable":true,"href":"https:\/\/lospoliticosveracruz.com\/index.php?rest_route=%2Fwp%2Fv2%2Ftags&post=2029"}],"curies":[{"name":"wp","href":"https:\/\/api.w.org\/{rel}","templated":true}]}}