{"id":2030,"date":"2014-09-26T13:32:00","date_gmt":"2014-09-26T13:32:00","guid":{"rendered":"http:\/\/www.lospoliticosveracruz.com.mx\/?p=2030"},"modified":"2014-10-11T01:49:02","modified_gmt":"2014-10-11T01:49:02","slug":"dinero-y-politica","status":"publish","type":"post","link":"https:\/\/lospoliticosveracruz.com\/?p=2030","title":{"rendered":"Dinero y pol\u00edtica"},"content":{"rendered":"<div style=\"clear: both; text-align: center;\"><a href=\"http:\/\/www.lospoliticosveracruz.com.mx\/wp-content\/uploads\/2014\/09\/INE.jpg\" style=\"margin-left: 1em; margin-right: 1em;\"><img loading=\"lazy\" decoding=\"async\" border=\"0\" src=\"http:\/\/www.lospoliticosveracruz.com.mx\/wp-content\/uploads\/2014\/09\/INE.jpg\" height=\"116\" width=\"320\" \/><\/a><\/div>\n<p><\/p>\n<blockquote><p>El agotamiento del subsistema de partidos pol\u00edticos en M\u00e9xico<\/p><\/blockquote>\n<p><b>Eduardo de la Torre Jaramillo<\/b><br \/><i>Escenarios<\/i><\/p>\n<p>De los a\u00f1os cuarenta hasta la segunda d\u00e9cada de los a\u00f1os setenta del siglo XX en M\u00e9xico, el subsistema de partidos estuvo constituido por el PRI, la oposici\u00f3n leal fue el PAN, y los dos partidos \u201cparaestatales\u201d el PARM y el PPS, cuya \u00fanica utilidad era para legitimar a un sistema pol\u00edtico no democr\u00e1tico con elecciones no competitivas; -donde prevaleci\u00f3 el fraude electoral como una constante del propio sistema pol\u00edtico mexicano-. Posteriormente,se modifica un poco el subsistema de partidos con la reforma de Jes\u00fas Reyes Heroles porque la izquierda entra a la vida institucional, primero con el Partido Comunista Mexicano (PCM), el cual se transform\u00f3 en Partido Socialista Unificado de M\u00e9xico (PSUM); y el Partido Socialista de los Trabajadores (PST, quienes en 1988 aparecen como PFCRN), previamente, en 1975 ya ten\u00eda registro discrecional el Partido Dem\u00f3crata Mexicano (PDM), que desaparece en 1997.<a name='more'><\/a><br \/>Es pertinente mencionar que en el a\u00f1o de 1988 se rompi\u00f3 con ese subsistema de partidos pol\u00edticos, desaparecen los partidos paraestatales (PARM y PPS en la elecci\u00f3n de 1997) y entran otros como el PT de origen salinista (1991), y el PVEM (1997); mientras la izquierda se fusiona en el PRD, cedi\u00e9ndole su registro el PMS; cabe se\u00f1alar que exist\u00eda una oposici\u00f3n pol\u00edtica bien definida en aquel contexto pol\u00edtico, por el conservadurismo el PAN y por la izquierda el PRD. Me es obligado recordar que los primeros diputados de izquierda, aquellos que entraron de 1979 a 1981 sus dietas como congresistas eran donadas al PCM. Por eso afirmo que, la primera acci\u00f3n del sistema pol\u00edtico mexicano para ir desdibujando a la oposici\u00f3n fue el otorgamiento de las prerrogativas.<br \/>Continuando con la l\u00ednea de interpretaci\u00f3n anterior, de 1986 a 1990 el financiamiento p\u00fablico directo a los partidos pol\u00edticos se llevaba a cabo cada 3 a\u00f1os, y se otorgaba de la siguiente manera: un a\u00f1o posterior a la elecci\u00f3n se daba en un 20%; en el segundo a\u00f1o un 30%; y en el tercer a\u00f1o electoral en un 50%; y quien se opuso fue el PAN, afirmando lo siguiente: que era \u201cinmoral ese tipo de financiamiento\u201d, sus argumentos fueron sobre la utilizaci\u00f3n de ese dinero; veamos sus cinco postulados: 1.- rechaza toda ayuda a candidatos en campa\u00f1a; 2.- est\u00e1 en contra de todo pago de sueldos a redactores de revistas o empleados del partido; 3.- rechaza toda ayuda en veh\u00edculos a candidatos o ayudantes, ya sea en propiedad o alquiler; 4.- rechaza toda participaci\u00f3n en efectivo y por cualquier concepto; 5.- los acuerdos a los que se lleguen con la aprobaci\u00f3n de la ley en cuanto al financiamiento p\u00fablico son institucionales y ser\u00e1n respetados por los panistas, pero Acci\u00f3n nacional, aseveraban, se reserva el derecho de modificar esa decisi\u00f3n, siempre que el gobierno pretendiera aprovechar el cumplimiento de una funci\u00f3n p\u00fablica para restarle autonom\u00eda (ojal\u00e1 actualmente alg\u00fan panista despistado conozca la historia de ese partido).<br \/>Con el nuevo COFIPE en 1990, el financiamiento p\u00fablico cambia nuevamente, el 90% se otorgaba de acuerdo a la votaci\u00f3n obtenida, s\u00f3lo a aquellos partidos pol\u00edticos que tuviesen el 1.5% de los votos en la elecci\u00f3n federal o local, y el 10% de manera igualitaria; con la reforma electoral de 1996 se estableci\u00f3 que el financiamiento se dividi\u00f3 en un 70% de acuerdo a la votaci\u00f3n obtenida por partido pol\u00edtico con el m\u00ednimo del 2% de los votos, y un 30% de manera igualitaria y se introduce que s\u00f3lo el 10% se pod\u00eda obtener de financiamiento privado.<br \/>A partir de la reforma pol\u00edtico-electoral de 1996, todos los partidos pol\u00edticos aceptaron las prerrogativas y se acostumbraron a recibir \u00fanica y exclusivamente los recursos p\u00fablicos, cancelando la v\u00eda del financiamiento privado.<br \/>Sin embargo, de acuerdo a lo publicado por el IFE (hoy INE) de los informes anuales de gastos de los partidos pol\u00edticos, de las prerrogativas que recibieron los partidos de 1997 a 2014 han sido 120 mil millones de pesos (81 mil millones de las prerrogativas federales y 40 mil millones de las prerrogativas estatales); si hoy lo actualizo financieramente y lo equiparo con lo que ser\u00e1 la construcci\u00f3n del nuevo aeropuerto, es el mismo financiamiento a los partidos pol\u00edticos desde que tenemos gobiernos divididos y\/o compartidos.<br \/>Tenemos un sistema electoral demasiado caro para financiar a los partidos pol\u00edticos, quienes cuentan con la clase pol\u00edtica m\u00e1s ineficiente, inculta, corrupta, depredadora, opaca, sin rendir cuentas a la ciudadan\u00eda; porque hasta antes de que se aprobar\u00e1 la nueva Ley General de Partidos Pol\u00edticos, ning\u00fan ciudadano sab\u00eda en qu\u00e9 se gastaron ese dinero, porque no capacitan a sus militantes, violentando a la propia ley electoral donde se debe destinar el 2% de sus prerrogativas en la capacitaci\u00f3n de sus cuadros pol\u00edticos; de lo que si se tiene conocimiento es de los mercados cautivos que tienen los militantes de todos los partidos pol\u00edticos, muchos de ellos tienen imprentas, talleres para maquilar lonas, mantas, todo tipo de art\u00edculos para campa\u00f1as, alquiler de autos, y un sinf\u00edn de trapacer\u00edas que se hacen con las prerrogativas de los partidos pol\u00edticos; s\u00f3lo cito un ejemplo: el instituto electoral del DF mult\u00f3 al PT porque factur\u00f3 ceniceros con un costo individual de 3,500 pesos, \u00e9ste es uno de los miles de casos que existen en nuestro agotado subsistema de partidos pol\u00edticos.<br \/>Finalmente, hoy en Veracruz, los dirigentes estatales y municipales del PRD, MC y PAN, de manera rid\u00edcula han declarado que las pr\u00f3ximas candidaturas se las dar\u00e1n a los ciudadanos independientes y de paso han criticado las candidaturas ciudadanas; vaya cinismo, ya que tienen precandidatos impresentables para las pr\u00f3ximas elecciones, y no creo que un ciudadano decente quiera ser candidato de partidos cooptados por el PRI (Gustavo Madero y Jes\u00fas Ortega, o Zambrano son del PAN rojo y el PRD rojo nacionales, esto es algo que en los estados tambi\u00e9n se observa, -no son mitos geniales-), si a esto le sumo que todo el dinero p\u00fablico se lo gastan en \u201coperadores pol\u00edticos\u201d (\u00faltimamente en las \u201cMontanas\u201d), que la mayor\u00eda son disfuncionales, porque prostituyeron a la pol\u00edtica partidista (como el uso clientelar de los programas sociales, que ya lo hace el PAN y el PRD); adem\u00e1s ya no pueden asustar a los electores diciendo que el PRI es el adversario, cuando todos son id\u00e9nticos al PRI. La pregunta central a todos los partidos pol\u00edticos y sus dirigentes y exdirigentes es: \u00bfpueden informar que le hicieron a los 120 mil millones de pesos?<\/p>\n","protected":false},"excerpt":{"rendered":"<p>El agotamiento del subsistema de partidos pol\u00edticos en M\u00e9xico Eduardo de la Torre JaramilloEscenarios De los a\u00f1os cuarenta hasta la segunda d\u00e9cada de los a\u00f1os setenta del siglo XX en M\u00e9xico, el subsistema de partidos estuvo constituido por el PRI, la oposici\u00f3n leal fue el PAN, y los dos partidos \u201cparaestatales\u201d el PARM y el [&hellip;]<\/p>\n","protected":false},"author":1,"featured_media":0,"comment_status":"open","ping_status":"open","sticky":false,"template":"","format":"standard","meta":{"tdm_status":"","tdm_grid_status":"","footnotes":""},"categories":[70],"tags":[265,267,268,266,262,251,263,264],"class_list":{"0":"post-2030","1":"post","2":"type-post","3":"status-publish","4":"format-standard","6":"category-de-opinion","7":"tag-cofipe","8":"tag-gustavo-madero","9":"tag-jesus-ortega","10":"tag-pan","11":"tag-pfcrn","12":"tag-pri","13":"tag-psum","14":"tag-pvem"},"yoast_head":"<!-- This site is optimized with the Yoast SEO plugin v27.4 - https:\/\/yoast.com\/product\/yoast-seo-wordpress\/ -->\n<title>Dinero y pol\u00edtica - Los pol\u00edticos Veracruz<\/title>\n<meta name=\"robots\" content=\"index, follow, max-snippet:-1, max-image-preview:large, max-video-preview:-1\" \/>\n<link rel=\"canonical\" href=\"https:\/\/lospoliticosveracruz.com\/?p=2030\" \/>\n<meta property=\"og:locale\" content=\"es_ES\" \/>\n<meta property=\"og:type\" content=\"article\" \/>\n<meta property=\"og:title\" content=\"Dinero y pol\u00edtica - Los pol\u00edticos Veracruz\" \/>\n<meta property=\"og:description\" content=\"El agotamiento del subsistema de partidos pol\u00edticos en M\u00e9xico Eduardo de la Torre JaramilloEscenarios De los a\u00f1os cuarenta hasta la segunda d\u00e9cada de los a\u00f1os setenta del siglo XX en M\u00e9xico, el subsistema de partidos estuvo constituido por el PRI, la oposici\u00f3n leal fue el PAN, y los dos partidos \u201cparaestatales\u201d el PARM y el [&hellip;]\" \/>\n<meta property=\"og:url\" content=\"https:\/\/lospoliticosveracruz.com\/?p=2030\" \/>\n<meta property=\"og:site_name\" content=\"Los pol\u00edticos Veracruz\" \/>\n<meta property=\"article:publisher\" content=\"https:\/\/www.facebook.com\/people\/Notimemes-de-los-Polticos\/61565672886568\/\" \/>\n<meta property=\"article:published_time\" content=\"2014-09-26T13:32:00+00:00\" \/>\n<meta property=\"article:modified_time\" content=\"2014-10-11T01:49:02+00:00\" \/>\n<meta property=\"og:image\" content=\"http:\/\/www.lospoliticosveracruz.com.mx\/wp-content\/uploads\/2014\/09\/INE.jpg\" \/>\n<meta name=\"author\" content=\"lospoladmin\" \/>\n<meta name=\"twitter:card\" content=\"summary_large_image\" \/>\n<meta name=\"twitter:creator\" content=\"@LosPoliticosVer\" \/>\n<meta name=\"twitter:site\" content=\"@LosPoliticosVer\" \/>\n<meta name=\"twitter:label1\" content=\"Escrito por\" \/>\n\t<meta name=\"twitter:data1\" content=\"lospoladmin\" \/>\n\t<meta name=\"twitter:label2\" content=\"Tiempo de lectura\" \/>\n\t<meta name=\"twitter:data2\" content=\"6 minutos\" \/>\n<script type=\"application\/ld+json\" class=\"yoast-schema-graph\">{\"@context\":\"https:\\\/\\\/schema.org\",\"@graph\":[{\"@type\":\"Article\",\"@id\":\"https:\\\/\\\/lospoliticosveracruz.com\\\/?p=2030#article\",\"isPartOf\":{\"@id\":\"https:\\\/\\\/lospoliticosveracruz.com\\\/?p=2030\"},\"author\":{\"name\":\"lospoladmin\",\"@id\":\"https:\\\/\\\/lospoliticosveracruz.com\\\/#\\\/schema\\\/person\\\/c5fee8df75ee4700bd7f8e92859bd696\"},\"headline\":\"Dinero y pol\u00edtica\",\"datePublished\":\"2014-09-26T13:32:00+00:00\",\"dateModified\":\"2014-10-11T01:49:02+00:00\",\"mainEntityOfPage\":{\"@id\":\"https:\\\/\\\/lospoliticosveracruz.com\\\/?p=2030\"},\"wordCount\":1139,\"commentCount\":0,\"publisher\":{\"@id\":\"https:\\\/\\\/lospoliticosveracruz.com\\\/#organization\"},\"image\":{\"@id\":\"https:\\\/\\\/lospoliticosveracruz.com\\\/?p=2030#primaryimage\"},\"thumbnailUrl\":\"http:\\\/\\\/www.lospoliticosveracruz.com.mx\\\/wp-content\\\/uploads\\\/2014\\\/09\\\/INE.jpg\",\"keywords\":[\"COFIPE\",\"Gustavo Madero\",\"Jes\u00fas Ortega\",\"PAN\",\"PFCRN\",\"PRI\",\"PSUM\",\"PVEM\"],\"articleSection\":[\"De Opini\u00f3n\"],\"inLanguage\":\"es\",\"potentialAction\":[{\"@type\":\"CommentAction\",\"name\":\"Comment\",\"target\":[\"https:\\\/\\\/lospoliticosveracruz.com\\\/?p=2030#respond\"]}]},{\"@type\":\"WebPage\",\"@id\":\"https:\\\/\\\/lospoliticosveracruz.com\\\/?p=2030\",\"url\":\"https:\\\/\\\/lospoliticosveracruz.com\\\/?p=2030\",\"name\":\"Dinero y pol\u00edtica - Los pol\u00edticos Veracruz\",\"isPartOf\":{\"@id\":\"https:\\\/\\\/lospoliticosveracruz.com\\\/#website\"},\"primaryImageOfPage\":{\"@id\":\"https:\\\/\\\/lospoliticosveracruz.com\\\/?p=2030#primaryimage\"},\"image\":{\"@id\":\"https:\\\/\\\/lospoliticosveracruz.com\\\/?p=2030#primaryimage\"},\"thumbnailUrl\":\"http:\\\/\\\/www.lospoliticosveracruz.com.mx\\\/wp-content\\\/uploads\\\/2014\\\/09\\\/INE.jpg\",\"datePublished\":\"2014-09-26T13:32:00+00:00\",\"dateModified\":\"2014-10-11T01:49:02+00:00\",\"breadcrumb\":{\"@id\":\"https:\\\/\\\/lospoliticosveracruz.com\\\/?p=2030#breadcrumb\"},\"inLanguage\":\"es\",\"potentialAction\":[{\"@type\":\"ReadAction\",\"target\":[\"https:\\\/\\\/lospoliticosveracruz.com\\\/?p=2030\"]}]},{\"@type\":\"ImageObject\",\"inLanguage\":\"es\",\"@id\":\"https:\\\/\\\/lospoliticosveracruz.com\\\/?p=2030#primaryimage\",\"url\":\"http:\\\/\\\/www.lospoliticosveracruz.com.mx\\\/wp-content\\\/uploads\\\/2014\\\/09\\\/INE.jpg\",\"contentUrl\":\"http:\\\/\\\/www.lospoliticosveracruz.com.mx\\\/wp-content\\\/uploads\\\/2014\\\/09\\\/INE.jpg\"},{\"@type\":\"BreadcrumbList\",\"@id\":\"https:\\\/\\\/lospoliticosveracruz.com\\\/?p=2030#breadcrumb\",\"itemListElement\":[{\"@type\":\"ListItem\",\"position\":1,\"name\":\"Portada\",\"item\":\"https:\\\/\\\/lospoliticosveracruz.com\\\/\"},{\"@type\":\"ListItem\",\"position\":2,\"name\":\"Dinero y pol\u00edtica\"}]},{\"@type\":\"WebSite\",\"@id\":\"https:\\\/\\\/lospoliticosveracruz.com\\\/#website\",\"url\":\"https:\\\/\\\/lospoliticosveracruz.com\\\/\",\"name\":\"Los pol\u00edticos Veracruz\",\"description\":\"\",\"publisher\":{\"@id\":\"https:\\\/\\\/lospoliticosveracruz.com\\\/#organization\"},\"potentialAction\":[{\"@type\":\"SearchAction\",\"target\":{\"@type\":\"EntryPoint\",\"urlTemplate\":\"https:\\\/\\\/lospoliticosveracruz.com\\\/?s={search_term_string}\"},\"query-input\":{\"@type\":\"PropertyValueSpecification\",\"valueRequired\":true,\"valueName\":\"search_term_string\"}}],\"inLanguage\":\"es\"},{\"@type\":\"Organization\",\"@id\":\"https:\\\/\\\/lospoliticosveracruz.com\\\/#organization\",\"name\":\"Los pol\u00edticos Veracruz\",\"url\":\"https:\\\/\\\/lospoliticosveracruz.com\\\/\",\"logo\":{\"@type\":\"ImageObject\",\"inLanguage\":\"es\",\"@id\":\"https:\\\/\\\/lospoliticosveracruz.com\\\/#\\\/schema\\\/logo\\\/image\\\/\",\"url\":\"https:\\\/\\\/lospoliticosveracruz.com\\\/wp-content\\\/uploads\\\/2025\\\/12\\\/Logo-Nuevo-LOS-POLITICOS-1.jpg\",\"contentUrl\":\"https:\\\/\\\/lospoliticosveracruz.com\\\/wp-content\\\/uploads\\\/2025\\\/12\\\/Logo-Nuevo-LOS-POLITICOS-1.jpg\",\"width\":260,\"height\":70,\"caption\":\"Los pol\u00edticos Veracruz\"},\"image\":{\"@id\":\"https:\\\/\\\/lospoliticosveracruz.com\\\/#\\\/schema\\\/logo\\\/image\\\/\"},\"sameAs\":[\"https:\\\/\\\/www.facebook.com\\\/people\\\/Notimemes-de-los-Polticos\\\/61565672886568\\\/\",\"https:\\\/\\\/x.com\\\/LosPoliticosVer\"]},{\"@type\":\"Person\",\"@id\":\"https:\\\/\\\/lospoliticosveracruz.com\\\/#\\\/schema\\\/person\\\/c5fee8df75ee4700bd7f8e92859bd696\",\"name\":\"lospoladmin\",\"image\":{\"@type\":\"ImageObject\",\"inLanguage\":\"es\",\"@id\":\"https:\\\/\\\/secure.gravatar.com\\\/avatar\\\/f4a468785695515895c4d618820f242e33d3d72a0284244a0fad6d19795cb724?s=96&d=mm&r=g\",\"url\":\"https:\\\/\\\/secure.gravatar.com\\\/avatar\\\/f4a468785695515895c4d618820f242e33d3d72a0284244a0fad6d19795cb724?s=96&d=mm&r=g\",\"contentUrl\":\"https:\\\/\\\/secure.gravatar.com\\\/avatar\\\/f4a468785695515895c4d618820f242e33d3d72a0284244a0fad6d19795cb724?s=96&d=mm&r=g\",\"caption\":\"lospoladmin\"},\"url\":\"https:\\\/\\\/lospoliticosveracruz.com\\\/?author=1\"}]}<\/script>\n<!-- \/ Yoast SEO plugin. -->","yoast_head_json":{"title":"Dinero y pol\u00edtica - Los pol\u00edticos Veracruz","robots":{"index":"index","follow":"follow","max-snippet":"max-snippet:-1","max-image-preview":"max-image-preview:large","max-video-preview":"max-video-preview:-1"},"canonical":"https:\/\/lospoliticosveracruz.com\/?p=2030","og_locale":"es_ES","og_type":"article","og_title":"Dinero y pol\u00edtica - Los pol\u00edticos Veracruz","og_description":"El agotamiento del subsistema de partidos pol\u00edticos en M\u00e9xico Eduardo de la Torre JaramilloEscenarios De los a\u00f1os cuarenta hasta la segunda d\u00e9cada de los a\u00f1os setenta del siglo XX en M\u00e9xico, el subsistema de partidos estuvo constituido por el PRI, la oposici\u00f3n leal fue el PAN, y los dos partidos \u201cparaestatales\u201d el PARM y el [&hellip;]","og_url":"https:\/\/lospoliticosveracruz.com\/?p=2030","og_site_name":"Los pol\u00edticos Veracruz","article_publisher":"https:\/\/www.facebook.com\/people\/Notimemes-de-los-Polticos\/61565672886568\/","article_published_time":"2014-09-26T13:32:00+00:00","article_modified_time":"2014-10-11T01:49:02+00:00","og_image":[{"url":"http:\/\/www.lospoliticosveracruz.com.mx\/wp-content\/uploads\/2014\/09\/INE.jpg","type":"","width":"","height":""}],"author":"lospoladmin","twitter_card":"summary_large_image","twitter_creator":"@LosPoliticosVer","twitter_site":"@LosPoliticosVer","twitter_misc":{"Escrito por":"lospoladmin","Tiempo de lectura":"6 minutos"},"schema":{"@context":"https:\/\/schema.org","@graph":[{"@type":"Article","@id":"https:\/\/lospoliticosveracruz.com\/?p=2030#article","isPartOf":{"@id":"https:\/\/lospoliticosveracruz.com\/?p=2030"},"author":{"name":"lospoladmin","@id":"https:\/\/lospoliticosveracruz.com\/#\/schema\/person\/c5fee8df75ee4700bd7f8e92859bd696"},"headline":"Dinero y pol\u00edtica","datePublished":"2014-09-26T13:32:00+00:00","dateModified":"2014-10-11T01:49:02+00:00","mainEntityOfPage":{"@id":"https:\/\/lospoliticosveracruz.com\/?p=2030"},"wordCount":1139,"commentCount":0,"publisher":{"@id":"https:\/\/lospoliticosveracruz.com\/#organization"},"image":{"@id":"https:\/\/lospoliticosveracruz.com\/?p=2030#primaryimage"},"thumbnailUrl":"http:\/\/www.lospoliticosveracruz.com.mx\/wp-content\/uploads\/2014\/09\/INE.jpg","keywords":["COFIPE","Gustavo Madero","Jes\u00fas Ortega","PAN","PFCRN","PRI","PSUM","PVEM"],"articleSection":["De Opini\u00f3n"],"inLanguage":"es","potentialAction":[{"@type":"CommentAction","name":"Comment","target":["https:\/\/lospoliticosveracruz.com\/?p=2030#respond"]}]},{"@type":"WebPage","@id":"https:\/\/lospoliticosveracruz.com\/?p=2030","url":"https:\/\/lospoliticosveracruz.com\/?p=2030","name":"Dinero y pol\u00edtica - Los pol\u00edticos Veracruz","isPartOf":{"@id":"https:\/\/lospoliticosveracruz.com\/#website"},"primaryImageOfPage":{"@id":"https:\/\/lospoliticosveracruz.com\/?p=2030#primaryimage"},"image":{"@id":"https:\/\/lospoliticosveracruz.com\/?p=2030#primaryimage"},"thumbnailUrl":"http:\/\/www.lospoliticosveracruz.com.mx\/wp-content\/uploads\/2014\/09\/INE.jpg","datePublished":"2014-09-26T13:32:00+00:00","dateModified":"2014-10-11T01:49:02+00:00","breadcrumb":{"@id":"https:\/\/lospoliticosveracruz.com\/?p=2030#breadcrumb"},"inLanguage":"es","potentialAction":[{"@type":"ReadAction","target":["https:\/\/lospoliticosveracruz.com\/?p=2030"]}]},{"@type":"ImageObject","inLanguage":"es","@id":"https:\/\/lospoliticosveracruz.com\/?p=2030#primaryimage","url":"http:\/\/www.lospoliticosveracruz.com.mx\/wp-content\/uploads\/2014\/09\/INE.jpg","contentUrl":"http:\/\/www.lospoliticosveracruz.com.mx\/wp-content\/uploads\/2014\/09\/INE.jpg"},{"@type":"BreadcrumbList","@id":"https:\/\/lospoliticosveracruz.com\/?p=2030#breadcrumb","itemListElement":[{"@type":"ListItem","position":1,"name":"Portada","item":"https:\/\/lospoliticosveracruz.com\/"},{"@type":"ListItem","position":2,"name":"Dinero y pol\u00edtica"}]},{"@type":"WebSite","@id":"https:\/\/lospoliticosveracruz.com\/#website","url":"https:\/\/lospoliticosveracruz.com\/","name":"Los pol\u00edticos Veracruz","description":"","publisher":{"@id":"https:\/\/lospoliticosveracruz.com\/#organization"},"potentialAction":[{"@type":"SearchAction","target":{"@type":"EntryPoint","urlTemplate":"https:\/\/lospoliticosveracruz.com\/?s={search_term_string}"},"query-input":{"@type":"PropertyValueSpecification","valueRequired":true,"valueName":"search_term_string"}}],"inLanguage":"es"},{"@type":"Organization","@id":"https:\/\/lospoliticosveracruz.com\/#organization","name":"Los pol\u00edticos Veracruz","url":"https:\/\/lospoliticosveracruz.com\/","logo":{"@type":"ImageObject","inLanguage":"es","@id":"https:\/\/lospoliticosveracruz.com\/#\/schema\/logo\/image\/","url":"https:\/\/lospoliticosveracruz.com\/wp-content\/uploads\/2025\/12\/Logo-Nuevo-LOS-POLITICOS-1.jpg","contentUrl":"https:\/\/lospoliticosveracruz.com\/wp-content\/uploads\/2025\/12\/Logo-Nuevo-LOS-POLITICOS-1.jpg","width":260,"height":70,"caption":"Los pol\u00edticos Veracruz"},"image":{"@id":"https:\/\/lospoliticosveracruz.com\/#\/schema\/logo\/image\/"},"sameAs":["https:\/\/www.facebook.com\/people\/Notimemes-de-los-Polticos\/61565672886568\/","https:\/\/x.com\/LosPoliticosVer"]},{"@type":"Person","@id":"https:\/\/lospoliticosveracruz.com\/#\/schema\/person\/c5fee8df75ee4700bd7f8e92859bd696","name":"lospoladmin","image":{"@type":"ImageObject","inLanguage":"es","@id":"https:\/\/secure.gravatar.com\/avatar\/f4a468785695515895c4d618820f242e33d3d72a0284244a0fad6d19795cb724?s=96&d=mm&r=g","url":"https:\/\/secure.gravatar.com\/avatar\/f4a468785695515895c4d618820f242e33d3d72a0284244a0fad6d19795cb724?s=96&d=mm&r=g","contentUrl":"https:\/\/secure.gravatar.com\/avatar\/f4a468785695515895c4d618820f242e33d3d72a0284244a0fad6d19795cb724?s=96&d=mm&r=g","caption":"lospoladmin"},"url":"https:\/\/lospoliticosveracruz.com\/?author=1"}]}},"_links":{"self":[{"href":"https:\/\/lospoliticosveracruz.com\/index.php?rest_route=\/wp\/v2\/posts\/2030","targetHints":{"allow":["GET"]}}],"collection":[{"href":"https:\/\/lospoliticosveracruz.com\/index.php?rest_route=\/wp\/v2\/posts"}],"about":[{"href":"https:\/\/lospoliticosveracruz.com\/index.php?rest_route=\/wp\/v2\/types\/post"}],"author":[{"embeddable":true,"href":"https:\/\/lospoliticosveracruz.com\/index.php?rest_route=\/wp\/v2\/users\/1"}],"replies":[{"embeddable":true,"href":"https:\/\/lospoliticosveracruz.com\/index.php?rest_route=%2Fwp%2Fv2%2Fcomments&post=2030"}],"version-history":[{"count":1,"href":"https:\/\/lospoliticosveracruz.com\/index.php?rest_route=\/wp\/v2\/posts\/2030\/revisions"}],"predecessor-version":[{"id":12545,"href":"https:\/\/lospoliticosveracruz.com\/index.php?rest_route=\/wp\/v2\/posts\/2030\/revisions\/12545"}],"wp:attachment":[{"href":"https:\/\/lospoliticosveracruz.com\/index.php?rest_route=%2Fwp%2Fv2%2Fmedia&parent=2030"}],"wp:term":[{"taxonomy":"category","embeddable":true,"href":"https:\/\/lospoliticosveracruz.com\/index.php?rest_route=%2Fwp%2Fv2%2Fcategories&post=2030"},{"taxonomy":"post_tag","embeddable":true,"href":"https:\/\/lospoliticosveracruz.com\/index.php?rest_route=%2Fwp%2Fv2%2Ftags&post=2030"}],"curies":[{"name":"wp","href":"https:\/\/api.w.org\/{rel}","templated":true}]}}