{"id":2031,"date":"2014-09-26T02:36:00","date_gmt":"2014-09-26T02:36:00","guid":{"rendered":"http:\/\/www.lospoliticosveracruz.com.mx\/?p=2031"},"modified":"2014-10-11T01:50:50","modified_gmt":"2014-10-11T01:50:50","slug":"fofo-bermudez-y-diana","status":"publish","type":"post","link":"https:\/\/lospoliticosveracruz.com\/?p=2031","title":{"rendered":"Fofo, Berm\u00fadez y Diana"},"content":{"rendered":"<div style=\"clear: both; text-align: center;\"><a href=\"http:\/\/www.lospoliticosveracruz.com.mx\/wp-content\/uploads\/2014\/09\/Fofo-Bermudez-Diana.jpg\" style=\"margin-left: 1em; margin-right: 1em;\"><img loading=\"lazy\" decoding=\"async\" border=\"0\" src=\"http:\/\/www.lospoliticosveracruz.com.mx\/wp-content\/uploads\/2014\/09\/Fofo-Bermudez-Diana.jpg\" height=\"231\" width=\"320\" \/><\/a><\/div>\n<div><b><br \/><\/b><\/div>\n<p><b>Salvador Mu\u00f1oz<\/b><br \/><i>Los Pol\u00edticos<\/i><\/p>\n<p>\u201cEstimado Arturo Berm\u00fadez Zurita<br \/>Secretario de Seguridad P\u00fablica<br \/>Sirvan las presentes l\u00edneas para desearle se encuentre bien de salud en compa\u00f1\u00eda de todos sus jen\u00edzaros. Del mismo modo, a trav\u00e9s de \u00e9stas, quisiera darle a conocer que nuestra organizaci\u00f3n desea \u2018romperle la madre\u2019 a todos los xalape\u00f1os que circulan por el centro, en aras de poder sacarle \u2018una tajada de pastel\u2019 al secretario de Gobierno pues es la fecha que no \u2018se cae\u2019 con lo establecido para evitar precisamente estos \u2018desmadres\u2019 en el centro de la ciudad. Por lo que, en espera de su autorizaci\u00f3n, le anunciamos (con su aval o sin su aval) nuestro plant\u00f3n en la Plaza Lerdo, as\u00ed como manifestaci\u00f3n sobre la calle de Enr\u00edquez, para el d\u00eda de ma\u00f1ana.<br \/>Atentamente<br \/>El l\u00edder vividor de cualquier organizaci\u00f3n\u201d.<a name='more'><\/a><\/p>\n<p>II<br \/>Bueno, as\u00ed me imagino que ha de funcionar la nueva Ley de Tr\u00e1nsito que propone el diputado \u201cFofo\u201d Ram\u00edrez Arana, donde la propuesta principal ser\u00e1 que marchas y plantones cuenten con la autorizaci\u00f3n de la secretar\u00eda de Seguridad P\u00fablica, previo permiso. As\u00ed mismo, SSP tendr\u00e1 la facultad incluso de desalojo\u2026 \u00bfo sea que cuando lo hac\u00eda, era ilegal?<br \/>Para algunos, esto no deja de ser una clara violaci\u00f3n a la libertad de tr\u00e1nsito y expresi\u00f3n aunque para otros, es una forma de salvaguardar los dem\u00e1s derechos de los veracruzanos que, de alg\u00fan modo, son agredidos en sus actividades cuando hay un bloqueo; aunque sigue siendo m\u00e1s ofensivo cuando se encueran los 400 Pueblos junto con el diputado Marco Antonio del \u00c1ngel.<br \/>Y por favor, cuando se habla de Libertad de Tr\u00e1nsito, que esto no se confunda con que las patrullas de Tr\u00e1nsito del Estado circulen con placas de carros particulares como alcanc\u00e9 a ver camino a casa\u2026 tra\u00edan la placa YEB 6453\u2026 \u00bfPatrullas Pirata?<br \/>Como sea, el tema ha de fomentar pol\u00e9mica.<\/p>\n<p>III<br \/>Sin embargo, creo que la mayor\u00eda de la gente est\u00e1 de acuerdo en que las personas manifiesten sus ideas siempre y cuando no violenten el tr\u00e1nsito tanto peatonal como vehicular\u2026 aunque claro, hay veces en que se tiene que estar en los zapatos de un manifestante (de a devis) para entender su impotencia ante alguna autoridad que presta o\u00eddos sordos a sus demandas.<br \/>Un plant\u00f3n llega a desesperar a m\u00e1s de uno y los casos en que se revienta contra el manifestante, est\u00e1n a la vista\u2026 el m\u00e1s recordado, quiz\u00e1s, el de Liliana Gonz\u00e1lez Morales, a la altura del Tec de Xalapa, quien fue acusada de arrollar a miembros de Antorcha Campesina. Y le pusieron \u201cLady An\u00e1huac\u201d.<br \/>Y el m\u00e1s fresco, el de Diana Santiago Huesca, coordinadora de Enlace Gubernamental y Asesores del Ayuntamiento de Xalapa, quien est\u00e1 entre la espada y la pared, pues por un lado, negaba haber atropellado a un agente de Tr\u00e1nsito pero admiti\u00f3 lo siguiente: \u201cen efecto, quise meterme en sentido contrario en desesperaci\u00f3n por llegar al callej\u00f3n de Rojas (a un costado de Palacio Municipal), y acept\u00e9 sin problemas la multa\u201d, pero por otro lado, existe la versi\u00f3n de que arroll\u00f3 a la oficial Consuelo del Carmen Olivares Mateos, quien result\u00f3 con heridas en las rodillas, al marcarle el alto a la funcionaria municipal que conduc\u00eda una Journey negra, pues se meti\u00f3 en sentido contrario en la calle de Ju\u00e1rez, a la altura de Revoluci\u00f3n para evitar la manifestaci\u00f3n del Movimiento Antorchista.<br \/>Si bien fue infraccionada, \u00bfno hay ultrajes a la autoridad? \u00bftampoco conducci\u00f3n con temeridad al conducir en sentido contrario? \u00bfhasta otro tipo de delitos?<br \/>Pero lo maravilloso del caso es que quien fue castigada fue la agente de Tr\u00e1nsito por negarse a aceptar las disculpas que le ofreci\u00f3 la funcionaria por casi matarla, de acuerdo a informaci\u00f3n del portal \u201cRadiover\u201d\u2026<br \/>Justicia es justicia. A Lady An\u00e1huac la metieron a la c\u00e1rcel y \u201cla insolente\u201d Consuelo recibi\u00f3 su sanci\u00f3n administrativa por ponerse majadera con una \u201cinfluyente\u201d.<\/p>\n<p>smcainito@gmail.com<\/p>\n","protected":false},"excerpt":{"rendered":"<p>Salvador Mu\u00f1ozLos Pol\u00edticos \u201cEstimado Arturo Berm\u00fadez ZuritaSecretario de Seguridad P\u00fablicaSirvan las presentes l\u00edneas para desearle se encuentre bien de salud en compa\u00f1\u00eda de todos sus jen\u00edzaros. Del mismo modo, a trav\u00e9s de \u00e9stas, quisiera darle a conocer que nuestra organizaci\u00f3n desea \u2018romperle la madre\u2019 a todos los xalape\u00f1os que circulan por el centro, en aras [&hellip;]<\/p>\n","protected":false},"author":1,"featured_media":0,"comment_status":"open","ping_status":"open","sticky":false,"template":"","format":"standard","meta":{"tdm_status":"","tdm_grid_status":"","footnotes":""},"categories":[70],"tags":[83,270,210,177],"class_list":{"0":"post-2031","1":"post","2":"type-post","3":"status-publish","4":"format-standard","6":"category-de-opinion","7":"tag-diana-santiago","8":"tag-marco-antonio-del-angel","9":"tag-ramirez-arana","10":"tag-seguridad-publica"},"yoast_head":"<!-- This site is optimized with the Yoast SEO plugin v27.4 - https:\/\/yoast.com\/product\/yoast-seo-wordpress\/ -->\n<title>Fofo, Berm\u00fadez y Diana - Los pol\u00edticos Veracruz<\/title>\n<meta name=\"robots\" content=\"index, follow, max-snippet:-1, max-image-preview:large, max-video-preview:-1\" \/>\n<link rel=\"canonical\" href=\"https:\/\/lospoliticosveracruz.com\/?p=2031\" \/>\n<meta property=\"og:locale\" content=\"es_ES\" \/>\n<meta property=\"og:type\" content=\"article\" \/>\n<meta property=\"og:title\" content=\"Fofo, Berm\u00fadez y Diana - Los pol\u00edticos Veracruz\" \/>\n<meta property=\"og:description\" content=\"Salvador Mu\u00f1ozLos Pol\u00edticos \u201cEstimado Arturo Berm\u00fadez ZuritaSecretario de Seguridad P\u00fablicaSirvan las presentes l\u00edneas para desearle se encuentre bien de salud en compa\u00f1\u00eda de todos sus jen\u00edzaros. Del mismo modo, a trav\u00e9s de \u00e9stas, quisiera darle a conocer que nuestra organizaci\u00f3n desea \u2018romperle la madre\u2019 a todos los xalape\u00f1os que circulan por el centro, en aras [&hellip;]\" \/>\n<meta property=\"og:url\" content=\"https:\/\/lospoliticosveracruz.com\/?p=2031\" \/>\n<meta property=\"og:site_name\" content=\"Los pol\u00edticos Veracruz\" \/>\n<meta property=\"article:publisher\" content=\"https:\/\/www.facebook.com\/people\/Notimemes-de-los-Polticos\/61565672886568\/\" \/>\n<meta property=\"article:published_time\" content=\"2014-09-26T02:36:00+00:00\" \/>\n<meta property=\"article:modified_time\" content=\"2014-10-11T01:50:50+00:00\" \/>\n<meta property=\"og:image\" content=\"http:\/\/www.lospoliticosveracruz.com.mx\/wp-content\/uploads\/2014\/09\/Fofo-Bermudez-Diana.jpg\" \/>\n<meta name=\"author\" content=\"lospoladmin\" \/>\n<meta name=\"twitter:card\" content=\"summary_large_image\" \/>\n<meta name=\"twitter:creator\" content=\"@LosPoliticosVer\" \/>\n<meta name=\"twitter:site\" content=\"@LosPoliticosVer\" \/>\n<meta name=\"twitter:label1\" content=\"Escrito por\" \/>\n\t<meta name=\"twitter:data1\" content=\"lospoladmin\" \/>\n\t<meta name=\"twitter:label2\" content=\"Tiempo de lectura\" \/>\n\t<meta name=\"twitter:data2\" content=\"3 minutos\" \/>\n<script type=\"application\/ld+json\" class=\"yoast-schema-graph\">{\"@context\":\"https:\\\/\\\/schema.org\",\"@graph\":[{\"@type\":\"Article\",\"@id\":\"https:\\\/\\\/lospoliticosveracruz.com\\\/?p=2031#article\",\"isPartOf\":{\"@id\":\"https:\\\/\\\/lospoliticosveracruz.com\\\/?p=2031\"},\"author\":{\"name\":\"lospoladmin\",\"@id\":\"https:\\\/\\\/lospoliticosveracruz.com\\\/#\\\/schema\\\/person\\\/c5fee8df75ee4700bd7f8e92859bd696\"},\"headline\":\"Fofo, Berm\u00fadez y Diana\",\"datePublished\":\"2014-09-26T02:36:00+00:00\",\"dateModified\":\"2014-10-11T01:50:50+00:00\",\"mainEntityOfPage\":{\"@id\":\"https:\\\/\\\/lospoliticosveracruz.com\\\/?p=2031\"},\"wordCount\":701,\"commentCount\":0,\"publisher\":{\"@id\":\"https:\\\/\\\/lospoliticosveracruz.com\\\/#organization\"},\"image\":{\"@id\":\"https:\\\/\\\/lospoliticosveracruz.com\\\/?p=2031#primaryimage\"},\"thumbnailUrl\":\"http:\\\/\\\/www.lospoliticosveracruz.com.mx\\\/wp-content\\\/uploads\\\/2014\\\/09\\\/Fofo-Bermudez-Diana.jpg\",\"keywords\":[\"Diana Santiago\",\"Marco Antonio del \u00c1ngel\",\"Ram\u00edrez Arana\",\"Seguridad P\u00fablica\"],\"articleSection\":[\"De Opini\u00f3n\"],\"inLanguage\":\"es\",\"potentialAction\":[{\"@type\":\"CommentAction\",\"name\":\"Comment\",\"target\":[\"https:\\\/\\\/lospoliticosveracruz.com\\\/?p=2031#respond\"]}]},{\"@type\":\"WebPage\",\"@id\":\"https:\\\/\\\/lospoliticosveracruz.com\\\/?p=2031\",\"url\":\"https:\\\/\\\/lospoliticosveracruz.com\\\/?p=2031\",\"name\":\"Fofo, Berm\u00fadez y Diana - Los pol\u00edticos Veracruz\",\"isPartOf\":{\"@id\":\"https:\\\/\\\/lospoliticosveracruz.com\\\/#website\"},\"primaryImageOfPage\":{\"@id\":\"https:\\\/\\\/lospoliticosveracruz.com\\\/?p=2031#primaryimage\"},\"image\":{\"@id\":\"https:\\\/\\\/lospoliticosveracruz.com\\\/?p=2031#primaryimage\"},\"thumbnailUrl\":\"http:\\\/\\\/www.lospoliticosveracruz.com.mx\\\/wp-content\\\/uploads\\\/2014\\\/09\\\/Fofo-Bermudez-Diana.jpg\",\"datePublished\":\"2014-09-26T02:36:00+00:00\",\"dateModified\":\"2014-10-11T01:50:50+00:00\",\"breadcrumb\":{\"@id\":\"https:\\\/\\\/lospoliticosveracruz.com\\\/?p=2031#breadcrumb\"},\"inLanguage\":\"es\",\"potentialAction\":[{\"@type\":\"ReadAction\",\"target\":[\"https:\\\/\\\/lospoliticosveracruz.com\\\/?p=2031\"]}]},{\"@type\":\"ImageObject\",\"inLanguage\":\"es\",\"@id\":\"https:\\\/\\\/lospoliticosveracruz.com\\\/?p=2031#primaryimage\",\"url\":\"http:\\\/\\\/www.lospoliticosveracruz.com.mx\\\/wp-content\\\/uploads\\\/2014\\\/09\\\/Fofo-Bermudez-Diana.jpg\",\"contentUrl\":\"http:\\\/\\\/www.lospoliticosveracruz.com.mx\\\/wp-content\\\/uploads\\\/2014\\\/09\\\/Fofo-Bermudez-Diana.jpg\"},{\"@type\":\"BreadcrumbList\",\"@id\":\"https:\\\/\\\/lospoliticosveracruz.com\\\/?p=2031#breadcrumb\",\"itemListElement\":[{\"@type\":\"ListItem\",\"position\":1,\"name\":\"Portada\",\"item\":\"https:\\\/\\\/lospoliticosveracruz.com\\\/\"},{\"@type\":\"ListItem\",\"position\":2,\"name\":\"Fofo, Berm\u00fadez y Diana\"}]},{\"@type\":\"WebSite\",\"@id\":\"https:\\\/\\\/lospoliticosveracruz.com\\\/#website\",\"url\":\"https:\\\/\\\/lospoliticosveracruz.com\\\/\",\"name\":\"Los pol\u00edticos Veracruz\",\"description\":\"\",\"publisher\":{\"@id\":\"https:\\\/\\\/lospoliticosveracruz.com\\\/#organization\"},\"potentialAction\":[{\"@type\":\"SearchAction\",\"target\":{\"@type\":\"EntryPoint\",\"urlTemplate\":\"https:\\\/\\\/lospoliticosveracruz.com\\\/?s={search_term_string}\"},\"query-input\":{\"@type\":\"PropertyValueSpecification\",\"valueRequired\":true,\"valueName\":\"search_term_string\"}}],\"inLanguage\":\"es\"},{\"@type\":\"Organization\",\"@id\":\"https:\\\/\\\/lospoliticosveracruz.com\\\/#organization\",\"name\":\"Los pol\u00edticos Veracruz\",\"url\":\"https:\\\/\\\/lospoliticosveracruz.com\\\/\",\"logo\":{\"@type\":\"ImageObject\",\"inLanguage\":\"es\",\"@id\":\"https:\\\/\\\/lospoliticosveracruz.com\\\/#\\\/schema\\\/logo\\\/image\\\/\",\"url\":\"https:\\\/\\\/lospoliticosveracruz.com\\\/wp-content\\\/uploads\\\/2025\\\/12\\\/Logo-Nuevo-LOS-POLITICOS-1.jpg\",\"contentUrl\":\"https:\\\/\\\/lospoliticosveracruz.com\\\/wp-content\\\/uploads\\\/2025\\\/12\\\/Logo-Nuevo-LOS-POLITICOS-1.jpg\",\"width\":260,\"height\":70,\"caption\":\"Los pol\u00edticos Veracruz\"},\"image\":{\"@id\":\"https:\\\/\\\/lospoliticosveracruz.com\\\/#\\\/schema\\\/logo\\\/image\\\/\"},\"sameAs\":[\"https:\\\/\\\/www.facebook.com\\\/people\\\/Notimemes-de-los-Polticos\\\/61565672886568\\\/\",\"https:\\\/\\\/x.com\\\/LosPoliticosVer\"]},{\"@type\":\"Person\",\"@id\":\"https:\\\/\\\/lospoliticosveracruz.com\\\/#\\\/schema\\\/person\\\/c5fee8df75ee4700bd7f8e92859bd696\",\"name\":\"lospoladmin\",\"image\":{\"@type\":\"ImageObject\",\"inLanguage\":\"es\",\"@id\":\"https:\\\/\\\/secure.gravatar.com\\\/avatar\\\/f4a468785695515895c4d618820f242e33d3d72a0284244a0fad6d19795cb724?s=96&d=mm&r=g\",\"url\":\"https:\\\/\\\/secure.gravatar.com\\\/avatar\\\/f4a468785695515895c4d618820f242e33d3d72a0284244a0fad6d19795cb724?s=96&d=mm&r=g\",\"contentUrl\":\"https:\\\/\\\/secure.gravatar.com\\\/avatar\\\/f4a468785695515895c4d618820f242e33d3d72a0284244a0fad6d19795cb724?s=96&d=mm&r=g\",\"caption\":\"lospoladmin\"},\"url\":\"https:\\\/\\\/lospoliticosveracruz.com\\\/?author=1\"}]}<\/script>\n<!-- \/ Yoast SEO plugin. -->","yoast_head_json":{"title":"Fofo, Berm\u00fadez y Diana - Los pol\u00edticos Veracruz","robots":{"index":"index","follow":"follow","max-snippet":"max-snippet:-1","max-image-preview":"max-image-preview:large","max-video-preview":"max-video-preview:-1"},"canonical":"https:\/\/lospoliticosveracruz.com\/?p=2031","og_locale":"es_ES","og_type":"article","og_title":"Fofo, Berm\u00fadez y Diana - Los pol\u00edticos Veracruz","og_description":"Salvador Mu\u00f1ozLos Pol\u00edticos \u201cEstimado Arturo Berm\u00fadez ZuritaSecretario de Seguridad P\u00fablicaSirvan las presentes l\u00edneas para desearle se encuentre bien de salud en compa\u00f1\u00eda de todos sus jen\u00edzaros. Del mismo modo, a trav\u00e9s de \u00e9stas, quisiera darle a conocer que nuestra organizaci\u00f3n desea \u2018romperle la madre\u2019 a todos los xalape\u00f1os que circulan por el centro, en aras [&hellip;]","og_url":"https:\/\/lospoliticosveracruz.com\/?p=2031","og_site_name":"Los pol\u00edticos Veracruz","article_publisher":"https:\/\/www.facebook.com\/people\/Notimemes-de-los-Polticos\/61565672886568\/","article_published_time":"2014-09-26T02:36:00+00:00","article_modified_time":"2014-10-11T01:50:50+00:00","og_image":[{"url":"http:\/\/www.lospoliticosveracruz.com.mx\/wp-content\/uploads\/2014\/09\/Fofo-Bermudez-Diana.jpg","type":"","width":"","height":""}],"author":"lospoladmin","twitter_card":"summary_large_image","twitter_creator":"@LosPoliticosVer","twitter_site":"@LosPoliticosVer","twitter_misc":{"Escrito por":"lospoladmin","Tiempo de lectura":"3 minutos"},"schema":{"@context":"https:\/\/schema.org","@graph":[{"@type":"Article","@id":"https:\/\/lospoliticosveracruz.com\/?p=2031#article","isPartOf":{"@id":"https:\/\/lospoliticosveracruz.com\/?p=2031"},"author":{"name":"lospoladmin","@id":"https:\/\/lospoliticosveracruz.com\/#\/schema\/person\/c5fee8df75ee4700bd7f8e92859bd696"},"headline":"Fofo, Berm\u00fadez y Diana","datePublished":"2014-09-26T02:36:00+00:00","dateModified":"2014-10-11T01:50:50+00:00","mainEntityOfPage":{"@id":"https:\/\/lospoliticosveracruz.com\/?p=2031"},"wordCount":701,"commentCount":0,"publisher":{"@id":"https:\/\/lospoliticosveracruz.com\/#organization"},"image":{"@id":"https:\/\/lospoliticosveracruz.com\/?p=2031#primaryimage"},"thumbnailUrl":"http:\/\/www.lospoliticosveracruz.com.mx\/wp-content\/uploads\/2014\/09\/Fofo-Bermudez-Diana.jpg","keywords":["Diana Santiago","Marco Antonio del \u00c1ngel","Ram\u00edrez Arana","Seguridad P\u00fablica"],"articleSection":["De Opini\u00f3n"],"inLanguage":"es","potentialAction":[{"@type":"CommentAction","name":"Comment","target":["https:\/\/lospoliticosveracruz.com\/?p=2031#respond"]}]},{"@type":"WebPage","@id":"https:\/\/lospoliticosveracruz.com\/?p=2031","url":"https:\/\/lospoliticosveracruz.com\/?p=2031","name":"Fofo, Berm\u00fadez y Diana - Los pol\u00edticos Veracruz","isPartOf":{"@id":"https:\/\/lospoliticosveracruz.com\/#website"},"primaryImageOfPage":{"@id":"https:\/\/lospoliticosveracruz.com\/?p=2031#primaryimage"},"image":{"@id":"https:\/\/lospoliticosveracruz.com\/?p=2031#primaryimage"},"thumbnailUrl":"http:\/\/www.lospoliticosveracruz.com.mx\/wp-content\/uploads\/2014\/09\/Fofo-Bermudez-Diana.jpg","datePublished":"2014-09-26T02:36:00+00:00","dateModified":"2014-10-11T01:50:50+00:00","breadcrumb":{"@id":"https:\/\/lospoliticosveracruz.com\/?p=2031#breadcrumb"},"inLanguage":"es","potentialAction":[{"@type":"ReadAction","target":["https:\/\/lospoliticosveracruz.com\/?p=2031"]}]},{"@type":"ImageObject","inLanguage":"es","@id":"https:\/\/lospoliticosveracruz.com\/?p=2031#primaryimage","url":"http:\/\/www.lospoliticosveracruz.com.mx\/wp-content\/uploads\/2014\/09\/Fofo-Bermudez-Diana.jpg","contentUrl":"http:\/\/www.lospoliticosveracruz.com.mx\/wp-content\/uploads\/2014\/09\/Fofo-Bermudez-Diana.jpg"},{"@type":"BreadcrumbList","@id":"https:\/\/lospoliticosveracruz.com\/?p=2031#breadcrumb","itemListElement":[{"@type":"ListItem","position":1,"name":"Portada","item":"https:\/\/lospoliticosveracruz.com\/"},{"@type":"ListItem","position":2,"name":"Fofo, Berm\u00fadez y Diana"}]},{"@type":"WebSite","@id":"https:\/\/lospoliticosveracruz.com\/#website","url":"https:\/\/lospoliticosveracruz.com\/","name":"Los pol\u00edticos Veracruz","description":"","publisher":{"@id":"https:\/\/lospoliticosveracruz.com\/#organization"},"potentialAction":[{"@type":"SearchAction","target":{"@type":"EntryPoint","urlTemplate":"https:\/\/lospoliticosveracruz.com\/?s={search_term_string}"},"query-input":{"@type":"PropertyValueSpecification","valueRequired":true,"valueName":"search_term_string"}}],"inLanguage":"es"},{"@type":"Organization","@id":"https:\/\/lospoliticosveracruz.com\/#organization","name":"Los pol\u00edticos Veracruz","url":"https:\/\/lospoliticosveracruz.com\/","logo":{"@type":"ImageObject","inLanguage":"es","@id":"https:\/\/lospoliticosveracruz.com\/#\/schema\/logo\/image\/","url":"https:\/\/lospoliticosveracruz.com\/wp-content\/uploads\/2025\/12\/Logo-Nuevo-LOS-POLITICOS-1.jpg","contentUrl":"https:\/\/lospoliticosveracruz.com\/wp-content\/uploads\/2025\/12\/Logo-Nuevo-LOS-POLITICOS-1.jpg","width":260,"height":70,"caption":"Los pol\u00edticos Veracruz"},"image":{"@id":"https:\/\/lospoliticosveracruz.com\/#\/schema\/logo\/image\/"},"sameAs":["https:\/\/www.facebook.com\/people\/Notimemes-de-los-Polticos\/61565672886568\/","https:\/\/x.com\/LosPoliticosVer"]},{"@type":"Person","@id":"https:\/\/lospoliticosveracruz.com\/#\/schema\/person\/c5fee8df75ee4700bd7f8e92859bd696","name":"lospoladmin","image":{"@type":"ImageObject","inLanguage":"es","@id":"https:\/\/secure.gravatar.com\/avatar\/f4a468785695515895c4d618820f242e33d3d72a0284244a0fad6d19795cb724?s=96&d=mm&r=g","url":"https:\/\/secure.gravatar.com\/avatar\/f4a468785695515895c4d618820f242e33d3d72a0284244a0fad6d19795cb724?s=96&d=mm&r=g","contentUrl":"https:\/\/secure.gravatar.com\/avatar\/f4a468785695515895c4d618820f242e33d3d72a0284244a0fad6d19795cb724?s=96&d=mm&r=g","caption":"lospoladmin"},"url":"https:\/\/lospoliticosveracruz.com\/?author=1"}]}},"_links":{"self":[{"href":"https:\/\/lospoliticosveracruz.com\/index.php?rest_route=\/wp\/v2\/posts\/2031","targetHints":{"allow":["GET"]}}],"collection":[{"href":"https:\/\/lospoliticosveracruz.com\/index.php?rest_route=\/wp\/v2\/posts"}],"about":[{"href":"https:\/\/lospoliticosveracruz.com\/index.php?rest_route=\/wp\/v2\/types\/post"}],"author":[{"embeddable":true,"href":"https:\/\/lospoliticosveracruz.com\/index.php?rest_route=\/wp\/v2\/users\/1"}],"replies":[{"embeddable":true,"href":"https:\/\/lospoliticosveracruz.com\/index.php?rest_route=%2Fwp%2Fv2%2Fcomments&post=2031"}],"version-history":[{"count":1,"href":"https:\/\/lospoliticosveracruz.com\/index.php?rest_route=\/wp\/v2\/posts\/2031\/revisions"}],"predecessor-version":[{"id":12546,"href":"https:\/\/lospoliticosveracruz.com\/index.php?rest_route=\/wp\/v2\/posts\/2031\/revisions\/12546"}],"wp:attachment":[{"href":"https:\/\/lospoliticosveracruz.com\/index.php?rest_route=%2Fwp%2Fv2%2Fmedia&parent=2031"}],"wp:term":[{"taxonomy":"category","embeddable":true,"href":"https:\/\/lospoliticosveracruz.com\/index.php?rest_route=%2Fwp%2Fv2%2Fcategories&post=2031"},{"taxonomy":"post_tag","embeddable":true,"href":"https:\/\/lospoliticosveracruz.com\/index.php?rest_route=%2Fwp%2Fv2%2Ftags&post=2031"}],"curies":[{"name":"wp","href":"https:\/\/api.w.org\/{rel}","templated":true}]}}