{"id":2032,"date":"2014-09-26T02:24:00","date_gmt":"2014-09-26T02:24:00","guid":{"rendered":"http:\/\/www.lospoliticosveracruz.com.mx\/?p=2032"},"modified":"2014-10-11T01:52:20","modified_gmt":"2014-10-11T01:52:20","slug":"leyes-rebasadas","status":"publish","type":"post","link":"https:\/\/lospoliticosveracruz.com\/?p=2032","title":{"rendered":"Leyes rebasadas"},"content":{"rendered":"<div style=\"clear: both; text-align: center;\"><a href=\"http:\/\/www.lospoliticosveracruz.com.mx\/wp-content\/uploads\/2014\/09\/Anilu-CC-81.jpg\" style=\"margin-left: 1em; margin-right: 1em;\"><img loading=\"lazy\" decoding=\"async\" border=\"0\" src=\"http:\/\/www.lospoliticosveracruz.com.mx\/wp-content\/uploads\/2014\/09\/Anilu-CC-81.jpg\" height=\"213\" width=\"320\" \/><\/a><\/div>\n<div><b><br \/><\/b><\/div>\n<p><b>Luis Alberto Romero<\/b><br \/><i>Hora Cero<\/i><\/p>\n<p>Ayer, en la Legislatura local, la diputada Anil\u00fa Ingram Vallines present\u00f3 una iniciativa para reformar el C\u00f3digo Civil para el Estado de Veracruz; en su participaci\u00f3n en tribuna, la presidenta de la Mesa Directiva de la Diputaci\u00f3n Permanente expuso que algunas disposiciones de dicho ordenamiento jur\u00eddico son actualmente obsoletas, por lo que deben ser modificadas.<br \/>En particular, Anil\u00fa Ingram se refiri\u00f3 al Registro Civil y particularmente a la necesaria derogaci\u00f3n del Art\u00edculo 94 del C\u00f3digo, que establece que para casarse luego de un divorcio, la mujer debe esperar 300 d\u00edas para la disoluci\u00f3n del anterior matrimonio.<a name='more'><\/a><br \/>Asimismo,  habl\u00f3 de la importancia de modificar el Art\u00edculo 225, que se\u00f1ala que, legalmente, son hijos de un matrimonio los nacidos despu\u00e9s de 180 d\u00edas de la celebraci\u00f3n de un enlace matrimonial; la diputada propuso la modificaci\u00f3n al C\u00f3digo para reconocer como hijos a quienes nazcan a partir de la celebraci\u00f3n del matrimonio.<br \/>Esa iniciativa incluye la propuesta para derogar el Art\u00edculo 300, que indica que el c\u00f3nyuge podr\u00e1 reconocer al hijo habido antes de su matrimonio sin el consentimiento de la pareja, pero no podr\u00e1 llevarlo a vivir al domicilio conyugal sin su consentimiento expreso.<br \/>Esta revisi\u00f3n a la ley, que realiza la legisladora por el Distrito XX de Veracruz, resulta sana y tambi\u00e9n muy importante porque, en efecto, muchas de las leyes que actualmente nos rigen est\u00e1n ya desfasadas y rebasadas por la realidad, los nuevos tiempos y las circunstancias de la sociedad veracruzana.<br \/>Sobran ejemplos; todav\u00eda est\u00e1 vigente la Ley Contra el Lucro Inmoderado de 1968, que impone 5 a\u00f1os de prisi\u00f3n y multas de risa, entre 50 a 5 mil pesos, a quien almacene art\u00edculos de consumo necesario, incluyendo medicinas, combustibles, llantas o refacciones durante m\u00e1s de 3 meses, a precios mayores a los oficiales.<br \/>Tambi\u00e9n est\u00e1 la Ley Contra el Ruido en el Estado de Veracruz de 1942, que todav\u00eda se refiere al uso de sinfonolas y toca-discos.<br \/>En 1963 fue aprobada la Ley de Campa\u00f1a para la Erradicaci\u00f3n de la Garrapata en la Ganader\u00eda del estado, que establece multas de 50 pesos para quienes contribuyan a la dispersi\u00f3n de los artr\u00f3podos.<br \/>En Veracruz tenemos 149 leyes vigentes; algunas de ellas, por su antig\u00fcedad ya resultan de urgente modificaci\u00f3n para adaptarlas a la nueva realidad social; la Ley del Inquilinato para el Estado de Veracruz, de 1937, por ejemplo, habla de contratos de arrendamiento de duraci\u00f3n indefinida y proh\u00edbe las fianzas y los dep\u00f3sitos, una pr\u00e1ctica que ya es com\u00fan.<br \/>La Ley Relativa a la Prostituci\u00f3n y de Profilaxis Social, de 1943, se\u00f1ala que no podr\u00e1n ejercer la prostituci\u00f3n, textual, \u201clas inconscientes, por deficiencia intelectual, a juicio de las autoridades sanitarias\u201d. Por cierto, ese documento establece sanciones de hasta 99 pesos con 99 centavos y, trat\u00e1ndose de obreros o jornaleros, de uno a siete d\u00edas de utilidad.<br \/>Bien har\u00edan los diputados en realizar una revisi\u00f3n minuciosa de las leyes veracruzanas, a fin de modificarlas para adaptarlas a los nuevos tiempos de la entidad, o, en su caso, derogar las que ya est\u00e9n desfasadas, como en los art\u00edculos que se\u00f1ala la presidenta de la mesa directiva en el Congreso local. @luisromero85<\/p>\n","protected":false},"excerpt":{"rendered":"<p>Luis Alberto RomeroHora Cero Ayer, en la Legislatura local, la diputada Anil\u00fa Ingram Vallines present\u00f3 una iniciativa para reformar el C\u00f3digo Civil para el Estado de Veracruz; en su participaci\u00f3n en tribuna, la presidenta de la Mesa Directiva de la Diputaci\u00f3n Permanente expuso que algunas disposiciones de dicho ordenamiento jur\u00eddico son actualmente obsoletas, por lo [&hellip;]<\/p>\n","protected":false},"author":1,"featured_media":0,"comment_status":"open","ping_status":"open","sticky":false,"template":"","format":"standard","meta":{"tdm_status":"","tdm_grid_status":"","footnotes":""},"categories":[70],"tags":[271,195],"class_list":{"0":"post-2032","1":"post","2":"type-post","3":"status-publish","4":"format-standard","6":"category-de-opinion","7":"tag-codigo-civil","8":"tag-veracruz"},"yoast_head":"<!-- This site is optimized with the Yoast SEO plugin v27.4 - https:\/\/yoast.com\/product\/yoast-seo-wordpress\/ -->\n<title>Leyes rebasadas - Los pol\u00edticos Veracruz<\/title>\n<meta name=\"robots\" content=\"index, follow, max-snippet:-1, max-image-preview:large, max-video-preview:-1\" \/>\n<link rel=\"canonical\" href=\"https:\/\/lospoliticosveracruz.com\/?p=2032\" \/>\n<meta property=\"og:locale\" content=\"es_ES\" \/>\n<meta property=\"og:type\" content=\"article\" \/>\n<meta property=\"og:title\" content=\"Leyes rebasadas - Los pol\u00edticos Veracruz\" \/>\n<meta property=\"og:description\" content=\"Luis Alberto RomeroHora Cero Ayer, en la Legislatura local, la diputada Anil\u00fa Ingram Vallines present\u00f3 una iniciativa para reformar el C\u00f3digo Civil para el Estado de Veracruz; en su participaci\u00f3n en tribuna, la presidenta de la Mesa Directiva de la Diputaci\u00f3n Permanente expuso que algunas disposiciones de dicho ordenamiento jur\u00eddico son actualmente obsoletas, por lo [&hellip;]\" \/>\n<meta property=\"og:url\" content=\"https:\/\/lospoliticosveracruz.com\/?p=2032\" \/>\n<meta property=\"og:site_name\" content=\"Los pol\u00edticos Veracruz\" \/>\n<meta property=\"article:publisher\" content=\"https:\/\/www.facebook.com\/people\/Notimemes-de-los-Polticos\/61565672886568\/\" \/>\n<meta property=\"article:published_time\" content=\"2014-09-26T02:24:00+00:00\" \/>\n<meta property=\"article:modified_time\" content=\"2014-10-11T01:52:20+00:00\" \/>\n<meta property=\"og:image\" content=\"http:\/\/www.lospoliticosveracruz.com.mx\/wp-content\/uploads\/2014\/09\/Anilu-CC-81.jpg\" \/>\n<meta name=\"author\" content=\"lospoladmin\" \/>\n<meta name=\"twitter:card\" content=\"summary_large_image\" \/>\n<meta name=\"twitter:creator\" content=\"@LosPoliticosVer\" \/>\n<meta name=\"twitter:site\" content=\"@LosPoliticosVer\" \/>\n<meta name=\"twitter:label1\" content=\"Escrito por\" \/>\n\t<meta name=\"twitter:data1\" content=\"lospoladmin\" \/>\n\t<meta name=\"twitter:label2\" content=\"Tiempo de lectura\" \/>\n\t<meta name=\"twitter:data2\" content=\"3 minutos\" \/>\n<script type=\"application\/ld+json\" class=\"yoast-schema-graph\">{\"@context\":\"https:\\\/\\\/schema.org\",\"@graph\":[{\"@type\":\"Article\",\"@id\":\"https:\\\/\\\/lospoliticosveracruz.com\\\/?p=2032#article\",\"isPartOf\":{\"@id\":\"https:\\\/\\\/lospoliticosveracruz.com\\\/?p=2032\"},\"author\":{\"name\":\"lospoladmin\",\"@id\":\"https:\\\/\\\/lospoliticosveracruz.com\\\/#\\\/schema\\\/person\\\/c5fee8df75ee4700bd7f8e92859bd696\"},\"headline\":\"Leyes rebasadas\",\"datePublished\":\"2014-09-26T02:24:00+00:00\",\"dateModified\":\"2014-10-11T01:52:20+00:00\",\"mainEntityOfPage\":{\"@id\":\"https:\\\/\\\/lospoliticosveracruz.com\\\/?p=2032\"},\"wordCount\":562,\"commentCount\":0,\"publisher\":{\"@id\":\"https:\\\/\\\/lospoliticosveracruz.com\\\/#organization\"},\"image\":{\"@id\":\"https:\\\/\\\/lospoliticosveracruz.com\\\/?p=2032#primaryimage\"},\"thumbnailUrl\":\"http:\\\/\\\/www.lospoliticosveracruz.com.mx\\\/wp-content\\\/uploads\\\/2014\\\/09\\\/Anilu-CC-81.jpg\",\"keywords\":[\"C\u00f3digo Civil\",\"Veracruz\"],\"articleSection\":[\"De Opini\u00f3n\"],\"inLanguage\":\"es\",\"potentialAction\":[{\"@type\":\"CommentAction\",\"name\":\"Comment\",\"target\":[\"https:\\\/\\\/lospoliticosveracruz.com\\\/?p=2032#respond\"]}]},{\"@type\":\"WebPage\",\"@id\":\"https:\\\/\\\/lospoliticosveracruz.com\\\/?p=2032\",\"url\":\"https:\\\/\\\/lospoliticosveracruz.com\\\/?p=2032\",\"name\":\"Leyes rebasadas - Los pol\u00edticos Veracruz\",\"isPartOf\":{\"@id\":\"https:\\\/\\\/lospoliticosveracruz.com\\\/#website\"},\"primaryImageOfPage\":{\"@id\":\"https:\\\/\\\/lospoliticosveracruz.com\\\/?p=2032#primaryimage\"},\"image\":{\"@id\":\"https:\\\/\\\/lospoliticosveracruz.com\\\/?p=2032#primaryimage\"},\"thumbnailUrl\":\"http:\\\/\\\/www.lospoliticosveracruz.com.mx\\\/wp-content\\\/uploads\\\/2014\\\/09\\\/Anilu-CC-81.jpg\",\"datePublished\":\"2014-09-26T02:24:00+00:00\",\"dateModified\":\"2014-10-11T01:52:20+00:00\",\"breadcrumb\":{\"@id\":\"https:\\\/\\\/lospoliticosveracruz.com\\\/?p=2032#breadcrumb\"},\"inLanguage\":\"es\",\"potentialAction\":[{\"@type\":\"ReadAction\",\"target\":[\"https:\\\/\\\/lospoliticosveracruz.com\\\/?p=2032\"]}]},{\"@type\":\"ImageObject\",\"inLanguage\":\"es\",\"@id\":\"https:\\\/\\\/lospoliticosveracruz.com\\\/?p=2032#primaryimage\",\"url\":\"http:\\\/\\\/www.lospoliticosveracruz.com.mx\\\/wp-content\\\/uploads\\\/2014\\\/09\\\/Anilu-CC-81.jpg\",\"contentUrl\":\"http:\\\/\\\/www.lospoliticosveracruz.com.mx\\\/wp-content\\\/uploads\\\/2014\\\/09\\\/Anilu-CC-81.jpg\"},{\"@type\":\"BreadcrumbList\",\"@id\":\"https:\\\/\\\/lospoliticosveracruz.com\\\/?p=2032#breadcrumb\",\"itemListElement\":[{\"@type\":\"ListItem\",\"position\":1,\"name\":\"Portada\",\"item\":\"https:\\\/\\\/lospoliticosveracruz.com\\\/\"},{\"@type\":\"ListItem\",\"position\":2,\"name\":\"Leyes rebasadas\"}]},{\"@type\":\"WebSite\",\"@id\":\"https:\\\/\\\/lospoliticosveracruz.com\\\/#website\",\"url\":\"https:\\\/\\\/lospoliticosveracruz.com\\\/\",\"name\":\"Los pol\u00edticos Veracruz\",\"description\":\"\",\"publisher\":{\"@id\":\"https:\\\/\\\/lospoliticosveracruz.com\\\/#organization\"},\"potentialAction\":[{\"@type\":\"SearchAction\",\"target\":{\"@type\":\"EntryPoint\",\"urlTemplate\":\"https:\\\/\\\/lospoliticosveracruz.com\\\/?s={search_term_string}\"},\"query-input\":{\"@type\":\"PropertyValueSpecification\",\"valueRequired\":true,\"valueName\":\"search_term_string\"}}],\"inLanguage\":\"es\"},{\"@type\":\"Organization\",\"@id\":\"https:\\\/\\\/lospoliticosveracruz.com\\\/#organization\",\"name\":\"Los pol\u00edticos Veracruz\",\"url\":\"https:\\\/\\\/lospoliticosveracruz.com\\\/\",\"logo\":{\"@type\":\"ImageObject\",\"inLanguage\":\"es\",\"@id\":\"https:\\\/\\\/lospoliticosveracruz.com\\\/#\\\/schema\\\/logo\\\/image\\\/\",\"url\":\"https:\\\/\\\/lospoliticosveracruz.com\\\/wp-content\\\/uploads\\\/2025\\\/12\\\/Logo-Nuevo-LOS-POLITICOS-1.jpg\",\"contentUrl\":\"https:\\\/\\\/lospoliticosveracruz.com\\\/wp-content\\\/uploads\\\/2025\\\/12\\\/Logo-Nuevo-LOS-POLITICOS-1.jpg\",\"width\":260,\"height\":70,\"caption\":\"Los pol\u00edticos Veracruz\"},\"image\":{\"@id\":\"https:\\\/\\\/lospoliticosveracruz.com\\\/#\\\/schema\\\/logo\\\/image\\\/\"},\"sameAs\":[\"https:\\\/\\\/www.facebook.com\\\/people\\\/Notimemes-de-los-Polticos\\\/61565672886568\\\/\",\"https:\\\/\\\/x.com\\\/LosPoliticosVer\"]},{\"@type\":\"Person\",\"@id\":\"https:\\\/\\\/lospoliticosveracruz.com\\\/#\\\/schema\\\/person\\\/c5fee8df75ee4700bd7f8e92859bd696\",\"name\":\"lospoladmin\",\"image\":{\"@type\":\"ImageObject\",\"inLanguage\":\"es\",\"@id\":\"https:\\\/\\\/secure.gravatar.com\\\/avatar\\\/f4a468785695515895c4d618820f242e33d3d72a0284244a0fad6d19795cb724?s=96&d=mm&r=g\",\"url\":\"https:\\\/\\\/secure.gravatar.com\\\/avatar\\\/f4a468785695515895c4d618820f242e33d3d72a0284244a0fad6d19795cb724?s=96&d=mm&r=g\",\"contentUrl\":\"https:\\\/\\\/secure.gravatar.com\\\/avatar\\\/f4a468785695515895c4d618820f242e33d3d72a0284244a0fad6d19795cb724?s=96&d=mm&r=g\",\"caption\":\"lospoladmin\"},\"url\":\"https:\\\/\\\/lospoliticosveracruz.com\\\/?author=1\"}]}<\/script>\n<!-- \/ Yoast SEO plugin. -->","yoast_head_json":{"title":"Leyes rebasadas - Los pol\u00edticos Veracruz","robots":{"index":"index","follow":"follow","max-snippet":"max-snippet:-1","max-image-preview":"max-image-preview:large","max-video-preview":"max-video-preview:-1"},"canonical":"https:\/\/lospoliticosveracruz.com\/?p=2032","og_locale":"es_ES","og_type":"article","og_title":"Leyes rebasadas - Los pol\u00edticos Veracruz","og_description":"Luis Alberto RomeroHora Cero Ayer, en la Legislatura local, la diputada Anil\u00fa Ingram Vallines present\u00f3 una iniciativa para reformar el C\u00f3digo Civil para el Estado de Veracruz; en su participaci\u00f3n en tribuna, la presidenta de la Mesa Directiva de la Diputaci\u00f3n Permanente expuso que algunas disposiciones de dicho ordenamiento jur\u00eddico son actualmente obsoletas, por lo [&hellip;]","og_url":"https:\/\/lospoliticosveracruz.com\/?p=2032","og_site_name":"Los pol\u00edticos Veracruz","article_publisher":"https:\/\/www.facebook.com\/people\/Notimemes-de-los-Polticos\/61565672886568\/","article_published_time":"2014-09-26T02:24:00+00:00","article_modified_time":"2014-10-11T01:52:20+00:00","og_image":[{"url":"http:\/\/www.lospoliticosveracruz.com.mx\/wp-content\/uploads\/2014\/09\/Anilu-CC-81.jpg","type":"","width":"","height":""}],"author":"lospoladmin","twitter_card":"summary_large_image","twitter_creator":"@LosPoliticosVer","twitter_site":"@LosPoliticosVer","twitter_misc":{"Escrito por":"lospoladmin","Tiempo de lectura":"3 minutos"},"schema":{"@context":"https:\/\/schema.org","@graph":[{"@type":"Article","@id":"https:\/\/lospoliticosveracruz.com\/?p=2032#article","isPartOf":{"@id":"https:\/\/lospoliticosveracruz.com\/?p=2032"},"author":{"name":"lospoladmin","@id":"https:\/\/lospoliticosveracruz.com\/#\/schema\/person\/c5fee8df75ee4700bd7f8e92859bd696"},"headline":"Leyes rebasadas","datePublished":"2014-09-26T02:24:00+00:00","dateModified":"2014-10-11T01:52:20+00:00","mainEntityOfPage":{"@id":"https:\/\/lospoliticosveracruz.com\/?p=2032"},"wordCount":562,"commentCount":0,"publisher":{"@id":"https:\/\/lospoliticosveracruz.com\/#organization"},"image":{"@id":"https:\/\/lospoliticosveracruz.com\/?p=2032#primaryimage"},"thumbnailUrl":"http:\/\/www.lospoliticosveracruz.com.mx\/wp-content\/uploads\/2014\/09\/Anilu-CC-81.jpg","keywords":["C\u00f3digo Civil","Veracruz"],"articleSection":["De Opini\u00f3n"],"inLanguage":"es","potentialAction":[{"@type":"CommentAction","name":"Comment","target":["https:\/\/lospoliticosveracruz.com\/?p=2032#respond"]}]},{"@type":"WebPage","@id":"https:\/\/lospoliticosveracruz.com\/?p=2032","url":"https:\/\/lospoliticosveracruz.com\/?p=2032","name":"Leyes rebasadas - Los pol\u00edticos Veracruz","isPartOf":{"@id":"https:\/\/lospoliticosveracruz.com\/#website"},"primaryImageOfPage":{"@id":"https:\/\/lospoliticosveracruz.com\/?p=2032#primaryimage"},"image":{"@id":"https:\/\/lospoliticosveracruz.com\/?p=2032#primaryimage"},"thumbnailUrl":"http:\/\/www.lospoliticosveracruz.com.mx\/wp-content\/uploads\/2014\/09\/Anilu-CC-81.jpg","datePublished":"2014-09-26T02:24:00+00:00","dateModified":"2014-10-11T01:52:20+00:00","breadcrumb":{"@id":"https:\/\/lospoliticosveracruz.com\/?p=2032#breadcrumb"},"inLanguage":"es","potentialAction":[{"@type":"ReadAction","target":["https:\/\/lospoliticosveracruz.com\/?p=2032"]}]},{"@type":"ImageObject","inLanguage":"es","@id":"https:\/\/lospoliticosveracruz.com\/?p=2032#primaryimage","url":"http:\/\/www.lospoliticosveracruz.com.mx\/wp-content\/uploads\/2014\/09\/Anilu-CC-81.jpg","contentUrl":"http:\/\/www.lospoliticosveracruz.com.mx\/wp-content\/uploads\/2014\/09\/Anilu-CC-81.jpg"},{"@type":"BreadcrumbList","@id":"https:\/\/lospoliticosveracruz.com\/?p=2032#breadcrumb","itemListElement":[{"@type":"ListItem","position":1,"name":"Portada","item":"https:\/\/lospoliticosveracruz.com\/"},{"@type":"ListItem","position":2,"name":"Leyes rebasadas"}]},{"@type":"WebSite","@id":"https:\/\/lospoliticosveracruz.com\/#website","url":"https:\/\/lospoliticosveracruz.com\/","name":"Los pol\u00edticos Veracruz","description":"","publisher":{"@id":"https:\/\/lospoliticosveracruz.com\/#organization"},"potentialAction":[{"@type":"SearchAction","target":{"@type":"EntryPoint","urlTemplate":"https:\/\/lospoliticosveracruz.com\/?s={search_term_string}"},"query-input":{"@type":"PropertyValueSpecification","valueRequired":true,"valueName":"search_term_string"}}],"inLanguage":"es"},{"@type":"Organization","@id":"https:\/\/lospoliticosveracruz.com\/#organization","name":"Los pol\u00edticos Veracruz","url":"https:\/\/lospoliticosveracruz.com\/","logo":{"@type":"ImageObject","inLanguage":"es","@id":"https:\/\/lospoliticosveracruz.com\/#\/schema\/logo\/image\/","url":"https:\/\/lospoliticosveracruz.com\/wp-content\/uploads\/2025\/12\/Logo-Nuevo-LOS-POLITICOS-1.jpg","contentUrl":"https:\/\/lospoliticosveracruz.com\/wp-content\/uploads\/2025\/12\/Logo-Nuevo-LOS-POLITICOS-1.jpg","width":260,"height":70,"caption":"Los pol\u00edticos Veracruz"},"image":{"@id":"https:\/\/lospoliticosveracruz.com\/#\/schema\/logo\/image\/"},"sameAs":["https:\/\/www.facebook.com\/people\/Notimemes-de-los-Polticos\/61565672886568\/","https:\/\/x.com\/LosPoliticosVer"]},{"@type":"Person","@id":"https:\/\/lospoliticosveracruz.com\/#\/schema\/person\/c5fee8df75ee4700bd7f8e92859bd696","name":"lospoladmin","image":{"@type":"ImageObject","inLanguage":"es","@id":"https:\/\/secure.gravatar.com\/avatar\/f4a468785695515895c4d618820f242e33d3d72a0284244a0fad6d19795cb724?s=96&d=mm&r=g","url":"https:\/\/secure.gravatar.com\/avatar\/f4a468785695515895c4d618820f242e33d3d72a0284244a0fad6d19795cb724?s=96&d=mm&r=g","contentUrl":"https:\/\/secure.gravatar.com\/avatar\/f4a468785695515895c4d618820f242e33d3d72a0284244a0fad6d19795cb724?s=96&d=mm&r=g","caption":"lospoladmin"},"url":"https:\/\/lospoliticosveracruz.com\/?author=1"}]}},"_links":{"self":[{"href":"https:\/\/lospoliticosveracruz.com\/index.php?rest_route=\/wp\/v2\/posts\/2032","targetHints":{"allow":["GET"]}}],"collection":[{"href":"https:\/\/lospoliticosveracruz.com\/index.php?rest_route=\/wp\/v2\/posts"}],"about":[{"href":"https:\/\/lospoliticosveracruz.com\/index.php?rest_route=\/wp\/v2\/types\/post"}],"author":[{"embeddable":true,"href":"https:\/\/lospoliticosveracruz.com\/index.php?rest_route=\/wp\/v2\/users\/1"}],"replies":[{"embeddable":true,"href":"https:\/\/lospoliticosveracruz.com\/index.php?rest_route=%2Fwp%2Fv2%2Fcomments&post=2032"}],"version-history":[{"count":1,"href":"https:\/\/lospoliticosveracruz.com\/index.php?rest_route=\/wp\/v2\/posts\/2032\/revisions"}],"predecessor-version":[{"id":12547,"href":"https:\/\/lospoliticosveracruz.com\/index.php?rest_route=\/wp\/v2\/posts\/2032\/revisions\/12547"}],"wp:attachment":[{"href":"https:\/\/lospoliticosveracruz.com\/index.php?rest_route=%2Fwp%2Fv2%2Fmedia&parent=2032"}],"wp:term":[{"taxonomy":"category","embeddable":true,"href":"https:\/\/lospoliticosveracruz.com\/index.php?rest_route=%2Fwp%2Fv2%2Fcategories&post=2032"},{"taxonomy":"post_tag","embeddable":true,"href":"https:\/\/lospoliticosveracruz.com\/index.php?rest_route=%2Fwp%2Fv2%2Ftags&post=2032"}],"curies":[{"name":"wp","href":"https:\/\/api.w.org\/{rel}","templated":true}]}}