{"id":2033,"date":"2014-09-26T02:09:00","date_gmt":"2014-09-26T02:09:00","guid":{"rendered":"http:\/\/www.lospoliticosveracruz.com.mx\/?p=2033"},"modified":"2014-10-11T01:54:09","modified_gmt":"2014-10-11T01:54:09","slug":"sale-orden-de-clembuterol-sin-cebolla","status":"publish","type":"post","link":"https:\/\/lospoliticosveracruz.com\/?p=2033","title":{"rendered":"Sale orden de clembuterol, sin cebolla"},"content":{"rendered":"<div style=\"clear: both; text-align: center;\"><a href=\"http:\/\/www.lospoliticosveracruz.com.mx\/wp-content\/uploads\/2014\/09\/Edgar-Spinoso.jpg\" style=\"margin-left: 1em; margin-right: 1em;\"><img loading=\"lazy\" decoding=\"async\" border=\"0\" src=\"http:\/\/www.lospoliticosveracruz.com.mx\/wp-content\/uploads\/2014\/09\/Edgar-Spinoso.jpg\" height=\"249\" width=\"320\" \/><\/a><\/div>\n<div><b><br \/><\/b><\/div>\n<p><b>Ricardo V\u00e1zquez Salazar<\/b><br \/><i>Esfera Pol\u00edtica<\/i><\/p>\n<p>En el 2011, en el Mundial Sub-17 celebrado en M\u00e9xico, la FIFA inform\u00f3 que detect\u00f3 la presencia de clembuterol en m\u00e1s de la mitad de los futbolistas. Las pruebas realizadas en Alemania despu\u00e9s de celebrado el torneo, indicaron que 19 de los 24 equipos dieron positivo en 119 de las 298 muestras de orina; lo que para el director m\u00e9dico de la FIFA, Jiri Dvorak, considero esto como \u201cllamativamente sorprendente\u201d.<a name='more'><\/a><br \/>La Agencia Mundial Antidopaje, WADA -por sus siglas en ingl\u00e9s-, al igual que los diversos organismos deportivos internacionales, han advertido que quienes ingresan a M\u00e9xico est\u00e1n expuestos a la contaminaci\u00f3n por el consumo de carne. Futbolistas, atletas, ciclistas y practicantes de otras disciplinas, han experimentado con asombro un resultado positivo de antidoping por clembuterol.&nbsp;<\/p>\n<div>El clembuterol, utilizado en la engorda de animales, se transmite al humano cuando come carne contaminada; es un anab\u00f3lico -sustancia de la que abusan los deportistas, en especial los fisicocultirustas-; imita a la testosterona, es decir,  promueve el crecimiento muscular, inhibe la acumulaci\u00f3n de grasa en el cuerpo e incrementa el rendimiento f\u00edsico, seg\u00fan la Direcci\u00f3n de Cumplimiento de Leyes de  Drogas estadounidense.<br \/>El problema para los deportistas, tambi\u00e9n para las autoridades deportivas, es que  no hay manera de demostrar la forma en la cual el clembuterol fue ingerido.<br \/>En el mismo a\u00f1o 2011, meses antes de la celebraci\u00f3n de los Juegos Deportivos Panamericanos en Guadalajara, la Organizaci\u00f3n Deportiva Panamericana, ODEPA, junto con autoridades mexicanas, se comprometieron con la Agencia Mundial Antidoping, a que el comit\u00e9 organizador vigilar\u00eda d\u00f3nde comprar carne y la revisi\u00f3n antes de d\u00e1rsela a comer a los atletas; como medida de protecci\u00f3n para los deportistas.<br \/>Una vez que los animales eran llevados a los rastros, estos quedaban vigilados; cuando la carne se cortaba se almacenaba refrigerada, se analizaban muestras y los refrigeradores quedaban sellados, con polic\u00edas vigilando. Todo el transporte de la carne a la Villa Panamericana tambi\u00e9n era custodiado con polic\u00edas.<br \/>Las extremas medidas adoptadas les dieron resultado: ninguno de los atletas que participaron en los Juegos Panamericanos celebrados en Guadalajara result\u00f3 positivo en las pruebas de clenbuterol, lo que aval\u00f3 la calidad sanitaria de este alimento, seg\u00fan lo se\u00f1al\u00f3 un mes despu\u00e9s la Comisi\u00f3n Federal para la Prevenci\u00f3n de Riesgos Sanitarios, Cofepris.<br \/>Despu\u00e9s de dos a\u00f1os sin casos de doping, la Comisi\u00f3n Disciplinaria de la Federaci\u00f3n Mexicana de Futbol dio a conocer que dos jugadores arrojaron positivo en el control que se efectu\u00f3 en la Jornada 1 de Apertura 2013.<br \/>Este mi\u00e9rcoles el presidente de la Asociaci\u00f3n de Hoteles y Moteles de Xalapa y la Regi\u00f3n, Reynaldo Quirarte Mora, se\u00f1al\u00f3 que debido al pr\u00f3ximo inicio de los Juegos Centroamericanos y del Caribe 2014, los hoteleros han buscado proveedores de carne para la alimentaci\u00f3n de los deportistas que alojaran en los 29 hoteles de Xalapa y Coatepec, por este motivo detectaron que la mayor\u00eda de carne de pollo y roja est\u00e1 contaminada con clembuterol; agreg\u00f3 que tambi\u00e9n productos como el pescado est\u00e1n contaminados de otras sustancias t\u00f3xicas.<br \/>Ni hablar. Algo tendr\u00e1n que hacer -pero en serio-, para proteger a los deportistas en las seis sedes, tambi\u00e9n en este aspecto.<\/p>\n<p><a href=\"mailto:rvazquez002@Yahoo.com.mx\">rvazquez002@Yahoo.com.mx<\/a><\/div>\n","protected":false},"excerpt":{"rendered":"<p>Ricardo V\u00e1zquez SalazarEsfera Pol\u00edtica En el 2011, en el Mundial Sub-17 celebrado en M\u00e9xico, la FIFA inform\u00f3 que detect\u00f3 la presencia de clembuterol en m\u00e1s de la mitad de los futbolistas. Las pruebas realizadas en Alemania despu\u00e9s de celebrado el torneo, indicaron que 19 de los 24 equipos dieron positivo en 119 de las 298 [&hellip;]<\/p>\n","protected":false},"author":1,"featured_media":0,"comment_status":"open","ping_status":"open","sticky":false,"template":"","format":"standard","meta":{"tdm_status":"","tdm_grid_status":"","footnotes":""},"categories":[70],"tags":[274,277,275,273,199,276,195,96],"class_list":{"0":"post-2033","1":"post","2":"type-post","3":"status-publish","4":"format-standard","6":"category-de-opinion","7":"tag-clembuterol","8":"tag-coatepec","9":"tag-cofepris","10":"tag-edgar-spinoso-carrera","11":"tag-hoteles","12":"tag-juegos-centroamericanos-y-del-caribe-2014","13":"tag-veracruz","14":"tag-xalapa"},"yoast_head":"<!-- This site is optimized with the Yoast SEO plugin v27.4 - https:\/\/yoast.com\/product\/yoast-seo-wordpress\/ -->\n<title>Sale orden de clembuterol, sin cebolla - Los pol\u00edticos Veracruz<\/title>\n<meta name=\"robots\" content=\"index, follow, max-snippet:-1, max-image-preview:large, max-video-preview:-1\" \/>\n<link rel=\"canonical\" href=\"https:\/\/lospoliticosveracruz.com\/?p=2033\" \/>\n<meta property=\"og:locale\" content=\"es_ES\" \/>\n<meta property=\"og:type\" content=\"article\" \/>\n<meta property=\"og:title\" content=\"Sale orden de clembuterol, sin cebolla - Los pol\u00edticos Veracruz\" \/>\n<meta property=\"og:description\" content=\"Ricardo V\u00e1zquez SalazarEsfera Pol\u00edtica En el 2011, en el Mundial Sub-17 celebrado en M\u00e9xico, la FIFA inform\u00f3 que detect\u00f3 la presencia de clembuterol en m\u00e1s de la mitad de los futbolistas. Las pruebas realizadas en Alemania despu\u00e9s de celebrado el torneo, indicaron que 19 de los 24 equipos dieron positivo en 119 de las 298 [&hellip;]\" \/>\n<meta property=\"og:url\" content=\"https:\/\/lospoliticosveracruz.com\/?p=2033\" \/>\n<meta property=\"og:site_name\" content=\"Los pol\u00edticos Veracruz\" \/>\n<meta property=\"article:publisher\" content=\"https:\/\/www.facebook.com\/people\/Notimemes-de-los-Polticos\/61565672886568\/\" \/>\n<meta property=\"article:published_time\" content=\"2014-09-26T02:09:00+00:00\" \/>\n<meta property=\"article:modified_time\" content=\"2014-10-11T01:54:09+00:00\" \/>\n<meta property=\"og:image\" content=\"http:\/\/www.lospoliticosveracruz.com.mx\/wp-content\/uploads\/2014\/09\/Edgar-Spinoso.jpg\" \/>\n<meta name=\"author\" content=\"lospoladmin\" \/>\n<meta name=\"twitter:card\" content=\"summary_large_image\" \/>\n<meta name=\"twitter:creator\" content=\"@LosPoliticosVer\" \/>\n<meta name=\"twitter:site\" content=\"@LosPoliticosVer\" \/>\n<meta name=\"twitter:label1\" content=\"Escrito por\" \/>\n\t<meta name=\"twitter:data1\" content=\"lospoladmin\" \/>\n\t<meta name=\"twitter:label2\" content=\"Tiempo de lectura\" \/>\n\t<meta name=\"twitter:data2\" content=\"3 minutos\" \/>\n<script type=\"application\/ld+json\" class=\"yoast-schema-graph\">{\"@context\":\"https:\\\/\\\/schema.org\",\"@graph\":[{\"@type\":\"Article\",\"@id\":\"https:\\\/\\\/lospoliticosveracruz.com\\\/?p=2033#article\",\"isPartOf\":{\"@id\":\"https:\\\/\\\/lospoliticosveracruz.com\\\/?p=2033\"},\"author\":{\"name\":\"lospoladmin\",\"@id\":\"https:\\\/\\\/lospoliticosveracruz.com\\\/#\\\/schema\\\/person\\\/c5fee8df75ee4700bd7f8e92859bd696\"},\"headline\":\"Sale orden de clembuterol, sin cebolla\",\"datePublished\":\"2014-09-26T02:09:00+00:00\",\"dateModified\":\"2014-10-11T01:54:09+00:00\",\"mainEntityOfPage\":{\"@id\":\"https:\\\/\\\/lospoliticosveracruz.com\\\/?p=2033\"},\"wordCount\":572,\"commentCount\":0,\"publisher\":{\"@id\":\"https:\\\/\\\/lospoliticosveracruz.com\\\/#organization\"},\"image\":{\"@id\":\"https:\\\/\\\/lospoliticosveracruz.com\\\/?p=2033#primaryimage\"},\"thumbnailUrl\":\"http:\\\/\\\/www.lospoliticosveracruz.com.mx\\\/wp-content\\\/uploads\\\/2014\\\/09\\\/Edgar-Spinoso.jpg\",\"keywords\":[\"clembuterol\",\"Coatepec\",\"Cofepris\",\"Edgar Spinoso Carrera\",\"Hoteles\",\"Juegos Centroamericanos y del Caribe 2014\",\"Veracruz\",\"Xalapa\"],\"articleSection\":[\"De Opini\u00f3n\"],\"inLanguage\":\"es\",\"potentialAction\":[{\"@type\":\"CommentAction\",\"name\":\"Comment\",\"target\":[\"https:\\\/\\\/lospoliticosveracruz.com\\\/?p=2033#respond\"]}]},{\"@type\":\"WebPage\",\"@id\":\"https:\\\/\\\/lospoliticosveracruz.com\\\/?p=2033\",\"url\":\"https:\\\/\\\/lospoliticosveracruz.com\\\/?p=2033\",\"name\":\"Sale orden de clembuterol, sin cebolla - Los pol\u00edticos Veracruz\",\"isPartOf\":{\"@id\":\"https:\\\/\\\/lospoliticosveracruz.com\\\/#website\"},\"primaryImageOfPage\":{\"@id\":\"https:\\\/\\\/lospoliticosveracruz.com\\\/?p=2033#primaryimage\"},\"image\":{\"@id\":\"https:\\\/\\\/lospoliticosveracruz.com\\\/?p=2033#primaryimage\"},\"thumbnailUrl\":\"http:\\\/\\\/www.lospoliticosveracruz.com.mx\\\/wp-content\\\/uploads\\\/2014\\\/09\\\/Edgar-Spinoso.jpg\",\"datePublished\":\"2014-09-26T02:09:00+00:00\",\"dateModified\":\"2014-10-11T01:54:09+00:00\",\"breadcrumb\":{\"@id\":\"https:\\\/\\\/lospoliticosveracruz.com\\\/?p=2033#breadcrumb\"},\"inLanguage\":\"es\",\"potentialAction\":[{\"@type\":\"ReadAction\",\"target\":[\"https:\\\/\\\/lospoliticosveracruz.com\\\/?p=2033\"]}]},{\"@type\":\"ImageObject\",\"inLanguage\":\"es\",\"@id\":\"https:\\\/\\\/lospoliticosveracruz.com\\\/?p=2033#primaryimage\",\"url\":\"http:\\\/\\\/www.lospoliticosveracruz.com.mx\\\/wp-content\\\/uploads\\\/2014\\\/09\\\/Edgar-Spinoso.jpg\",\"contentUrl\":\"http:\\\/\\\/www.lospoliticosveracruz.com.mx\\\/wp-content\\\/uploads\\\/2014\\\/09\\\/Edgar-Spinoso.jpg\"},{\"@type\":\"BreadcrumbList\",\"@id\":\"https:\\\/\\\/lospoliticosveracruz.com\\\/?p=2033#breadcrumb\",\"itemListElement\":[{\"@type\":\"ListItem\",\"position\":1,\"name\":\"Portada\",\"item\":\"https:\\\/\\\/lospoliticosveracruz.com\\\/\"},{\"@type\":\"ListItem\",\"position\":2,\"name\":\"Sale orden de clembuterol, sin cebolla\"}]},{\"@type\":\"WebSite\",\"@id\":\"https:\\\/\\\/lospoliticosveracruz.com\\\/#website\",\"url\":\"https:\\\/\\\/lospoliticosveracruz.com\\\/\",\"name\":\"Los pol\u00edticos Veracruz\",\"description\":\"\",\"publisher\":{\"@id\":\"https:\\\/\\\/lospoliticosveracruz.com\\\/#organization\"},\"potentialAction\":[{\"@type\":\"SearchAction\",\"target\":{\"@type\":\"EntryPoint\",\"urlTemplate\":\"https:\\\/\\\/lospoliticosveracruz.com\\\/?s={search_term_string}\"},\"query-input\":{\"@type\":\"PropertyValueSpecification\",\"valueRequired\":true,\"valueName\":\"search_term_string\"}}],\"inLanguage\":\"es\"},{\"@type\":\"Organization\",\"@id\":\"https:\\\/\\\/lospoliticosveracruz.com\\\/#organization\",\"name\":\"Los pol\u00edticos Veracruz\",\"url\":\"https:\\\/\\\/lospoliticosveracruz.com\\\/\",\"logo\":{\"@type\":\"ImageObject\",\"inLanguage\":\"es\",\"@id\":\"https:\\\/\\\/lospoliticosveracruz.com\\\/#\\\/schema\\\/logo\\\/image\\\/\",\"url\":\"https:\\\/\\\/lospoliticosveracruz.com\\\/wp-content\\\/uploads\\\/2025\\\/12\\\/Logo-Nuevo-LOS-POLITICOS-1.jpg\",\"contentUrl\":\"https:\\\/\\\/lospoliticosveracruz.com\\\/wp-content\\\/uploads\\\/2025\\\/12\\\/Logo-Nuevo-LOS-POLITICOS-1.jpg\",\"width\":260,\"height\":70,\"caption\":\"Los pol\u00edticos Veracruz\"},\"image\":{\"@id\":\"https:\\\/\\\/lospoliticosveracruz.com\\\/#\\\/schema\\\/logo\\\/image\\\/\"},\"sameAs\":[\"https:\\\/\\\/www.facebook.com\\\/people\\\/Notimemes-de-los-Polticos\\\/61565672886568\\\/\",\"https:\\\/\\\/x.com\\\/LosPoliticosVer\"]},{\"@type\":\"Person\",\"@id\":\"https:\\\/\\\/lospoliticosveracruz.com\\\/#\\\/schema\\\/person\\\/c5fee8df75ee4700bd7f8e92859bd696\",\"name\":\"lospoladmin\",\"image\":{\"@type\":\"ImageObject\",\"inLanguage\":\"es\",\"@id\":\"https:\\\/\\\/secure.gravatar.com\\\/avatar\\\/f4a468785695515895c4d618820f242e33d3d72a0284244a0fad6d19795cb724?s=96&d=mm&r=g\",\"url\":\"https:\\\/\\\/secure.gravatar.com\\\/avatar\\\/f4a468785695515895c4d618820f242e33d3d72a0284244a0fad6d19795cb724?s=96&d=mm&r=g\",\"contentUrl\":\"https:\\\/\\\/secure.gravatar.com\\\/avatar\\\/f4a468785695515895c4d618820f242e33d3d72a0284244a0fad6d19795cb724?s=96&d=mm&r=g\",\"caption\":\"lospoladmin\"},\"url\":\"https:\\\/\\\/lospoliticosveracruz.com\\\/?author=1\"}]}<\/script>\n<!-- \/ Yoast SEO plugin. -->","yoast_head_json":{"title":"Sale orden de clembuterol, sin cebolla - Los pol\u00edticos Veracruz","robots":{"index":"index","follow":"follow","max-snippet":"max-snippet:-1","max-image-preview":"max-image-preview:large","max-video-preview":"max-video-preview:-1"},"canonical":"https:\/\/lospoliticosveracruz.com\/?p=2033","og_locale":"es_ES","og_type":"article","og_title":"Sale orden de clembuterol, sin cebolla - Los pol\u00edticos Veracruz","og_description":"Ricardo V\u00e1zquez SalazarEsfera Pol\u00edtica En el 2011, en el Mundial Sub-17 celebrado en M\u00e9xico, la FIFA inform\u00f3 que detect\u00f3 la presencia de clembuterol en m\u00e1s de la mitad de los futbolistas. Las pruebas realizadas en Alemania despu\u00e9s de celebrado el torneo, indicaron que 19 de los 24 equipos dieron positivo en 119 de las 298 [&hellip;]","og_url":"https:\/\/lospoliticosveracruz.com\/?p=2033","og_site_name":"Los pol\u00edticos Veracruz","article_publisher":"https:\/\/www.facebook.com\/people\/Notimemes-de-los-Polticos\/61565672886568\/","article_published_time":"2014-09-26T02:09:00+00:00","article_modified_time":"2014-10-11T01:54:09+00:00","og_image":[{"url":"http:\/\/www.lospoliticosveracruz.com.mx\/wp-content\/uploads\/2014\/09\/Edgar-Spinoso.jpg","type":"","width":"","height":""}],"author":"lospoladmin","twitter_card":"summary_large_image","twitter_creator":"@LosPoliticosVer","twitter_site":"@LosPoliticosVer","twitter_misc":{"Escrito por":"lospoladmin","Tiempo de lectura":"3 minutos"},"schema":{"@context":"https:\/\/schema.org","@graph":[{"@type":"Article","@id":"https:\/\/lospoliticosveracruz.com\/?p=2033#article","isPartOf":{"@id":"https:\/\/lospoliticosveracruz.com\/?p=2033"},"author":{"name":"lospoladmin","@id":"https:\/\/lospoliticosveracruz.com\/#\/schema\/person\/c5fee8df75ee4700bd7f8e92859bd696"},"headline":"Sale orden de clembuterol, sin cebolla","datePublished":"2014-09-26T02:09:00+00:00","dateModified":"2014-10-11T01:54:09+00:00","mainEntityOfPage":{"@id":"https:\/\/lospoliticosveracruz.com\/?p=2033"},"wordCount":572,"commentCount":0,"publisher":{"@id":"https:\/\/lospoliticosveracruz.com\/#organization"},"image":{"@id":"https:\/\/lospoliticosveracruz.com\/?p=2033#primaryimage"},"thumbnailUrl":"http:\/\/www.lospoliticosveracruz.com.mx\/wp-content\/uploads\/2014\/09\/Edgar-Spinoso.jpg","keywords":["clembuterol","Coatepec","Cofepris","Edgar Spinoso Carrera","Hoteles","Juegos Centroamericanos y del Caribe 2014","Veracruz","Xalapa"],"articleSection":["De Opini\u00f3n"],"inLanguage":"es","potentialAction":[{"@type":"CommentAction","name":"Comment","target":["https:\/\/lospoliticosveracruz.com\/?p=2033#respond"]}]},{"@type":"WebPage","@id":"https:\/\/lospoliticosveracruz.com\/?p=2033","url":"https:\/\/lospoliticosveracruz.com\/?p=2033","name":"Sale orden de clembuterol, sin cebolla - Los pol\u00edticos Veracruz","isPartOf":{"@id":"https:\/\/lospoliticosveracruz.com\/#website"},"primaryImageOfPage":{"@id":"https:\/\/lospoliticosveracruz.com\/?p=2033#primaryimage"},"image":{"@id":"https:\/\/lospoliticosveracruz.com\/?p=2033#primaryimage"},"thumbnailUrl":"http:\/\/www.lospoliticosveracruz.com.mx\/wp-content\/uploads\/2014\/09\/Edgar-Spinoso.jpg","datePublished":"2014-09-26T02:09:00+00:00","dateModified":"2014-10-11T01:54:09+00:00","breadcrumb":{"@id":"https:\/\/lospoliticosveracruz.com\/?p=2033#breadcrumb"},"inLanguage":"es","potentialAction":[{"@type":"ReadAction","target":["https:\/\/lospoliticosveracruz.com\/?p=2033"]}]},{"@type":"ImageObject","inLanguage":"es","@id":"https:\/\/lospoliticosveracruz.com\/?p=2033#primaryimage","url":"http:\/\/www.lospoliticosveracruz.com.mx\/wp-content\/uploads\/2014\/09\/Edgar-Spinoso.jpg","contentUrl":"http:\/\/www.lospoliticosveracruz.com.mx\/wp-content\/uploads\/2014\/09\/Edgar-Spinoso.jpg"},{"@type":"BreadcrumbList","@id":"https:\/\/lospoliticosveracruz.com\/?p=2033#breadcrumb","itemListElement":[{"@type":"ListItem","position":1,"name":"Portada","item":"https:\/\/lospoliticosveracruz.com\/"},{"@type":"ListItem","position":2,"name":"Sale orden de clembuterol, sin cebolla"}]},{"@type":"WebSite","@id":"https:\/\/lospoliticosveracruz.com\/#website","url":"https:\/\/lospoliticosveracruz.com\/","name":"Los pol\u00edticos Veracruz","description":"","publisher":{"@id":"https:\/\/lospoliticosveracruz.com\/#organization"},"potentialAction":[{"@type":"SearchAction","target":{"@type":"EntryPoint","urlTemplate":"https:\/\/lospoliticosveracruz.com\/?s={search_term_string}"},"query-input":{"@type":"PropertyValueSpecification","valueRequired":true,"valueName":"search_term_string"}}],"inLanguage":"es"},{"@type":"Organization","@id":"https:\/\/lospoliticosveracruz.com\/#organization","name":"Los pol\u00edticos Veracruz","url":"https:\/\/lospoliticosveracruz.com\/","logo":{"@type":"ImageObject","inLanguage":"es","@id":"https:\/\/lospoliticosveracruz.com\/#\/schema\/logo\/image\/","url":"https:\/\/lospoliticosveracruz.com\/wp-content\/uploads\/2025\/12\/Logo-Nuevo-LOS-POLITICOS-1.jpg","contentUrl":"https:\/\/lospoliticosveracruz.com\/wp-content\/uploads\/2025\/12\/Logo-Nuevo-LOS-POLITICOS-1.jpg","width":260,"height":70,"caption":"Los pol\u00edticos Veracruz"},"image":{"@id":"https:\/\/lospoliticosveracruz.com\/#\/schema\/logo\/image\/"},"sameAs":["https:\/\/www.facebook.com\/people\/Notimemes-de-los-Polticos\/61565672886568\/","https:\/\/x.com\/LosPoliticosVer"]},{"@type":"Person","@id":"https:\/\/lospoliticosveracruz.com\/#\/schema\/person\/c5fee8df75ee4700bd7f8e92859bd696","name":"lospoladmin","image":{"@type":"ImageObject","inLanguage":"es","@id":"https:\/\/secure.gravatar.com\/avatar\/f4a468785695515895c4d618820f242e33d3d72a0284244a0fad6d19795cb724?s=96&d=mm&r=g","url":"https:\/\/secure.gravatar.com\/avatar\/f4a468785695515895c4d618820f242e33d3d72a0284244a0fad6d19795cb724?s=96&d=mm&r=g","contentUrl":"https:\/\/secure.gravatar.com\/avatar\/f4a468785695515895c4d618820f242e33d3d72a0284244a0fad6d19795cb724?s=96&d=mm&r=g","caption":"lospoladmin"},"url":"https:\/\/lospoliticosveracruz.com\/?author=1"}]}},"_links":{"self":[{"href":"https:\/\/lospoliticosveracruz.com\/index.php?rest_route=\/wp\/v2\/posts\/2033","targetHints":{"allow":["GET"]}}],"collection":[{"href":"https:\/\/lospoliticosveracruz.com\/index.php?rest_route=\/wp\/v2\/posts"}],"about":[{"href":"https:\/\/lospoliticosveracruz.com\/index.php?rest_route=\/wp\/v2\/types\/post"}],"author":[{"embeddable":true,"href":"https:\/\/lospoliticosveracruz.com\/index.php?rest_route=\/wp\/v2\/users\/1"}],"replies":[{"embeddable":true,"href":"https:\/\/lospoliticosveracruz.com\/index.php?rest_route=%2Fwp%2Fv2%2Fcomments&post=2033"}],"version-history":[{"count":1,"href":"https:\/\/lospoliticosveracruz.com\/index.php?rest_route=\/wp\/v2\/posts\/2033\/revisions"}],"predecessor-version":[{"id":12548,"href":"https:\/\/lospoliticosveracruz.com\/index.php?rest_route=\/wp\/v2\/posts\/2033\/revisions\/12548"}],"wp:attachment":[{"href":"https:\/\/lospoliticosveracruz.com\/index.php?rest_route=%2Fwp%2Fv2%2Fmedia&parent=2033"}],"wp:term":[{"taxonomy":"category","embeddable":true,"href":"https:\/\/lospoliticosveracruz.com\/index.php?rest_route=%2Fwp%2Fv2%2Fcategories&post=2033"},{"taxonomy":"post_tag","embeddable":true,"href":"https:\/\/lospoliticosveracruz.com\/index.php?rest_route=%2Fwp%2Fv2%2Ftags&post=2033"}],"curies":[{"name":"wp","href":"https:\/\/api.w.org\/{rel}","templated":true}]}}