{"id":2034,"date":"2014-09-25T20:14:00","date_gmt":"2014-09-25T20:14:00","guid":{"rendered":"http:\/\/www.lospoliticosveracruz.com.mx\/?p=2034"},"modified":"2014-10-11T01:55:59","modified_gmt":"2014-10-11T01:55:59","slug":"maltrato-animal-como-cuando-y-donde-denunciar","status":"publish","type":"post","link":"https:\/\/lospoliticosveracruz.com\/?p=2034","title":{"rendered":"Maltrato Animal: C\u00f3mo, cu\u00e1ndo y d\u00f3nde denunciar"},"content":{"rendered":"<div style=\"clear: both; text-align: center;\"><a href=\"http:\/\/www.lospoliticosveracruz.com.mx\/wp-content\/uploads\/2014\/09\/Perrita.jpg\" style=\"margin-left: 1em; margin-right: 1em;\"><img loading=\"lazy\" decoding=\"async\" border=\"0\" src=\"http:\/\/www.lospoliticosveracruz.com.mx\/wp-content\/uploads\/2014\/09\/Perrita.jpg\" height=\"117\" width=\"320\" \/><\/a><\/div>\n<p><\/p>\n<blockquote><p>1\u00b0 Taller de Capacitaci\u00f3n Gratuita sobre Legislaci\u00f3n para los Animales<\/p><\/blockquote>\n<div><b>Gabriela Mart\u00ednez Castro<\/b><\/div>\n<p>Tema: \u201cC\u00f3mo, Cu\u00e1ndo y D\u00f3nde DENUNCIAR el Maltrato Animal en el Estado de Veracruz y Cada Uno de sus 212 Municipios\u201d.<br \/>Considerando el gran inter\u00e9s, sensibilidad y consciencia que se ha estado gestando en la Sociedad Veracruzana, y recordando que en los \u00faltimos 5 A\u00f1os, se han producido grandes avances jur\u00eddicos con respecto a los Derechos de los Animales en el Estado de Veracruz; la sociedad Civil Organizada, Licenciados expertos en la materia y Autoridades, ponemos en marcha un Proyecto de Asesor\u00eda y Capacitaci\u00f3n para la Poblaci\u00f3n en general, con el fin de Fomentar la Denuncia del Maltrato Animal, Agilizar mecanismos de Aplicaci\u00f3n de Leyes y Reglamentos y finalmente seguir posicionando a Veracruz como Estado Vanguardista en cuanto a Legislaci\u00f3n en pro de la No Violencia.<a name='more'><\/a><br \/>Entendemos que desde la Vigencia en 2010 de la Ley Estatal de Protecci\u00f3n a los Animales, n\u00b0 876, sus Recientes Reformas, la Inclusi\u00f3n reciente del Maltrato Animal en el C\u00f3digo Penal del Estado, y la Reglamentaci\u00f3n de algunos Municipios, en tan corto tiempo, se ha generado confusi\u00f3n y necesidad urgente de aplicaci\u00f3n de los mismos.<br \/>Para esto consideramos que la base fundamental es el conocimiento previo de los avances, y la capacitaci\u00f3n sobre c\u00f3mo, d\u00f3nde y cu\u00e1ndo denunciar cada caso de maltrato animal, as\u00ed como tambi\u00e9n coadyuvar con las autoridades correspondientes para efectivizar y agilizar los mecanismos de denuncia y sanci\u00f3n correspondientes.<br \/>Invitamos Cordialmente a Rescatistas Independientes, ONGs, Grupos,  Equipos de trabajo, Sociedad interesada y Medios de Comunicaci\u00f3n, al Primer Taller de Capacitaci\u00f3n Gratuita de Legislaci\u00f3n para los Animales.<br \/>Se llevar\u00e1 a cabo en las  instalaciones de Amigos de los Animales A.C., Xalapa, Veracruz (Montes de Xalapa No. 289 .- Col. M\u00e1rtires de Chicago.- Xalapa, Ver).<br \/>Lunes 29 de Septiembre. Hora: 7 PM.<br \/>Se entregar\u00e1n Formatos de Denuncia, y se dar\u00e1 Asesor\u00eda Gratuita para casos Puntuales.<br \/>Contaremos con la colaboraci\u00f3n de Licenciados y Autoridades especialistas en el tema.<br \/>Ya no tenemos Excusa! A Denunciar y Fomentar la Denuncia!<br \/>Ellos tienen Esperanza en Nosotros!<br \/>Para m\u00e1s Informaci\u00f3n, los invitamos a sumarse al Grupo en Facebook \u201cVeracruz Estado Animalista. Denuncias y Legislaci\u00f3n\u201d. Correo: <a href=\"mailto:codeba.ver@gmail.com\">codeba.ver@gmail.com<\/a><br \/> Agradeceremos la Difusi\u00f3n y Presencia en este 1\u00b0 Taller, y Anunciamos que la intenci\u00f3n es hacerlo en diversos Municipios del Estado.<\/p>\n","protected":false},"excerpt":{"rendered":"<p>1\u00b0 Taller de Capacitaci\u00f3n Gratuita sobre Legislaci\u00f3n para los Animales Gabriela Mart\u00ednez Castro Tema: \u201cC\u00f3mo, Cu\u00e1ndo y D\u00f3nde DENUNCIAR el Maltrato Animal en el Estado de Veracruz y Cada Uno de sus 212 Municipios\u201d.Considerando el gran inter\u00e9s, sensibilidad y consciencia que se ha estado gestando en la Sociedad Veracruzana, y recordando que en los \u00faltimos [&hellip;]<\/p>\n","protected":false},"author":1,"featured_media":0,"comment_status":"open","ping_status":"open","sticky":false,"template":"","format":"standard","meta":{"tdm_status":"","tdm_grid_status":"","footnotes":""},"categories":[73],"tags":[279,278,195],"class_list":{"0":"post-2034","1":"post","2":"type-post","3":"status-publish","4":"format-standard","6":"category-de-boleto","7":"tag-codeba","8":"tag-maltrato-animal","9":"tag-veracruz"},"yoast_head":"<!-- This site is optimized with the Yoast SEO plugin v27.4 - https:\/\/yoast.com\/product\/yoast-seo-wordpress\/ -->\n<title>Maltrato Animal: C\u00f3mo, cu\u00e1ndo y d\u00f3nde denunciar - Los pol\u00edticos Veracruz<\/title>\n<meta name=\"robots\" content=\"index, follow, max-snippet:-1, max-image-preview:large, max-video-preview:-1\" \/>\n<link rel=\"canonical\" href=\"https:\/\/lospoliticosveracruz.com\/?p=2034\" \/>\n<meta property=\"og:locale\" content=\"es_ES\" \/>\n<meta property=\"og:type\" content=\"article\" \/>\n<meta property=\"og:title\" content=\"Maltrato Animal: C\u00f3mo, cu\u00e1ndo y d\u00f3nde denunciar - Los pol\u00edticos Veracruz\" \/>\n<meta property=\"og:description\" content=\"1\u00b0 Taller de Capacitaci\u00f3n Gratuita sobre Legislaci\u00f3n para los Animales Gabriela Mart\u00ednez Castro Tema: \u201cC\u00f3mo, Cu\u00e1ndo y D\u00f3nde DENUNCIAR el Maltrato Animal en el Estado de Veracruz y Cada Uno de sus 212 Municipios\u201d.Considerando el gran inter\u00e9s, sensibilidad y consciencia que se ha estado gestando en la Sociedad Veracruzana, y recordando que en los \u00faltimos [&hellip;]\" \/>\n<meta property=\"og:url\" content=\"https:\/\/lospoliticosveracruz.com\/?p=2034\" \/>\n<meta property=\"og:site_name\" content=\"Los pol\u00edticos Veracruz\" \/>\n<meta property=\"article:publisher\" content=\"https:\/\/www.facebook.com\/people\/Notimemes-de-los-Polticos\/61565672886568\/\" \/>\n<meta property=\"article:published_time\" content=\"2014-09-25T20:14:00+00:00\" \/>\n<meta property=\"article:modified_time\" content=\"2014-10-11T01:55:59+00:00\" \/>\n<meta property=\"og:image\" content=\"http:\/\/www.lospoliticosveracruz.com.mx\/wp-content\/uploads\/2014\/09\/Perrita.jpg\" \/>\n<meta name=\"author\" content=\"lospoladmin\" \/>\n<meta name=\"twitter:card\" content=\"summary_large_image\" \/>\n<meta name=\"twitter:creator\" content=\"@LosPoliticosVer\" \/>\n<meta name=\"twitter:site\" content=\"@LosPoliticosVer\" \/>\n<meta name=\"twitter:label1\" content=\"Escrito por\" \/>\n\t<meta name=\"twitter:data1\" content=\"lospoladmin\" \/>\n\t<meta name=\"twitter:label2\" content=\"Tiempo de lectura\" \/>\n\t<meta name=\"twitter:data2\" content=\"2 minutos\" \/>\n<script type=\"application\/ld+json\" class=\"yoast-schema-graph\">{\"@context\":\"https:\\\/\\\/schema.org\",\"@graph\":[{\"@type\":\"Article\",\"@id\":\"https:\\\/\\\/lospoliticosveracruz.com\\\/?p=2034#article\",\"isPartOf\":{\"@id\":\"https:\\\/\\\/lospoliticosveracruz.com\\\/?p=2034\"},\"author\":{\"name\":\"lospoladmin\",\"@id\":\"https:\\\/\\\/lospoliticosveracruz.com\\\/#\\\/schema\\\/person\\\/c5fee8df75ee4700bd7f8e92859bd696\"},\"headline\":\"Maltrato Animal: C\u00f3mo, cu\u00e1ndo y d\u00f3nde denunciar\",\"datePublished\":\"2014-09-25T20:14:00+00:00\",\"dateModified\":\"2014-10-11T01:55:59+00:00\",\"mainEntityOfPage\":{\"@id\":\"https:\\\/\\\/lospoliticosveracruz.com\\\/?p=2034\"},\"wordCount\":426,\"commentCount\":0,\"publisher\":{\"@id\":\"https:\\\/\\\/lospoliticosveracruz.com\\\/#organization\"},\"image\":{\"@id\":\"https:\\\/\\\/lospoliticosveracruz.com\\\/?p=2034#primaryimage\"},\"thumbnailUrl\":\"http:\\\/\\\/www.lospoliticosveracruz.com.mx\\\/wp-content\\\/uploads\\\/2014\\\/09\\\/Perrita.jpg\",\"keywords\":[\"Codeba\",\"Maltrato Animal\",\"Veracruz\"],\"articleSection\":[\"De Boleto\"],\"inLanguage\":\"es\",\"potentialAction\":[{\"@type\":\"CommentAction\",\"name\":\"Comment\",\"target\":[\"https:\\\/\\\/lospoliticosveracruz.com\\\/?p=2034#respond\"]}]},{\"@type\":\"WebPage\",\"@id\":\"https:\\\/\\\/lospoliticosveracruz.com\\\/?p=2034\",\"url\":\"https:\\\/\\\/lospoliticosveracruz.com\\\/?p=2034\",\"name\":\"Maltrato Animal: C\u00f3mo, cu\u00e1ndo y d\u00f3nde denunciar - Los pol\u00edticos Veracruz\",\"isPartOf\":{\"@id\":\"https:\\\/\\\/lospoliticosveracruz.com\\\/#website\"},\"primaryImageOfPage\":{\"@id\":\"https:\\\/\\\/lospoliticosveracruz.com\\\/?p=2034#primaryimage\"},\"image\":{\"@id\":\"https:\\\/\\\/lospoliticosveracruz.com\\\/?p=2034#primaryimage\"},\"thumbnailUrl\":\"http:\\\/\\\/www.lospoliticosveracruz.com.mx\\\/wp-content\\\/uploads\\\/2014\\\/09\\\/Perrita.jpg\",\"datePublished\":\"2014-09-25T20:14:00+00:00\",\"dateModified\":\"2014-10-11T01:55:59+00:00\",\"breadcrumb\":{\"@id\":\"https:\\\/\\\/lospoliticosveracruz.com\\\/?p=2034#breadcrumb\"},\"inLanguage\":\"es\",\"potentialAction\":[{\"@type\":\"ReadAction\",\"target\":[\"https:\\\/\\\/lospoliticosveracruz.com\\\/?p=2034\"]}]},{\"@type\":\"ImageObject\",\"inLanguage\":\"es\",\"@id\":\"https:\\\/\\\/lospoliticosveracruz.com\\\/?p=2034#primaryimage\",\"url\":\"http:\\\/\\\/www.lospoliticosveracruz.com.mx\\\/wp-content\\\/uploads\\\/2014\\\/09\\\/Perrita.jpg\",\"contentUrl\":\"http:\\\/\\\/www.lospoliticosveracruz.com.mx\\\/wp-content\\\/uploads\\\/2014\\\/09\\\/Perrita.jpg\"},{\"@type\":\"BreadcrumbList\",\"@id\":\"https:\\\/\\\/lospoliticosveracruz.com\\\/?p=2034#breadcrumb\",\"itemListElement\":[{\"@type\":\"ListItem\",\"position\":1,\"name\":\"Portada\",\"item\":\"https:\\\/\\\/lospoliticosveracruz.com\\\/\"},{\"@type\":\"ListItem\",\"position\":2,\"name\":\"Maltrato Animal: C\u00f3mo, cu\u00e1ndo y d\u00f3nde denunciar\"}]},{\"@type\":\"WebSite\",\"@id\":\"https:\\\/\\\/lospoliticosveracruz.com\\\/#website\",\"url\":\"https:\\\/\\\/lospoliticosveracruz.com\\\/\",\"name\":\"Los pol\u00edticos Veracruz\",\"description\":\"\",\"publisher\":{\"@id\":\"https:\\\/\\\/lospoliticosveracruz.com\\\/#organization\"},\"potentialAction\":[{\"@type\":\"SearchAction\",\"target\":{\"@type\":\"EntryPoint\",\"urlTemplate\":\"https:\\\/\\\/lospoliticosveracruz.com\\\/?s={search_term_string}\"},\"query-input\":{\"@type\":\"PropertyValueSpecification\",\"valueRequired\":true,\"valueName\":\"search_term_string\"}}],\"inLanguage\":\"es\"},{\"@type\":\"Organization\",\"@id\":\"https:\\\/\\\/lospoliticosveracruz.com\\\/#organization\",\"name\":\"Los pol\u00edticos Veracruz\",\"url\":\"https:\\\/\\\/lospoliticosveracruz.com\\\/\",\"logo\":{\"@type\":\"ImageObject\",\"inLanguage\":\"es\",\"@id\":\"https:\\\/\\\/lospoliticosveracruz.com\\\/#\\\/schema\\\/logo\\\/image\\\/\",\"url\":\"https:\\\/\\\/lospoliticosveracruz.com\\\/wp-content\\\/uploads\\\/2025\\\/12\\\/Logo-Nuevo-LOS-POLITICOS-1.jpg\",\"contentUrl\":\"https:\\\/\\\/lospoliticosveracruz.com\\\/wp-content\\\/uploads\\\/2025\\\/12\\\/Logo-Nuevo-LOS-POLITICOS-1.jpg\",\"width\":260,\"height\":70,\"caption\":\"Los pol\u00edticos Veracruz\"},\"image\":{\"@id\":\"https:\\\/\\\/lospoliticosveracruz.com\\\/#\\\/schema\\\/logo\\\/image\\\/\"},\"sameAs\":[\"https:\\\/\\\/www.facebook.com\\\/people\\\/Notimemes-de-los-Polticos\\\/61565672886568\\\/\",\"https:\\\/\\\/x.com\\\/LosPoliticosVer\"]},{\"@type\":\"Person\",\"@id\":\"https:\\\/\\\/lospoliticosveracruz.com\\\/#\\\/schema\\\/person\\\/c5fee8df75ee4700bd7f8e92859bd696\",\"name\":\"lospoladmin\",\"image\":{\"@type\":\"ImageObject\",\"inLanguage\":\"es\",\"@id\":\"https:\\\/\\\/secure.gravatar.com\\\/avatar\\\/f4a468785695515895c4d618820f242e33d3d72a0284244a0fad6d19795cb724?s=96&d=mm&r=g\",\"url\":\"https:\\\/\\\/secure.gravatar.com\\\/avatar\\\/f4a468785695515895c4d618820f242e33d3d72a0284244a0fad6d19795cb724?s=96&d=mm&r=g\",\"contentUrl\":\"https:\\\/\\\/secure.gravatar.com\\\/avatar\\\/f4a468785695515895c4d618820f242e33d3d72a0284244a0fad6d19795cb724?s=96&d=mm&r=g\",\"caption\":\"lospoladmin\"},\"url\":\"https:\\\/\\\/lospoliticosveracruz.com\\\/?author=1\"}]}<\/script>\n<!-- \/ Yoast SEO plugin. -->","yoast_head_json":{"title":"Maltrato Animal: C\u00f3mo, cu\u00e1ndo y d\u00f3nde denunciar - Los pol\u00edticos Veracruz","robots":{"index":"index","follow":"follow","max-snippet":"max-snippet:-1","max-image-preview":"max-image-preview:large","max-video-preview":"max-video-preview:-1"},"canonical":"https:\/\/lospoliticosveracruz.com\/?p=2034","og_locale":"es_ES","og_type":"article","og_title":"Maltrato Animal: C\u00f3mo, cu\u00e1ndo y d\u00f3nde denunciar - Los pol\u00edticos Veracruz","og_description":"1\u00b0 Taller de Capacitaci\u00f3n Gratuita sobre Legislaci\u00f3n para los Animales Gabriela Mart\u00ednez Castro Tema: \u201cC\u00f3mo, Cu\u00e1ndo y D\u00f3nde DENUNCIAR el Maltrato Animal en el Estado de Veracruz y Cada Uno de sus 212 Municipios\u201d.Considerando el gran inter\u00e9s, sensibilidad y consciencia que se ha estado gestando en la Sociedad Veracruzana, y recordando que en los \u00faltimos [&hellip;]","og_url":"https:\/\/lospoliticosveracruz.com\/?p=2034","og_site_name":"Los pol\u00edticos Veracruz","article_publisher":"https:\/\/www.facebook.com\/people\/Notimemes-de-los-Polticos\/61565672886568\/","article_published_time":"2014-09-25T20:14:00+00:00","article_modified_time":"2014-10-11T01:55:59+00:00","og_image":[{"url":"http:\/\/www.lospoliticosveracruz.com.mx\/wp-content\/uploads\/2014\/09\/Perrita.jpg","type":"","width":"","height":""}],"author":"lospoladmin","twitter_card":"summary_large_image","twitter_creator":"@LosPoliticosVer","twitter_site":"@LosPoliticosVer","twitter_misc":{"Escrito por":"lospoladmin","Tiempo de lectura":"2 minutos"},"schema":{"@context":"https:\/\/schema.org","@graph":[{"@type":"Article","@id":"https:\/\/lospoliticosveracruz.com\/?p=2034#article","isPartOf":{"@id":"https:\/\/lospoliticosveracruz.com\/?p=2034"},"author":{"name":"lospoladmin","@id":"https:\/\/lospoliticosveracruz.com\/#\/schema\/person\/c5fee8df75ee4700bd7f8e92859bd696"},"headline":"Maltrato Animal: C\u00f3mo, cu\u00e1ndo y d\u00f3nde denunciar","datePublished":"2014-09-25T20:14:00+00:00","dateModified":"2014-10-11T01:55:59+00:00","mainEntityOfPage":{"@id":"https:\/\/lospoliticosveracruz.com\/?p=2034"},"wordCount":426,"commentCount":0,"publisher":{"@id":"https:\/\/lospoliticosveracruz.com\/#organization"},"image":{"@id":"https:\/\/lospoliticosveracruz.com\/?p=2034#primaryimage"},"thumbnailUrl":"http:\/\/www.lospoliticosveracruz.com.mx\/wp-content\/uploads\/2014\/09\/Perrita.jpg","keywords":["Codeba","Maltrato Animal","Veracruz"],"articleSection":["De Boleto"],"inLanguage":"es","potentialAction":[{"@type":"CommentAction","name":"Comment","target":["https:\/\/lospoliticosveracruz.com\/?p=2034#respond"]}]},{"@type":"WebPage","@id":"https:\/\/lospoliticosveracruz.com\/?p=2034","url":"https:\/\/lospoliticosveracruz.com\/?p=2034","name":"Maltrato Animal: C\u00f3mo, cu\u00e1ndo y d\u00f3nde denunciar - Los pol\u00edticos Veracruz","isPartOf":{"@id":"https:\/\/lospoliticosveracruz.com\/#website"},"primaryImageOfPage":{"@id":"https:\/\/lospoliticosveracruz.com\/?p=2034#primaryimage"},"image":{"@id":"https:\/\/lospoliticosveracruz.com\/?p=2034#primaryimage"},"thumbnailUrl":"http:\/\/www.lospoliticosveracruz.com.mx\/wp-content\/uploads\/2014\/09\/Perrita.jpg","datePublished":"2014-09-25T20:14:00+00:00","dateModified":"2014-10-11T01:55:59+00:00","breadcrumb":{"@id":"https:\/\/lospoliticosveracruz.com\/?p=2034#breadcrumb"},"inLanguage":"es","potentialAction":[{"@type":"ReadAction","target":["https:\/\/lospoliticosveracruz.com\/?p=2034"]}]},{"@type":"ImageObject","inLanguage":"es","@id":"https:\/\/lospoliticosveracruz.com\/?p=2034#primaryimage","url":"http:\/\/www.lospoliticosveracruz.com.mx\/wp-content\/uploads\/2014\/09\/Perrita.jpg","contentUrl":"http:\/\/www.lospoliticosveracruz.com.mx\/wp-content\/uploads\/2014\/09\/Perrita.jpg"},{"@type":"BreadcrumbList","@id":"https:\/\/lospoliticosveracruz.com\/?p=2034#breadcrumb","itemListElement":[{"@type":"ListItem","position":1,"name":"Portada","item":"https:\/\/lospoliticosveracruz.com\/"},{"@type":"ListItem","position":2,"name":"Maltrato Animal: C\u00f3mo, cu\u00e1ndo y d\u00f3nde denunciar"}]},{"@type":"WebSite","@id":"https:\/\/lospoliticosveracruz.com\/#website","url":"https:\/\/lospoliticosveracruz.com\/","name":"Los pol\u00edticos Veracruz","description":"","publisher":{"@id":"https:\/\/lospoliticosveracruz.com\/#organization"},"potentialAction":[{"@type":"SearchAction","target":{"@type":"EntryPoint","urlTemplate":"https:\/\/lospoliticosveracruz.com\/?s={search_term_string}"},"query-input":{"@type":"PropertyValueSpecification","valueRequired":true,"valueName":"search_term_string"}}],"inLanguage":"es"},{"@type":"Organization","@id":"https:\/\/lospoliticosveracruz.com\/#organization","name":"Los pol\u00edticos Veracruz","url":"https:\/\/lospoliticosveracruz.com\/","logo":{"@type":"ImageObject","inLanguage":"es","@id":"https:\/\/lospoliticosveracruz.com\/#\/schema\/logo\/image\/","url":"https:\/\/lospoliticosveracruz.com\/wp-content\/uploads\/2025\/12\/Logo-Nuevo-LOS-POLITICOS-1.jpg","contentUrl":"https:\/\/lospoliticosveracruz.com\/wp-content\/uploads\/2025\/12\/Logo-Nuevo-LOS-POLITICOS-1.jpg","width":260,"height":70,"caption":"Los pol\u00edticos Veracruz"},"image":{"@id":"https:\/\/lospoliticosveracruz.com\/#\/schema\/logo\/image\/"},"sameAs":["https:\/\/www.facebook.com\/people\/Notimemes-de-los-Polticos\/61565672886568\/","https:\/\/x.com\/LosPoliticosVer"]},{"@type":"Person","@id":"https:\/\/lospoliticosveracruz.com\/#\/schema\/person\/c5fee8df75ee4700bd7f8e92859bd696","name":"lospoladmin","image":{"@type":"ImageObject","inLanguage":"es","@id":"https:\/\/secure.gravatar.com\/avatar\/f4a468785695515895c4d618820f242e33d3d72a0284244a0fad6d19795cb724?s=96&d=mm&r=g","url":"https:\/\/secure.gravatar.com\/avatar\/f4a468785695515895c4d618820f242e33d3d72a0284244a0fad6d19795cb724?s=96&d=mm&r=g","contentUrl":"https:\/\/secure.gravatar.com\/avatar\/f4a468785695515895c4d618820f242e33d3d72a0284244a0fad6d19795cb724?s=96&d=mm&r=g","caption":"lospoladmin"},"url":"https:\/\/lospoliticosveracruz.com\/?author=1"}]}},"_links":{"self":[{"href":"https:\/\/lospoliticosveracruz.com\/index.php?rest_route=\/wp\/v2\/posts\/2034","targetHints":{"allow":["GET"]}}],"collection":[{"href":"https:\/\/lospoliticosveracruz.com\/index.php?rest_route=\/wp\/v2\/posts"}],"about":[{"href":"https:\/\/lospoliticosveracruz.com\/index.php?rest_route=\/wp\/v2\/types\/post"}],"author":[{"embeddable":true,"href":"https:\/\/lospoliticosveracruz.com\/index.php?rest_route=\/wp\/v2\/users\/1"}],"replies":[{"embeddable":true,"href":"https:\/\/lospoliticosveracruz.com\/index.php?rest_route=%2Fwp%2Fv2%2Fcomments&post=2034"}],"version-history":[{"count":1,"href":"https:\/\/lospoliticosveracruz.com\/index.php?rest_route=\/wp\/v2\/posts\/2034\/revisions"}],"predecessor-version":[{"id":12549,"href":"https:\/\/lospoliticosveracruz.com\/index.php?rest_route=\/wp\/v2\/posts\/2034\/revisions\/12549"}],"wp:attachment":[{"href":"https:\/\/lospoliticosveracruz.com\/index.php?rest_route=%2Fwp%2Fv2%2Fmedia&parent=2034"}],"wp:term":[{"taxonomy":"category","embeddable":true,"href":"https:\/\/lospoliticosveracruz.com\/index.php?rest_route=%2Fwp%2Fv2%2Fcategories&post=2034"},{"taxonomy":"post_tag","embeddable":true,"href":"https:\/\/lospoliticosveracruz.com\/index.php?rest_route=%2Fwp%2Fv2%2Ftags&post=2034"}],"curies":[{"name":"wp","href":"https:\/\/api.w.org\/{rel}","templated":true}]}}