{"id":2035,"date":"2014-09-25T15:32:00","date_gmt":"2014-09-25T15:32:00","guid":{"rendered":"http:\/\/www.lospoliticosveracruz.com.mx\/?p=2035"},"modified":"2014-10-11T01:58:00","modified_gmt":"2014-10-11T01:58:00","slug":"la-corrupcion-somos-todos","status":"publish","type":"post","link":"https:\/\/lospoliticosveracruz.com\/?p=2035","title":{"rendered":"La corrupci\u00f3n somos todos"},"content":{"rendered":"<p><a href=\"http:\/\/www.lospoliticosveracruz.com.mx\/wp-content\/uploads\/2014\/09\/24596-700-1054.jpg\"><img loading=\"lazy\" decoding=\"async\" border=\"0\" height=\"400\" src=\"http:\/\/www.lospoliticosveracruz.com.mx\/wp-content\/uploads\/2014\/09\/24596-700-1054-199x300.jpg\" width=\"265\" \/><\/a><\/p>\n<div><b>Miguel Angel Cristiani Gonz\u00e1lez<\/b><\/p>\n<div><i>Bit\u00e1cora Veracruz<\/i><\/div>\n<div>Aunque las 11 reformas propuestas por el presidente Enrique Pe\u00f1a Nieto y sus leyes secundarias han sido aprobadas, luego de que han transcurrido ya m\u00e1s de siete meses de que fue presentada en la C\u00e1mara de Diputados la creaci\u00f3n de una comisi\u00f3n nacional anticorrupci\u00f3n, que deber\u00eda de haber sido la primera en ser aprobada, se encuentra \u201ccongelada\u201d y los distintos partidos pol\u00edticos no tienen el menor inter\u00e9s en que comience a funcionar.<a name='more'><\/a><br \/>Las famosas 11 reformas estructurales, son la bandera pol\u00edtica de la actual administraci\u00f3n, que incluso ha sido cacareada en foro internacionales, como la asamblea general de la Organizaci\u00f3n de las Naciones Unidas, en donde estuvo esta semana el presidente Enrique Pe\u00f1a Nieto.<br \/>Pero de la creaci\u00f3n de la comisi\u00f3n nacional anticorrupci\u00f3n, no se ha vuelto a pronunciar una sola palabra, los l\u00edderes de los grupos parlamentarios no han acordado siquiera la fecha para iniciar la discusi\u00f3n, mucho menos llegar a su aprobaci\u00f3n y puesta en marcha.<br \/>Sin embargo, todas las reformas aprobadas y sus leyes secundarias, de muy poco sirven, si se sigue operando en un sistema pol\u00edtico, en donde la corrupci\u00f3n es la norma m\u00e1xima que rige en casi todas las funciones de gobierno.<br \/>De nada servir\u00e1 la reforma energ\u00e9tica, si gracias a la corrupci\u00f3n, los contratos se siguen entregando a los l\u00edderes sindicales, los familiares del presidente en turno o a los amigos prestanombres de empresas fantasmas.<br \/>Lo mismo ocurrir\u00e1 con todas las dem\u00e1s reformas estructurales, mientras la corrupci\u00f3n sea el mayor problema en nuestro pa\u00eds, se podr\u00e1n hacer todos los cambios, reformas y modificaciones que se quieran a las leyes, pero el c\u00e1ncer de la corrupci\u00f3n, seguir\u00e1 corroyendo todas las instituciones en donde se practica.<br \/>Por su parte, el Partido Revolucionario Institucional (PRI) argumenta que el asunto debe analizarse con detenimiento y que otras iniciativas han ocupado la agenda legislativa de 2014.<br \/>Del otro lado, las principales fuerzas de oposici\u00f3n, los partidos Acci\u00f3n Nacional (PAN) y de la Revoluci\u00f3n Democr\u00e1tica (PRD), acusan falta de inter\u00e9s de parte del PRI y del gobierno del presidente Enrique Pe\u00f1a Nieto, a pesar de que el mandatario prometi\u00f3 impulsar esta propuesta incluso desde antes de asumir el poder.<br \/>A trav\u00e9s de la bancada del PRI, Pe\u00f1a Nieto present\u00f3 la iniciativa al Senado en noviembre de 2012 \u2014dos semanas antes de tomar la Presidencia\u2014, cuando argument\u00f3 que la creaci\u00f3n de este nuevo \u00f3rgano servir\u00eda para combatir un problema que la sociedad considera grave.<br \/>Esto se refleja, por ejemplo, en que la corrupci\u00f3n es el tercer problema que m\u00e1s preocupa a los mexicanos, detr\u00e1s de la inseguridad y el desempleo, seg\u00fan una encuesta que el Instituto Nacional de Estad\u00edstica y Geograf\u00eda (Inegi) dio a conocer en junio pasado.<br \/>Adem\u00e1s, en 2013, M\u00e9xico ocup\u00f3 el lugar 109 de 177 pa\u00edses en el \u00cdndice de Percepci\u00f3n de la Corrupci\u00f3n de Transparencia Internacional (TI), con una calificaci\u00f3n de apenas 34 puntos de 100 posibles.<br \/>En un reporte de la CNN en nuestro pa\u00eds se apunta:<br \/>La iniciativa presidencial en la materia permaneci\u00f3 m\u00e1s de un a\u00f1o detenida en la C\u00e1mara alta hasta que, en diciembre de 2013, luego de que las bancadas resolvieron desacuerdos y se integraron algunas propuestas de senadores del PAN y del PRD, el texto qued\u00f3 aprobado en el pleno y se envi\u00f3 a la C\u00e1mara de Diputados para su revisi\u00f3n.<br \/>La minuta se encuentra desde el 4 de febrero pasado en las comisiones de Puntos Constitucionales y de Transparencia y Anticorrupci\u00f3n de San L\u00e1zaro, donde los legisladores difieren sobre aspectos como de qu\u00e9 forma tendr\u00eda que coordinarse el nuevo \u00f3rgano con otras instituciones o si debe tener o no facultades para imponer sanciones.<br \/>La priista Areli Madrid Tovilla, presidenta de la Comisi\u00f3n de Transparencia y Anticorrupci\u00f3n, se\u00f1al\u00f3 que el tema se ha analizado al interior de cada grupo parlamentario y en foros con especialistas. Sin embargo, reconoci\u00f3 que a\u00fan no hay acuerdos sobre cu\u00e1ndo comenzar\u00e1 la dictaminaci\u00f3n.<br \/>\u201cEn cuanto tengamos la oportunidad, habr\u00e1 una reuni\u00f3n de manera colegiada en donde lo podamos resolver. Por lo pronto, todav\u00eda no hemos afinado detalles\u2026 todav\u00eda no podemos dar nosotros fecha tentativa\u201d.<br \/>Los pretextos y las excusas sobran, para no establecer mecanismos para combatir la corrupci\u00f3n; total, qu\u00e9 prisa hay.<br \/>Bien lo dice el fil\u00f3sofo de mi pueblo Pancho L\u00f3pez, \u201cla corrupci\u00f3n somos todos\u201d.<br \/>Si meten a la c\u00e1rcel a todos los corruptos, \u00bfQui\u00e9n cerrar\u00e1 la puerta?.<br \/>Visita nuestro portal de noticias de Veracruz: <a href=\"http:\/\/bitacoraveracruz.blogspot.mx\/\">http:\/\/bitacoraveracruz.blogspot.mx<\/a>       <br \/>Estamos en Twitter: @bitacoraveracru    <\/p>\n<p>B\u00fascanos en Facebook: Miguel \u00c1ngel Cristiani G.<\/p><\/div>\n<\/div>\n","protected":false},"excerpt":{"rendered":"<p>Miguel Angel Cristiani Gonz\u00e1lez Bit\u00e1cora Veracruz Aunque las 11 reformas propuestas por el presidente Enrique Pe\u00f1a Nieto y sus leyes secundarias han sido aprobadas, luego de que han transcurrido ya m\u00e1s de siete meses de que fue presentada en la C\u00e1mara de Diputados la creaci\u00f3n de una comisi\u00f3n nacional anticorrupci\u00f3n, que deber\u00eda de haber sido [&hellip;]<\/p>\n","protected":false},"author":1,"featured_media":0,"comment_status":"open","ping_status":"open","sticky":false,"template":"","format":"standard","meta":{"tdm_status":"","tdm_grid_status":"","footnotes":""},"categories":[70],"tags":[282,281,266,107,251],"class_list":{"0":"post-2035","1":"post","2":"type-post","3":"status-publish","4":"format-standard","6":"category-de-opinion","7":"tag-corrupcion","8":"tag-enrique-pena-nieto","9":"tag-pan","10":"tag-prd","11":"tag-pri"},"yoast_head":"<!-- This site is optimized with the Yoast SEO plugin v27.4 - https:\/\/yoast.com\/product\/yoast-seo-wordpress\/ -->\n<title>La corrupci\u00f3n somos todos - Los pol\u00edticos Veracruz<\/title>\n<meta name=\"robots\" content=\"index, follow, max-snippet:-1, max-image-preview:large, max-video-preview:-1\" \/>\n<link rel=\"canonical\" href=\"https:\/\/lospoliticosveracruz.com\/?p=2035\" \/>\n<meta property=\"og:locale\" content=\"es_ES\" \/>\n<meta property=\"og:type\" content=\"article\" \/>\n<meta property=\"og:title\" content=\"La corrupci\u00f3n somos todos - Los pol\u00edticos Veracruz\" \/>\n<meta property=\"og:description\" content=\"Miguel Angel Cristiani Gonz\u00e1lez Bit\u00e1cora Veracruz Aunque las 11 reformas propuestas por el presidente Enrique Pe\u00f1a Nieto y sus leyes secundarias han sido aprobadas, luego de que han transcurrido ya m\u00e1s de siete meses de que fue presentada en la C\u00e1mara de Diputados la creaci\u00f3n de una comisi\u00f3n nacional anticorrupci\u00f3n, que deber\u00eda de haber sido [&hellip;]\" \/>\n<meta property=\"og:url\" content=\"https:\/\/lospoliticosveracruz.com\/?p=2035\" \/>\n<meta property=\"og:site_name\" content=\"Los pol\u00edticos Veracruz\" \/>\n<meta property=\"article:publisher\" content=\"https:\/\/www.facebook.com\/people\/Notimemes-de-los-Polticos\/61565672886568\/\" \/>\n<meta property=\"article:published_time\" content=\"2014-09-25T15:32:00+00:00\" \/>\n<meta property=\"article:modified_time\" content=\"2014-10-11T01:58:00+00:00\" \/>\n<meta property=\"og:image\" content=\"http:\/\/www.lospoliticosveracruz.com.mx\/wp-content\/uploads\/2014\/09\/24596-700-1054-199x300.jpg\" \/>\n<meta name=\"author\" content=\"lospoladmin\" \/>\n<meta name=\"twitter:card\" content=\"summary_large_image\" \/>\n<meta name=\"twitter:creator\" content=\"@LosPoliticosVer\" \/>\n<meta name=\"twitter:site\" content=\"@LosPoliticosVer\" \/>\n<meta name=\"twitter:label1\" content=\"Escrito por\" \/>\n\t<meta name=\"twitter:data1\" content=\"lospoladmin\" \/>\n\t<meta name=\"twitter:label2\" content=\"Tiempo de lectura\" \/>\n\t<meta name=\"twitter:data2\" content=\"4 minutos\" \/>\n<script type=\"application\/ld+json\" class=\"yoast-schema-graph\">{\"@context\":\"https:\\\/\\\/schema.org\",\"@graph\":[{\"@type\":\"Article\",\"@id\":\"https:\\\/\\\/lospoliticosveracruz.com\\\/?p=2035#article\",\"isPartOf\":{\"@id\":\"https:\\\/\\\/lospoliticosveracruz.com\\\/?p=2035\"},\"author\":{\"name\":\"lospoladmin\",\"@id\":\"https:\\\/\\\/lospoliticosveracruz.com\\\/#\\\/schema\\\/person\\\/c5fee8df75ee4700bd7f8e92859bd696\"},\"headline\":\"La corrupci\u00f3n somos todos\",\"datePublished\":\"2014-09-25T15:32:00+00:00\",\"dateModified\":\"2014-10-11T01:58:00+00:00\",\"mainEntityOfPage\":{\"@id\":\"https:\\\/\\\/lospoliticosveracruz.com\\\/?p=2035\"},\"wordCount\":825,\"commentCount\":0,\"publisher\":{\"@id\":\"https:\\\/\\\/lospoliticosveracruz.com\\\/#organization\"},\"image\":{\"@id\":\"https:\\\/\\\/lospoliticosveracruz.com\\\/?p=2035#primaryimage\"},\"thumbnailUrl\":\"http:\\\/\\\/www.lospoliticosveracruz.com.mx\\\/wp-content\\\/uploads\\\/2014\\\/09\\\/24596-700-1054-199x300.jpg\",\"keywords\":[\"corrupci\u00f3n\",\"Enrique Pe\u00f1a Nieto\",\"PAN\",\"PRD\",\"PRI\"],\"articleSection\":[\"De Opini\u00f3n\"],\"inLanguage\":\"es\",\"potentialAction\":[{\"@type\":\"CommentAction\",\"name\":\"Comment\",\"target\":[\"https:\\\/\\\/lospoliticosveracruz.com\\\/?p=2035#respond\"]}]},{\"@type\":\"WebPage\",\"@id\":\"https:\\\/\\\/lospoliticosveracruz.com\\\/?p=2035\",\"url\":\"https:\\\/\\\/lospoliticosveracruz.com\\\/?p=2035\",\"name\":\"La corrupci\u00f3n somos todos - Los pol\u00edticos Veracruz\",\"isPartOf\":{\"@id\":\"https:\\\/\\\/lospoliticosveracruz.com\\\/#website\"},\"primaryImageOfPage\":{\"@id\":\"https:\\\/\\\/lospoliticosveracruz.com\\\/?p=2035#primaryimage\"},\"image\":{\"@id\":\"https:\\\/\\\/lospoliticosveracruz.com\\\/?p=2035#primaryimage\"},\"thumbnailUrl\":\"http:\\\/\\\/www.lospoliticosveracruz.com.mx\\\/wp-content\\\/uploads\\\/2014\\\/09\\\/24596-700-1054-199x300.jpg\",\"datePublished\":\"2014-09-25T15:32:00+00:00\",\"dateModified\":\"2014-10-11T01:58:00+00:00\",\"breadcrumb\":{\"@id\":\"https:\\\/\\\/lospoliticosveracruz.com\\\/?p=2035#breadcrumb\"},\"inLanguage\":\"es\",\"potentialAction\":[{\"@type\":\"ReadAction\",\"target\":[\"https:\\\/\\\/lospoliticosveracruz.com\\\/?p=2035\"]}]},{\"@type\":\"ImageObject\",\"inLanguage\":\"es\",\"@id\":\"https:\\\/\\\/lospoliticosveracruz.com\\\/?p=2035#primaryimage\",\"url\":\"http:\\\/\\\/www.lospoliticosveracruz.com.mx\\\/wp-content\\\/uploads\\\/2014\\\/09\\\/24596-700-1054-199x300.jpg\",\"contentUrl\":\"http:\\\/\\\/www.lospoliticosveracruz.com.mx\\\/wp-content\\\/uploads\\\/2014\\\/09\\\/24596-700-1054-199x300.jpg\"},{\"@type\":\"BreadcrumbList\",\"@id\":\"https:\\\/\\\/lospoliticosveracruz.com\\\/?p=2035#breadcrumb\",\"itemListElement\":[{\"@type\":\"ListItem\",\"position\":1,\"name\":\"Portada\",\"item\":\"https:\\\/\\\/lospoliticosveracruz.com\\\/\"},{\"@type\":\"ListItem\",\"position\":2,\"name\":\"La corrupci\u00f3n somos todos\"}]},{\"@type\":\"WebSite\",\"@id\":\"https:\\\/\\\/lospoliticosveracruz.com\\\/#website\",\"url\":\"https:\\\/\\\/lospoliticosveracruz.com\\\/\",\"name\":\"Los pol\u00edticos Veracruz\",\"description\":\"\",\"publisher\":{\"@id\":\"https:\\\/\\\/lospoliticosveracruz.com\\\/#organization\"},\"potentialAction\":[{\"@type\":\"SearchAction\",\"target\":{\"@type\":\"EntryPoint\",\"urlTemplate\":\"https:\\\/\\\/lospoliticosveracruz.com\\\/?s={search_term_string}\"},\"query-input\":{\"@type\":\"PropertyValueSpecification\",\"valueRequired\":true,\"valueName\":\"search_term_string\"}}],\"inLanguage\":\"es\"},{\"@type\":\"Organization\",\"@id\":\"https:\\\/\\\/lospoliticosveracruz.com\\\/#organization\",\"name\":\"Los pol\u00edticos Veracruz\",\"url\":\"https:\\\/\\\/lospoliticosveracruz.com\\\/\",\"logo\":{\"@type\":\"ImageObject\",\"inLanguage\":\"es\",\"@id\":\"https:\\\/\\\/lospoliticosveracruz.com\\\/#\\\/schema\\\/logo\\\/image\\\/\",\"url\":\"https:\\\/\\\/lospoliticosveracruz.com\\\/wp-content\\\/uploads\\\/2025\\\/12\\\/Logo-Nuevo-LOS-POLITICOS-1.jpg\",\"contentUrl\":\"https:\\\/\\\/lospoliticosveracruz.com\\\/wp-content\\\/uploads\\\/2025\\\/12\\\/Logo-Nuevo-LOS-POLITICOS-1.jpg\",\"width\":260,\"height\":70,\"caption\":\"Los pol\u00edticos Veracruz\"},\"image\":{\"@id\":\"https:\\\/\\\/lospoliticosveracruz.com\\\/#\\\/schema\\\/logo\\\/image\\\/\"},\"sameAs\":[\"https:\\\/\\\/www.facebook.com\\\/people\\\/Notimemes-de-los-Polticos\\\/61565672886568\\\/\",\"https:\\\/\\\/x.com\\\/LosPoliticosVer\"]},{\"@type\":\"Person\",\"@id\":\"https:\\\/\\\/lospoliticosveracruz.com\\\/#\\\/schema\\\/person\\\/c5fee8df75ee4700bd7f8e92859bd696\",\"name\":\"lospoladmin\",\"image\":{\"@type\":\"ImageObject\",\"inLanguage\":\"es\",\"@id\":\"https:\\\/\\\/secure.gravatar.com\\\/avatar\\\/f4a468785695515895c4d618820f242e33d3d72a0284244a0fad6d19795cb724?s=96&d=mm&r=g\",\"url\":\"https:\\\/\\\/secure.gravatar.com\\\/avatar\\\/f4a468785695515895c4d618820f242e33d3d72a0284244a0fad6d19795cb724?s=96&d=mm&r=g\",\"contentUrl\":\"https:\\\/\\\/secure.gravatar.com\\\/avatar\\\/f4a468785695515895c4d618820f242e33d3d72a0284244a0fad6d19795cb724?s=96&d=mm&r=g\",\"caption\":\"lospoladmin\"},\"url\":\"https:\\\/\\\/lospoliticosveracruz.com\\\/?author=1\"}]}<\/script>\n<!-- \/ Yoast SEO plugin. -->","yoast_head_json":{"title":"La corrupci\u00f3n somos todos - Los pol\u00edticos Veracruz","robots":{"index":"index","follow":"follow","max-snippet":"max-snippet:-1","max-image-preview":"max-image-preview:large","max-video-preview":"max-video-preview:-1"},"canonical":"https:\/\/lospoliticosveracruz.com\/?p=2035","og_locale":"es_ES","og_type":"article","og_title":"La corrupci\u00f3n somos todos - Los pol\u00edticos Veracruz","og_description":"Miguel Angel Cristiani Gonz\u00e1lez Bit\u00e1cora Veracruz Aunque las 11 reformas propuestas por el presidente Enrique Pe\u00f1a Nieto y sus leyes secundarias han sido aprobadas, luego de que han transcurrido ya m\u00e1s de siete meses de que fue presentada en la C\u00e1mara de Diputados la creaci\u00f3n de una comisi\u00f3n nacional anticorrupci\u00f3n, que deber\u00eda de haber sido [&hellip;]","og_url":"https:\/\/lospoliticosveracruz.com\/?p=2035","og_site_name":"Los pol\u00edticos Veracruz","article_publisher":"https:\/\/www.facebook.com\/people\/Notimemes-de-los-Polticos\/61565672886568\/","article_published_time":"2014-09-25T15:32:00+00:00","article_modified_time":"2014-10-11T01:58:00+00:00","og_image":[{"url":"http:\/\/www.lospoliticosveracruz.com.mx\/wp-content\/uploads\/2014\/09\/24596-700-1054-199x300.jpg","type":"","width":"","height":""}],"author":"lospoladmin","twitter_card":"summary_large_image","twitter_creator":"@LosPoliticosVer","twitter_site":"@LosPoliticosVer","twitter_misc":{"Escrito por":"lospoladmin","Tiempo de lectura":"4 minutos"},"schema":{"@context":"https:\/\/schema.org","@graph":[{"@type":"Article","@id":"https:\/\/lospoliticosveracruz.com\/?p=2035#article","isPartOf":{"@id":"https:\/\/lospoliticosveracruz.com\/?p=2035"},"author":{"name":"lospoladmin","@id":"https:\/\/lospoliticosveracruz.com\/#\/schema\/person\/c5fee8df75ee4700bd7f8e92859bd696"},"headline":"La corrupci\u00f3n somos todos","datePublished":"2014-09-25T15:32:00+00:00","dateModified":"2014-10-11T01:58:00+00:00","mainEntityOfPage":{"@id":"https:\/\/lospoliticosveracruz.com\/?p=2035"},"wordCount":825,"commentCount":0,"publisher":{"@id":"https:\/\/lospoliticosveracruz.com\/#organization"},"image":{"@id":"https:\/\/lospoliticosveracruz.com\/?p=2035#primaryimage"},"thumbnailUrl":"http:\/\/www.lospoliticosveracruz.com.mx\/wp-content\/uploads\/2014\/09\/24596-700-1054-199x300.jpg","keywords":["corrupci\u00f3n","Enrique Pe\u00f1a Nieto","PAN","PRD","PRI"],"articleSection":["De Opini\u00f3n"],"inLanguage":"es","potentialAction":[{"@type":"CommentAction","name":"Comment","target":["https:\/\/lospoliticosveracruz.com\/?p=2035#respond"]}]},{"@type":"WebPage","@id":"https:\/\/lospoliticosveracruz.com\/?p=2035","url":"https:\/\/lospoliticosveracruz.com\/?p=2035","name":"La corrupci\u00f3n somos todos - Los pol\u00edticos Veracruz","isPartOf":{"@id":"https:\/\/lospoliticosveracruz.com\/#website"},"primaryImageOfPage":{"@id":"https:\/\/lospoliticosveracruz.com\/?p=2035#primaryimage"},"image":{"@id":"https:\/\/lospoliticosveracruz.com\/?p=2035#primaryimage"},"thumbnailUrl":"http:\/\/www.lospoliticosveracruz.com.mx\/wp-content\/uploads\/2014\/09\/24596-700-1054-199x300.jpg","datePublished":"2014-09-25T15:32:00+00:00","dateModified":"2014-10-11T01:58:00+00:00","breadcrumb":{"@id":"https:\/\/lospoliticosveracruz.com\/?p=2035#breadcrumb"},"inLanguage":"es","potentialAction":[{"@type":"ReadAction","target":["https:\/\/lospoliticosveracruz.com\/?p=2035"]}]},{"@type":"ImageObject","inLanguage":"es","@id":"https:\/\/lospoliticosveracruz.com\/?p=2035#primaryimage","url":"http:\/\/www.lospoliticosveracruz.com.mx\/wp-content\/uploads\/2014\/09\/24596-700-1054-199x300.jpg","contentUrl":"http:\/\/www.lospoliticosveracruz.com.mx\/wp-content\/uploads\/2014\/09\/24596-700-1054-199x300.jpg"},{"@type":"BreadcrumbList","@id":"https:\/\/lospoliticosveracruz.com\/?p=2035#breadcrumb","itemListElement":[{"@type":"ListItem","position":1,"name":"Portada","item":"https:\/\/lospoliticosveracruz.com\/"},{"@type":"ListItem","position":2,"name":"La corrupci\u00f3n somos todos"}]},{"@type":"WebSite","@id":"https:\/\/lospoliticosveracruz.com\/#website","url":"https:\/\/lospoliticosveracruz.com\/","name":"Los pol\u00edticos Veracruz","description":"","publisher":{"@id":"https:\/\/lospoliticosveracruz.com\/#organization"},"potentialAction":[{"@type":"SearchAction","target":{"@type":"EntryPoint","urlTemplate":"https:\/\/lospoliticosveracruz.com\/?s={search_term_string}"},"query-input":{"@type":"PropertyValueSpecification","valueRequired":true,"valueName":"search_term_string"}}],"inLanguage":"es"},{"@type":"Organization","@id":"https:\/\/lospoliticosveracruz.com\/#organization","name":"Los pol\u00edticos Veracruz","url":"https:\/\/lospoliticosveracruz.com\/","logo":{"@type":"ImageObject","inLanguage":"es","@id":"https:\/\/lospoliticosveracruz.com\/#\/schema\/logo\/image\/","url":"https:\/\/lospoliticosveracruz.com\/wp-content\/uploads\/2025\/12\/Logo-Nuevo-LOS-POLITICOS-1.jpg","contentUrl":"https:\/\/lospoliticosveracruz.com\/wp-content\/uploads\/2025\/12\/Logo-Nuevo-LOS-POLITICOS-1.jpg","width":260,"height":70,"caption":"Los pol\u00edticos Veracruz"},"image":{"@id":"https:\/\/lospoliticosveracruz.com\/#\/schema\/logo\/image\/"},"sameAs":["https:\/\/www.facebook.com\/people\/Notimemes-de-los-Polticos\/61565672886568\/","https:\/\/x.com\/LosPoliticosVer"]},{"@type":"Person","@id":"https:\/\/lospoliticosveracruz.com\/#\/schema\/person\/c5fee8df75ee4700bd7f8e92859bd696","name":"lospoladmin","image":{"@type":"ImageObject","inLanguage":"es","@id":"https:\/\/secure.gravatar.com\/avatar\/f4a468785695515895c4d618820f242e33d3d72a0284244a0fad6d19795cb724?s=96&d=mm&r=g","url":"https:\/\/secure.gravatar.com\/avatar\/f4a468785695515895c4d618820f242e33d3d72a0284244a0fad6d19795cb724?s=96&d=mm&r=g","contentUrl":"https:\/\/secure.gravatar.com\/avatar\/f4a468785695515895c4d618820f242e33d3d72a0284244a0fad6d19795cb724?s=96&d=mm&r=g","caption":"lospoladmin"},"url":"https:\/\/lospoliticosveracruz.com\/?author=1"}]}},"_links":{"self":[{"href":"https:\/\/lospoliticosveracruz.com\/index.php?rest_route=\/wp\/v2\/posts\/2035","targetHints":{"allow":["GET"]}}],"collection":[{"href":"https:\/\/lospoliticosveracruz.com\/index.php?rest_route=\/wp\/v2\/posts"}],"about":[{"href":"https:\/\/lospoliticosveracruz.com\/index.php?rest_route=\/wp\/v2\/types\/post"}],"author":[{"embeddable":true,"href":"https:\/\/lospoliticosveracruz.com\/index.php?rest_route=\/wp\/v2\/users\/1"}],"replies":[{"embeddable":true,"href":"https:\/\/lospoliticosveracruz.com\/index.php?rest_route=%2Fwp%2Fv2%2Fcomments&post=2035"}],"version-history":[{"count":1,"href":"https:\/\/lospoliticosveracruz.com\/index.php?rest_route=\/wp\/v2\/posts\/2035\/revisions"}],"predecessor-version":[{"id":12550,"href":"https:\/\/lospoliticosveracruz.com\/index.php?rest_route=\/wp\/v2\/posts\/2035\/revisions\/12550"}],"wp:attachment":[{"href":"https:\/\/lospoliticosveracruz.com\/index.php?rest_route=%2Fwp%2Fv2%2Fmedia&parent=2035"}],"wp:term":[{"taxonomy":"category","embeddable":true,"href":"https:\/\/lospoliticosveracruz.com\/index.php?rest_route=%2Fwp%2Fv2%2Fcategories&post=2035"},{"taxonomy":"post_tag","embeddable":true,"href":"https:\/\/lospoliticosveracruz.com\/index.php?rest_route=%2Fwp%2Fv2%2Ftags&post=2035"}],"curies":[{"name":"wp","href":"https:\/\/api.w.org\/{rel}","templated":true}]}}