{"id":20438,"date":"2016-01-18T21:19:21","date_gmt":"2016-01-19T03:19:21","guid":{"rendered":"http:\/\/www.lospoliticosveracruz.com.mx\/?p=20438"},"modified":"2016-01-18T21:19:21","modified_gmt":"2016-01-19T03:19:21","slug":"movimiento-ciudadano-y-su-desplome-en-veracruz","status":"publish","type":"post","link":"https:\/\/lospoliticosveracruz.com\/?p=20438","title":{"rendered":"Movimiento Ciudadano y su desplome en Veracruz"},"content":{"rendered":"<p><a href=\"http:\/\/www.lospoliticosveracruz.com.mx\/wp-content\/uploads\/2015\/10\/Armando-M\u00e9ndez-de-la-Luz.jpg\"><img loading=\"lazy\" decoding=\"async\" class=\"alignnone size-medium wp-image-18342\" src=\"http:\/\/www.lospoliticosveracruz.com.mx\/wp-content\/uploads\/2015\/10\/Armando-M\u00e9ndez-de-la-Luz-300x169.jpg\" alt=\"Armando M\u00e9ndez de la Luz\" width=\"300\" height=\"169\" \/><\/a><\/p>\n<p><strong>Luis Alberto Romero<\/strong><\/p>\n<p><em>Hora Cero<\/em><\/p>\n<p>El ex senador Armando M\u00e9ndez de la Luz se registr\u00f3 este lunes como precandidato del Movimiento Ciudadano a la gubernatura de Veracruz. Con el anuncio del ex alcalde de Xalapa pr\u00e1cticamente ya quedaron definidos los nombres de quienes aparecer\u00e1n en las boletas electorales el pr\u00f3ximo domingo 5 de junio, pues s\u00f3lo falta la oficializaci\u00f3n de los candidatos.<br \/>\nArmando M\u00e9ndez de la Luz tiene una extensa experiencia en la pol\u00edtica; ha sido secretario de Desarrollo Econ\u00f3mico del Gobierno del Estado, de 1987 a 1988; presidente del Comit\u00e9 Directivo Estatal del Partido Revolucionario Institucional; fundador de Convergencia por la Democracia, hoy Movimiento Ciudadano, diputado local y senador de la Rep\u00fablica por ese partido, al que dirige en Veracruz, de septiembre de 2015 a la fecha. Incluso, ha sido cabeza de dos diferentes partidos pol\u00edticos en la entidad, PRI y Movimiento Ciudadano.<br \/>\nEl Movimiento Ciudadano tiene su antecedente en Convergencia por la Democracia; es una instituci\u00f3n que fue fundada en 1999 por el ex gobernador veracruzano Dante Delgado Rannauro.<br \/>\nLa primera experiencia electoral de Convergencia ocurri\u00f3 en el proceso para elegir diputados locales en el a\u00f1o 2000; no gan\u00f3 un solo distrito pero se consolid\u00f3 r\u00e1pidamente en Xalapa, donde con casi 18 mil votos desplaz\u00f3 al PRD del tercer lugar.<br \/>\nDesde su fundaci\u00f3n a la fecha, ese partido pol\u00edtico ha participado en dos elecciones para gobernador de Veracruz, en ambas fue en alianza con PRD y PT, con Dante Delgado como candidato. En 2004 logr\u00f3 m\u00e1s de 784 mil votos, tres diputaciones locales y 43 alcald\u00edas. Seis a\u00f1os despu\u00e9s, en 2010, el n\u00famero de sufragios de la Coalici\u00f3n para Cambiar Veracruz (as\u00ed se llam\u00f3 a la alianza PRD-Convergencia-PT) se desplom\u00f3 dram\u00e1ticamente para apenas superar los 401 mil, menos del 13 por ciento del total, sin una victoria en los procesos distritales. En ese lapso, de 2004 a 2010, la llamada alianza de la izquierda perdi\u00f3 7 ayuntamientos, pues pas\u00f3 de 43 a 36.<br \/>\nPosteriormente, en 2013, ya con el nombre de Movimiento Ciudadano, ese partido apenas super\u00f3 el 6 por ciento de los votos en la elecci\u00f3n local. No gan\u00f3 ninguna diputaci\u00f3n y casi fue alcanzado por Alternativa Veracruzana, en la cuarta posici\u00f3n. De las 10 mil 79 casillas instaladas en territorio estatal, el MC s\u00f3lo gan\u00f3 282, casi nada. En ese proceso, el partido fundado por Dante Delgado gan\u00f3 17 ayuntamientos, que son los que actualmente gobierna en Veracruz.<br \/>\nEn su m\u00e1s reciente participaci\u00f3n electoral, la elecci\u00f3n federal del a\u00f1o pasado, al Movimiento Ciudadano no le fue nada mal en el \u00e1mbito nacional; casi lleg\u00f3 al 6 por ciento de la votaci\u00f3n total. Sin embargo, en ese mismo proceso, en Veracruz no pudo igualar la tendencia nacional y s\u00f3lo lleg\u00f3 al 3.92 por ciento, poco m\u00e1s de 96 mil votos, rezagado al sexto lugar.<br \/>\nA esa tendencia desfavorable tendr\u00e1 que enfrentarse Armando M\u00e9ndez de la Luz, virtual candidato a gobernador por el Movimiento Ciudadano.<\/p>\n<p><strong>El reto de M\u00e9ndez de la Luz<\/strong><br \/>\nEse instituto pol\u00edtico participar\u00e1 solo en la elecci\u00f3n estatal; en esta ocasi\u00f3n no habr\u00e1 alianza con otras fuerzas, lo que podr\u00eda convertirse en otro punto que juegue en contra de su candidato, quien a pesar de tener experiencia en el Congreso local y de su paso por el Senado de la Rep\u00fablica, no ha logrado consolidar una presencia estatal significativa. M\u00e9ndez de la Luz es, m\u00e1s bien, una figura local, regional, cuya mayor influencia y peso se registran en la capital veracruzana.<br \/>\nEn todo caso, el objetivo para el ex alcalde de Xalapa ser\u00e1 al menos llegar al 8 o 10 por ciento de la votaci\u00f3n total; igualar el n\u00famero de los sufragios alcanzados por Dante Delgado en el proceso de 2010, 401 mil, ser\u00e1 un resultado extraordinario para ese instituto pol\u00edtico.<br \/>\nAs\u00ed las cosas, el reto para el Movimiento Ciudadano y su candidato es tener una participaci\u00f3n decorosa y digna en un proceso que, de acuerdo con las encuestas y los analistas pol\u00edticos, ser\u00e1 dominado por dos figuras, el candidato del PRI-Verde-AVE, H\u00e9ctor Yunes Landa; y el abanderado de PAN-PRD, Miguel \u00c1ngel Yunes Linares.<br \/>\nEn las boletas del 5 de junio tambi\u00e9n aparecer\u00e1n Cuitl\u00e1huac Garc\u00eda Jim\u00e9nez, del Movimiento de Regeneraci\u00f3n Nacional; y tres candidatos independientes, Gerardo Buganza Salmer\u00f3n, Juan Bueno Torio y El\u00edas Miguel Moreno Brizuela. Los partidos Encuentro Social y Nueva Alianza todav\u00eda no dejan ver hacia d\u00f3nde caminar\u00e1n; es decir, por cu\u00e1l de las dos alianzas se inclinar\u00e1n.<br \/>\nPor cierto, exceptuando a los abanderados de Morena y de la alianza PAN-PRD, todos los dem\u00e1s han sido senadores; en la LVIII Legislatura, Gerardo Buganza fue compa\u00f1ero de Moreno Brizuela y tambi\u00e9n de M\u00e9ndez de la Luz; los tres compartieron espacio con el ex gobernador Fidel Herrera Beltr\u00e1n; Juan Bueno Torio fue senador seis a\u00f1os despu\u00e9s. @luisromero85<\/p>\n","protected":false},"excerpt":{"rendered":"<p>Luis Alberto Romero Hora Cero El ex senador Armando M\u00e9ndez de la Luz se registr\u00f3 este lunes como precandidato del Movimiento Ciudadano a la gubernatura de Veracruz. Con el anuncio del ex alcalde de Xalapa pr\u00e1cticamente ya quedaron definidos los nombres de quienes aparecer\u00e1n en las boletas electorales el pr\u00f3ximo domingo 5 de junio, pues [&hellip;]<\/p>\n","protected":false},"author":2,"featured_media":0,"comment_status":"open","ping_status":"open","sticky":false,"template":"","format":"standard","meta":{"tdm_status":"","tdm_grid_status":"","footnotes":""},"categories":[70],"tags":[3672,1006,662,2327,195],"class_list":{"0":"post-20438","1":"post","2":"type-post","3":"status-publish","4":"format-standard","6":"category-de-opinion","7":"tag-armando-mendez-de-la-luz","8":"tag-dante-delgado-rannauro","9":"tag-gubernatura","10":"tag-movimiento-ciudadano","11":"tag-veracruz"},"yoast_head":"<!-- This site is optimized with the Yoast SEO plugin v27.4 - https:\/\/yoast.com\/product\/yoast-seo-wordpress\/ -->\n<title>Movimiento Ciudadano y su desplome en Veracruz - Los pol\u00edticos Veracruz<\/title>\n<meta name=\"robots\" content=\"index, follow, max-snippet:-1, max-image-preview:large, max-video-preview:-1\" \/>\n<link rel=\"canonical\" href=\"https:\/\/lospoliticosveracruz.com\/?p=20438\" \/>\n<meta property=\"og:locale\" content=\"es_ES\" \/>\n<meta property=\"og:type\" content=\"article\" \/>\n<meta property=\"og:title\" content=\"Movimiento Ciudadano y su desplome en Veracruz - Los pol\u00edticos Veracruz\" \/>\n<meta property=\"og:description\" content=\"Luis Alberto Romero Hora Cero El ex senador Armando M\u00e9ndez de la Luz se registr\u00f3 este lunes como precandidato del Movimiento Ciudadano a la gubernatura de Veracruz. Con el anuncio del ex alcalde de Xalapa pr\u00e1cticamente ya quedaron definidos los nombres de quienes aparecer\u00e1n en las boletas electorales el pr\u00f3ximo domingo 5 de junio, pues [&hellip;]\" \/>\n<meta property=\"og:url\" content=\"https:\/\/lospoliticosveracruz.com\/?p=20438\" \/>\n<meta property=\"og:site_name\" content=\"Los pol\u00edticos Veracruz\" \/>\n<meta property=\"article:publisher\" content=\"https:\/\/www.facebook.com\/people\/Notimemes-de-los-Polticos\/61565672886568\/\" \/>\n<meta property=\"article:published_time\" content=\"2016-01-19T03:19:21+00:00\" \/>\n<meta property=\"og:image\" content=\"https:\/\/lospoliticosveracruz.com\/wp-content\/uploads\/2016\/07\/Logo-Dor.jpg\" \/>\n\t<meta property=\"og:image:width\" content=\"200\" \/>\n\t<meta property=\"og:image:height\" content=\"200\" \/>\n\t<meta property=\"og:image:type\" content=\"image\/jpeg\" \/>\n<meta name=\"author\" content=\"Lo viste en Los Pol\u00edticos\" \/>\n<meta name=\"twitter:card\" content=\"summary_large_image\" \/>\n<meta name=\"twitter:creator\" content=\"@LosPoliticosVer\" \/>\n<meta name=\"twitter:site\" content=\"@LosPoliticosVer\" \/>\n<meta name=\"twitter:label1\" content=\"Escrito por\" \/>\n\t<meta name=\"twitter:data1\" content=\"Lo viste en Los Pol\u00edticos\" \/>\n\t<meta name=\"twitter:label2\" content=\"Tiempo de lectura\" \/>\n\t<meta name=\"twitter:data2\" content=\"4 minutos\" \/>\n<script type=\"application\/ld+json\" class=\"yoast-schema-graph\">{\"@context\":\"https:\\\/\\\/schema.org\",\"@graph\":[{\"@type\":\"Article\",\"@id\":\"https:\\\/\\\/lospoliticosveracruz.com\\\/?p=20438#article\",\"isPartOf\":{\"@id\":\"https:\\\/\\\/lospoliticosveracruz.com\\\/?p=20438\"},\"author\":{\"name\":\"Lo viste en Los Pol\u00edticos\",\"@id\":\"https:\\\/\\\/lospoliticosveracruz.com\\\/#\\\/schema\\\/person\\\/b8702bb0e538456e6efd07080bf2a4a2\"},\"headline\":\"Movimiento Ciudadano y su desplome en Veracruz\",\"datePublished\":\"2016-01-19T03:19:21+00:00\",\"mainEntityOfPage\":{\"@id\":\"https:\\\/\\\/lospoliticosveracruz.com\\\/?p=20438\"},\"wordCount\":836,\"commentCount\":0,\"publisher\":{\"@id\":\"https:\\\/\\\/lospoliticosveracruz.com\\\/#organization\"},\"keywords\":[\"Armando M\u00e9ndez de la Luz\",\"Dante Delgado Rannauro\",\"gubernatura\",\"Movimiento Ciudadano\",\"Veracruz\"],\"articleSection\":[\"De Opini\u00f3n\"],\"inLanguage\":\"es\",\"potentialAction\":[{\"@type\":\"CommentAction\",\"name\":\"Comment\",\"target\":[\"https:\\\/\\\/lospoliticosveracruz.com\\\/?p=20438#respond\"]}]},{\"@type\":\"WebPage\",\"@id\":\"https:\\\/\\\/lospoliticosveracruz.com\\\/?p=20438\",\"url\":\"https:\\\/\\\/lospoliticosveracruz.com\\\/?p=20438\",\"name\":\"Movimiento Ciudadano y su desplome en Veracruz - Los pol\u00edticos Veracruz\",\"isPartOf\":{\"@id\":\"https:\\\/\\\/lospoliticosveracruz.com\\\/#website\"},\"datePublished\":\"2016-01-19T03:19:21+00:00\",\"breadcrumb\":{\"@id\":\"https:\\\/\\\/lospoliticosveracruz.com\\\/?p=20438#breadcrumb\"},\"inLanguage\":\"es\",\"potentialAction\":[{\"@type\":\"ReadAction\",\"target\":[\"https:\\\/\\\/lospoliticosveracruz.com\\\/?p=20438\"]}]},{\"@type\":\"BreadcrumbList\",\"@id\":\"https:\\\/\\\/lospoliticosveracruz.com\\\/?p=20438#breadcrumb\",\"itemListElement\":[{\"@type\":\"ListItem\",\"position\":1,\"name\":\"Portada\",\"item\":\"https:\\\/\\\/lospoliticosveracruz.com\\\/\"},{\"@type\":\"ListItem\",\"position\":2,\"name\":\"Movimiento Ciudadano y su desplome en Veracruz\"}]},{\"@type\":\"WebSite\",\"@id\":\"https:\\\/\\\/lospoliticosveracruz.com\\\/#website\",\"url\":\"https:\\\/\\\/lospoliticosveracruz.com\\\/\",\"name\":\"Los pol\u00edticos Veracruz\",\"description\":\"\",\"publisher\":{\"@id\":\"https:\\\/\\\/lospoliticosveracruz.com\\\/#organization\"},\"potentialAction\":[{\"@type\":\"SearchAction\",\"target\":{\"@type\":\"EntryPoint\",\"urlTemplate\":\"https:\\\/\\\/lospoliticosveracruz.com\\\/?s={search_term_string}\"},\"query-input\":{\"@type\":\"PropertyValueSpecification\",\"valueRequired\":true,\"valueName\":\"search_term_string\"}}],\"inLanguage\":\"es\"},{\"@type\":\"Organization\",\"@id\":\"https:\\\/\\\/lospoliticosveracruz.com\\\/#organization\",\"name\":\"Los pol\u00edticos Veracruz\",\"url\":\"https:\\\/\\\/lospoliticosveracruz.com\\\/\",\"logo\":{\"@type\":\"ImageObject\",\"inLanguage\":\"es\",\"@id\":\"https:\\\/\\\/lospoliticosveracruz.com\\\/#\\\/schema\\\/logo\\\/image\\\/\",\"url\":\"https:\\\/\\\/lospoliticosveracruz.com\\\/wp-content\\\/uploads\\\/2025\\\/12\\\/Logo-Nuevo-LOS-POLITICOS-1.jpg\",\"contentUrl\":\"https:\\\/\\\/lospoliticosveracruz.com\\\/wp-content\\\/uploads\\\/2025\\\/12\\\/Logo-Nuevo-LOS-POLITICOS-1.jpg\",\"width\":260,\"height\":70,\"caption\":\"Los pol\u00edticos Veracruz\"},\"image\":{\"@id\":\"https:\\\/\\\/lospoliticosveracruz.com\\\/#\\\/schema\\\/logo\\\/image\\\/\"},\"sameAs\":[\"https:\\\/\\\/www.facebook.com\\\/people\\\/Notimemes-de-los-Polticos\\\/61565672886568\\\/\",\"https:\\\/\\\/x.com\\\/LosPoliticosVer\"]},{\"@type\":\"Person\",\"@id\":\"https:\\\/\\\/lospoliticosveracruz.com\\\/#\\\/schema\\\/person\\\/b8702bb0e538456e6efd07080bf2a4a2\",\"name\":\"Lo viste en Los Pol\u00edticos\",\"image\":{\"@type\":\"ImageObject\",\"inLanguage\":\"es\",\"@id\":\"https:\\\/\\\/secure.gravatar.com\\\/avatar\\\/3a8de04a2656d44082be478bd6c086daa447c4651605818287b9532d3d0bd435?s=96&d=mm&r=g\",\"url\":\"https:\\\/\\\/secure.gravatar.com\\\/avatar\\\/3a8de04a2656d44082be478bd6c086daa447c4651605818287b9532d3d0bd435?s=96&d=mm&r=g\",\"contentUrl\":\"https:\\\/\\\/secure.gravatar.com\\\/avatar\\\/3a8de04a2656d44082be478bd6c086daa447c4651605818287b9532d3d0bd435?s=96&d=mm&r=g\",\"caption\":\"Lo viste en Los Pol\u00edticos\"},\"url\":\"https:\\\/\\\/lospoliticosveracruz.com\\\/?author=2\"}]}<\/script>\n<!-- \/ Yoast SEO plugin. -->","yoast_head_json":{"title":"Movimiento Ciudadano y su desplome en Veracruz - Los pol\u00edticos Veracruz","robots":{"index":"index","follow":"follow","max-snippet":"max-snippet:-1","max-image-preview":"max-image-preview:large","max-video-preview":"max-video-preview:-1"},"canonical":"https:\/\/lospoliticosveracruz.com\/?p=20438","og_locale":"es_ES","og_type":"article","og_title":"Movimiento Ciudadano y su desplome en Veracruz - Los pol\u00edticos Veracruz","og_description":"Luis Alberto Romero Hora Cero El ex senador Armando M\u00e9ndez de la Luz se registr\u00f3 este lunes como precandidato del Movimiento Ciudadano a la gubernatura de Veracruz. Con el anuncio del ex alcalde de Xalapa pr\u00e1cticamente ya quedaron definidos los nombres de quienes aparecer\u00e1n en las boletas electorales el pr\u00f3ximo domingo 5 de junio, pues [&hellip;]","og_url":"https:\/\/lospoliticosveracruz.com\/?p=20438","og_site_name":"Los pol\u00edticos Veracruz","article_publisher":"https:\/\/www.facebook.com\/people\/Notimemes-de-los-Polticos\/61565672886568\/","article_published_time":"2016-01-19T03:19:21+00:00","og_image":[{"width":200,"height":200,"url":"https:\/\/lospoliticosveracruz.com\/wp-content\/uploads\/2016\/07\/Logo-Dor.jpg","type":"image\/jpeg"}],"author":"Lo viste en Los Pol\u00edticos","twitter_card":"summary_large_image","twitter_creator":"@LosPoliticosVer","twitter_site":"@LosPoliticosVer","twitter_misc":{"Escrito por":"Lo viste en Los Pol\u00edticos","Tiempo de lectura":"4 minutos"},"schema":{"@context":"https:\/\/schema.org","@graph":[{"@type":"Article","@id":"https:\/\/lospoliticosveracruz.com\/?p=20438#article","isPartOf":{"@id":"https:\/\/lospoliticosveracruz.com\/?p=20438"},"author":{"name":"Lo viste en Los Pol\u00edticos","@id":"https:\/\/lospoliticosveracruz.com\/#\/schema\/person\/b8702bb0e538456e6efd07080bf2a4a2"},"headline":"Movimiento Ciudadano y su desplome en Veracruz","datePublished":"2016-01-19T03:19:21+00:00","mainEntityOfPage":{"@id":"https:\/\/lospoliticosveracruz.com\/?p=20438"},"wordCount":836,"commentCount":0,"publisher":{"@id":"https:\/\/lospoliticosveracruz.com\/#organization"},"keywords":["Armando M\u00e9ndez de la Luz","Dante Delgado Rannauro","gubernatura","Movimiento Ciudadano","Veracruz"],"articleSection":["De Opini\u00f3n"],"inLanguage":"es","potentialAction":[{"@type":"CommentAction","name":"Comment","target":["https:\/\/lospoliticosveracruz.com\/?p=20438#respond"]}]},{"@type":"WebPage","@id":"https:\/\/lospoliticosveracruz.com\/?p=20438","url":"https:\/\/lospoliticosveracruz.com\/?p=20438","name":"Movimiento Ciudadano y su desplome en Veracruz - Los pol\u00edticos Veracruz","isPartOf":{"@id":"https:\/\/lospoliticosveracruz.com\/#website"},"datePublished":"2016-01-19T03:19:21+00:00","breadcrumb":{"@id":"https:\/\/lospoliticosveracruz.com\/?p=20438#breadcrumb"},"inLanguage":"es","potentialAction":[{"@type":"ReadAction","target":["https:\/\/lospoliticosveracruz.com\/?p=20438"]}]},{"@type":"BreadcrumbList","@id":"https:\/\/lospoliticosveracruz.com\/?p=20438#breadcrumb","itemListElement":[{"@type":"ListItem","position":1,"name":"Portada","item":"https:\/\/lospoliticosveracruz.com\/"},{"@type":"ListItem","position":2,"name":"Movimiento Ciudadano y su desplome en Veracruz"}]},{"@type":"WebSite","@id":"https:\/\/lospoliticosveracruz.com\/#website","url":"https:\/\/lospoliticosveracruz.com\/","name":"Los pol\u00edticos Veracruz","description":"","publisher":{"@id":"https:\/\/lospoliticosveracruz.com\/#organization"},"potentialAction":[{"@type":"SearchAction","target":{"@type":"EntryPoint","urlTemplate":"https:\/\/lospoliticosveracruz.com\/?s={search_term_string}"},"query-input":{"@type":"PropertyValueSpecification","valueRequired":true,"valueName":"search_term_string"}}],"inLanguage":"es"},{"@type":"Organization","@id":"https:\/\/lospoliticosveracruz.com\/#organization","name":"Los pol\u00edticos Veracruz","url":"https:\/\/lospoliticosveracruz.com\/","logo":{"@type":"ImageObject","inLanguage":"es","@id":"https:\/\/lospoliticosveracruz.com\/#\/schema\/logo\/image\/","url":"https:\/\/lospoliticosveracruz.com\/wp-content\/uploads\/2025\/12\/Logo-Nuevo-LOS-POLITICOS-1.jpg","contentUrl":"https:\/\/lospoliticosveracruz.com\/wp-content\/uploads\/2025\/12\/Logo-Nuevo-LOS-POLITICOS-1.jpg","width":260,"height":70,"caption":"Los pol\u00edticos Veracruz"},"image":{"@id":"https:\/\/lospoliticosveracruz.com\/#\/schema\/logo\/image\/"},"sameAs":["https:\/\/www.facebook.com\/people\/Notimemes-de-los-Polticos\/61565672886568\/","https:\/\/x.com\/LosPoliticosVer"]},{"@type":"Person","@id":"https:\/\/lospoliticosveracruz.com\/#\/schema\/person\/b8702bb0e538456e6efd07080bf2a4a2","name":"Lo viste en Los Pol\u00edticos","image":{"@type":"ImageObject","inLanguage":"es","@id":"https:\/\/secure.gravatar.com\/avatar\/3a8de04a2656d44082be478bd6c086daa447c4651605818287b9532d3d0bd435?s=96&d=mm&r=g","url":"https:\/\/secure.gravatar.com\/avatar\/3a8de04a2656d44082be478bd6c086daa447c4651605818287b9532d3d0bd435?s=96&d=mm&r=g","contentUrl":"https:\/\/secure.gravatar.com\/avatar\/3a8de04a2656d44082be478bd6c086daa447c4651605818287b9532d3d0bd435?s=96&d=mm&r=g","caption":"Lo viste en Los Pol\u00edticos"},"url":"https:\/\/lospoliticosveracruz.com\/?author=2"}]}},"_links":{"self":[{"href":"https:\/\/lospoliticosveracruz.com\/index.php?rest_route=\/wp\/v2\/posts\/20438","targetHints":{"allow":["GET"]}}],"collection":[{"href":"https:\/\/lospoliticosveracruz.com\/index.php?rest_route=\/wp\/v2\/posts"}],"about":[{"href":"https:\/\/lospoliticosveracruz.com\/index.php?rest_route=\/wp\/v2\/types\/post"}],"author":[{"embeddable":true,"href":"https:\/\/lospoliticosveracruz.com\/index.php?rest_route=\/wp\/v2\/users\/2"}],"replies":[{"embeddable":true,"href":"https:\/\/lospoliticosveracruz.com\/index.php?rest_route=%2Fwp%2Fv2%2Fcomments&post=20438"}],"version-history":[{"count":1,"href":"https:\/\/lospoliticosveracruz.com\/index.php?rest_route=\/wp\/v2\/posts\/20438\/revisions"}],"predecessor-version":[{"id":20439,"href":"https:\/\/lospoliticosveracruz.com\/index.php?rest_route=\/wp\/v2\/posts\/20438\/revisions\/20439"}],"wp:attachment":[{"href":"https:\/\/lospoliticosveracruz.com\/index.php?rest_route=%2Fwp%2Fv2%2Fmedia&parent=20438"}],"wp:term":[{"taxonomy":"category","embeddable":true,"href":"https:\/\/lospoliticosveracruz.com\/index.php?rest_route=%2Fwp%2Fv2%2Fcategories&post=20438"},{"taxonomy":"post_tag","embeddable":true,"href":"https:\/\/lospoliticosveracruz.com\/index.php?rest_route=%2Fwp%2Fv2%2Ftags&post=20438"}],"curies":[{"name":"wp","href":"https:\/\/api.w.org\/{rel}","templated":true}]}}