{"id":20443,"date":"2016-01-18T21:47:24","date_gmt":"2016-01-19T03:47:24","guid":{"rendered":"http:\/\/www.lospoliticosveracruz.com.mx\/?p=20443"},"modified":"2016-01-18T21:47:24","modified_gmt":"2016-01-19T03:47:24","slug":"los-desaparecidos-de-tierra-blanca","status":"publish","type":"post","link":"https:\/\/lospoliticosveracruz.com\/?p=20443","title":{"rendered":"Los desaparecidos de Tierra Blanca"},"content":{"rendered":"<p><a href=\"http:\/\/www.lospoliticosveracruz.com.mx\/wp-content\/uploads\/2016\/01\/Tierra-Blanca.jpg\"><img loading=\"lazy\" decoding=\"async\" class=\"alignnone size-medium wp-image-20387\" src=\"http:\/\/www.lospoliticosveracruz.com.mx\/wp-content\/uploads\/2016\/01\/Tierra-Blanca-300x141.jpg\" alt=\"Tierra Blanca\" width=\"300\" height=\"141\" \/><\/a><br \/>\n<strong>Marco Antonio Aguirre Rodr\u00edguez<\/strong><\/p>\n<p><em>M\u00edsticos y Terrenales<\/em><\/p>\n<p>El 7 de noviembre del 2015 el diputado Jos\u00e9 Ram\u00f3n Guti\u00e9rrez de Velasco, en funciones de vocero del secretario de Seguridad P\u00fablica afirm\u00f3 que las corporaciones policiacas estatales hab\u00edan sido depuradas de la delincuencia.<br \/>\nHoy los hechos muestran que el diputado solo dijo eso por quedar bien con el gobernador Javier Duarte y con el Secretario de Seguridad P\u00fablica, Arturo Berm\u00fadez.<br \/>\nEn el caso de los desaparecidos de Tierra Blanca, el fiscal general, Luis \u00c1ngel Bravo Contreras, ahora alega la participaci\u00f3n de la delincuencia organizada.<br \/>\nEl caso es un esc\u00e1ndalo m\u00e1s que le est\u00e1 dando la vuelta al mundo, incrementando el terrible descredito que Javier Duarte tiene tanto en el estado, como en el pa\u00eds y en el mundo.<br \/>\nPero no es tampoco, por desgracia, el \u00fanico caso en que hay elementos policiacos de Veracruz involucrados en desapariciones forzadas.<br \/>\nLucia de los \u00c1ngeles D\u00edaz, representante del colectivo Solecito de Veracruz, organizaci\u00f3n que agrupa a familiares de personas desaparecidas detall\u00f3 que en los \u00faltimos 5 a\u00f1os, su organizaci\u00f3n contabiliz\u00f3 40 casos en los que se ha acreditado la participaci\u00f3n de polic\u00edas en la comisi\u00f3n del delito de desaparici\u00f3n.<br \/>\n\u00a140 casos!.<br \/>\nEsto no es, para nada, un hecho aislado.<br \/>\nComo las cucarachas en la casa, cuando se ve una, es porque hay cientos (o miles) escondidas en alg\u00fan lugar.<br \/>\nY todos los casos han ocurrido cuando Arturo Berm\u00fadez ha estado en funciones, pero sin que hasta ahora algo haya ocurrido para mejorar las condiciones.<br \/>\nLa Fiscal\u00eda de Veracruz ha sido completamente ineficaz para resolver estos y muchos otros casos, entre ellos la desaparici\u00f3n de 13 j\u00f3venes que fueron a trabajar como edecanes a un rancho en Actopan, el 28 de noviembre de 2011, en el que supuestamente hab\u00eda funcionarios del gobierno del estado y delincuentes.<br \/>\nTan s\u00f3lo el que se de esta mezcla con pleno conocimiento de los funcionarios de quienes son los que los invitan y el resto de los convidados, es una muestra de lo poco que le interesa a los integrantes del fidelato que se sepa de sus relaciones con la delincuencia.<br \/>\nCon esto \u00bfc\u00f3mo pueden pedir que se les crea que realizan un trabajo policiaco a conciencia?.<br \/>\n\u201cEs indignante que se sigan dando desapariciones forzadas con la presunta complicidad de servidores p\u00fablicos\u201d, dice H\u00e9ctor Yunes.<br \/>\nPero as\u00ed ocurre.<br \/>\nMiguel \u00c1ngel Yunes, en su car\u00e1cter de diputado federal presidente de la Comisi\u00f3n de Seguridad P\u00fablica de la C\u00e1mara de Diputados del Congreso de la Uni\u00f3n entreg\u00f3 el 18 de enero una comunicaci\u00f3n dirigida al Secretario de Gobernaci\u00f3n, Miguel Angel Osorio Chong, en la que demanda que el Gobierno Federal intervenga para contener la ola de violencia que se vive en Veracruz.<br \/>\nH\u00e9ctor Yunes tambi\u00e9n se ha pronunciado porque a Veracruz llegue la Gendarmer\u00eda Nacional.<br \/>\n\u00bfQu\u00e9 han dicho los otros aspirantes a la gubernatura del estado?. Nada.<br \/>\nUn silencio ignominioso y aberrante los cubre a la vez que demuestra la cercan\u00eda que tienen con un gobierno estatal al que niegan servir.<br \/>\n\u00bfD\u00f3nde est\u00e1n los pronunciamientos de Gerardo Buganza, de Juan Bueno, de El\u00edas Miguel Moreno, de Cuitl\u00e1huac Garc\u00eda?.<br \/>\nEn el estado la inseguridad sigue privando.<br \/>\nEl manoseo de cifras, la invenci\u00f3n de casos resueltos, el ocultamiento de datos, la negativa a recibir las denuncias, no elimina la inseguridad, si no tan s\u00f3lo provoca que se de m\u00e1s.<br \/>\nYa son siete los detenidos, entre ellos el delegado de Seguridad P\u00fablica en Tierra Blanca, pero no les han podido sacar el lugar en que se encuentran los j\u00f3venes desaparecidos, ni tampoco los nombres de los delincuentes a quienes se los entregaron.<br \/>\nAh\u00ed hay evidencias de que en la polic\u00eda de Veracruz sigue la corrupci\u00f3n, la complicidad con los grupos delincuenciales.<br \/>\nEsto es producto de un actuar indebido de la polic\u00eda, que incluso implica mucho m\u00e1s que tolerancia, que llega a la protecci\u00f3n, a las garant\u00edas de impunidad para los elementos coludidos, porque sus jefes tienen la misma garant\u00eda por parte de un funcionario que nada ha podido hacer\u2026 o peor, que nada han querido hacer: Arturo Berm\u00fadez.<br \/>\nJavier Duarte se pronunci\u00f3 contra los polic\u00edas implicados y hasta pidi\u00f3 castigo para los mismos, pero lo hizo de una manera c\u00f3moda e informal, a trav\u00e9s de un mensaje de twitter.<br \/>\nY no volvi\u00f3 a hacer m\u00e1s.<br \/>\nEs m\u00e1s, \u00bfd\u00f3nde est\u00e1 Javier Duarte?.<br \/>\nDesde el 11 de enero que visit\u00f3 a las v\u00edctimas del accidente en R\u00edo Blanco, desapareci\u00f3 del estado.<br \/>\nUna semana y su presencia no ha hecho falta, pero \u00bfd\u00f3nde est\u00e1?.<br \/>\nEsto es parte del porque explotan los problemas en Veracruz: porque al gobernador no le interesa lo que ocurre.<br \/>\nSergio Padilla O\u00f1ate, investigador de la Asociaci\u00f3n Causa en Com\u00fan, el 26 de noviembre del a\u00f1o pasado se\u00f1al\u00f3 que en Veracruz hay casi 4,000 polic\u00edas que deber\u00edan estar fuera de la corporaci\u00f3n porque no aprobaron los ex\u00e1menes de confiabilidad.<br \/>\n\u00bfPor qu\u00e9 siguen en funciones polic\u00edas con estas caracter\u00edsticas?.<br \/>\nArturo Berm\u00fadez guarda un silencio c\u00f3mplice, porque as\u00ed ha querido mantener a la polic\u00eda estatal. 5 a\u00f1os y no ha hecho el menor esfuerzo por tener una polic\u00eda acreditada.<br \/>\nVale recordar otros casos sonados en los que elementos de seguridad p\u00fablica han participado en la desaparici\u00f3n de personas:<br \/>\nEl homicidio de Salvador Salazar G\u00f3mez, hermano de la cantante To\u00f1ita, encontrado despu\u00e9s de 4 meses de que fue sustra\u00eddo de su casa por polic\u00edas estatales.<br \/>\nLa CNDH emiti\u00f3 la recomendaci\u00f3n CNDH\/1\/2014\/353\/Q a las autoridades veracruzanas por la desaparici\u00f3n forzada del cantante de La Voz M\u00e9xico Gibr\u00e1n Martiz D\u00edaz y el menor de edad Sergio Luis Hern\u00e1ndez. Los j\u00f3venes fueron sustra\u00eddos de un departamento por polic\u00edas estatales y encontrados muertos semanas despu\u00e9s, la Fiscal\u00eda General del Estado acept\u00f3 el documento en su totalidad.<br \/>\nEn mayo pasado, dos grupos de personas bloquearon el paso en el Puente Coatzacoalcos I\u00a0 como protesta por la desaparici\u00f3n forzada de varias personas; en un caso las v\u00edctimas regresaron a sus casas, pero no difundieron detalles porque los amenazaron.<\/p>\n<p>Tambi\u00e9n est\u00e1 la agresi\u00f3n que sufrieron los alumnos de la Universidad Veracruzana que nunca ha sido esclarecida, tanto en manifestaciones como celebrando un cumplea\u00f1os.<br \/>\nEn septiembre del a\u00f1o pasado circul\u00f3 un video de unos polic\u00edas de Tres Valles que humillaron a un joven acus\u00e1ndolo de haberse robado un celular, hasta el grado de que este se baja los pantalones y le dice a los polic\u00edas que le hagan lo que quieran para dejarlo ir. Nunca hubo castigo para estos uniformados.<br \/>\nEl oficio SJA\/DGAJ\/12404\/2014 de la PGR, anota que Veracruz acumul\u00f3 59 averiguaciones por desaparici\u00f3n forzada en 2010, 2011, 2012, 2013 y 2014, y se convirti\u00f3 en la entidad con mayor incidencia en el pa\u00eds.<br \/>\nVeracruz es un estado inseguro en el que sus autoridades no act\u00faan.<br \/>\nDonde los m\u00edsticos solo quieren que se les rinda pleites\u00eda.<\/p>\n","protected":false},"excerpt":{"rendered":"<p>Marco Antonio Aguirre Rodr\u00edguez M\u00edsticos y Terrenales El 7 de noviembre del 2015 el diputado Jos\u00e9 Ram\u00f3n Guti\u00e9rrez de Velasco, en funciones de vocero del secretario de Seguridad P\u00fablica afirm\u00f3 que las corporaciones policiacas estatales hab\u00edan sido depuradas de la delincuencia. Hoy los hechos muestran que el diputado solo dijo eso por quedar bien con [&hellip;]<\/p>\n","protected":false},"author":2,"featured_media":0,"comment_status":"open","ping_status":"open","sticky":false,"template":"","format":"standard","meta":{"tdm_status":"","tdm_grid_status":"","footnotes":""},"categories":[70],"tags":[960,3144,496,177],"class_list":{"0":"post-20443","1":"post","2":"type-post","3":"status-publish","4":"format-standard","6":"category-de-opinion","7":"tag-arturo-bermudez-zurita","8":"tag-jose-ramon-gutierrez-de-velasco","9":"tag-luis-angel-bravo-contreras","10":"tag-seguridad-publica"},"yoast_head":"<!-- This site is optimized with the Yoast SEO plugin v27.4 - https:\/\/yoast.com\/product\/yoast-seo-wordpress\/ -->\n<title>Los desaparecidos de Tierra Blanca - Los pol\u00edticos Veracruz<\/title>\n<meta name=\"robots\" content=\"index, follow, max-snippet:-1, max-image-preview:large, max-video-preview:-1\" \/>\n<link rel=\"canonical\" href=\"https:\/\/lospoliticosveracruz.com\/?p=20443\" \/>\n<meta property=\"og:locale\" content=\"es_ES\" \/>\n<meta property=\"og:type\" content=\"article\" \/>\n<meta property=\"og:title\" content=\"Los desaparecidos de Tierra Blanca - Los pol\u00edticos Veracruz\" \/>\n<meta property=\"og:description\" content=\"Marco Antonio Aguirre Rodr\u00edguez M\u00edsticos y Terrenales El 7 de noviembre del 2015 el diputado Jos\u00e9 Ram\u00f3n Guti\u00e9rrez de Velasco, en funciones de vocero del secretario de Seguridad P\u00fablica afirm\u00f3 que las corporaciones policiacas estatales hab\u00edan sido depuradas de la delincuencia. Hoy los hechos muestran que el diputado solo dijo eso por quedar bien con [&hellip;]\" \/>\n<meta property=\"og:url\" content=\"https:\/\/lospoliticosveracruz.com\/?p=20443\" \/>\n<meta property=\"og:site_name\" content=\"Los pol\u00edticos Veracruz\" \/>\n<meta property=\"article:publisher\" content=\"https:\/\/www.facebook.com\/people\/Notimemes-de-los-Polticos\/61565672886568\/\" \/>\n<meta property=\"article:published_time\" content=\"2016-01-19T03:47:24+00:00\" \/>\n<meta property=\"og:image\" content=\"http:\/\/www.lospoliticosveracruz.com.mx\/wp-content\/uploads\/2016\/01\/Tierra-Blanca-300x141.jpg\" \/>\n<meta name=\"author\" content=\"Lo viste en Los Pol\u00edticos\" \/>\n<meta name=\"twitter:card\" content=\"summary_large_image\" \/>\n<meta name=\"twitter:creator\" content=\"@LosPoliticosVer\" \/>\n<meta name=\"twitter:site\" content=\"@LosPoliticosVer\" \/>\n<meta name=\"twitter:label1\" content=\"Escrito por\" \/>\n\t<meta name=\"twitter:data1\" content=\"Lo viste en Los Pol\u00edticos\" \/>\n\t<meta name=\"twitter:label2\" content=\"Tiempo de lectura\" \/>\n\t<meta name=\"twitter:data2\" content=\"6 minutos\" \/>\n<script type=\"application\/ld+json\" class=\"yoast-schema-graph\">{\"@context\":\"https:\\\/\\\/schema.org\",\"@graph\":[{\"@type\":\"Article\",\"@id\":\"https:\\\/\\\/lospoliticosveracruz.com\\\/?p=20443#article\",\"isPartOf\":{\"@id\":\"https:\\\/\\\/lospoliticosveracruz.com\\\/?p=20443\"},\"author\":{\"name\":\"Lo viste en Los Pol\u00edticos\",\"@id\":\"https:\\\/\\\/lospoliticosveracruz.com\\\/#\\\/schema\\\/person\\\/b8702bb0e538456e6efd07080bf2a4a2\"},\"headline\":\"Los desaparecidos de Tierra Blanca\",\"datePublished\":\"2016-01-19T03:47:24+00:00\",\"mainEntityOfPage\":{\"@id\":\"https:\\\/\\\/lospoliticosveracruz.com\\\/?p=20443\"},\"wordCount\":1222,\"commentCount\":0,\"publisher\":{\"@id\":\"https:\\\/\\\/lospoliticosveracruz.com\\\/#organization\"},\"image\":{\"@id\":\"https:\\\/\\\/lospoliticosveracruz.com\\\/?p=20443#primaryimage\"},\"thumbnailUrl\":\"http:\\\/\\\/www.lospoliticosveracruz.com.mx\\\/wp-content\\\/uploads\\\/2016\\\/01\\\/Tierra-Blanca-300x141.jpg\",\"keywords\":[\"Arturo Berm\u00fadez Zurita\",\"Jos\u00e9 Ram\u00f3n Guti\u00e9rrez de Velasco\",\"Luis Angel Bravo Contreras\",\"Seguridad P\u00fablica\"],\"articleSection\":[\"De Opini\u00f3n\"],\"inLanguage\":\"es\",\"potentialAction\":[{\"@type\":\"CommentAction\",\"name\":\"Comment\",\"target\":[\"https:\\\/\\\/lospoliticosveracruz.com\\\/?p=20443#respond\"]}]},{\"@type\":\"WebPage\",\"@id\":\"https:\\\/\\\/lospoliticosveracruz.com\\\/?p=20443\",\"url\":\"https:\\\/\\\/lospoliticosveracruz.com\\\/?p=20443\",\"name\":\"Los desaparecidos de Tierra Blanca - Los pol\u00edticos Veracruz\",\"isPartOf\":{\"@id\":\"https:\\\/\\\/lospoliticosveracruz.com\\\/#website\"},\"primaryImageOfPage\":{\"@id\":\"https:\\\/\\\/lospoliticosveracruz.com\\\/?p=20443#primaryimage\"},\"image\":{\"@id\":\"https:\\\/\\\/lospoliticosveracruz.com\\\/?p=20443#primaryimage\"},\"thumbnailUrl\":\"http:\\\/\\\/www.lospoliticosveracruz.com.mx\\\/wp-content\\\/uploads\\\/2016\\\/01\\\/Tierra-Blanca-300x141.jpg\",\"datePublished\":\"2016-01-19T03:47:24+00:00\",\"breadcrumb\":{\"@id\":\"https:\\\/\\\/lospoliticosveracruz.com\\\/?p=20443#breadcrumb\"},\"inLanguage\":\"es\",\"potentialAction\":[{\"@type\":\"ReadAction\",\"target\":[\"https:\\\/\\\/lospoliticosveracruz.com\\\/?p=20443\"]}]},{\"@type\":\"ImageObject\",\"inLanguage\":\"es\",\"@id\":\"https:\\\/\\\/lospoliticosveracruz.com\\\/?p=20443#primaryimage\",\"url\":\"http:\\\/\\\/www.lospoliticosveracruz.com.mx\\\/wp-content\\\/uploads\\\/2016\\\/01\\\/Tierra-Blanca-300x141.jpg\",\"contentUrl\":\"http:\\\/\\\/www.lospoliticosveracruz.com.mx\\\/wp-content\\\/uploads\\\/2016\\\/01\\\/Tierra-Blanca-300x141.jpg\"},{\"@type\":\"BreadcrumbList\",\"@id\":\"https:\\\/\\\/lospoliticosveracruz.com\\\/?p=20443#breadcrumb\",\"itemListElement\":[{\"@type\":\"ListItem\",\"position\":1,\"name\":\"Portada\",\"item\":\"https:\\\/\\\/lospoliticosveracruz.com\\\/\"},{\"@type\":\"ListItem\",\"position\":2,\"name\":\"Los desaparecidos de Tierra Blanca\"}]},{\"@type\":\"WebSite\",\"@id\":\"https:\\\/\\\/lospoliticosveracruz.com\\\/#website\",\"url\":\"https:\\\/\\\/lospoliticosveracruz.com\\\/\",\"name\":\"Los pol\u00edticos Veracruz\",\"description\":\"\",\"publisher\":{\"@id\":\"https:\\\/\\\/lospoliticosveracruz.com\\\/#organization\"},\"potentialAction\":[{\"@type\":\"SearchAction\",\"target\":{\"@type\":\"EntryPoint\",\"urlTemplate\":\"https:\\\/\\\/lospoliticosveracruz.com\\\/?s={search_term_string}\"},\"query-input\":{\"@type\":\"PropertyValueSpecification\",\"valueRequired\":true,\"valueName\":\"search_term_string\"}}],\"inLanguage\":\"es\"},{\"@type\":\"Organization\",\"@id\":\"https:\\\/\\\/lospoliticosveracruz.com\\\/#organization\",\"name\":\"Los pol\u00edticos Veracruz\",\"url\":\"https:\\\/\\\/lospoliticosveracruz.com\\\/\",\"logo\":{\"@type\":\"ImageObject\",\"inLanguage\":\"es\",\"@id\":\"https:\\\/\\\/lospoliticosveracruz.com\\\/#\\\/schema\\\/logo\\\/image\\\/\",\"url\":\"https:\\\/\\\/lospoliticosveracruz.com\\\/wp-content\\\/uploads\\\/2025\\\/12\\\/Logo-Nuevo-LOS-POLITICOS-1.jpg\",\"contentUrl\":\"https:\\\/\\\/lospoliticosveracruz.com\\\/wp-content\\\/uploads\\\/2025\\\/12\\\/Logo-Nuevo-LOS-POLITICOS-1.jpg\",\"width\":260,\"height\":70,\"caption\":\"Los pol\u00edticos Veracruz\"},\"image\":{\"@id\":\"https:\\\/\\\/lospoliticosveracruz.com\\\/#\\\/schema\\\/logo\\\/image\\\/\"},\"sameAs\":[\"https:\\\/\\\/www.facebook.com\\\/people\\\/Notimemes-de-los-Polticos\\\/61565672886568\\\/\",\"https:\\\/\\\/x.com\\\/LosPoliticosVer\"]},{\"@type\":\"Person\",\"@id\":\"https:\\\/\\\/lospoliticosveracruz.com\\\/#\\\/schema\\\/person\\\/b8702bb0e538456e6efd07080bf2a4a2\",\"name\":\"Lo viste en Los Pol\u00edticos\",\"image\":{\"@type\":\"ImageObject\",\"inLanguage\":\"es\",\"@id\":\"https:\\\/\\\/secure.gravatar.com\\\/avatar\\\/3a8de04a2656d44082be478bd6c086daa447c4651605818287b9532d3d0bd435?s=96&d=mm&r=g\",\"url\":\"https:\\\/\\\/secure.gravatar.com\\\/avatar\\\/3a8de04a2656d44082be478bd6c086daa447c4651605818287b9532d3d0bd435?s=96&d=mm&r=g\",\"contentUrl\":\"https:\\\/\\\/secure.gravatar.com\\\/avatar\\\/3a8de04a2656d44082be478bd6c086daa447c4651605818287b9532d3d0bd435?s=96&d=mm&r=g\",\"caption\":\"Lo viste en Los Pol\u00edticos\"},\"url\":\"https:\\\/\\\/lospoliticosveracruz.com\\\/?author=2\"}]}<\/script>\n<!-- \/ Yoast SEO plugin. -->","yoast_head_json":{"title":"Los desaparecidos de Tierra Blanca - Los pol\u00edticos Veracruz","robots":{"index":"index","follow":"follow","max-snippet":"max-snippet:-1","max-image-preview":"max-image-preview:large","max-video-preview":"max-video-preview:-1"},"canonical":"https:\/\/lospoliticosveracruz.com\/?p=20443","og_locale":"es_ES","og_type":"article","og_title":"Los desaparecidos de Tierra Blanca - Los pol\u00edticos Veracruz","og_description":"Marco Antonio Aguirre Rodr\u00edguez M\u00edsticos y Terrenales El 7 de noviembre del 2015 el diputado Jos\u00e9 Ram\u00f3n Guti\u00e9rrez de Velasco, en funciones de vocero del secretario de Seguridad P\u00fablica afirm\u00f3 que las corporaciones policiacas estatales hab\u00edan sido depuradas de la delincuencia. Hoy los hechos muestran que el diputado solo dijo eso por quedar bien con [&hellip;]","og_url":"https:\/\/lospoliticosveracruz.com\/?p=20443","og_site_name":"Los pol\u00edticos Veracruz","article_publisher":"https:\/\/www.facebook.com\/people\/Notimemes-de-los-Polticos\/61565672886568\/","article_published_time":"2016-01-19T03:47:24+00:00","og_image":[{"url":"http:\/\/www.lospoliticosveracruz.com.mx\/wp-content\/uploads\/2016\/01\/Tierra-Blanca-300x141.jpg","type":"","width":"","height":""}],"author":"Lo viste en Los Pol\u00edticos","twitter_card":"summary_large_image","twitter_creator":"@LosPoliticosVer","twitter_site":"@LosPoliticosVer","twitter_misc":{"Escrito por":"Lo viste en Los Pol\u00edticos","Tiempo de lectura":"6 minutos"},"schema":{"@context":"https:\/\/schema.org","@graph":[{"@type":"Article","@id":"https:\/\/lospoliticosveracruz.com\/?p=20443#article","isPartOf":{"@id":"https:\/\/lospoliticosveracruz.com\/?p=20443"},"author":{"name":"Lo viste en Los Pol\u00edticos","@id":"https:\/\/lospoliticosveracruz.com\/#\/schema\/person\/b8702bb0e538456e6efd07080bf2a4a2"},"headline":"Los desaparecidos de Tierra Blanca","datePublished":"2016-01-19T03:47:24+00:00","mainEntityOfPage":{"@id":"https:\/\/lospoliticosveracruz.com\/?p=20443"},"wordCount":1222,"commentCount":0,"publisher":{"@id":"https:\/\/lospoliticosveracruz.com\/#organization"},"image":{"@id":"https:\/\/lospoliticosveracruz.com\/?p=20443#primaryimage"},"thumbnailUrl":"http:\/\/www.lospoliticosveracruz.com.mx\/wp-content\/uploads\/2016\/01\/Tierra-Blanca-300x141.jpg","keywords":["Arturo Berm\u00fadez Zurita","Jos\u00e9 Ram\u00f3n Guti\u00e9rrez de Velasco","Luis Angel Bravo Contreras","Seguridad P\u00fablica"],"articleSection":["De Opini\u00f3n"],"inLanguage":"es","potentialAction":[{"@type":"CommentAction","name":"Comment","target":["https:\/\/lospoliticosveracruz.com\/?p=20443#respond"]}]},{"@type":"WebPage","@id":"https:\/\/lospoliticosveracruz.com\/?p=20443","url":"https:\/\/lospoliticosveracruz.com\/?p=20443","name":"Los desaparecidos de Tierra Blanca - Los pol\u00edticos Veracruz","isPartOf":{"@id":"https:\/\/lospoliticosveracruz.com\/#website"},"primaryImageOfPage":{"@id":"https:\/\/lospoliticosveracruz.com\/?p=20443#primaryimage"},"image":{"@id":"https:\/\/lospoliticosveracruz.com\/?p=20443#primaryimage"},"thumbnailUrl":"http:\/\/www.lospoliticosveracruz.com.mx\/wp-content\/uploads\/2016\/01\/Tierra-Blanca-300x141.jpg","datePublished":"2016-01-19T03:47:24+00:00","breadcrumb":{"@id":"https:\/\/lospoliticosveracruz.com\/?p=20443#breadcrumb"},"inLanguage":"es","potentialAction":[{"@type":"ReadAction","target":["https:\/\/lospoliticosveracruz.com\/?p=20443"]}]},{"@type":"ImageObject","inLanguage":"es","@id":"https:\/\/lospoliticosveracruz.com\/?p=20443#primaryimage","url":"http:\/\/www.lospoliticosveracruz.com.mx\/wp-content\/uploads\/2016\/01\/Tierra-Blanca-300x141.jpg","contentUrl":"http:\/\/www.lospoliticosveracruz.com.mx\/wp-content\/uploads\/2016\/01\/Tierra-Blanca-300x141.jpg"},{"@type":"BreadcrumbList","@id":"https:\/\/lospoliticosveracruz.com\/?p=20443#breadcrumb","itemListElement":[{"@type":"ListItem","position":1,"name":"Portada","item":"https:\/\/lospoliticosveracruz.com\/"},{"@type":"ListItem","position":2,"name":"Los desaparecidos de Tierra Blanca"}]},{"@type":"WebSite","@id":"https:\/\/lospoliticosveracruz.com\/#website","url":"https:\/\/lospoliticosveracruz.com\/","name":"Los pol\u00edticos Veracruz","description":"","publisher":{"@id":"https:\/\/lospoliticosveracruz.com\/#organization"},"potentialAction":[{"@type":"SearchAction","target":{"@type":"EntryPoint","urlTemplate":"https:\/\/lospoliticosveracruz.com\/?s={search_term_string}"},"query-input":{"@type":"PropertyValueSpecification","valueRequired":true,"valueName":"search_term_string"}}],"inLanguage":"es"},{"@type":"Organization","@id":"https:\/\/lospoliticosveracruz.com\/#organization","name":"Los pol\u00edticos Veracruz","url":"https:\/\/lospoliticosveracruz.com\/","logo":{"@type":"ImageObject","inLanguage":"es","@id":"https:\/\/lospoliticosveracruz.com\/#\/schema\/logo\/image\/","url":"https:\/\/lospoliticosveracruz.com\/wp-content\/uploads\/2025\/12\/Logo-Nuevo-LOS-POLITICOS-1.jpg","contentUrl":"https:\/\/lospoliticosveracruz.com\/wp-content\/uploads\/2025\/12\/Logo-Nuevo-LOS-POLITICOS-1.jpg","width":260,"height":70,"caption":"Los pol\u00edticos Veracruz"},"image":{"@id":"https:\/\/lospoliticosveracruz.com\/#\/schema\/logo\/image\/"},"sameAs":["https:\/\/www.facebook.com\/people\/Notimemes-de-los-Polticos\/61565672886568\/","https:\/\/x.com\/LosPoliticosVer"]},{"@type":"Person","@id":"https:\/\/lospoliticosveracruz.com\/#\/schema\/person\/b8702bb0e538456e6efd07080bf2a4a2","name":"Lo viste en Los Pol\u00edticos","image":{"@type":"ImageObject","inLanguage":"es","@id":"https:\/\/secure.gravatar.com\/avatar\/3a8de04a2656d44082be478bd6c086daa447c4651605818287b9532d3d0bd435?s=96&d=mm&r=g","url":"https:\/\/secure.gravatar.com\/avatar\/3a8de04a2656d44082be478bd6c086daa447c4651605818287b9532d3d0bd435?s=96&d=mm&r=g","contentUrl":"https:\/\/secure.gravatar.com\/avatar\/3a8de04a2656d44082be478bd6c086daa447c4651605818287b9532d3d0bd435?s=96&d=mm&r=g","caption":"Lo viste en Los Pol\u00edticos"},"url":"https:\/\/lospoliticosveracruz.com\/?author=2"}]}},"_links":{"self":[{"href":"https:\/\/lospoliticosveracruz.com\/index.php?rest_route=\/wp\/v2\/posts\/20443","targetHints":{"allow":["GET"]}}],"collection":[{"href":"https:\/\/lospoliticosveracruz.com\/index.php?rest_route=\/wp\/v2\/posts"}],"about":[{"href":"https:\/\/lospoliticosveracruz.com\/index.php?rest_route=\/wp\/v2\/types\/post"}],"author":[{"embeddable":true,"href":"https:\/\/lospoliticosveracruz.com\/index.php?rest_route=\/wp\/v2\/users\/2"}],"replies":[{"embeddable":true,"href":"https:\/\/lospoliticosveracruz.com\/index.php?rest_route=%2Fwp%2Fv2%2Fcomments&post=20443"}],"version-history":[{"count":1,"href":"https:\/\/lospoliticosveracruz.com\/index.php?rest_route=\/wp\/v2\/posts\/20443\/revisions"}],"predecessor-version":[{"id":20444,"href":"https:\/\/lospoliticosveracruz.com\/index.php?rest_route=\/wp\/v2\/posts\/20443\/revisions\/20444"}],"wp:attachment":[{"href":"https:\/\/lospoliticosveracruz.com\/index.php?rest_route=%2Fwp%2Fv2%2Fmedia&parent=20443"}],"wp:term":[{"taxonomy":"category","embeddable":true,"href":"https:\/\/lospoliticosveracruz.com\/index.php?rest_route=%2Fwp%2Fv2%2Fcategories&post=20443"},{"taxonomy":"post_tag","embeddable":true,"href":"https:\/\/lospoliticosveracruz.com\/index.php?rest_route=%2Fwp%2Fv2%2Ftags&post=20443"}],"curies":[{"name":"wp","href":"https:\/\/api.w.org\/{rel}","templated":true}]}}