{"id":20450,"date":"2016-01-19T09:26:38","date_gmt":"2016-01-19T15:26:38","guid":{"rendered":"http:\/\/www.lospoliticosveracruz.com.mx\/?p=20450"},"modified":"2016-01-19T09:26:38","modified_gmt":"2016-01-19T15:26:38","slug":"dante-se-encargara-de-que-no-gane-yunes","status":"publish","type":"post","link":"https:\/\/lospoliticosveracruz.com\/?p=20450","title":{"rendered":"Dante se encargar\u00e1 de que no gane Yunes"},"content":{"rendered":"<p><a href=\"http:\/\/www.lospoliticosveracruz.com.mx\/wp-content\/uploads\/2015\/03\/Dante-Delgado.jpg\"><img loading=\"lazy\" decoding=\"async\" class=\"alignnone size-medium wp-image-15498\" src=\"http:\/\/www.lospoliticosveracruz.com.mx\/wp-content\/uploads\/2015\/03\/Dante-Delgado-300x200.jpg\" alt=\"Dante Delgado\" width=\"300\" height=\"200\" \/><\/a><\/p>\n<p><strong>Pablo Jair Ortega<\/strong><\/p>\n<p><em>Columna Sin Nombre<\/em><br \/>\nEste lunes, el ex alcalde de Xalapa, ex senador y ex diputado Armando M\u00e9ndez de la Luz se registr\u00f3 como candidato del partido Movimiento Ciudadano para la gubernatura de Veracruz, lo que causa una mella enorme a la alianza del PAN-PRD.<\/p>\n<p>Como ya se ha comentado anteriormente, se ha vislumbrado que dicha coalici\u00f3n no fructifique (si acaso har\u00e1 ruido por redes sociales y nada m\u00e1s), y mucho se debe a la divisi\u00f3n interna que tienen esos partidos y donde los principales l\u00edderes han decidido apoyar otros proyectos como candidatos independientes u otros partidos.<\/p>\n<p>Para nadie es secreto, por ejemplo, que el PRD es s\u00f3lo un cascar\u00f3n; que vive de las glorias pasadas, pero no tiene un cuadro fuerte ni se encarg\u00f3 de crearlos a 27 a\u00f1os de su fundaci\u00f3n.<\/p>\n<p>En Veracruz, la gloria perredista se vivi\u00f3 en los tiempos de popularidad de Cuauht\u00e9moc C\u00e1rdenas Sol\u00f3rzano cuando lleg\u00f3 a ser el primer jefe de Gobierno del Distrito Federal electo, luego de desaparecer la figura del regente capitalino. Veracruz se contagi\u00f3 de ese \u00edmpetu y se recuerda que el sol azteca avanz\u00f3 en muchos municipios; tambi\u00e9n hay que sumarle el m\u00e9rito de perredistas locales que lograron hacer bastiones en zonas como Los Tuxtlas y Papantla. Muchos muertos y perseguidos que se recuerdan en esa lucha social.<\/p>\n<p>Pero al paso de los a\u00f1os, el perredismo se burocratiz\u00f3 y las llamadas \u201ctribus\u201d dejaron de lado el trabajo social para concentrarse en los intereses partidistas y de grupos.<\/p>\n<p>Lo que queda del perredismo (a excepci\u00f3n de contados actores pol\u00edticos serios y respetables como Uriel Flores Aguayo y Agust\u00edn Mantilla Trolle) es un grupo que se le ha vinculado como entregados al poder y que convirtieron al partido en un sat\u00e9lite de los intereses de la c\u00fapula gobernante. Es llamado el \u201cPRD rojo\u201d, por su cercan\u00eda al PRI, cuyo arrimo le cost\u00f3 todav\u00eda m\u00e1s a su ya desgastada imagen como partido de oposici\u00f3n.<\/p>\n<p>Uno de los aliados constantes del perredismo siempre fueron el partido Convergencia por la Democracia (hoy Movimiento Ciudadano), fundado por el ex gobernador Dante Delgado Rannauro; as\u00ed como el Partido del Trabajo (pr\u00e1cticamente hoy inexistente). En la historia reciente, hicieron alianza tres veces para abanderar al candidato a la Presidencia de la Rep\u00fablica, primero llevando en el a\u00f1o 2000 a Cuauht\u00e9moc C\u00e1rdenas, y posteriormente a Andr\u00e9s Manuel L\u00f3pez Obrador en 2006 y 2012.<\/p>\n<p>En la reciente elecci\u00f3n federal de 2015, los tres partidos identificados como de izquierda, lograron sobrevivir con su registro, aunque el PT estuvo a punto de desaparecer.<\/p>\n<p>Pero eso de la izquierda ya qued\u00f3 en el olvido, y como dec\u00edamos al principio de esta columna, lo que era una tradicional alianza de estos partidos, hoy ya se disolvi\u00f3.<\/p>\n<p>El que Movimiento Ciudadano vaya solo como fuerza pol\u00edtica en busca de la gubernatura, habla tambi\u00e9n de que esta vez a Dante Delgado no le interesa hacer una coalici\u00f3n y eso le costar\u00e1 muchos votos al perredismo tradicional. El PT, en conferencias de prensa, tambi\u00e9n ha anunciado que ir\u00eda solo y apoyar\u00eda a una mujer.<\/p>\n<p>La creaci\u00f3n del Movimiento de Regeneraci\u00f3n Nacional (MORENA), en 2014, por parte de Andr\u00e9s Manuel L\u00f3pez Obrador, es la peor de las pesadillas para el PRD, porque el carism\u00e1tico l\u00edder pr\u00e1cticamente acapar\u00f3 los votos de la izquierda en Veracruz teniendo un gran avance como la tercera fuerza pol\u00edtica en el estado en las elecciones federales de 2015. MORENA tambi\u00e9n ha dicho que va solo y llevar\u00eda como candidato al diputado por Xalapa, Cuitl\u00e1huac Garc\u00eda Jim\u00e9nez.<\/p>\n<p>Pero es Movimiento Ciudadano quien pr\u00e1cticamente ya dio la estocada para que ninguno de sus simpatizantes vaya a favor de la alianza, am\u00e9n del mont\u00f3n de votos y simpat\u00edas que se han ido restando con la salida de l\u00edderes panistas como Gerardo Buganza, Juan Bueno Torio, Ulises Chama, as\u00ed como cuadros que sin duda har\u00e1n todo lo posible por hacer perder al abanderado que seguramente ser\u00e1 Miguel \u00c1ngel Yunes Linares.<\/p>\n<p>Dante, as\u00ed como Buganza dijo hace 6 a\u00f1os, pr\u00e1cticamente har\u00e1 que Yunes no gane, aportando a la pulverizaci\u00f3n del voto de izquierda latente en Movimiento Ciudadano y que sosten\u00eda al perredismo local. El ex gobernador Delgado Rannauro har\u00e1 lo posible (as\u00ed como MORENA) para ganar m\u00e1s votos en la entidad y al PRD se lo llevar\u00e1 el carajo.<\/p>\n<p>Pero Dante y Yunes tienen una historia en particular: quien persigui\u00f3, humill\u00f3 y encarcel\u00f3 al gobernador veracruzano en 1995 fue precisamente el hoy virtual abanderado del PAN, a quien se le est\u00e1n juntando todos los enemigos en su contra y ya desde ahorita se le ven pocos aliados.<\/p>\n","protected":false},"excerpt":{"rendered":"<p>Pablo Jair Ortega Columna Sin Nombre Este lunes, el ex alcalde de Xalapa, ex senador y ex diputado Armando M\u00e9ndez de la Luz se registr\u00f3 como candidato del partido Movimiento Ciudadano para la gubernatura de Veracruz, lo que causa una mella enorme a la alianza del PAN-PRD. Como ya se ha comentado anteriormente, se ha [&hellip;]<\/p>\n","protected":false},"author":2,"featured_media":0,"comment_status":"open","ping_status":"open","sticky":false,"template":"","format":"standard","meta":{"tdm_status":"","tdm_grid_status":"","footnotes":""},"categories":[70],"tags":[618,3672,1006,1026],"class_list":{"0":"post-20450","1":"post","2":"type-post","3":"status-publish","4":"format-standard","6":"category-de-opinion","7":"tag-andres-manuel-lopez-obrador","8":"tag-armando-mendez-de-la-luz","9":"tag-dante-delgado-rannauro","10":"tag-morena"},"yoast_head":"<!-- This site is optimized with the Yoast SEO plugin v27.4 - https:\/\/yoast.com\/product\/yoast-seo-wordpress\/ -->\n<title>Dante se encargar\u00e1 de que no gane Yunes - Los pol\u00edticos Veracruz<\/title>\n<meta name=\"robots\" content=\"index, follow, max-snippet:-1, max-image-preview:large, max-video-preview:-1\" \/>\n<link rel=\"canonical\" href=\"https:\/\/lospoliticosveracruz.com\/?p=20450\" \/>\n<meta property=\"og:locale\" content=\"es_ES\" \/>\n<meta property=\"og:type\" content=\"article\" \/>\n<meta property=\"og:title\" content=\"Dante se encargar\u00e1 de que no gane Yunes - Los pol\u00edticos Veracruz\" \/>\n<meta property=\"og:description\" content=\"Pablo Jair Ortega Columna Sin Nombre Este lunes, el ex alcalde de Xalapa, ex senador y ex diputado Armando M\u00e9ndez de la Luz se registr\u00f3 como candidato del partido Movimiento Ciudadano para la gubernatura de Veracruz, lo que causa una mella enorme a la alianza del PAN-PRD. Como ya se ha comentado anteriormente, se ha [&hellip;]\" \/>\n<meta property=\"og:url\" content=\"https:\/\/lospoliticosveracruz.com\/?p=20450\" \/>\n<meta property=\"og:site_name\" content=\"Los pol\u00edticos Veracruz\" \/>\n<meta property=\"article:publisher\" content=\"https:\/\/www.facebook.com\/people\/Notimemes-de-los-Polticos\/61565672886568\/\" \/>\n<meta property=\"article:published_time\" content=\"2016-01-19T15:26:38+00:00\" \/>\n<meta property=\"og:image\" content=\"http:\/\/www.lospoliticosveracruz.com.mx\/wp-content\/uploads\/2015\/03\/Dante-Delgado-300x200.jpg\" \/>\n<meta name=\"author\" content=\"Lo viste en Los Pol\u00edticos\" \/>\n<meta name=\"twitter:card\" content=\"summary_large_image\" \/>\n<meta name=\"twitter:creator\" content=\"@LosPoliticosVer\" \/>\n<meta name=\"twitter:site\" content=\"@LosPoliticosVer\" \/>\n<meta name=\"twitter:label1\" content=\"Escrito por\" \/>\n\t<meta name=\"twitter:data1\" content=\"Lo viste en Los Pol\u00edticos\" \/>\n\t<meta name=\"twitter:label2\" content=\"Tiempo de lectura\" \/>\n\t<meta name=\"twitter:data2\" content=\"4 minutos\" \/>\n<script type=\"application\/ld+json\" class=\"yoast-schema-graph\">{\"@context\":\"https:\\\/\\\/schema.org\",\"@graph\":[{\"@type\":\"Article\",\"@id\":\"https:\\\/\\\/lospoliticosveracruz.com\\\/?p=20450#article\",\"isPartOf\":{\"@id\":\"https:\\\/\\\/lospoliticosveracruz.com\\\/?p=20450\"},\"author\":{\"name\":\"Lo viste en Los Pol\u00edticos\",\"@id\":\"https:\\\/\\\/lospoliticosveracruz.com\\\/#\\\/schema\\\/person\\\/b8702bb0e538456e6efd07080bf2a4a2\"},\"headline\":\"Dante se encargar\u00e1 de que no gane Yunes\",\"datePublished\":\"2016-01-19T15:26:38+00:00\",\"mainEntityOfPage\":{\"@id\":\"https:\\\/\\\/lospoliticosveracruz.com\\\/?p=20450\"},\"wordCount\":823,\"commentCount\":0,\"publisher\":{\"@id\":\"https:\\\/\\\/lospoliticosveracruz.com\\\/#organization\"},\"image\":{\"@id\":\"https:\\\/\\\/lospoliticosveracruz.com\\\/?p=20450#primaryimage\"},\"thumbnailUrl\":\"http:\\\/\\\/www.lospoliticosveracruz.com.mx\\\/wp-content\\\/uploads\\\/2015\\\/03\\\/Dante-Delgado-300x200.jpg\",\"keywords\":[\"Andr\u00e9s Manuel L\u00f3pez Obrador\",\"Armando M\u00e9ndez de la Luz\",\"Dante Delgado Rannauro\",\"Morena\"],\"articleSection\":[\"De Opini\u00f3n\"],\"inLanguage\":\"es\",\"potentialAction\":[{\"@type\":\"CommentAction\",\"name\":\"Comment\",\"target\":[\"https:\\\/\\\/lospoliticosveracruz.com\\\/?p=20450#respond\"]}]},{\"@type\":\"WebPage\",\"@id\":\"https:\\\/\\\/lospoliticosveracruz.com\\\/?p=20450\",\"url\":\"https:\\\/\\\/lospoliticosveracruz.com\\\/?p=20450\",\"name\":\"Dante se encargar\u00e1 de que no gane Yunes - Los pol\u00edticos Veracruz\",\"isPartOf\":{\"@id\":\"https:\\\/\\\/lospoliticosveracruz.com\\\/#website\"},\"primaryImageOfPage\":{\"@id\":\"https:\\\/\\\/lospoliticosveracruz.com\\\/?p=20450#primaryimage\"},\"image\":{\"@id\":\"https:\\\/\\\/lospoliticosveracruz.com\\\/?p=20450#primaryimage\"},\"thumbnailUrl\":\"http:\\\/\\\/www.lospoliticosveracruz.com.mx\\\/wp-content\\\/uploads\\\/2015\\\/03\\\/Dante-Delgado-300x200.jpg\",\"datePublished\":\"2016-01-19T15:26:38+00:00\",\"breadcrumb\":{\"@id\":\"https:\\\/\\\/lospoliticosveracruz.com\\\/?p=20450#breadcrumb\"},\"inLanguage\":\"es\",\"potentialAction\":[{\"@type\":\"ReadAction\",\"target\":[\"https:\\\/\\\/lospoliticosveracruz.com\\\/?p=20450\"]}]},{\"@type\":\"ImageObject\",\"inLanguage\":\"es\",\"@id\":\"https:\\\/\\\/lospoliticosveracruz.com\\\/?p=20450#primaryimage\",\"url\":\"http:\\\/\\\/www.lospoliticosveracruz.com.mx\\\/wp-content\\\/uploads\\\/2015\\\/03\\\/Dante-Delgado-300x200.jpg\",\"contentUrl\":\"http:\\\/\\\/www.lospoliticosveracruz.com.mx\\\/wp-content\\\/uploads\\\/2015\\\/03\\\/Dante-Delgado-300x200.jpg\"},{\"@type\":\"BreadcrumbList\",\"@id\":\"https:\\\/\\\/lospoliticosveracruz.com\\\/?p=20450#breadcrumb\",\"itemListElement\":[{\"@type\":\"ListItem\",\"position\":1,\"name\":\"Portada\",\"item\":\"https:\\\/\\\/lospoliticosveracruz.com\\\/\"},{\"@type\":\"ListItem\",\"position\":2,\"name\":\"Dante se encargar\u00e1 de que no gane Yunes\"}]},{\"@type\":\"WebSite\",\"@id\":\"https:\\\/\\\/lospoliticosveracruz.com\\\/#website\",\"url\":\"https:\\\/\\\/lospoliticosveracruz.com\\\/\",\"name\":\"Los pol\u00edticos Veracruz\",\"description\":\"\",\"publisher\":{\"@id\":\"https:\\\/\\\/lospoliticosveracruz.com\\\/#organization\"},\"potentialAction\":[{\"@type\":\"SearchAction\",\"target\":{\"@type\":\"EntryPoint\",\"urlTemplate\":\"https:\\\/\\\/lospoliticosveracruz.com\\\/?s={search_term_string}\"},\"query-input\":{\"@type\":\"PropertyValueSpecification\",\"valueRequired\":true,\"valueName\":\"search_term_string\"}}],\"inLanguage\":\"es\"},{\"@type\":\"Organization\",\"@id\":\"https:\\\/\\\/lospoliticosveracruz.com\\\/#organization\",\"name\":\"Los pol\u00edticos Veracruz\",\"url\":\"https:\\\/\\\/lospoliticosveracruz.com\\\/\",\"logo\":{\"@type\":\"ImageObject\",\"inLanguage\":\"es\",\"@id\":\"https:\\\/\\\/lospoliticosveracruz.com\\\/#\\\/schema\\\/logo\\\/image\\\/\",\"url\":\"https:\\\/\\\/lospoliticosveracruz.com\\\/wp-content\\\/uploads\\\/2025\\\/12\\\/Logo-Nuevo-LOS-POLITICOS-1.jpg\",\"contentUrl\":\"https:\\\/\\\/lospoliticosveracruz.com\\\/wp-content\\\/uploads\\\/2025\\\/12\\\/Logo-Nuevo-LOS-POLITICOS-1.jpg\",\"width\":260,\"height\":70,\"caption\":\"Los pol\u00edticos Veracruz\"},\"image\":{\"@id\":\"https:\\\/\\\/lospoliticosveracruz.com\\\/#\\\/schema\\\/logo\\\/image\\\/\"},\"sameAs\":[\"https:\\\/\\\/www.facebook.com\\\/people\\\/Notimemes-de-los-Polticos\\\/61565672886568\\\/\",\"https:\\\/\\\/x.com\\\/LosPoliticosVer\"]},{\"@type\":\"Person\",\"@id\":\"https:\\\/\\\/lospoliticosveracruz.com\\\/#\\\/schema\\\/person\\\/b8702bb0e538456e6efd07080bf2a4a2\",\"name\":\"Lo viste en Los Pol\u00edticos\",\"image\":{\"@type\":\"ImageObject\",\"inLanguage\":\"es\",\"@id\":\"https:\\\/\\\/secure.gravatar.com\\\/avatar\\\/3a8de04a2656d44082be478bd6c086daa447c4651605818287b9532d3d0bd435?s=96&d=mm&r=g\",\"url\":\"https:\\\/\\\/secure.gravatar.com\\\/avatar\\\/3a8de04a2656d44082be478bd6c086daa447c4651605818287b9532d3d0bd435?s=96&d=mm&r=g\",\"contentUrl\":\"https:\\\/\\\/secure.gravatar.com\\\/avatar\\\/3a8de04a2656d44082be478bd6c086daa447c4651605818287b9532d3d0bd435?s=96&d=mm&r=g\",\"caption\":\"Lo viste en Los Pol\u00edticos\"},\"url\":\"https:\\\/\\\/lospoliticosveracruz.com\\\/?author=2\"}]}<\/script>\n<!-- \/ Yoast SEO plugin. -->","yoast_head_json":{"title":"Dante se encargar\u00e1 de que no gane Yunes - Los pol\u00edticos Veracruz","robots":{"index":"index","follow":"follow","max-snippet":"max-snippet:-1","max-image-preview":"max-image-preview:large","max-video-preview":"max-video-preview:-1"},"canonical":"https:\/\/lospoliticosveracruz.com\/?p=20450","og_locale":"es_ES","og_type":"article","og_title":"Dante se encargar\u00e1 de que no gane Yunes - Los pol\u00edticos Veracruz","og_description":"Pablo Jair Ortega Columna Sin Nombre Este lunes, el ex alcalde de Xalapa, ex senador y ex diputado Armando M\u00e9ndez de la Luz se registr\u00f3 como candidato del partido Movimiento Ciudadano para la gubernatura de Veracruz, lo que causa una mella enorme a la alianza del PAN-PRD. Como ya se ha comentado anteriormente, se ha [&hellip;]","og_url":"https:\/\/lospoliticosveracruz.com\/?p=20450","og_site_name":"Los pol\u00edticos Veracruz","article_publisher":"https:\/\/www.facebook.com\/people\/Notimemes-de-los-Polticos\/61565672886568\/","article_published_time":"2016-01-19T15:26:38+00:00","og_image":[{"url":"http:\/\/www.lospoliticosveracruz.com.mx\/wp-content\/uploads\/2015\/03\/Dante-Delgado-300x200.jpg","type":"","width":"","height":""}],"author":"Lo viste en Los Pol\u00edticos","twitter_card":"summary_large_image","twitter_creator":"@LosPoliticosVer","twitter_site":"@LosPoliticosVer","twitter_misc":{"Escrito por":"Lo viste en Los Pol\u00edticos","Tiempo de lectura":"4 minutos"},"schema":{"@context":"https:\/\/schema.org","@graph":[{"@type":"Article","@id":"https:\/\/lospoliticosveracruz.com\/?p=20450#article","isPartOf":{"@id":"https:\/\/lospoliticosveracruz.com\/?p=20450"},"author":{"name":"Lo viste en Los Pol\u00edticos","@id":"https:\/\/lospoliticosveracruz.com\/#\/schema\/person\/b8702bb0e538456e6efd07080bf2a4a2"},"headline":"Dante se encargar\u00e1 de que no gane Yunes","datePublished":"2016-01-19T15:26:38+00:00","mainEntityOfPage":{"@id":"https:\/\/lospoliticosveracruz.com\/?p=20450"},"wordCount":823,"commentCount":0,"publisher":{"@id":"https:\/\/lospoliticosveracruz.com\/#organization"},"image":{"@id":"https:\/\/lospoliticosveracruz.com\/?p=20450#primaryimage"},"thumbnailUrl":"http:\/\/www.lospoliticosveracruz.com.mx\/wp-content\/uploads\/2015\/03\/Dante-Delgado-300x200.jpg","keywords":["Andr\u00e9s Manuel L\u00f3pez Obrador","Armando M\u00e9ndez de la Luz","Dante Delgado Rannauro","Morena"],"articleSection":["De Opini\u00f3n"],"inLanguage":"es","potentialAction":[{"@type":"CommentAction","name":"Comment","target":["https:\/\/lospoliticosveracruz.com\/?p=20450#respond"]}]},{"@type":"WebPage","@id":"https:\/\/lospoliticosveracruz.com\/?p=20450","url":"https:\/\/lospoliticosveracruz.com\/?p=20450","name":"Dante se encargar\u00e1 de que no gane Yunes - Los pol\u00edticos Veracruz","isPartOf":{"@id":"https:\/\/lospoliticosveracruz.com\/#website"},"primaryImageOfPage":{"@id":"https:\/\/lospoliticosveracruz.com\/?p=20450#primaryimage"},"image":{"@id":"https:\/\/lospoliticosveracruz.com\/?p=20450#primaryimage"},"thumbnailUrl":"http:\/\/www.lospoliticosveracruz.com.mx\/wp-content\/uploads\/2015\/03\/Dante-Delgado-300x200.jpg","datePublished":"2016-01-19T15:26:38+00:00","breadcrumb":{"@id":"https:\/\/lospoliticosveracruz.com\/?p=20450#breadcrumb"},"inLanguage":"es","potentialAction":[{"@type":"ReadAction","target":["https:\/\/lospoliticosveracruz.com\/?p=20450"]}]},{"@type":"ImageObject","inLanguage":"es","@id":"https:\/\/lospoliticosveracruz.com\/?p=20450#primaryimage","url":"http:\/\/www.lospoliticosveracruz.com.mx\/wp-content\/uploads\/2015\/03\/Dante-Delgado-300x200.jpg","contentUrl":"http:\/\/www.lospoliticosveracruz.com.mx\/wp-content\/uploads\/2015\/03\/Dante-Delgado-300x200.jpg"},{"@type":"BreadcrumbList","@id":"https:\/\/lospoliticosveracruz.com\/?p=20450#breadcrumb","itemListElement":[{"@type":"ListItem","position":1,"name":"Portada","item":"https:\/\/lospoliticosveracruz.com\/"},{"@type":"ListItem","position":2,"name":"Dante se encargar\u00e1 de que no gane Yunes"}]},{"@type":"WebSite","@id":"https:\/\/lospoliticosveracruz.com\/#website","url":"https:\/\/lospoliticosveracruz.com\/","name":"Los pol\u00edticos Veracruz","description":"","publisher":{"@id":"https:\/\/lospoliticosveracruz.com\/#organization"},"potentialAction":[{"@type":"SearchAction","target":{"@type":"EntryPoint","urlTemplate":"https:\/\/lospoliticosveracruz.com\/?s={search_term_string}"},"query-input":{"@type":"PropertyValueSpecification","valueRequired":true,"valueName":"search_term_string"}}],"inLanguage":"es"},{"@type":"Organization","@id":"https:\/\/lospoliticosveracruz.com\/#organization","name":"Los pol\u00edticos Veracruz","url":"https:\/\/lospoliticosveracruz.com\/","logo":{"@type":"ImageObject","inLanguage":"es","@id":"https:\/\/lospoliticosveracruz.com\/#\/schema\/logo\/image\/","url":"https:\/\/lospoliticosveracruz.com\/wp-content\/uploads\/2025\/12\/Logo-Nuevo-LOS-POLITICOS-1.jpg","contentUrl":"https:\/\/lospoliticosveracruz.com\/wp-content\/uploads\/2025\/12\/Logo-Nuevo-LOS-POLITICOS-1.jpg","width":260,"height":70,"caption":"Los pol\u00edticos Veracruz"},"image":{"@id":"https:\/\/lospoliticosveracruz.com\/#\/schema\/logo\/image\/"},"sameAs":["https:\/\/www.facebook.com\/people\/Notimemes-de-los-Polticos\/61565672886568\/","https:\/\/x.com\/LosPoliticosVer"]},{"@type":"Person","@id":"https:\/\/lospoliticosveracruz.com\/#\/schema\/person\/b8702bb0e538456e6efd07080bf2a4a2","name":"Lo viste en Los Pol\u00edticos","image":{"@type":"ImageObject","inLanguage":"es","@id":"https:\/\/secure.gravatar.com\/avatar\/3a8de04a2656d44082be478bd6c086daa447c4651605818287b9532d3d0bd435?s=96&d=mm&r=g","url":"https:\/\/secure.gravatar.com\/avatar\/3a8de04a2656d44082be478bd6c086daa447c4651605818287b9532d3d0bd435?s=96&d=mm&r=g","contentUrl":"https:\/\/secure.gravatar.com\/avatar\/3a8de04a2656d44082be478bd6c086daa447c4651605818287b9532d3d0bd435?s=96&d=mm&r=g","caption":"Lo viste en Los Pol\u00edticos"},"url":"https:\/\/lospoliticosveracruz.com\/?author=2"}]}},"_links":{"self":[{"href":"https:\/\/lospoliticosveracruz.com\/index.php?rest_route=\/wp\/v2\/posts\/20450","targetHints":{"allow":["GET"]}}],"collection":[{"href":"https:\/\/lospoliticosveracruz.com\/index.php?rest_route=\/wp\/v2\/posts"}],"about":[{"href":"https:\/\/lospoliticosveracruz.com\/index.php?rest_route=\/wp\/v2\/types\/post"}],"author":[{"embeddable":true,"href":"https:\/\/lospoliticosveracruz.com\/index.php?rest_route=\/wp\/v2\/users\/2"}],"replies":[{"embeddable":true,"href":"https:\/\/lospoliticosveracruz.com\/index.php?rest_route=%2Fwp%2Fv2%2Fcomments&post=20450"}],"version-history":[{"count":1,"href":"https:\/\/lospoliticosveracruz.com\/index.php?rest_route=\/wp\/v2\/posts\/20450\/revisions"}],"predecessor-version":[{"id":20451,"href":"https:\/\/lospoliticosveracruz.com\/index.php?rest_route=\/wp\/v2\/posts\/20450\/revisions\/20451"}],"wp:attachment":[{"href":"https:\/\/lospoliticosveracruz.com\/index.php?rest_route=%2Fwp%2Fv2%2Fmedia&parent=20450"}],"wp:term":[{"taxonomy":"category","embeddable":true,"href":"https:\/\/lospoliticosveracruz.com\/index.php?rest_route=%2Fwp%2Fv2%2Fcategories&post=20450"},{"taxonomy":"post_tag","embeddable":true,"href":"https:\/\/lospoliticosveracruz.com\/index.php?rest_route=%2Fwp%2Fv2%2Ftags&post=20450"}],"curies":[{"name":"wp","href":"https:\/\/api.w.org\/{rel}","templated":true}]}}