{"id":20460,"date":"2016-01-19T20:58:44","date_gmt":"2016-01-20T02:58:44","guid":{"rendered":"http:\/\/www.lospoliticosveracruz.com.mx\/?p=20460"},"modified":"2016-01-19T20:58:44","modified_gmt":"2016-01-20T02:58:44","slug":"tuxpan-entre-el-saqueo-y-el-desorden","status":"publish","type":"post","link":"https:\/\/lospoliticosveracruz.com\/?p=20460","title":{"rendered":"Tuxpan, entre el saqueo y el desorden"},"content":{"rendered":"<p><a href=\"http:\/\/www.lospoliticosveracruz.com.mx\/wp-content\/uploads\/2015\/11\/Ra\u00fal-Ruiz-D\u00edaz.jpg\"><img loading=\"lazy\" decoding=\"async\" class=\"alignnone size-medium wp-image-18792\" src=\"http:\/\/www.lospoliticosveracruz.com.mx\/wp-content\/uploads\/2015\/11\/Ra\u00fal-Ruiz-D\u00edaz-300x178.jpg\" alt=\"Ra\u00fal Ruiz D\u00edaz\" width=\"300\" height=\"178\" \/><\/a><br \/>\n<strong>Ricardo V\u00e1zquez Salazar<\/strong><br \/>\n<em>Esfera Pol\u00edtica<\/em><br \/>\nInnumerables son las situaciones que habr\u00e1 que corregir, numerosas son las que hay que poner en orden en Veracruz, en varios niveles y en distintas \u00e1reas; bueno pr\u00e1cticamente en todas a nivel estatal y en demasiados municipios.<\/p>\n<p>El ayuntamiento de Tuxpan se ha convertido en el ejemplo de imitaci\u00f3n que han hecho de la administraci\u00f3n estatal: saqueo a las arcas p\u00fablicas y enriquecimiento inexplicable de funcionarios; negocios turbios al amparo del poder con la escasa obra p\u00fablica; aviadores con sueldo de 40 mil pesos, como se ventil\u00f3 el caso de un directivo estatal del PRI; 200 millones de pesos extraviados, provenientes de la federaci\u00f3n; las famosas fiestecitas desenfrenadas con cargo al erario, con asistentes provenientes de Xalapa, que hace pocos a\u00f1os comenzaron a realizarse en Tuxpan, aquelarres que ser\u00edan la envidia de los emperadores romanos Cal\u00edgula y Claudius. Estos son s\u00f3lo algunos de los se\u00f1alamientos que la poblaci\u00f3n hace.<\/p>\n<p>Ra\u00fal Ruiz D\u00edaz, presidente municipal de Tuxpan; Javier Ben\u00edtez Ponce, s\u00edndico \u00fanico; Miguel Aizcorbe Salicrup, director de Obras P\u00fablicas, han sido acusados por miembros del cabildo de: tr\u00e1fico de influencias, pr\u00e1cticas desleales y enriquecimiento il\u00edcito, con lo que est\u00e1n logrando amasar cuantiosas fortunas personales, a la par que los problemas en el municipio que supuestamente gobiernan contin\u00faan creciendo: violencia e inseguridad; servicios de salud en el completo abandono; serias deficiencias en servicios p\u00fablicos; laudos pendientes de pago de empleados despedidos injustificadamente hace 10 a\u00f1os y que desde hace casi dos a\u00f1os fueron resueltos por el Tribunal de Conciliaci\u00f3n y Arbitraje del Poder Judicial del Estado de Veracruz, a favor de los trabajadores; todo esto est\u00e1 provocando que el enojo e indignaci\u00f3n de los tuxpe\u00f1os siga creciendo.<\/p>\n<p>El enriquecimiento il\u00edcito del alcalde Ra\u00fal Ru\u00edz D\u00edaz sali\u00f3 a la luz cuando a los pocos meses de iniciado su gobierno empez\u00f3 a comprar veh\u00edculos de lujo para toda la familia, compr\u00f3 un lote de ganado de registro, moderniz\u00f3 las instalaciones de su ranchito, adquiri\u00f3 propiedades urbanas y tres ranchos en este municipio, incluyendo inmuebles en la Ciudad de M\u00e9xico. Le compro al ingeniero Toledo Culebro un rancho de 32 hect\u00e1reas ubicado cerca de Higueral, en la carretera Boca del Monte-Ojite. Tambi\u00e9n compr\u00f3 a la familia Cobos un rancho de 54 hect\u00e1reas, ubicado en Chalahuite y adquiri\u00f3 otro rancho ubicado a orillas de la carretera Santiago de la Pe\u00f1a-Altamira. Tambi\u00e9n est\u00e1 bajo investigaci\u00f3n la compra de una propiedad en el bulevar Reyes Heroles, un departamento en Santa Fe y otra propiedad en el DF. (La Opini\u00f3n, 26\/10\/2015).<\/p>\n<p>El director de Obras P\u00fablicas, Miguel Aizcorbe Salicrup, de manera ilegal, con su compa\u00f1\u00eda Aizape Construcciones, S. A. de C. V., particip\u00f3 en licitaciones y \u00e9l mismo se decret\u00f3 ganador de 33 proyectos, por un monto que rebasa los 15 millones de pesos.<\/p>\n<p>Todo lo anterior en contubernio con Carlos Augusto Flores Corona y Julio Cesar Vel\u00e1zquez Capit\u00e1n, tesorero y contralor del municipio respectivamente, quienes fueron designados por Javier Ben\u00edtez Ponce, posiciones que maneja en forma absoluta para su beneficio personal, con la complacencia de Ra\u00fal Ru\u00edz.<br \/>\nrvazquez002@yahoo.com.mx<\/p>\n","protected":false},"excerpt":{"rendered":"<p>Ricardo V\u00e1zquez Salazar Esfera Pol\u00edtica Innumerables son las situaciones que habr\u00e1 que corregir, numerosas son las que hay que poner en orden en Veracruz, en varios niveles y en distintas \u00e1reas; bueno pr\u00e1cticamente en todas a nivel estatal y en demasiados municipios. El ayuntamiento de Tuxpan se ha convertido en el ejemplo de imitaci\u00f3n que [&hellip;]<\/p>\n","protected":false},"author":2,"featured_media":0,"comment_status":"open","ping_status":"open","sticky":false,"template":"","format":"standard","meta":{"tdm_status":"","tdm_grid_status":"","footnotes":""},"categories":[70],"tags":[3935,4558,3771,2835,4557,203],"class_list":{"0":"post-20460","1":"post","2":"type-post","3":"status-publish","4":"format-standard","6":"category-de-opinion","7":"tag-javier-benitez-ponce","8":"tag-miguel-aizcorbe-salicrup","9":"tag-obras-publicas","10":"tag-raul-ruiz-diaz","11":"tag-sindico-unico","12":"tag-tuxpan"},"yoast_head":"<!-- This site is optimized with the Yoast SEO plugin v27.4 - https:\/\/yoast.com\/product\/yoast-seo-wordpress\/ -->\n<title>Tuxpan, entre el saqueo y el desorden - Los pol\u00edticos Veracruz<\/title>\n<meta name=\"robots\" content=\"index, follow, max-snippet:-1, max-image-preview:large, max-video-preview:-1\" \/>\n<link rel=\"canonical\" href=\"https:\/\/lospoliticosveracruz.com\/?p=20460\" \/>\n<meta property=\"og:locale\" content=\"es_ES\" \/>\n<meta property=\"og:type\" content=\"article\" \/>\n<meta property=\"og:title\" content=\"Tuxpan, entre el saqueo y el desorden - Los pol\u00edticos Veracruz\" \/>\n<meta property=\"og:description\" content=\"Ricardo V\u00e1zquez Salazar Esfera Pol\u00edtica Innumerables son las situaciones que habr\u00e1 que corregir, numerosas son las que hay que poner en orden en Veracruz, en varios niveles y en distintas \u00e1reas; bueno pr\u00e1cticamente en todas a nivel estatal y en demasiados municipios. El ayuntamiento de Tuxpan se ha convertido en el ejemplo de imitaci\u00f3n que [&hellip;]\" \/>\n<meta property=\"og:url\" content=\"https:\/\/lospoliticosveracruz.com\/?p=20460\" \/>\n<meta property=\"og:site_name\" content=\"Los pol\u00edticos Veracruz\" \/>\n<meta property=\"article:publisher\" content=\"https:\/\/www.facebook.com\/people\/Notimemes-de-los-Polticos\/61565672886568\/\" \/>\n<meta property=\"article:published_time\" content=\"2016-01-20T02:58:44+00:00\" \/>\n<meta property=\"og:image\" content=\"https:\/\/lospoliticosveracruz.com\/wp-content\/uploads\/2016\/07\/Logo-Dor.jpg\" \/>\n\t<meta property=\"og:image:width\" content=\"200\" \/>\n\t<meta property=\"og:image:height\" content=\"200\" \/>\n\t<meta property=\"og:image:type\" content=\"image\/jpeg\" \/>\n<meta name=\"author\" content=\"Lo viste en Los Pol\u00edticos\" \/>\n<meta name=\"twitter:card\" content=\"summary_large_image\" \/>\n<meta name=\"twitter:creator\" content=\"@LosPoliticosVer\" \/>\n<meta name=\"twitter:site\" content=\"@LosPoliticosVer\" \/>\n<meta name=\"twitter:label1\" content=\"Escrito por\" \/>\n\t<meta name=\"twitter:data1\" content=\"Lo viste en Los Pol\u00edticos\" \/>\n\t<meta name=\"twitter:label2\" content=\"Tiempo de lectura\" \/>\n\t<meta name=\"twitter:data2\" content=\"3 minutos\" \/>\n<script type=\"application\/ld+json\" class=\"yoast-schema-graph\">{\"@context\":\"https:\\\/\\\/schema.org\",\"@graph\":[{\"@type\":\"Article\",\"@id\":\"https:\\\/\\\/lospoliticosveracruz.com\\\/?p=20460#article\",\"isPartOf\":{\"@id\":\"https:\\\/\\\/lospoliticosveracruz.com\\\/?p=20460\"},\"author\":{\"name\":\"Lo viste en Los Pol\u00edticos\",\"@id\":\"https:\\\/\\\/lospoliticosveracruz.com\\\/#\\\/schema\\\/person\\\/b8702bb0e538456e6efd07080bf2a4a2\"},\"headline\":\"Tuxpan, entre el saqueo y el desorden\",\"datePublished\":\"2016-01-20T02:58:44+00:00\",\"mainEntityOfPage\":{\"@id\":\"https:\\\/\\\/lospoliticosveracruz.com\\\/?p=20460\"},\"wordCount\":557,\"commentCount\":0,\"publisher\":{\"@id\":\"https:\\\/\\\/lospoliticosveracruz.com\\\/#organization\"},\"keywords\":[\"Javier Ben\u00edtez Ponce\",\"Miguel Aizcorbe Salicrup\",\"Obras P\u00fablicas\",\"Ra\u00fal Ruiz D\u00edaz\",\"s\u00edndico \u00fanico\",\"Tuxpan\"],\"articleSection\":[\"De Opini\u00f3n\"],\"inLanguage\":\"es\",\"potentialAction\":[{\"@type\":\"CommentAction\",\"name\":\"Comment\",\"target\":[\"https:\\\/\\\/lospoliticosveracruz.com\\\/?p=20460#respond\"]}]},{\"@type\":\"WebPage\",\"@id\":\"https:\\\/\\\/lospoliticosveracruz.com\\\/?p=20460\",\"url\":\"https:\\\/\\\/lospoliticosveracruz.com\\\/?p=20460\",\"name\":\"Tuxpan, entre el saqueo y el desorden - Los pol\u00edticos Veracruz\",\"isPartOf\":{\"@id\":\"https:\\\/\\\/lospoliticosveracruz.com\\\/#website\"},\"datePublished\":\"2016-01-20T02:58:44+00:00\",\"breadcrumb\":{\"@id\":\"https:\\\/\\\/lospoliticosveracruz.com\\\/?p=20460#breadcrumb\"},\"inLanguage\":\"es\",\"potentialAction\":[{\"@type\":\"ReadAction\",\"target\":[\"https:\\\/\\\/lospoliticosveracruz.com\\\/?p=20460\"]}]},{\"@type\":\"BreadcrumbList\",\"@id\":\"https:\\\/\\\/lospoliticosveracruz.com\\\/?p=20460#breadcrumb\",\"itemListElement\":[{\"@type\":\"ListItem\",\"position\":1,\"name\":\"Portada\",\"item\":\"https:\\\/\\\/lospoliticosveracruz.com\\\/\"},{\"@type\":\"ListItem\",\"position\":2,\"name\":\"Tuxpan, entre el saqueo y el desorden\"}]},{\"@type\":\"WebSite\",\"@id\":\"https:\\\/\\\/lospoliticosveracruz.com\\\/#website\",\"url\":\"https:\\\/\\\/lospoliticosveracruz.com\\\/\",\"name\":\"Los pol\u00edticos Veracruz\",\"description\":\"\",\"publisher\":{\"@id\":\"https:\\\/\\\/lospoliticosveracruz.com\\\/#organization\"},\"potentialAction\":[{\"@type\":\"SearchAction\",\"target\":{\"@type\":\"EntryPoint\",\"urlTemplate\":\"https:\\\/\\\/lospoliticosveracruz.com\\\/?s={search_term_string}\"},\"query-input\":{\"@type\":\"PropertyValueSpecification\",\"valueRequired\":true,\"valueName\":\"search_term_string\"}}],\"inLanguage\":\"es\"},{\"@type\":\"Organization\",\"@id\":\"https:\\\/\\\/lospoliticosveracruz.com\\\/#organization\",\"name\":\"Los pol\u00edticos Veracruz\",\"url\":\"https:\\\/\\\/lospoliticosveracruz.com\\\/\",\"logo\":{\"@type\":\"ImageObject\",\"inLanguage\":\"es\",\"@id\":\"https:\\\/\\\/lospoliticosveracruz.com\\\/#\\\/schema\\\/logo\\\/image\\\/\",\"url\":\"https:\\\/\\\/lospoliticosveracruz.com\\\/wp-content\\\/uploads\\\/2025\\\/12\\\/Logo-Nuevo-LOS-POLITICOS-1.jpg\",\"contentUrl\":\"https:\\\/\\\/lospoliticosveracruz.com\\\/wp-content\\\/uploads\\\/2025\\\/12\\\/Logo-Nuevo-LOS-POLITICOS-1.jpg\",\"width\":260,\"height\":70,\"caption\":\"Los pol\u00edticos Veracruz\"},\"image\":{\"@id\":\"https:\\\/\\\/lospoliticosveracruz.com\\\/#\\\/schema\\\/logo\\\/image\\\/\"},\"sameAs\":[\"https:\\\/\\\/www.facebook.com\\\/people\\\/Notimemes-de-los-Polticos\\\/61565672886568\\\/\",\"https:\\\/\\\/x.com\\\/LosPoliticosVer\"]},{\"@type\":\"Person\",\"@id\":\"https:\\\/\\\/lospoliticosveracruz.com\\\/#\\\/schema\\\/person\\\/b8702bb0e538456e6efd07080bf2a4a2\",\"name\":\"Lo viste en Los Pol\u00edticos\",\"image\":{\"@type\":\"ImageObject\",\"inLanguage\":\"es\",\"@id\":\"https:\\\/\\\/secure.gravatar.com\\\/avatar\\\/3a8de04a2656d44082be478bd6c086daa447c4651605818287b9532d3d0bd435?s=96&d=mm&r=g\",\"url\":\"https:\\\/\\\/secure.gravatar.com\\\/avatar\\\/3a8de04a2656d44082be478bd6c086daa447c4651605818287b9532d3d0bd435?s=96&d=mm&r=g\",\"contentUrl\":\"https:\\\/\\\/secure.gravatar.com\\\/avatar\\\/3a8de04a2656d44082be478bd6c086daa447c4651605818287b9532d3d0bd435?s=96&d=mm&r=g\",\"caption\":\"Lo viste en Los Pol\u00edticos\"},\"url\":\"https:\\\/\\\/lospoliticosveracruz.com\\\/?author=2\"}]}<\/script>\n<!-- \/ Yoast SEO plugin. -->","yoast_head_json":{"title":"Tuxpan, entre el saqueo y el desorden - Los pol\u00edticos Veracruz","robots":{"index":"index","follow":"follow","max-snippet":"max-snippet:-1","max-image-preview":"max-image-preview:large","max-video-preview":"max-video-preview:-1"},"canonical":"https:\/\/lospoliticosveracruz.com\/?p=20460","og_locale":"es_ES","og_type":"article","og_title":"Tuxpan, entre el saqueo y el desorden - Los pol\u00edticos Veracruz","og_description":"Ricardo V\u00e1zquez Salazar Esfera Pol\u00edtica Innumerables son las situaciones que habr\u00e1 que corregir, numerosas son las que hay que poner en orden en Veracruz, en varios niveles y en distintas \u00e1reas; bueno pr\u00e1cticamente en todas a nivel estatal y en demasiados municipios. El ayuntamiento de Tuxpan se ha convertido en el ejemplo de imitaci\u00f3n que [&hellip;]","og_url":"https:\/\/lospoliticosveracruz.com\/?p=20460","og_site_name":"Los pol\u00edticos Veracruz","article_publisher":"https:\/\/www.facebook.com\/people\/Notimemes-de-los-Polticos\/61565672886568\/","article_published_time":"2016-01-20T02:58:44+00:00","og_image":[{"width":200,"height":200,"url":"https:\/\/lospoliticosveracruz.com\/wp-content\/uploads\/2016\/07\/Logo-Dor.jpg","type":"image\/jpeg"}],"author":"Lo viste en Los Pol\u00edticos","twitter_card":"summary_large_image","twitter_creator":"@LosPoliticosVer","twitter_site":"@LosPoliticosVer","twitter_misc":{"Escrito por":"Lo viste en Los Pol\u00edticos","Tiempo de lectura":"3 minutos"},"schema":{"@context":"https:\/\/schema.org","@graph":[{"@type":"Article","@id":"https:\/\/lospoliticosveracruz.com\/?p=20460#article","isPartOf":{"@id":"https:\/\/lospoliticosveracruz.com\/?p=20460"},"author":{"name":"Lo viste en Los Pol\u00edticos","@id":"https:\/\/lospoliticosveracruz.com\/#\/schema\/person\/b8702bb0e538456e6efd07080bf2a4a2"},"headline":"Tuxpan, entre el saqueo y el desorden","datePublished":"2016-01-20T02:58:44+00:00","mainEntityOfPage":{"@id":"https:\/\/lospoliticosveracruz.com\/?p=20460"},"wordCount":557,"commentCount":0,"publisher":{"@id":"https:\/\/lospoliticosveracruz.com\/#organization"},"keywords":["Javier Ben\u00edtez Ponce","Miguel Aizcorbe Salicrup","Obras P\u00fablicas","Ra\u00fal Ruiz D\u00edaz","s\u00edndico \u00fanico","Tuxpan"],"articleSection":["De Opini\u00f3n"],"inLanguage":"es","potentialAction":[{"@type":"CommentAction","name":"Comment","target":["https:\/\/lospoliticosveracruz.com\/?p=20460#respond"]}]},{"@type":"WebPage","@id":"https:\/\/lospoliticosveracruz.com\/?p=20460","url":"https:\/\/lospoliticosveracruz.com\/?p=20460","name":"Tuxpan, entre el saqueo y el desorden - Los pol\u00edticos Veracruz","isPartOf":{"@id":"https:\/\/lospoliticosveracruz.com\/#website"},"datePublished":"2016-01-20T02:58:44+00:00","breadcrumb":{"@id":"https:\/\/lospoliticosveracruz.com\/?p=20460#breadcrumb"},"inLanguage":"es","potentialAction":[{"@type":"ReadAction","target":["https:\/\/lospoliticosveracruz.com\/?p=20460"]}]},{"@type":"BreadcrumbList","@id":"https:\/\/lospoliticosveracruz.com\/?p=20460#breadcrumb","itemListElement":[{"@type":"ListItem","position":1,"name":"Portada","item":"https:\/\/lospoliticosveracruz.com\/"},{"@type":"ListItem","position":2,"name":"Tuxpan, entre el saqueo y el desorden"}]},{"@type":"WebSite","@id":"https:\/\/lospoliticosveracruz.com\/#website","url":"https:\/\/lospoliticosveracruz.com\/","name":"Los pol\u00edticos Veracruz","description":"","publisher":{"@id":"https:\/\/lospoliticosveracruz.com\/#organization"},"potentialAction":[{"@type":"SearchAction","target":{"@type":"EntryPoint","urlTemplate":"https:\/\/lospoliticosveracruz.com\/?s={search_term_string}"},"query-input":{"@type":"PropertyValueSpecification","valueRequired":true,"valueName":"search_term_string"}}],"inLanguage":"es"},{"@type":"Organization","@id":"https:\/\/lospoliticosveracruz.com\/#organization","name":"Los pol\u00edticos Veracruz","url":"https:\/\/lospoliticosveracruz.com\/","logo":{"@type":"ImageObject","inLanguage":"es","@id":"https:\/\/lospoliticosveracruz.com\/#\/schema\/logo\/image\/","url":"https:\/\/lospoliticosveracruz.com\/wp-content\/uploads\/2025\/12\/Logo-Nuevo-LOS-POLITICOS-1.jpg","contentUrl":"https:\/\/lospoliticosveracruz.com\/wp-content\/uploads\/2025\/12\/Logo-Nuevo-LOS-POLITICOS-1.jpg","width":260,"height":70,"caption":"Los pol\u00edticos Veracruz"},"image":{"@id":"https:\/\/lospoliticosveracruz.com\/#\/schema\/logo\/image\/"},"sameAs":["https:\/\/www.facebook.com\/people\/Notimemes-de-los-Polticos\/61565672886568\/","https:\/\/x.com\/LosPoliticosVer"]},{"@type":"Person","@id":"https:\/\/lospoliticosveracruz.com\/#\/schema\/person\/b8702bb0e538456e6efd07080bf2a4a2","name":"Lo viste en Los Pol\u00edticos","image":{"@type":"ImageObject","inLanguage":"es","@id":"https:\/\/secure.gravatar.com\/avatar\/3a8de04a2656d44082be478bd6c086daa447c4651605818287b9532d3d0bd435?s=96&d=mm&r=g","url":"https:\/\/secure.gravatar.com\/avatar\/3a8de04a2656d44082be478bd6c086daa447c4651605818287b9532d3d0bd435?s=96&d=mm&r=g","contentUrl":"https:\/\/secure.gravatar.com\/avatar\/3a8de04a2656d44082be478bd6c086daa447c4651605818287b9532d3d0bd435?s=96&d=mm&r=g","caption":"Lo viste en Los Pol\u00edticos"},"url":"https:\/\/lospoliticosveracruz.com\/?author=2"}]}},"_links":{"self":[{"href":"https:\/\/lospoliticosveracruz.com\/index.php?rest_route=\/wp\/v2\/posts\/20460","targetHints":{"allow":["GET"]}}],"collection":[{"href":"https:\/\/lospoliticosveracruz.com\/index.php?rest_route=\/wp\/v2\/posts"}],"about":[{"href":"https:\/\/lospoliticosveracruz.com\/index.php?rest_route=\/wp\/v2\/types\/post"}],"author":[{"embeddable":true,"href":"https:\/\/lospoliticosveracruz.com\/index.php?rest_route=\/wp\/v2\/users\/2"}],"replies":[{"embeddable":true,"href":"https:\/\/lospoliticosveracruz.com\/index.php?rest_route=%2Fwp%2Fv2%2Fcomments&post=20460"}],"version-history":[{"count":1,"href":"https:\/\/lospoliticosveracruz.com\/index.php?rest_route=\/wp\/v2\/posts\/20460\/revisions"}],"predecessor-version":[{"id":20461,"href":"https:\/\/lospoliticosveracruz.com\/index.php?rest_route=\/wp\/v2\/posts\/20460\/revisions\/20461"}],"wp:attachment":[{"href":"https:\/\/lospoliticosveracruz.com\/index.php?rest_route=%2Fwp%2Fv2%2Fmedia&parent=20460"}],"wp:term":[{"taxonomy":"category","embeddable":true,"href":"https:\/\/lospoliticosveracruz.com\/index.php?rest_route=%2Fwp%2Fv2%2Fcategories&post=20460"},{"taxonomy":"post_tag","embeddable":true,"href":"https:\/\/lospoliticosveracruz.com\/index.php?rest_route=%2Fwp%2Fv2%2Ftags&post=20460"}],"curies":[{"name":"wp","href":"https:\/\/api.w.org\/{rel}","templated":true}]}}